{"id":750,"date":"2020-03-17T12:50:30","date_gmt":"2020-03-17T12:50:30","guid":{"rendered":"https:\/\/www.affinite.fr\/index.php\/2020\/03\/17\/samsung-preparerait-un-capteur-photo-de-150-megapixels-pour-nos-futurs-smartphones-haut-de-gamme\/"},"modified":"2020-03-17T12:50:30","modified_gmt":"2020-03-17T12:50:30","slug":"samsung-preparerait-un-capteur-photo-de-150-megapixels-pour-nos-futurs-smartphones-haut-de-gamme","status":"publish","type":"post","link":"http:\/\/www.affinite.fr\/index.php\/2020\/03\/17\/samsung-preparerait-un-capteur-photo-de-150-megapixels-pour-nos-futurs-smartphones-haut-de-gamme\/","title":{"rendered":"Samsung pr\u00e9parerait un capteur photo de 150 m\u00e9gapixels pour nos futurs smartphones haut de gamme"},"content":{"rendered":"<p> [ad_1]<br \/>\n<\/p>\n<div itemprop=\"articleBody\">\n<p>Le g\u00e9ant cor\u00e9en Samsung pourrait annoncer dans le courant de l\u2019ann\u00e9e 2020 un capteur int\u00e9grant pas moins de 150 m\u00e9gapixels. D\u00e9di\u00e9 aux modules cam\u00e9ra des smartphones, ce capteur serait de tr\u00e8s grande taille (pour le monde des smartphones) puisqu\u2019il approcherait le format 1 pouce, le m\u00eame genre de \u00ab\u00a0grand\u00a0\u00bb capteur que l\u2019on retrouve dans les compacts experts de type <a href=\"https:\/\/www.01net.com\/tests\/test-sony-cyber-shot-rx100-mark-vi-le-compact-de-voyage-expert-presque-parfait-6013.html\" target=\"_blank\" rel=\"noopener noreferrer\">Sony RX100 Mark VI<\/a>.<\/p>\n<div data-force-click=\"true\" class=\"bloc\">\n<blockquote class=\"twitter-tweet\">\n<p dir=\"ltr\" lang=\"en\">Rumor)<br \/>&#8211; Samsung, 150MP, Almost 1&Prime;, Nonacell<br \/>&#8211; Limited to flagship pro models<br \/>&#8211; Xiaomi adopted in the Q4 of this year \/ Oppo, Vivo combined with SD875 in the 1Q of next year<br \/>(The rear design is almost similar)<\/p>\n<p>source : <a href=\"https:\/\/t.co\/CCQTPTHwcm\">https:\/\/t.co\/CCQTPTHwcm<\/a><\/p>\n<p>\u2014 Sleepy Kuma (@Kuma_Sleepy) <a href=\"https:\/\/twitter.com\/Kuma_Sleepy\/status\/1239620149642022912?ref_src=twsrc%5Etfw\">March 16, 2020<\/a><\/p><\/blockquote><\/div>\n<p>Si nous relayons ce qui n\u2019est pour l\u2019heure qu\u2019une rumeur, c\u2019est qu\u2019elle a du sens dans le contexte de la nouvelle technologie de gestion des pixels de Samsung.<br \/><a href=\"https:\/\/www.01net.com\/actualites\/samsung-devoile-ses-galaxy-s20-nous-les-avons-essayes-en-avant-premiere-1854071.html\" target=\"_blank\" rel=\"noopener noreferrer\">Appel\u00e9e Nonacell<\/a>, cette organisation des photosites (improprement appel\u00e9s pixels) en groupes de neuf\u00a0photosites (<em>nona-<\/em> est le pr\u00e9fixe du chiffre neuf en latin) a comme avantage d\u2019affiner le niveau de d\u00e9tails et de r\u00e9duire le bruit num\u00e9rique\u2026 d\u00e8s lors que chaque groupe de neuf\u00a0photosites combine ses informations pour ne former qu\u2019un seul pixel.<br \/>Or, cette combinaison d&rsquo;informations fait \u00e9norm\u00e9ment baisser la d\u00e9finition d\u2019image. Ainsi, le capteur Samsung HM1 de 108 Mpix qui utilise d\u00e9j\u00e0 cette technologie produit des clich\u00e9s de \u00ab\u00a0seulement\u00a0\u00bb 12 Mpix \u2013 le mode 108 Mpix peut \u00eatre d\u00e9bray\u00e9, mais la qualit\u00e9 est alors trop m\u00e9diocre.<\/p>\n<figure class=\"figure text-center\"><img decoding=\"async\" class=\"article-img img-responsive-l\" src=\"https:\/\/img.bfmtv.com\/c\/1000\/363\/fa5\/8329a57a691748650c9afccb3fdae.jpg\" alt=\"\"\/><figcaption class=\"figure-caption figcaption color-txt-0 title-xs hidden-xs\"\/><\/figure>\n<p>Alors que de nombreux smartphones tentent de d\u00e9passer la limite des 12 Mpix, ce capteur de 150 Mpix Nonacell offrirait une d\u00e9finition de 16,6 Mpix. Un surplus de d\u00e9finition d\u2019image de 30% par rapport aux standards 12 Mpix actuels. Autre avantage\u00a0: un gain de d\u00e9finition suppl\u00e9mentaire pour renforcer la puissance du zoom num\u00e9rique ou la qualit\u00e9 d\u2019image.<\/p>\n<aside class=\"bg-color-0 padding-inside-all-s bloc border-s\">\n<h4 class=\"box-txt-normal\">\n<div class=\"\">\n<p><strong>\u00c0 d\u00e9couvrir aussi en vid\u00e9o<\/strong><\/p>\n<\/div>\n<\/h4>\n<\/aside>\n<p>Selon un utilisateur de Twitter qui relaie l\u2019information, ce tr\u00e8s grand capteur serait d\u2019abord adapt\u00e9 par les marques chinoises. Xiaomi lancerait un premier terminal cette ann\u00e9e, puis Oppo et Vivo r\u00e9pliqueraient en 2021 dans leurs futurs fleurons.<\/p>\n<p><strong>Source\u00a0<\/strong>: <a href=\"https:\/\/www.sammobile.com\/news\/rumor-samsung-developing-150mp-nonacell-sensor-q4-2019\/\" target=\"_blank\" rel=\"noopener noreferrer\">Sammobile<\/a><\/p>\n<\/p><\/div>\n<p><script async src=\"http:\/\/platform.twitter.com\/widgets.js\" charset=\"utf-8\"><\/script><script>\n         !function(f,b,e,v,n,t,s){if(f.fbq)return;n=f.fbq=function()\n         {n.callMethod? n.callMethod.apply(n,arguments):n.queue.push(arguments)}\n         ;if(!f._fbq)f._fbq=n;\n             n.push=n;n.loaded=!0;n.version='2.0';n.queue=[];t=b.createElement(e);t.async=!0;\n             t.src=v;s=b.getElementsByTagName(e)[0];s.parentNode.insertBefore(t,s)}(window,\n                 document,'script','https:\/\/connect.facebook.net\/en_US\/fbevents.js');\n         fbq('init', '1065890633454496');\n         fbq('track', 'PageView');\n     <\/script><br \/>\n<br \/>[ad_2]<br \/>\n<br \/><a href=\"https:\/\/www.01net.com\/actualites\/samsung-preparerait-un-capteur-photo-de-150-megapixels-pour-nos-futurs-smartphones-haut-de-gamme-1876319.html\">Source link <\/a><\/p>\n","protected":false},"excerpt":{"rendered":"<p>[ad_1] Le g\u00e9ant cor\u00e9en Samsung pourrait annoncer dans le courant de l\u2019ann\u00e9e 2020 un capteur int\u00e9grant pas moins de 150 &hellip; <a href=\"http:\/\/www.affinite.fr\/index.php\/2020\/03\/17\/samsung-preparerait-un-capteur-photo-de-150-megapixels-pour-nos-futurs-smartphones-haut-de-gamme\/\" class=\"more-link\">Plus <span class=\"screen-reader-text\">Samsung pr\u00e9parerait un capteur photo de 150 m\u00e9gapixels pour nos futurs smartphones haut de gamme<\/span> <span class=\"meta-nav\">&rarr;<\/span><\/a><\/p>\n","protected":false},"author":1,"featured_media":751,"comment_status":"open","ping_status":"open","sticky":false,"template":"","format":"standard","meta":{"_sitemap_exclude":false,"_sitemap_priority":"","_sitemap_frequency":"","footnotes":""},"categories":[1],"tags":[],"class_list":["post-750","post","type-post","status-publish","format-standard","has-post-thumbnail","hentry","category-tous"],"_links":{"self":[{"href":"http:\/\/www.affinite.fr\/index.php\/wp-json\/wp\/v2\/posts\/750"}],"collection":[{"href":"http:\/\/www.affinite.fr\/index.php\/wp-json\/wp\/v2\/posts"}],"about":[{"href":"http:\/\/www.affinite.fr\/index.php\/wp-json\/wp\/v2\/types\/post"}],"author":[{"embeddable":true,"href":"http:\/\/www.affinite.fr\/index.php\/wp-json\/wp\/v2\/users\/1"}],"replies":[{"embeddable":true,"href":"http:\/\/www.affinite.fr\/index.php\/wp-json\/wp\/v2\/comments?post=750"}],"version-history":[{"count":0,"href":"http:\/\/www.affinite.fr\/index.php\/wp-json\/wp\/v2\/posts\/750\/revisions"}],"wp:featuredmedia":[{"embeddable":true,"href":"http:\/\/www.affinite.fr\/index.php\/wp-json\/wp\/v2\/media\/751"}],"wp:attachment":[{"href":"http:\/\/www.affinite.fr\/index.php\/wp-json\/wp\/v2\/media?parent=750"}],"wp:term":[{"taxonomy":"category","embeddable":true,"href":"http:\/\/www.affinite.fr\/index.php\/wp-json\/wp\/v2\/categories?post=750"},{"taxonomy":"post_tag","embeddable":true,"href":"http:\/\/www.affinite.fr\/index.php\/wp-json\/wp\/v2\/tags?post=750"}],"curies":[{"name":"wp","href":"https:\/\/api.w.org\/{rel}","templated":true}]}}