{"id":7497,"date":"2022-02-24T07:06:46","date_gmt":"2022-02-24T07:06:46","guid":{"rendered":"https:\/\/www.affinite.fr\/index.php\/2022\/02\/24\/leo-mattei-jean-luc-reichmann-face-a-laurent-ournac-astrid-veillon-et-anggun-ce-soir-sur-tf1-news-series-a-la-tv\/"},"modified":"2022-02-24T07:06:46","modified_gmt":"2022-02-24T07:06:46","slug":"leo-mattei-jean-luc-reichmann-face-a-laurent-ournac-astrid-veillon-et-anggun-ce-soir-sur-tf1-news-series-a-la-tv","status":"publish","type":"post","link":"http:\/\/www.affinite.fr\/index.php\/2022\/02\/24\/leo-mattei-jean-luc-reichmann-face-a-laurent-ournac-astrid-veillon-et-anggun-ce-soir-sur-tf1-news-series-a-la-tv\/","title":{"rendered":"L\u00e9o Matt\u00e9\u00ef : Jean-Luc Reichmann face \u00e0 Laurent Ournac, Astrid Veillon, et Anggun ce soir sur TF1 &#8211; News S\u00e9ries \u00e0 la TV"},"content":{"rendered":"<p> [ad_1]<br \/>\n<\/p>\n<p>TF1 diffuse ce soir un nouvel \u00e9pisode de la saison 9 de \u00ab\u00a0L\u00e9o Matt\u00e9\u00ef\u00a0\u00bb qui accueille en guests Laurent Ournac (\u00ab\u00a0Camping Paradis\u00a0\u00bb), Astrid Veillon (\u00ab\u00a0Tandem\u00a0\u00bb), Liliane Rov\u00e8re (\u00ab\u00a0Dix pour cent\u00a0\u00bb), et Anggun pour une enqu\u00eate sur fond de secret de famille.<\/p>\n<div id=\"article-content\">\n<figure class=\"player player-auto-play js-player\" data-model=\"{&quot;videos&quot;:[{&quot;id&quot;:19595778,&quot;sources&quot;:{&quot;high&quot;:&quot;https:\/\/fr.vid.web.acsta.net\/nmedia\/33\/22\/02\/23\/11\/19595778_hd_013.mp4&quot;,&quot;low&quot;:&quot;https:\/\/fr.vid.web.acsta.net\/nmedia\/33\/22\/02\/23\/11\/19595778_l_013.mp4&quot;,&quot;medium&quot;:&quot;https:\/\/fr.vid.web.acsta.net\/nmedia\/33\/22\/02\/23\/11\/19595778_m_013.mp4&quot;,&quot;standard&quot;:&quot;https:\/\/fr.vid.web.acsta.net\/nmedia\/33\/22\/02\/23\/11\/19595778_sd_013.mp4&quot;},&quot;image&quot;:&quot;\/videothumbnails\/22\/02\/23\/11\/48\/1684094.jpg&quot;,&quot;title&quot;:&quot;Lu00e9o Matteu00ef - saison 9 - u00e9pisode 2 Bande-annonce VF&quot;,&quot;trackingIdentifier&quot;:&quot;19595778-leo_mattei_saison_9_episode_2_bande_annonce_vf&quot;,&quot;embedUrl&quot;:&quot;ACraHRACr0cHM6Ly9wbGF5ZXIuYWxsb2NpbmUuZnIvMTk1OTU3NzguaHRtbA==&quot;,&quot;file_type&quot;:&quot;TRAILER&quot;,&quot;description&quot;:&quot;Lu00e9o Matteu00ef - saison 9 - u00e9pisode 2 Bande-annonce VF&quot;,&quot;duration&quot;:53,&quot;view_count&quot;:51,&quot;added_at&quot;:{&quot;date&quot;:&quot;2022-02-23 11:47:00.000000&quot;,&quot;timezone_type&quot;:3,&quot;timezone&quot;:&quot;Europe\/Paris&quot;},&quot;metas&quot;:{&quot;id_main_show&quot;:null,&quot;name_main_show&quot;:null,&quot;image_main_show&quot;:null,&quot;id_main_movie&quot;:null,&quot;name_main_movie&quot;:null,&quot;image_main_movie&quot;:null,&quot;id_main_series&quot;:null,&quot;name_main_series&quot;:null,&quot;image_main_series&quot;:null,&quot;id_main_season&quot;:null,&quot;name_main_season&quot;:null,&quot;image_main_season&quot;:null,&quot;main_season_number&quot;:null,&quot;id_main_person&quot;:null,&quot;name_main_person&quot;:null,&quot;image_main_person&quot;:null,&quot;use_portal&quot;:null,&quot;release_date_main_movie&quot;:null,&quot;nb_days_release_main_movie&quot;:null,&quot;id_meta_category&quot;:null,&quot;name_meta_category&quot;:null,&quot;localized_file_type&quot;:null,&quot;trans_file_type&quot;:null,&quot;main_movie_type&quot;:null,&quot;main_season_rating&quot;:null,&quot;main_series_rating&quot;:null,&quot;main_season_user_note_count&quot;:null,&quot;genre_main_movie&quot;:null,&quot;genre_main_series&quot;:null,&quot;release_status_movie&quot;:null,&quot;release_status_series&quot;:null}}],&quot;disablePreroll&quot;:false,&quot;disablePostroll&quot;:false,&quot;endScreen&quot;:true,&quot;context&quot;:&quot;newspage_news&quot;,&quot;launch&quot;:&quot;auto-play&quot;,&quot;followScroll&quot;:true,&quot;editorialContent&quot;:&quot;18707287-leo_mattei_jean_luc_reichmann_face_a_laurent_ournac_astrid_veillon_et_anggun_ce_soir_sur_tf1&quot;,&quot;disableAutoPause&quot;:true,&quot;player_position&quot;:&quot;playertop&quot;}\" data-thumb=\"https:\/\/fr.web.img2.acsta.net\/r_640_360\/videothumbnails\/22\/02\/23\/11\/48\/1684094.jpg\">\n<\/figure>\n<p>Avant <a href=\"\/\/www.allocine.fr\/article\/fichearticle_gen_carticle=18707270.html\">l&rsquo;arriv\u00e9e des nouveaux \u00e9pisodes tr\u00e8s attendus de la s\u00e9rie Balthazar<\/a> avec\u00a0<a title=\"Tomer Sisley (France,Allemagne,Isra\u00ebl) (Acteur,Sc\u00e9nariste,R\u00e9alisateur)\" href=\"http:\/\/www.allocine.fr\/personne\/fichepersonne_gen_cpersonne=91890.html\">Tomer Sisley<\/a> et <a title=\"Constance Labb\u00e9 (France) (Acteur)\" href=\"http:\/\/www.allocine.fr\/personne\/fichepersonne_gen_cpersonne=756880.html\">Constance Labb\u00e9<\/a>, TF1 diffuse chaque jeudi la saison 9 in\u00e9dite de <a title=\"L\u00e9o Matte\u00ef, Brigade des mineurs (France) (Drame,Policier)\" href=\"http:\/\/www.allocine.fr\/series\/ficheserie_gen_cserie=16943.html\">L\u00e9o Matt\u00e9\u00ef<\/a>, plac\u00e9e sous le signe du changement puisque\u00a0<a title=\"Jean-Luc Reichmann (France) (Acteur,Cr\u00e9ateur,Auteur)\" href=\"http:\/\/www.allocine.fr\/personne\/fichepersonne_gen_cpersonne=152357.html\">Jean-Luc Reichmann<\/a> et\u00a0<a title=\"Alexandre Achdjian (France) (Acteur)\" href=\"http:\/\/www.allocine.fr\/personne\/fichepersonne_gen_cpersonne=533906.html\">Alexandre Achdjian<\/a> sont les seuls \u00ab\u00a0rescap\u00e9s\u00a0\u00bb des saisons pr\u00e9c\u00e9dentes c\u00f4t\u00e9 casting.<\/p>\n<p>Pour combler l&rsquo;absence de\u00a0<a title=\"Mathilde Lebrequier (France) (Acteur)\" href=\"http:\/\/www.allocine.fr\/personne\/fichepersonne_gen_cpersonne=172817.html\">Mathilde Lebrequier<\/a> ou de <a title=\"Ma\u00efra Schmitt (France) (Acteur)\" href=\"http:\/\/www.allocine.fr\/personne\/fichepersonne_gen_cpersonne=823040.html\">Ma\u00efra Schmitt<\/a>, <a title=\"Stomy Bugsy (France) (Acteur,Producteur,Sc\u00e9nariste)\" href=\"http:\/\/www.allocine.fr\/personne\/fichepersonne_gen_cpersonne=35230.html\">Stomy Bugsy<\/a>, <a title=\"Lola Dubini (France) (Acteur)\" href=\"http:\/\/www.allocine.fr\/personne\/fichepersonne_gen_cpersonne=876338.html\">Lola Dubini<\/a>, et\u00a0<a title=\"Romane Portail (France) (Acteur)\" href=\"http:\/\/www.allocine.fr\/personne\/fichepersonne_gen_cpersonne=442729.html\">Romane Portail<\/a> ont rejoint <a href=\"\/\/www.allocine.fr\/article\/fichearticle_gen_carticle=18706946.html\">la distribution r\u00e9currente de la s\u00e9rie<\/a> dans les r\u00f4les respectifs du commissaire Daguerre et des nouvelles enqu\u00eatrices In\u00e8s Salma et Marion Da Costa.<\/p>\n<p>Et apr\u00e8s un double \u00e9pisode d&rsquo;ouverture propos\u00e9 jeudi dernier, dans lequel Jean-Luc Reichmann donnait la r\u00e9plique \u00e0 <a title=\"Elsa Lunghini (France) (Acteur)\" href=\"http:\/\/www.allocine.fr\/personne\/fichepersonne_gen_cpersonne=15318.html\">Elsa Lunghini<\/a>, <a title=\"Franck Semonin (France) (Acteur)\" href=\"http:\/\/www.allocine.fr\/personne\/fichepersonne_gen_cpersonne=239220.html\">Franck S\u00e9monin<\/a>, et <a title=\"Charlotte Valandrey (France) (Acteur,D'apr\u00e8s l'oeuvre de)\" href=\"http:\/\/www.allocine.fr\/personne\/fichepersonne_gen_cpersonne=3012.html\">Charlotte Valandrey<\/a>, L\u00e9o Matt\u00e9\u00ef accueille ce soir en guests\u00a0<a title=\"Laurent Ournac (France) (Acteur,R\u00e9alisateur)\" href=\"http:\/\/www.allocine.fr\/personne\/fichepersonne_gen_cpersonne=148047.html\">Laurent Ournac<\/a> (<a title=\"Camping Paradis (France) (Com\u00e9die)\" href=\"http:\/\/www.allocine.fr\/series\/ficheserie_gen_cserie=3114.html\">Camping Paradis<\/a>),\u00a0<a title=\"Astrid Veillon (France) (Acteur)\" href=\"http:\/\/www.allocine.fr\/personne\/fichepersonne_gen_cpersonne=38199.html\">Astrid Veillon<\/a> (<a title=\"Tandem (France) (Policier,Drame)\" href=\"http:\/\/www.allocine.fr\/series\/ficheserie_gen_cserie=20085.html\">Tandem<\/a>),\u00a0<a title=\"Liliane Rov\u00e8re (France) (Acteur)\" href=\"http:\/\/www.allocine.fr\/personne\/fichepersonne_gen_cpersonne=78817.html\">Liliane Rov\u00e8re<\/a> (<a title=\"Dix Pour Cent (France) (Com\u00e9die)\" href=\"http:\/\/www.allocine.fr\/series\/ficheserie_gen_cserie=5019.html\">Dix pour cent<\/a>), et la chanteuse <a title=\"Anggun (Indon\u00e9sie,France) (Acteur,Interpr\u00e8te (chansons du film))\" href=\"http:\/\/www.allocine.fr\/personne\/fichepersonne_gen_cpersonne=35211.html\">Anggun<\/a>, vue r\u00e9cemment sur TF1 dans\u00a0<a title=\"Coup de foudre \u00e0 Bangkok (France) - 2020 (Romance,Com\u00e9die)\" href=\"http:\/\/www.allocine.fr\/film\/fichefilm_gen_cfilm=280492.html\">Coup de foudre \u00e0 Bangkok<\/a> et dans l&rsquo;\u00e9mission Mask Singer.<\/p>\n<div class=\"article-figure-holder\">\n<figure class=\"article-figure mceNonEditable\">\n<img loading=\"lazy\" decoding=\"async\" class=\"article-figure-img\" src=\"data:image\/gif;base64,R0lGODlhAgABAPAAAAAAAAAAACH5BAEAAAAAIf8LSW1hZ2VNYWdpY2sNZ2FtbWE9MC40NTQ1NQAsAAAAAAIAAQAAAgIECgA7\" data-src=\"https:\/\/fr.web.img2.acsta.net\/newsv7\/22\/02\/23\/17\/11\/3056002.jpg\" width=\"640\" height=\"320\"\/><br \/>\n<span class=\"article-figcaption-copy\">JEAN-PHILIPPE BALTEL \/ BIG BAND STORY \/ TF1<\/span><br \/>\n<\/figure>\n<\/div>\n<p>Intitul\u00e9s \u00ab\u00a0Le poison du secret\u00a0\u00bb, ces deux nouveaux \u00e9pisodes voient\u00a0Matt\u00e9\u00ef et son \u00e9quipe mener l\u2019enqu\u00eate au sein de la famille Pasquier, afin de tenter de comprendre d\u2019o\u00f9 viennent les acc\u00e8s de violence du jeune Ma\u00ebl, 10 ans, qui a failli mettre le feu \u00e0 une petite fille.<\/p>\n<p>Au fil de leurs investigations, L\u00e9o et In\u00e8s comprennent que les Pasquier, d\u2019apparence bien sous tous rapports, cachent un lourd secret de famille, v\u00e9ritable bombe \u00e0 retardement chez leurs enfants. Qui chez les Pasquier acceptera de briser l\u2019omerta ?<\/p>\n<p>Entre un ambitieux p\u00e8re de famille pris dans ses mensonges (Laurent Ournac), une m\u00e8re bless\u00e9e qui se ment \u00e0 elle-m\u00eame depuis des ann\u00e9es (Astrid Veillon), une tante en col\u00e8re contre son propre fr\u00e8re (Anggun), et une impressionnante grand-m\u00e8re qui cherche \u00e0 tout prix \u00e0 sauver sa famille (Liliane Rov\u00e8re), Matt\u00e9\u00ef va devoir briser le poids du secret avant qu&rsquo;il ne soit trop tard.<\/p>\n<\/div>\n<p>[ad_2]<br \/>\n<br \/><a href=\"http:\/\/www.allocine.fr\/article\/fichearticle_gen_carticle=18707287.html\">Source link <\/a><\/p>\n","protected":false},"excerpt":{"rendered":"<p>[ad_1] TF1 diffuse ce soir un nouvel \u00e9pisode de la saison 9 de \u00ab\u00a0L\u00e9o Matt\u00e9\u00ef\u00a0\u00bb qui accueille en guests Laurent &hellip; <a href=\"http:\/\/www.affinite.fr\/index.php\/2022\/02\/24\/leo-mattei-jean-luc-reichmann-face-a-laurent-ournac-astrid-veillon-et-anggun-ce-soir-sur-tf1-news-series-a-la-tv\/\" class=\"more-link\">Plus <span class=\"screen-reader-text\">L\u00e9o Matt\u00e9\u00ef : Jean-Luc Reichmann face \u00e0 Laurent Ournac, Astrid Veillon, et Anggun ce soir sur TF1 &#8211; News S\u00e9ries \u00e0 la TV<\/span> <span class=\"meta-nav\">&rarr;<\/span><\/a><\/p>\n","protected":false},"author":1,"featured_media":7498,"comment_status":"","ping_status":"open","sticky":false,"template":"","format":"standard","meta":{"_sitemap_exclude":false,"_sitemap_priority":"","_sitemap_frequency":"","footnotes":""},"categories":[1],"tags":[],"class_list":["post-7497","post","type-post","status-publish","format-standard","has-post-thumbnail","hentry","category-tous"],"_links":{"self":[{"href":"http:\/\/www.affinite.fr\/index.php\/wp-json\/wp\/v2\/posts\/7497"}],"collection":[{"href":"http:\/\/www.affinite.fr\/index.php\/wp-json\/wp\/v2\/posts"}],"about":[{"href":"http:\/\/www.affinite.fr\/index.php\/wp-json\/wp\/v2\/types\/post"}],"author":[{"embeddable":true,"href":"http:\/\/www.affinite.fr\/index.php\/wp-json\/wp\/v2\/users\/1"}],"replies":[{"embeddable":true,"href":"http:\/\/www.affinite.fr\/index.php\/wp-json\/wp\/v2\/comments?post=7497"}],"version-history":[{"count":0,"href":"http:\/\/www.affinite.fr\/index.php\/wp-json\/wp\/v2\/posts\/7497\/revisions"}],"wp:featuredmedia":[{"embeddable":true,"href":"http:\/\/www.affinite.fr\/index.php\/wp-json\/wp\/v2\/media\/7498"}],"wp:attachment":[{"href":"http:\/\/www.affinite.fr\/index.php\/wp-json\/wp\/v2\/media?parent=7497"}],"wp:term":[{"taxonomy":"category","embeddable":true,"href":"http:\/\/www.affinite.fr\/index.php\/wp-json\/wp\/v2\/categories?post=7497"},{"taxonomy":"post_tag","embeddable":true,"href":"http:\/\/www.affinite.fr\/index.php\/wp-json\/wp\/v2\/tags?post=7497"}],"curies":[{"name":"wp","href":"https:\/\/api.w.org\/{rel}","templated":true}]}}