{"id":7495,"date":"2022-02-23T21:26:53","date_gmt":"2022-02-23T21:26:53","guid":{"rendered":"https:\/\/www.affinite.fr\/index.php\/2022\/02\/23\/antoine-de-caunes-previent-jose-garcia-ca-va-tres-mal-tourner\/"},"modified":"2022-02-23T21:26:53","modified_gmt":"2022-02-23T21:26:53","slug":"antoine-de-caunes-previent-jose-garcia-ca-va-tres-mal-tourner","status":"publish","type":"post","link":"http:\/\/www.affinite.fr\/index.php\/2022\/02\/23\/antoine-de-caunes-previent-jose-garcia-ca-va-tres-mal-tourner\/","title":{"rendered":"Antoine de Caunes pr\u00e9vient Jos\u00e9 Garcia&#8230; \u00ab\u00a0Ca va tr\u00e8s mal tourner\u00a0\u00bb"},"content":{"rendered":"<p> [ad_1]<br \/>\n<\/p>\n<p>\n                La cr\u00e8me du cin\u00e9ma fran\u00e7ais se pr\u00e9pare pour la 47e c\u00e9r\u00e9monie des C\u00e9sar, qui se d\u00e9roulera le 25\u00a0f\u00e9vrier \u00e0 L&rsquo;Olympia. Qui sera le ma\u00eetre de c\u00e9r\u00e9monie\u00a0? Qui recevra le C\u00e9sar d&rsquo;honneur\u00a0? Quels sont les nomm\u00e9s\u00a0? Tout sur cette \u00e9dition&#8230;            <\/p>\n<div>\n<aside class=\"ccmsummary marqueur_module ccmcss_cms_summary ccmcss_cms_summary--right\">\n<p>Sommaire<\/p>\n<\/aside>\n<p>Cette ann\u00e9e, la <strong>c\u00e9r\u00e9monie des C\u00e9sar <\/strong>promet de vous \u00e9blouir, \u00e0 l&rsquo;Olympia, Boulevard des Capucines, \u00e0 Paris. Le\u00a0Cin\u00e9ma fran\u00e7ais d\u00e9filera sur le prestigieux tapis rouge et d\u00e9fendra\u00a0le meilleur\u00a0septi\u00e8me art \u00e0 un moment o\u00f9 le secteur de la Culture\u00a0accuse deux ans de crise sanitaire&#8230;. Quel long-m\u00e9trage succ\u00e8dera \u00e0<em> <strong>Adieu Les Cons<\/strong><\/em><strong> d&rsquo;Albert Dupontel,<\/strong> qui avait \u00e9t\u00e9 sacr\u00e9 <strong>Meilleur film<\/strong> en 2021, lors de la 46e c\u00e9r\u00e9monie des C\u00e9sar? R\u00e9ponse le 25\u00a0f\u00e9vrier 2022!\u00a0<\/p>\n<h2>Antoine de Caunes pr\u00e9vient Jos\u00e9 Garcia : \u00ab\u00a0Ca va tr\u00e8s mal tourner\u00a0\u00bb<\/h2>\n<p><strong>Antoine de Caunes <\/strong>a pr\u00e9venu <strong>Jos\u00e9 Garcia<\/strong>: l&rsquo;acteur n&rsquo;a pas int\u00e9r\u00eat \u00e0 se rendre sur le plateau des C\u00e9sar pour faire un happening retentissant. \u00ab\u00a0<em>Si jamais tu viens me casser les burnes pendant la c\u00e9r\u00e9monie des C\u00e9sar, tu le regretteras tr\u00e8s longtemps!<strong> Je te d\u00e9conseille formellement de venir foutre la merde dans ma c\u00e9r\u00e9monie<\/strong>. \u00c0 bon entendeur, salut<\/em>\u00ab\u00a0, a d\u00e9clar\u00e9 le ma\u00eetre de c\u00e9r\u00e9monie aupr\u00e8s du <em>Buzz Tv<\/em>.\u00a0<\/p>\n<p>Il faut dire que <strong>Jos\u00e9 Garcia<\/strong> aurait des envies de \u00ab\u00a0<strong><em>vengeance<\/em><\/strong>\u00ab\u00a0. Dans <em>T\u00e9l\u00e9matin<\/em>, il avait racont\u00e9 la \u00ab\u00a0<strong><em>derni\u00e8re blague<\/em><\/strong>\u00a0\u00bb que lui avait faite Antoine de Caunes: \u00ab\u00a0<em>J&rsquo;ai re\u00e7u un tableau et je voyais que c&rsquo;\u00e9tait \u00e0 peu pr\u00e8s ma t\u00eate mais je sentais qu&rsquo;il n&rsquo;y avait pas de perspective et que c&rsquo;\u00e9tait un peu \u00e9cras\u00e9&#8230; Je regarde en m\u00eame temps sur les r\u00e9seaux et je vois qu&rsquo;il y a un type qui s&rsquo;appelle Pricasso, un mec habill\u00e9 comme le chapelier fou dans &lsquo;Alice au pays des merveilles&rsquo;\u00a0mais \u00e0 poil, et en fait, le<strong> mec peint avec sa b<\/strong>..<\/em>.\u00a0\u00bb. L&rsquo;acteur avait alors ajout\u00e9: \u00ab\u00a0<em>Les C\u00e9sar approchent&#8230;<\/em>\u00ab\u00a0<\/p>\n<p>Sur le plateau de <em>C \u00e0 Vous<\/em>, alors que <strong>Pierre Lescure<\/strong> avait \u00e9voqu\u00e9 une \u00ab\u00a0<strong><em>soir\u00e9e\u00a0\u00e9l\u00e9gante<\/em><\/strong>,\u00a0\u00bb et \u00ab\u00a0<strong><em>gaie<\/em><\/strong>\u00ab\u00a0, Jos\u00e9 Garcia avait r\u00e9pondu: \u00ab\u00a0<em>Je ne sais pas si \u00e7a sera aussi \u00e9l\u00e9gant que vous le dites<\/em>\u00ab\u00a0. Antoine de Caunes, lui, a alors r\u00e9agi \u00e0 ces propos dans <em>Touche Pas \u00e0 Mon Poste<\/em>, le 21 f\u00e9vrier:\u00a0\u00ab\u00a0<em><strong>Jos\u00e9 Garcia\u00a0a prof\u00e9r\u00e9 des menaces \u00e0 mon endroit<\/strong> dans une \u00e9mission concurrente sur une cha\u00eene en disant qu&rsquo;il fallait que je me m\u00e9fie. Alors je lui r\u00e9ponds que si moi il faut que je m\u00e9fie, lui, il faut vraiment qu&rsquo;il soit sur ses gardes. Si jamais il se montre aux C\u00e9sar, <strong>\u00e7a va tr\u00e8s mal tourner<\/strong><\/em>\u00ab\u00a0.<\/p>\n<h2>Marina Fo\u00efs<em>\u00a0: \u00ab\u00a0J&rsquo;ai choisi de m&rsquo;en foutre\u00a0\u00bb<\/em><\/h2>\n<p>C&rsquo;est la d\u00e9ception pour <strong>Marina<em>\u00a0<\/em>Fo\u00efs<\/strong>. L&rsquo;actrice, \u00e0 l&rsquo;affiche\u00a0du film\u00a0<strong><em>La Fracture<\/em><\/strong>\u00a0de Catherine Corsini aux c\u00f4t\u00e9s de\u00a0Valeria Bruni Tedeschi, Pio Marma\u00ef et A\u00efssatou Diallo Sagna,<em>\u00a0<\/em>a vu tous ses partenaires de jeu nomm\u00e9s aux C\u00e9sar&#8230; Sauf elle. Un sacr\u00e9 coup dur pour la com\u00e9dienne de 52 ans, qui s&rsquo;est exprim\u00e9e cash dans le <em>Journal du Dimanche.<\/em>\u00a0<em>\u00ab\u00a0J&rsquo;ai d&rsquo;abord \u00e9t\u00e9 contente pour ce film, qui parle de sujets soci\u00e9taux importants, puis<strong>\u00a0j&rsquo;ai \u00e9t\u00e9 vex\u00e9e qu&rsquo;on pense aux autres et pas \u00e0 moi<\/strong><\/em><em>, et puis <strong>j&rsquo;ai choisi de m&rsquo;en foutre\u00a0<\/strong>!\u00a0\u00bb, <\/em>a-t-elle l\u00e2ch\u00e9. La star a donc d\u00e9cid\u00e9 de visionner la soir\u00e9e\u00a0de chez elle:\u00a0<strong><i>\u00ab\u00a0Quand on n&rsquo;a rien \u00e0 gagner, autant regarder le truc \u00e0 la t\u00e9l\u00e9\u00a0!<\/i><\/strong><i>\u00ab\u00a0. <\/i><\/p>\n<p>Marina<i>\u00a0<\/i>Fo\u00efs est \u00e9galement revenue sur sa prestation comme ma\u00eetresse de c\u00e9r\u00e9monie l&rsquo;an pass\u00e9. Si son humour n&rsquo;a pas toujours convaincu, elle se sent tout \u00e0 fait pr\u00eate \u00e0 recommencer l&rsquo;exercice.\u00a0<em>\u00ab\u00a0<strong>\u00c7a m&rsquo;a beaucoup plu d&rsquo;\u00eatre ma\u00eetresse de c\u00e9r\u00e9monie des C\u00e9sar, et j&rsquo;assume les choses bien comme les rat\u00e9es<\/strong><\/em><em>. (\u2026)\u202fLe travail \u00e9tait passionnant et j&rsquo;aimerais bien le refaire\u00a0\u00bb, <\/em>a affirm\u00e9 l&rsquo;ex-compagne d&rsquo;Eric Lartigau.\u00a0<em>\u00ab\u00a0J&rsquo;ai accept\u00e9 la lumi\u00e8re qu&rsquo;on a mise sur moi,\u00a0la robe extraordinaire que Nicolas Ghesqui\u00e8re m&rsquo;avait faite sp\u00e9cialement,\u00a0<strong>l&rsquo;argent que j&rsquo;ai tr\u00e8s bien gagn\u00e9<\/strong><\/em><em>\u00a0pour cette pr\u00e9sentation, l&rsquo;enthousiasme de certains et <strong>les critiques des autres<\/strong>\u00ab\u00a0,<\/em> a-t-elle ensuite poursuivi.<\/p>\n<p>Pourquoi pas en 2023?<\/p>\n<h2>Un hommage sera rendu \u00e0 Gaspard Ulliel<\/h2>\n<p><strong>Gaspard Ulliel<\/strong> s&rsquo;est \u00e9teint tragiquement apr\u00e8s un accident de ski \u00e0 la Rosi\u00e8re le 19 janvier dernier. La mort brutale de l&rsquo;acteur de 37 ans, aur\u00e9ol\u00e9 de plusieurs C\u00e9sar au cours de sa carri\u00e8re,\u00a0a boulevers\u00e9 bon nombre de Fran\u00e7ais&#8230;<\/p>\n<p>Interrog\u00e9 par\u00a0<em>T\u00e9l\u00e9 C\u00e2ble Sat, <\/em><strong>Antoine de Caunes<\/strong>, le Ma\u00eetre de de c\u00e9r\u00e9monie des C\u00e9sar cette ann\u00e9e, a r\u00e9v\u00e9l\u00e9 qu&rsquo;un hommage en la m\u00e9moire du com\u00e9dien \u00e9tait pr\u00e9vu:\u00a0\u00ab\u00a0<em><strong>Sa mort est une trag\u00e9die terrible.\u00a0<\/strong><\/em><em>Je pense que nous allons simplement lui d\u00e9dier la soir\u00e9e et faire un bel extrait en ouverture<\/em>.\u00a0<em><strong>Quelque chose de sobre, de digne, \u00e0 son image\u00a0\u00bb.<\/strong><\/em><\/p>\n<p><em>\u00ab\u00a0Un<\/em>\u00a0<em>hommage est aussi pr\u00e9vu pour <strong>Jean-Paul Belmondo<\/strong>\u00a0et pour les autres disparus de l&rsquo;ann\u00e9e, comme <strong>Bertrand Tavernier et Jean-Jacques Beineix<\/strong><\/em><strong>\u00ab\u00a0<\/strong>, a \u00e9galement assur\u00e9 Antoine de Caunes.<\/p>\n<h2>Quel menu pour le d\u00eener de Gala des C\u00e9sar ?\u00a0<\/h2>\n<h2>Antoine de Caunes n&rsquo;aurait pas voulu \u00eatre \u00ab\u00a0\u00e0 la place de Marina Fo\u00efs\u00a0\u00bb<\/h2>\n<p><strong>La 46e c\u00e9r\u00e9monie des C\u00e9sar, <\/strong>en 2021, <strong>avait fait couler de l&rsquo;encre<\/strong> et attir\u00e9 seulement 1,64\u00a0million de t\u00e9l\u00e9spectateurs, soit 9,1\u00a0% de PDA, le plus mauvais score depuis au moins dix ans. La p\u00e9riode \u00e9tait particuli\u00e8rement d\u00e9licate, puisque le cin\u00e9ma venait d&rsquo;\u00eatre durement \u00e9prouv\u00e9 par les multiples confinements et l&rsquo;incertitude r\u00e9gnait encore quant \u00e0 la r\u00e9ouverture des salles obscures. C&rsquo;\u00e9tait <strong>Marina Fo\u00efs<\/strong> qui \u00e9tait alors maitresse de c\u00e9r\u00e9monie.<\/p>\n<p>\u00ab\u00a0<em><strong>Je n&rsquo;aurais tellement pas aim\u00e9 \u00eatre \u00e0 la place de Marina Fo\u00efs<\/strong> l&rsquo;an dernier tant la <strong>configuration \u00e9tait sp\u00e9ciale<\/strong> avec des films qui n&rsquo;\u00e9taient pas sortis et une <strong>salle glaciale<\/strong> avec seulement 150\u00a0personnes r\u00e9parties \u00e0 des tables<\/em>\u00ab\u00a0, a d\u00e9clar\u00e9 le maitre de c\u00e9r\u00e9monie de cette nouvelle \u00e9dition, Antoine de Caunes, dans le <em>Journal Du Dimanche<\/em>. Il a \u00e9galement d\u00e9plor\u00e9 que certains artistes aient exprim\u00e9 des plaintes quant \u00e0 la situation du cin\u00e9ma, qui \u00ab\u00a0<em>ont \u00e9t\u00e9 <strong>mal per\u00e7ues par un pays qui \u00e9tait lui-m\u00eame en souffrance<\/strong><\/em>\u00ab\u00a0.<\/p>\n<p>Son objectif?\u00a0\u00ab\u00a0<em>Offrir une soir\u00e9e qui, m\u00eame si elle est chaque ann\u00e9e critiqu\u00e9e car on ne peut pas plaire \u00e0 tout le monde, soit <strong>la plus chaleureuse possible<\/strong><\/em>\u00ab\u00a0,\u00a0a-t-il pr\u00e9cis\u00e9 Antoine de Caunes, avant d&rsquo;ajouter:\u00a0\u00ab\u00a0<em>Si on remet des r\u00e9compenses \u00e0 des gens m\u00e9ritants, on fait aussi une \u00e9mission de t\u00e9l\u00e9vision pour des spectateurs de l&rsquo;autre c\u00f4t\u00e9 de l&rsquo;\u00e9cran qui attendent qu&rsquo;il y ait du rythme, que<strong> \u00e7a d\u00e9pote un peu et que \u00e7a ne s&rsquo;\u00e9ternise pas<\/strong><\/em>\u00ab\u00a0.<\/p>\n<h2>Antoine de Caunes : ce qu&rsquo;il a pens\u00e9 du happening de Corinne Masiero<\/h2>\n<p>Qu&rsquo;a donc pens\u00e9 Antoine de Caunes de <strong>l&rsquo;intervention de Corinne Masiero<\/strong>, qui avait d\u00e9barqu\u00e9 sur sc\u00e8ne v\u00eatue d&rsquo;un costume de Peau d&rsquo;\u00c2ne, avant de l&rsquo;enlever et de montrer un corps ensanglant\u00e9 et orn\u00e9 d&rsquo;inscriptions telles que \u00ab\u00a0<strong><em>Rends l&rsquo;art Jean<\/em><\/strong>\u00ab\u00a0?\u00a0\u00ab\u00a0<em>C&rsquo;\u00e9tait un happening: il n&rsquo;\u00e9tait pas pr\u00e9vu qu&rsquo;elle se d\u00e9loque! Comme spectateur, j&rsquo;ai trouv\u00e9 \u00e7a \u00e0 la fois trash et int\u00e9ressant d&rsquo;un point de vue artistique. Si on peut <strong>\u00e9viter ce registre-l\u00e0,<\/strong> on \u00e9vitera<\/em>\u00ab\u00a0, a-t-il d\u00e9taill\u00e9 au <em>Parisien<\/em>.<\/p>\n<p>Et de conclure: \u00ab\u00a0<em><strong>On peut rire de tout, cela d\u00e9pend du ton et de la mani\u00e8re qu&rsquo;on emploie<\/strong>. Il y a beaucoup de sujets qui f\u00e2chent, mais ce n&rsquo;est pas une raison de ne pas les aborder. Le d\u00e9fi est de trouver le bon \u00e9quilibre entre la vanne et la plaisanterie. Et <strong>\u00e9viter la provocation gratuite qui ne fait plaisir qu&rsquo;\u00e0 son auteur<\/strong>\u00ab\u00a0<\/em>.<\/p>\n<p>La <strong>liste des nomm\u00e9s aux C\u00e9sar 2022<\/strong> a \u00e9t\u00e9 d\u00e9voil\u00e9e le 26 janvier.\u00a0Les 4 363 membres de l&rsquo;Acad\u00e9mie ont d\u00e9sormais un mois pour faire leurs choix.\u00a0Le film <strong><em>Illusions perdues<\/em><\/strong>,\u00a0de Xavier Giannoli, a \u00e9t\u00e9 nomm\u00e9 pas moins de 15 fois, suivi de <strong><em>Annette<\/em><\/strong>, de Leos Carax, nomm\u00e9 11 fois, puis de <strong><em>Aline<\/em><\/strong>, le biopic de C\u00e9line Dion r\u00e9alis\u00e9 par Val\u00e9rie Lemercier, nomm\u00e9 10 fois. Surprise de cette liste:\u00a0<strong><em>L&rsquo;Ev\u00e8nement<\/em><\/strong>, d&rsquo;Audrey Diwan, qui avait re\u00e7u le Lion d&rsquo;or \u00e0 la Mostra, a \u00e9t\u00e9 nomm\u00e9 seulement quatre fois.\u00a0<\/p>\n<p><strong>Sont nomm\u00e9es pour le C\u00e9sar de la meilleure actrice<\/strong><\/p>\n<p>Le\u00efla Bekhti dans<em>\u00a0Les Intranquilles<\/em><\/p>\n<p>Val\u00e9ria Bruni Tedeschi dans\u00a0<em>La Fracture<\/em><\/p>\n<p>Laure Calamy dans\u00a0<em>Une femme du monde<\/em><\/p>\n<p>Virginie Efira dans\u00a0<em>Benedetta<\/em><\/p>\n<p>Vicky Krieps dans<em>\u00a0Serre moi fort<\/em><\/p>\n<p>Val\u00e9rie Lemercier dans\u00a0<em>Aline<\/em><\/p>\n<p>L\u00e9a Seydoux dans\u00a0<em>France<\/em><\/p>\n<p><strong>Sont nomm\u00e9s pour le C\u00e9sar du meilleur acteur<\/strong><\/p>\n<p>Damien Bonnard dans\u00a0<em>Les Intranquilles<\/em><\/p>\n<p>Adam Driver dans\u00a0<em>Annette<\/em><\/p>\n<p>Gilles Lellouche dans<em>\u00a0Bac Nord<\/em><\/p>\n<p>Vincent Macaigne dans<em>\u00a0M\u00e9decin de nuit<\/em><\/p>\n<p>Beno\u00eet Magimel dans\u00a0<em>De son vivant<\/em><\/p>\n<p>Pio Marma\u00ef dans\u00a0<em>La Fracture<\/em><\/p>\n<p>Pierre Niney dans<em>\u00a0Bo\u00eete Noire<\/em><\/p>\n<p><strong>Sont nomm\u00e9es pour le C\u00e9sar de la meilleure actrice dans un second r\u00f4le<\/strong><\/p>\n<p>Jeanne Balibar dans<em>\u00a0Illusions perdues<\/em><\/p>\n<p>C\u00e9cile de France dans<em>\u00a0Illusions perdues<\/em><\/p>\n<p>Aissatou Diallo Sagna dans\u00a0<em>La Fracture<\/em><\/p>\n<p>Ad\u00e8le Exarchopoulos dans\u00a0<em>Mandibules<\/em><\/p>\n<p>Danielle Fichaud dans<em>\u00a0Aline<\/em><\/p>\n<p><strong>Sont nomm\u00e9s pour le C\u00e9sar du meilleur acteur dans un second r\u00f4le<\/strong><\/p>\n<p>Fran\u00e7ois Civil dans\u00a0<em>Bac Nord<\/em><\/p>\n<p>Xavier Dolan dans<em>\u00a0Illusions perdues<\/em><\/p>\n<p>Vincent Lacoste dans<em>\u00a0Illusions perdues<\/em><\/p>\n<p>Karim Leklou dans\u00a0<em>Bac Nord<\/em><\/p>\n<p>Sylvain Marcel dans\u00a0<em>Aline<\/em><\/p>\n<p><strong>Sont nomm\u00e9es pour le C\u00e9sar du meilleur espoir f\u00e9minin<\/strong><\/p>\n<p>No\u00e9e Abita dans\u00a0<em>Slalom<\/em><\/p>\n<p>Salom\u00e9 Dewaels dans\u00a0<em>Illusions perdues<\/em><\/p>\n<p>Agathe Roussselle dans\u00a0<em>Titane<\/em><\/p>\n<p>Anamaria Vartolomei dans\u00a0<em>L&rsquo;\u00c9v\u00e9nement<\/em><\/p>\n<p>Lucie Zhang dans\u00a0<em>Les Olympiades<\/em><\/p>\n<p><strong>Sont nomm\u00e9s\u00a0pour le C\u00e9sar du meilleur espoir masculin<\/strong><\/p>\n<p>Sandor Funtek dans<em>\u00a0Supr\u00eames<\/em><\/p>\n<p>Sami Outalbali dans\u00a0<em>Une histoire d&rsquo;amour et de d\u00e9sir<\/em><\/p>\n<p>Thimoth\u00e9e Robart dans\u00a0<em>Les Magn\u00e9tiques<\/em><\/p>\n<p>Makita Samba dans<em>\u00a0Les Olympiades<\/em><\/p>\n<p>Benjamin Voisin dans<em>\u00a0Illusions perdues<\/em><\/p>\n<p><strong>Sont nomm\u00e9s pour le C\u00e9sar du meilleur sc\u00e9nario original<\/strong><\/p>\n<p>Val\u00e9rie Lemercier, Brigitte Buc pour<em>\u00a0Aline<\/em><\/p>\n<p>Leos Carax, Ron Mael, Russel Mael pour\u00a0<em>Annette<\/em><\/p>\n<p>Yann Gozlan, Simon Mouta\u00efrou, Nicolas Bouvet-Levrard pour\u00a0<em>Bo\u00eete Noire<\/em><\/p>\n<p>Catherine Corsini, Laurette Polmanss, Agn\u00e8s Feuvre pour\u00a0<em>La Fracture<\/em><\/p>\n<p>Arthur Harari, Vincent Poymiro pour Onoda,\u00a0<em>10.000\u00a0nuits dans la jungle<\/em><\/p>\n<p><strong>Sont nomm\u00e9s pour le C\u00e9sar de la meilleure adaptation<\/strong><\/p>\n<p>Ya\u00ebl Langmann, Yvan Attal pour<em>\u00a0Les Choses humaines<\/em><\/p>\n<p>Audrey Diwan, Marcia Romano pour\u00a0<em>L&rsquo;Ev\u00e9nement<\/em><\/p>\n<p>Xavier Giannoli, Jacques Fieschi pour\u00a0<em>Illusions Perdues<\/em><\/p>\n<p>C\u00e9line Sciamma, L\u00e9a Mysius, Jacques Audiard pour\u00a0<em>Les Olympiades<\/em><\/p>\n<p>Matthieu Amalric pour\u00a0<em>Serre moi fort<\/em><\/p>\n<p><strong>Sont nomm\u00e9s pour le C\u00e9sar de la meilleure musique originale<\/strong><\/p>\n<p>Ron Mael, Russel Mael pou<em>r Annette<\/em><\/p>\n<p>Guillaume Roussel pour\u00a0<em>Bac Nord<\/em><\/p>\n<p>Philippe Rombi pour\u00a0<em>B\u00eate noire<\/em><\/p>\n<p>Rone pour\u00a0<em>Les Olympiades<\/em><\/p>\n<p>Warren Ellis, Nick Cave pour\u00a0<em>La Panth\u00e8re des neiges<\/em><\/p>\n<p><strong>Sont nomm\u00e9s pour le C\u00e9sar du meilleur son<\/strong><\/p>\n<p>Olivier Mauzevin, Arnaud Rolland, Edouard Morin, Daniel Sobrino pou<em>r Aline<\/em><\/p>\n<p>Erwan Kerzanet, Katia Boutin, Maxence Duss\u00e8re, Paul Heymans, Thomas Gauder pour\u00a0<em>Annette<\/em><\/p>\n<p>Nicolas Peovost, Nicolas Bouvet-Levrad, Marc Doisne pour\u00a0<em>Bo\u00eete noire<\/em><\/p>\n<p>Fran\u00e7ois Musy, Renaud Musy, Didier Lozahic pour\u00a0<em>Illusions perdues<\/em><\/p>\n<p>Mathieu Descamps, Pierre Bariaud, Samuel A\u00efchoun pour\u00a0<em>Les Magn\u00e9tiques<\/em><\/p>\n<p><strong>Sont nomm\u00e9s pour le C\u00e9sar de la meilleure photo<\/strong><\/p>\n<p>Caroline Champetier pour\u00a0<em>Annette<\/em><\/p>\n<p>Christophe Beaucarne pour\u00a0<em>Illusions perdues<\/em><\/p>\n<p>Paul Guilhaume pou<em>r Les Olympiades<\/em><\/p>\n<p>Tom Harari pour<em>\u00a0Onoda, 10.000\u00a0nuits dans la jungle<\/em><\/p>\n<p>Ruben Impens pour\u00a0<em>Titane<\/em><\/p>\n<p><strong>Sont nomm\u00e9s pour le C\u00e9sar du meilleur montage<\/strong><\/p>\n<p>Nelly Quettier pour<em>\u00a0Annette<\/em><\/p>\n<p>Simon Jacquet pour\u00a0<em>Bac nord<\/em><\/p>\n<p>Valentin F\u00e9ron pour\u00a0<em>Bo\u00eete noire<\/em><\/p>\n<p>Fr\u00e9d\u00e9ric Baillehaiche pour\u00a0<em>La Fracture<\/em><\/p>\n<p>Cyril Nakache pour\u00a0<em>Illusions Perdues<\/em><\/p>\n<p><strong>Sont nomm\u00e9s pour le C\u00e9sar des meilleurs costumes<\/strong><\/p>\n<p>Catherine Leterrier pour\u00a0<em>Aline<\/em><\/p>\n<p>Pascaline Chavanne pou<em>r Annette<\/em><\/p>\n<p>Madeline Fontaine pou<em>r D\u00e9licieux<\/em><\/p>\n<p>Thierry Delettre pour\u00a0<em>Eiffel<\/em><\/p>\n<p>Pierre-Jean Larroque pour\u00a0<em>Illusions Perdues<\/em><\/p>\n<p><strong>Sont nomm\u00e9s pour le C\u00e9sar des meilleurs d\u00e9cors<\/strong><\/p>\n<p>Emmanuelle Duplay pour\u00a0<em>Aline<\/em><\/p>\n<p>Florian Sanson pour\u00a0<em>Annette<\/em><\/p>\n<p>Bertrand Seitz pour\u00a0<em>D\u00e9licieux<\/em><\/p>\n<p>St\u00e9phane Taillasson pour\u00a0<em>Eiffel<\/em><\/p>\n<p>Riton Dupire-Cl\u00e9ment pour\u00a0<em>Illusions Perdues<\/em><\/p>\n<p><strong>Sont nomm\u00e9s pour le C\u00e9sar des meilleurs effets visuels<\/strong><\/p>\n<p>S\u00e9bastien Rame pour\u00a0<em>Aline<\/em><\/p>\n<p>Guillaume Pondard pou<em>r Annette<\/em><\/p>\n<p>Olivier Cauwet pour\u00a0<em>Eiffel<\/em><\/p>\n<p>Arnaud Fouquet, Julien Meesters pour\u00a0<em>Illusions Perdues<\/em><\/p>\n<p>Martial Vallanchon pour<em>\u00a0Titane<\/em><\/p>\n<p><strong>Sont nomm\u00e9s pour le C\u00e9sar de la meilleure r\u00e9alisation<\/strong><\/p>\n<p>Val\u00e9rie Lemercier pour\u00a0<em>Aline<\/em><\/p>\n<p>Leos Carax pour\u00a0<em>Annette<\/em><\/p>\n<p>Audrey Diwan pour\u00a0<em>L&rsquo;Evenement<\/em><\/p>\n<p>Xavier Giannoli pour<em>\u00a0Illusions perdues<\/em><\/p>\n<p>Arthur Harari pour Onoda,\u00a0<em>10.000\u00a0nuits dans la jungle<\/em><\/p>\n<p>Julia Ducournau pour\u00a0<em>Titane<\/em><\/p>\n<p><strong>Sont nomm\u00e9s pour le C\u00e9sar du meilleur film d&rsquo;animation pour le court m\u00e9trage<\/strong><\/p>\n<p><em>Empty Places<\/em><\/p>\n<p><em>Folie douce, folie dure<\/em><\/p>\n<p><em>Le Monde en soi<\/em><\/p>\n<p><em>Pr\u00e9cieux<\/em><\/p>\n<p><strong>Sont nomm\u00e9s pour le C\u00e9sar du meilleur film de court m\u00e9trage\u00a0documentaire<\/strong><\/p>\n<p><em>America<\/em><\/p>\n<p><em>Les Antilopes<\/em><\/p>\n<p><em>La fin des rois<\/em><\/p>\n<p><em>Maalbeek<\/em><\/p>\n<p><strong>Sont nomm\u00e9s pour le C\u00e9sar du meilleur film de court m\u00e9trage de fiction<\/strong><\/p>\n<p><em>L&rsquo;Age tendre<\/em><\/p>\n<p><em>Le D\u00e9part<\/em><\/p>\n<p><em>Des gens biens<\/em><\/p>\n<p><em>Les Mauvais Gar\u00e7ons<\/em><\/p>\n<p><em>Soldat Noir<\/em><\/p>\n<p><strong>Sont nomm\u00e9s pour le C\u00e9sar du meilleur film d&rsquo;animation<\/strong><\/p>\n<p><em>M\u00eame les souris vont au paradis<\/em><\/p>\n<p><em>Le Sommet des dieux<\/em><\/p>\n<p><em>La Travers\u00e9e<\/em><\/p>\n<p><strong>Sont nomm\u00e9s pour le C\u00e9sar du meilleur film documentaire<\/strong><\/p>\n<p><em>Animal<\/em><\/p>\n<p><em>Bigger Than Us<\/em><\/p>\n<p><em>Debout les femmes<\/em><\/p>\n<p><em>Indes galantes<\/em><\/p>\n<p><em>La Panth\u00e8re des neiges<\/em><\/p>\n<p><strong>Sont nomm\u00e9s pour le C\u00e9sar du meilleur premier film<\/strong><\/p>\n<p><em>Gagarine<\/em><\/p>\n<p><em>Les Magn\u00e9tiques<\/em><\/p>\n<p><em>La Nu\u00e9e<\/em><\/p>\n<p><em>La Panth\u00e8re des neiges<\/em><\/p>\n<p><em>Slalom<\/em><\/p>\n<p><strong>Sont nomm\u00e9s pour le C\u00e9sar du meilleur film \u00e9tranger<\/strong><\/p>\n<p><em>Compartinent n\u00b06<\/em><\/p>\n<p><em>Drive My car<\/em><\/p>\n<p><em>First Cow<\/em><\/p>\n<p><em>Julie (en 12\u00a0chapitres)<\/em><\/p>\n<p><em>La Loi de T\u00e9h\u00e9ran<\/em><\/p>\n<p><em>Madres Paralelas<\/em><\/p>\n<p><em>The Father<\/em><\/p>\n<p><strong>Sont nomm\u00e9s pour le C\u00e9sar du meilleur film<\/strong><\/p>\n<p><em>Aline<\/em><\/p>\n<p><em>Annette<\/em><\/p>\n<p><em>Bac Nord<\/em><\/p>\n<p><em>L&rsquo;\u00c9v\u00e9nement<\/em><\/p>\n<p><em>La Fracture<\/em><\/p>\n<p><em>Illusions perdues<\/em><\/p>\n<p><em>Onoda, 10.000\u00a0nuits dans la jungle<\/em><\/p>\n<p><strong>L&rsquo;affiche des C\u00e9sar 2022<\/strong> a d&rsquo;ores et d\u00e9j\u00e0 \u00e9t\u00e9 d\u00e9voil\u00e9e.\u00a0Elle met \u00e0 l&rsquo;honneur le Magnifique, <strong>Jean-Paul Belmondo<\/strong>, qui nous a quitt\u00e9s le 6 septembre 2021 \u00e0 88\u00a0ans.\u00a0<\/p>\n<div class=\"ccminsert\">\n<blockquote class=\"twitter-tweet\">\n<p dir=\"ltr\" lang=\"fr\">Certaines images valent 1000 mots<\/p>\n<p>Tr\u00e8s heureux de vous pr\u00e9senter laffiche officielle de la 47e C\u00e9r\u00e9monie des C\u00e9sar, \u00e0 retrouver le vendredi 25 f\u00e9vrier \u00e0 21H00 en direct et en clair. <a href=\"https:\/\/twitter.com\/hashtag\/C%C3%A9sar2022?src=hash&amp;ref_src=twsrc%5Etfw\">#C\u00e9sar2022<\/a> <a href=\"https:\/\/twitter.com\/canalplus\/status\/1484452234410835971\/photo\/1\">pic.twitter.com\/nFI8OTlql7<\/a><\/p>\n<p>\u2014 CANAL+ (@canalplus) <a href=\"https:\/\/twitter.com\/canalplus\/status\/1484452234410835971?ref_src=twsrc%5Etfw\">January 21, 2022<\/a><\/p><\/blockquote>\n<\/div>\n<figure class=\"image\" style=\"float:left\"><a class=\"fancy\" href=\"https:\/\/img-3.journaldesfemmes.fr\/U7zQ4Kpr6fQbyS5KYshfub7GFWc=\/1080x\/smart\/ef01745b1eca4b9a990aaf7c0eef6385\/ccmcms-jdf\/31373473.jpg\"><img decoding=\"async\" alt=\"\" src=\"https:\/\/img-3.journaldesfemmes.fr\/yHxJpG_CtBLCfqjILMp2TahqFFg=\/300x\/smart\/ef01745b1eca4b9a990aaf7c0eef6385\/ccmcms-jdf\/31373473.jpg\"\/><\/a><figcaption data-credit=\"Marechal Aurore\/ABACA\" data-legend=\"Dani\u00e8le Thompson\">Dani\u00e8le Thompson <small>\u00a9\u00a0Marechal Aurore\/ABACA<\/small><\/figcaption><\/figure>\n<p>Cette ann\u00e9e, c&rsquo;est la<strong> sc\u00e9nariste et cin\u00e9aste Dani\u00e8le Thompson<\/strong> qui <strong>pr\u00e9sidera la 47e c\u00e9r\u00e9monie des C\u00e9sar<\/strong>.\u00a0En 1999, elle avait\u00a0r\u00e9alis\u00e9\u00a0son premier long-m\u00e9trage, <em><strong>La B\u00fbche<\/strong>.<\/em>\u00a0Et quel long-m\u00e9trage! Le film lui a valu d&rsquo;\u00eatre nomm\u00e9 deux fois\u00a0aux C\u00e9sar pour\u00a0la Meilleure Premi\u00e8re \u0152uvre et le Meilleur Sc\u00e9nario Original et\/ou Adaptation. D\u00e9sormais, elle doit d\u00e9buter au printemps 2022\u00a0le tournage de sa s\u00e9rie consacr\u00e9e \u00e0 Brigitte Bardot,\u00a0<strong><em>Saint-Tropez<\/em><\/strong>.<\/p>\n<h2>Marion Cotillard interpelle l&rsquo;acad\u00e9mie des C\u00e9sar<\/h2>\n<p>En attendant le grand soir, <strong>Marion Cotillard<\/strong> a <strong>interpell\u00e9 l&rsquo;acad\u00e9mie des C\u00e9sar<\/strong> pour leur demander de visionner le documentaire qu&rsquo;elle a produit, r\u00e9alis\u00e9 par Flore Vasseur, <strong><em>Bigger Than Us<\/em><\/strong>. \u00ab\u00a0<em>Chers membres de l&rsquo;acad\u00e9mie des C\u00e9sar,<strong> je vous invite \u00e0 le regarder<\/strong>, et d\u00e9couvrir ces merveilleux humains qui vouent leurs vies \u00e0 nous \u00e9veiller et rendre nos vies meilleures. Ce fut une ann\u00e9e difficile pour le cin\u00e9ma en g\u00e9n\u00e9ral, et les documentaires (que personne n&rsquo;attend) en particulier! Alors il est important pour nous de continuer \u00e0 mettre en lumi\u00e8re notre film! Donc si le c\u0153ur vous en dit, <strong>soutenez-nous en rendant une nomination aux C\u00e9sar possible<\/strong><\/em>\u00ab\u00a0, a-t-elle d\u00e9clar\u00e9 sur Instagram.<\/p>\n<p>Pr\u00e9parez-vous pour la 47\u1d49 c\u00e9r\u00e9monie des C\u00e9sar du cin\u00e9ma, qui se d\u00e9roulera<strong> \u00e0 Paris, \u00e0 l&rsquo;Olympia<\/strong>, comme la pr\u00e9c\u00e9dente, <strong>le 25\u00a0f\u00e9vrier 2022<\/strong>. Elle sera diffus\u00e9e en direct et en clair sur <strong><em>Canal +<\/em><\/strong>.<\/p>\n<p>Cette ann\u00e9e, c&rsquo;est <strong>Antoine de Caunes<\/strong> qui sera le ma\u00eetre de c\u00e9r\u00e9monie de la c\u00e9r\u00e9monie des C\u00e9sar. Le com\u00e9dien a d\u00e9j\u00e0 anim\u00e9 la soir\u00e9e neuf fois, tout au long de sa carri\u00e8re.<\/p>\n<p>C&rsquo;est l&rsquo;actrice <strong>Cate Blanchett<\/strong> qui recevra le <strong>C\u00e9sar d&rsquo;honneur<\/strong> de cette 47e \u00e9dition, le 25\u00a0f\u00e9vrier. Sa carri\u00e8re et ses engagements seront r\u00e9compens\u00e9s.<\/p>\n<p>La com\u00e9dienne est \u00ab\u00a0<em>une artiste aux multiples facettes, qui oeuvre au cin\u00e9ma, \u00e0 la t\u00e9l\u00e9vision, au th\u00e9\u00e2tre<\/em>\u00ab\u00a0, a d\u00e9taill\u00e9 l&rsquo;Acad\u00e9mie des C\u00e9sars dans un communiqu\u00e9. Elle incarne d&rsquo;ailleurs une psychanalyste dans le nouveau film de Guillermo Del Toro, <em>Nightmare Alley<\/em>, qui est sorti en salles le 19\u00a0janvier 2022.<\/p>\n<\/p><\/div>\n<p><script async src=\"http:\/\/platform.twitter.com\/widgets.js\" charset=\"utf-8\"><\/script><br \/>\n<br \/>[ad_2]<br \/>\n<br \/><a href=\"https:\/\/www.journaldesfemmes.fr\/loisirs\/rendez-vous\/2701687-cesar-2022-ceremonie-films-nommes-antoine-de-caunes-jose-garcia\/\">Source link <\/a><\/p>\n","protected":false},"excerpt":{"rendered":"<p>[ad_1] La cr\u00e8me du cin\u00e9ma fran\u00e7ais se pr\u00e9pare pour la 47e c\u00e9r\u00e9monie des C\u00e9sar, qui se d\u00e9roulera le 25\u00a0f\u00e9vrier \u00e0 &hellip; <a href=\"http:\/\/www.affinite.fr\/index.php\/2022\/02\/23\/antoine-de-caunes-previent-jose-garcia-ca-va-tres-mal-tourner\/\" class=\"more-link\">Plus <span class=\"screen-reader-text\">Antoine de Caunes pr\u00e9vient Jos\u00e9 Garcia&#8230; \u00ab\u00a0Ca va tr\u00e8s mal tourner\u00a0\u00bb<\/span> <span class=\"meta-nav\">&rarr;<\/span><\/a><\/p>\n","protected":false},"author":1,"featured_media":7496,"comment_status":"","ping_status":"open","sticky":false,"template":"","format":"standard","meta":{"_sitemap_exclude":false,"_sitemap_priority":"","_sitemap_frequency":"","footnotes":""},"categories":[1],"tags":[],"class_list":["post-7495","post","type-post","status-publish","format-standard","has-post-thumbnail","hentry","category-tous"],"_links":{"self":[{"href":"http:\/\/www.affinite.fr\/index.php\/wp-json\/wp\/v2\/posts\/7495"}],"collection":[{"href":"http:\/\/www.affinite.fr\/index.php\/wp-json\/wp\/v2\/posts"}],"about":[{"href":"http:\/\/www.affinite.fr\/index.php\/wp-json\/wp\/v2\/types\/post"}],"author":[{"embeddable":true,"href":"http:\/\/www.affinite.fr\/index.php\/wp-json\/wp\/v2\/users\/1"}],"replies":[{"embeddable":true,"href":"http:\/\/www.affinite.fr\/index.php\/wp-json\/wp\/v2\/comments?post=7495"}],"version-history":[{"count":0,"href":"http:\/\/www.affinite.fr\/index.php\/wp-json\/wp\/v2\/posts\/7495\/revisions"}],"wp:featuredmedia":[{"embeddable":true,"href":"http:\/\/www.affinite.fr\/index.php\/wp-json\/wp\/v2\/media\/7496"}],"wp:attachment":[{"href":"http:\/\/www.affinite.fr\/index.php\/wp-json\/wp\/v2\/media?parent=7495"}],"wp:term":[{"taxonomy":"category","embeddable":true,"href":"http:\/\/www.affinite.fr\/index.php\/wp-json\/wp\/v2\/categories?post=7495"},{"taxonomy":"post_tag","embeddable":true,"href":"http:\/\/www.affinite.fr\/index.php\/wp-json\/wp\/v2\/tags?post=7495"}],"curies":[{"name":"wp","href":"https:\/\/api.w.org\/{rel}","templated":true}]}}