{"id":7492,"date":"2022-02-22T21:24:57","date_gmt":"2022-02-22T21:24:57","guid":{"rendered":"https:\/\/www.affinite.fr\/index.php\/2022\/02\/22\/effets-indesirables-delai-pour-le-pass\/"},"modified":"2022-02-22T21:24:57","modified_gmt":"2022-02-22T21:24:57","slug":"effets-indesirables-delai-pour-le-pass","status":"publish","type":"post","link":"http:\/\/www.affinite.fr\/index.php\/2022\/02\/22\/effets-indesirables-delai-pour-le-pass\/","title":{"rendered":"effets ind\u00e9sirables, d\u00e9lai pour le pass"},"content":{"rendered":"<p> [ad_1]<br \/>\n<\/p>\n<p>\n                3EME DOSE. La dose de rappel doit \u00eatre r\u00e9alis\u00e9e d\u00e8s 3\u00a0mois apr\u00e8s sa derni\u00e8re dose ou infection et dans un d\u00e9lai de 4\u00a0mois maximum. 3.5\u00a0millions de Fran\u00e7ais pourraient perdre leur pass vaccinal s&rsquo;ils ne font pas leur 3e dose. Efficacit\u00e9, temps entre 2\u00a0doses, effets ind\u00e9sirables, obligatoire, apr\u00e8s Covid, pour qui\u00a0?            <\/p>\n<div>\n<aside class=\"ccmsummary marqueur_module ccmcss_cms_summary ccmcss_cms_summary--right\">\n<p>Sommaire<\/p>\n<\/aside>\n<p><strong><strong>[Mis\u00a0\u00e0 jour le 22 f\u00e9vrier 2022 \u00e0 17h38]\u00a0<\/strong><\/strong><em>\u00ab\u00a0Nous estimons aujourd&rsquo;hui \u00e0 <strong>3,5\u00a0millions le nombre de personnes pouvant perdre leur pass\u00a0aujourd&rsquo;hui,<\/strong> mais des rendez-vous sont disponibles et il suffit d&rsquo;aller faire son rappel pour r\u00e9cup\u00e9rer son pass\u00a0\u00bb<\/em>, indique\u00a0le minist\u00e8re de la Sant\u00e9 le 22 f\u00e9vrier 2022.\u00a0Depuis le 15\u00a0f\u00e9vrier 2022, la dose de rappel doit \u00eatre r\u00e9alis\u00e9e d\u00e8s 3\u00a0mois apr\u00e8s la vaccination initiale (derni\u00e8re dose ou infection) et dans un\u00a0<strong>d\u00e9lai de 4\u00a0mois maximum<\/strong>, pour garder un\u00a0<strong>pass vaccinal valide<\/strong>.<strong><strong> <\/strong><\/strong><a href=\"https:\/\/www.legifrance.gouv.fr\/jorf\/id\/JORFTEXT000045167775\" target=\"_blank\" rel=\"noopener\">Un d\u00e9cret<\/a> du 15\u00a0f\u00e9vrier 2022 a \u00e9t\u00e9 publi\u00e9 au Journal Officiel.\u00a0Autre nouvelle r\u00e8gle : les personnes ayant re\u00e7u deux injections et ayant \u00e9t\u00e9 contamin\u00e9es au Covid n&rsquo;ont plus besoin de recevoir une 3e injection.\u00a0La r\u00e8gle est donc : <strong>une infection = une injection si on a re\u00e7u deux doses<\/strong>. Depuis le 24 janvier 2022, <strong>tous les adolescents \u00e2g\u00e9s de 12\u00a0\u00e0 17\u00a0ans sont \u00e9ligibles au rappel<\/strong>, 6 mois apr\u00e8s la compl\u00e9tude de leur sch\u00e9ma de primo-vaccination, indique la <a href=\"https:\/\/solidarites-sante.gouv.fr\/IMG\/pdf\/dgs-urgent_no2022-12_rappel_vaccinal_12-17_ans.pdf\" target=\"_blank\" rel=\"noopener\">Direction g\u00e9n\u00e9rale de la Sant\u00e9<\/a>. Ils ne peuvent se faire vacciner qu&rsquo;avec le vaccin <strong>Pfizer-BioNTech<\/strong> (Comirnaty). L&rsquo;administration de ce rappel n&rsquo;est pour eux pas une obligation et ne conditionne pas l&rsquo;acc\u00e8s au pass sanitaire ou vaccinal.\u00a0Pour faire le rappel, la prise de RDV est possible\u00a0sur Doctolib, Maiia, Keldoc, Vite ma Dose. <strong>Les plus de\u00a0de 65\u00a0ans peuvent\u00a0se faire vacciner sans rendez-vous<\/strong> <strong>dans n&rsquo;importe quel centre de vaccination<\/strong>.\u00a0Qui doit faire 3\u00a0doses\u00a0?<strong> Combien de temps apr\u00e8s la seconde injection<\/strong> ? Avec quel vaccin\u00a0?\u00a0Pfizer ou Moderna\u00a0?\u00a0Quels sont les potentiels effets secondaires\u00a0?<\/p>\n<h2 id=\"quest-ce-qui-change-au-15-fevrier-pour-la-dose-de-rappel-\">Qu&rsquo;est-ce qui a chang\u00e9 pour la dose de rappel ?<\/h2>\n<p><strong>\u25ba Depuis le 15\u00a0f\u00e9vrier 2022<\/strong>, la dose de rappel doit\u00a0\u00eatre r\u00e9alis\u00e9e<strong>\u00a0d\u00e8s 3\u00a0mois apr\u00e8s la fin de sa vaccination initiale<\/strong>\u00a0(derni\u00e8re dose ou infection) et dans\u00a0<strong>un d\u00e9lai de 4\u00a0mois maximum<\/strong>, autrement dit, la personne\u00a0<strong>a 1\u00a0mois pour r\u00e9aliser son rappel. Cette mesure s&rsquo;applique aux personnes de plus de 18\u00a0ans et 1\u00a0mois.<\/strong><\/p>\n<ul>\n<li><strong>Les 16-17\u00a0ans<\/strong> n&rsquo;ont pas l&rsquo;obligation de faire leur rappel pour conserver leur passe vaccinal, m\u00eame s&rsquo;il est fortement recommand\u00e9.<\/li>\n<li><strong>Les 12-15\u00a0ans<\/strong> ne sont pas soumis au passe vaccinal, mais au passe sanitaire. Dans ce cadre, ils ne sont pas dans l&rsquo;obligation de r\u00e9aliser leur rappel, m\u00eame si ce dernier leur est \u00e9galement fortement recommand\u00e9.<\/li>\n<\/ul>\n<p><strong>\u25ba\u00a0<\/strong>Depuis le 15\u00a0f\u00e9vrier, le\u00a0<strong>certificat de r\u00e9tablissement est valable 4\u00a0mois<\/strong>\u00a0(contre 6\u00a0mois).<\/p>\n<h2 id=\"cest-quoi-la-dose-de-rappel-\">C&rsquo;est quoi la dose de rappel ?<\/h2>\n<p>Le rappel vaccinal (2e ou 3e dose) permet de rebooster le syst\u00e8me immunitaire et de limiter les formes graves d&rsquo;une infection au coronavirus.\u00a0<strong>Le rappel vaccinal est ouvert \u00e0 tous les adultes d\u00e8s 3\u00a0mois\u00a0apr\u00e8s leur derni\u00e8re injection ou une infection Covid-19. <\/strong> Est consid\u00e9r\u00e9e comme ayant <strong>un sch\u00e9ma vaccinal complet,<\/strong> une personne ayant re\u00e7u les deux doses (ou une dose en cas d&rsquo;infection pr\u00e9alable au Covid) + une dose de rappel r\u00e9alis\u00e9e conform\u00e9ment aux exigences du pass sanitaire.<strong>\u00a0<\/strong><\/p>\n<p>Pour qui est la\u00a03e dose\u00a0?<\/p>\n<p><strong>Les populations \u00e9ligibles \u00e0 un rappel vaccinal sont\u00a0:<\/strong><\/p>\n<ul>\n<li>Les personnes de plus de 12\u00a0ans<\/li>\n<li>Les r\u00e9sidents des EHPAD et des USLD\u00a0;<\/li>\n<li>Les personnes \u00e0 tr\u00e8s haut risque de forme grave\u00a0;<\/li>\n<li>Les personnes pr\u00e9sentant des pathologies facteurs de risque de forme grave, selon la classification \u00e9tablie par la Haute Autorit\u00e9 de sant\u00e9\u00a0;<\/li>\n<li>Les personnes s\u00e9v\u00e8rement immunod\u00e9prim\u00e9es\u00a0;<\/li>\n<li>Les personnes ayant re\u00e7u le vaccin Covid-19\u00a0Janssen.<\/li>\n<li>Les professionnels de sant\u00e9, l&rsquo;ensemble des salari\u00e9s du secteur de la sant\u00e9 et du secteur m\u00e9dico-social, les aides \u00e0 domicile intervenant aupr\u00e8s de personnes vuln\u00e9rables, les professionnels du transport sanitaire et les pompiers, quel que soit leur \u00e2ge\u00a0;<\/li>\n<li>Les proches (de plus de 18\u00a0ans) de personnes immunod\u00e9prim\u00e9es.<\/li>\n<\/ul>\n<h2 id=\"faut-il-faire-la-3e-dose-si-on-a-eu-le-covid-\">Faut-il faire la 3\u00e8me dose si on a eu le Covid ?<\/h2>\n<blockquote>\n<p style=\"text-align: right;\">\u00ab\u00a0Pour b\u00e9n\u00e9ficier du pass, il faut que le syst\u00e8me ait \u00e9t\u00e9 stimul\u00e9 au moins 3\u00a0fois\u00a0\u00bb<\/p>\n<\/blockquote>\n<p>\u00a0Les personnes ayant re\u00e7u deux doses de vaccin puis infect\u00e9es par le Covid ne sont plus oblig\u00e9es de faire une 3e dose au moins trois mois plus tard pour conserver son pass vaccinal,\u00a0a annonc\u00e9 Olivier V\u00e9ran le 2 f\u00e9vrier sur BFMTV. Le rappel reste n\u00e9anmoins recommand\u00e9 pour ces personnes.\u00a0\u00ab\u00a0<em>Pour b\u00e9n\u00e9ficier du pass, il faut que le syst\u00e8me ait \u00e9t\u00e9 stimul\u00e9 au moins 3 fois<\/em>\u00ab\u00a0, argumente le ministre de la Sant\u00e9. Cette nouvelle mesure\u00a0aurait \u00e9t\u00e9 prise apr\u00e8s l&rsquo;avis de la Haute Autorit\u00e9 de sant\u00e9 et du Conseil d&rsquo;orientation de la strat\u00e9gie vaccinale, indique l&rsquo;entourage d&rsquo;Olivier V\u00e9ran,\u00a0<a href=\"https:\/\/www.leparisien.fr\/societe\/sante\/passe-vaccinal-une-troisieme-dose-nest-plus-necessaire-apres-deux-doses-puis-une-infection-02-02-2022-6BUL6TTKL5FPHBA4ZDWYZ7AE5E.php?ts=1643877679966\" target=\"_blank\" rel=\"noopener\">au Parisien<\/a>.<\/p>\n<h2 id=\"obligatoire-pour-les-soignants-et-pompiers-\">La 3\u00e8me dose est-elle obligatoire pour les soignants et pompiers ?<\/h2>\n<p>La r\u00e9alisation de la dose de rappel est int\u00e9gr\u00e9e dans l&rsquo;obligation vaccinale applicable <strong>aux personnels travaillant dans les secteurs sanitaire et m\u00e9dico-social <\/strong>au 30\u00a0janvier 2022, date \u00e0 laquelle ils devront donc pr\u00e9senter un sch\u00e9ma vaccinal valide, indique la DGS dans <a href=\"https:\/\/solidarites-sante.gouv.fr\/IMG\/pdf\/dgs-urgent_20_obligation_vaccinale.pdf\" target=\"_blank\" rel=\"noopener\">un communiqu\u00e9 du 29 janvier 2022<\/a>.\u00a0Les sch\u00e9mas vaccinaux consid\u00e9r\u00e9s comme valides ont \u00e9t\u00e9 actualis\u00e9s. Par exemple, un professionnel soumis \u00e0 l&rsquo;obligation vaccinale ayant re\u00e7u 2\u00a0doses remplit les conditions de l&rsquo;obligation vaccinale\u00a0:<\/p>\n<ul>\n<li><strong>Depuis le 15\u00a0f\u00e9vrier 2022<\/strong>, s&rsquo;il a re\u00e7u sa 2\u00e8me dose il y a moins de 4\u00a0mois ou s&rsquo;il a d\u00e9j\u00e0 re\u00e7u une dose de rappel.\u00a0Ceux qui n&rsquo;ont pas encore compl\u00e9t\u00e9 leur sch\u00e9ma vaccinal ne seront pas pour autant automatiquement suspendus.\u00a0<\/li>\n<li>Les personnes b\u00e9n\u00e9ficiant d&rsquo;un certificat de r\u00e9tablissement ou d&rsquo;un certificat de contre-indication peuvent toujours d\u00e9roger de mani\u00e8re temporaire \u00e0 cette obligation, pour la dur\u00e9e de validit\u00e9 du certificat.\u00a0<\/li>\n<\/ul>\n<p><strong>Attention :<\/strong> Le certificat de r\u00e9tablissement est valable <strong>4 mois pour les plus de 18 ans<\/strong> et 6 mois pour les mineurs, qui ne sont pas soumis \u00e0 l&rsquo;obligation du rappel vaccinal.<\/p>\n<h2 id=\"les-12-17-ans-doivent-ils-faire-une-3eme-dose-\">Les mineurs (12-17\u00a0ans) doivent-ils faire une 3e dose\u00a0?<\/h2>\n<p>Pour faire face \u00e0 la forte circulation actuelle du variant Omicron et \u00e0 la n\u00e9cessit\u00e9 d&rsquo;apporter une protection suppl\u00e9mentaire aux adolescents, \u00e0 partir de\u00a0ce lundi 24\u00a0janvier, <strong>tous les adolescents\u00a0de 12\u00a0\u00e0 17\u00a0ans sont \u00e9ligibles \u00e0 la dose de\u00a0rappel<\/strong>, sans obligation, six mois apr\u00e8s la compl\u00e9tude de leur sch\u00e9ma de primo-vaccination, indique la DSG dans un communiqu\u00e9 du 21 janvier 2022.\u00a0Cela fait suite\u00a0aux recommandations du Conseil d&rsquo;orientation de la strat\u00e9gie vaccinale\u00a0(COSV) et \u00e0 l&rsquo;avis de l&rsquo;Agence nationale de s\u00e9curit\u00e9 du m\u00e9dicament et des produits de sant\u00e9 (ANSM) du 18\u00a0janvier 2021. L&rsquo;espacement de six mois entre la deuxi\u00e8me dose de vaccination et le rappel s&rsquo;explique par une d\u00e9croissance plus lente des anticorps vaccinaux chez les adolescents que chez les adultes. Ces derniers\u00a0peuvent recevoir leur dose de rappel uniquement avec <strong>Pfizer<\/strong>. Les prises de RDV sont possibles.<\/p>\n<h2 id=\"quelle-est-efficacite-de-la-3e-dose\">Quelle est l&rsquo;efficacit\u00e9 de la 3\u00e8me dose\u00a0?<\/h2>\n<blockquote>\n<p style=\"text-align: right;\">La dose de rappel\u00a0permet de r\u00e9tablir une r\u00e9ponse immunitaire vis-\u00e0-vis du variant Omicron.<\/p>\n<\/blockquote>\n<p>Selon <a href=\"https:\/\/solidarites-sante.gouv.fr\/actualites\/presse\/dossiers-de-presse\/article\/conseil-scientifique-covid-19\" target=\"_blank\" rel=\"noopener\">l&rsquo;avis du Conseil scientifique du 16\u00a0d\u00e9cembre 2021<\/a>, la dose de rappel (2 ou 3\u00e8me dose) permet de r\u00e9tablir une r\u00e9ponse immunitaire vis-\u00e0-vis du variant Omicron. <strong>Elle prot\u00e8ge, probablement \u00e0 un bon niveau, contre la survenue de formes s\u00e9v\u00e8res et graves mais ne prot\u00e8ge que partiellement contre l&rsquo;infection au variant Omicron.\u00a0<\/strong>Les premi\u00e8res estimations d&rsquo;efficacit\u00e9 vaccinale en vie r\u00e9elle\u00a0ont document\u00e9 une protection contre les formes symptomatiques d&rsquo;infection au variant Omicron du SARS-CoV-2\u00a0passant de 80% 1-2\u00a0mois \u00e0 34% 4\u00a0mois apr\u00e8s la deuxi\u00e8me dose d&rsquo;un vaccin Pfizer, pour remonter \u00e0 75% deux semaines apr\u00e8s une dose de rappel. Selon la Haute Autorit\u00e9 de Sant\u00e9, la dose de rappel permet de<strong> relever l&rsquo;efficacit\u00e9 vaccinale sur les cas d&rsquo;infection et les formes s\u00e9v\u00e8res<\/strong>. <em>\u00ab\u00a0Les donn\u00e9es d&rsquo;efficacit\u00e9 observ\u00e9es en vie r\u00e9elle\u00a0concernant une dose de rappel du vaccin Comirnaty\u00ae administr\u00e9e tout d&rsquo;abord chez les personnes de 60\u00a0ans ou plus vaccin\u00e9es avec deux doses au moins cinq mois auparavant montrent\u00a0une <strong>diminution <\/strong>du risque d&rsquo;infection par la Covid-19\u00a0(&#8230;),<strong> des cas d&rsquo;infections 11,3\u00a0fois moins \u00e9lev\u00e9s <\/strong>et des<strong> cas de formes graves 19,5\u00a0fois moins \u00e9lev\u00e9s <\/strong>parmi les personnes ayant eu une dose de rappel que chez celles n&rsquo;en ayant pas b\u00e9n\u00e9fici\u00e9\u00a0\u00bb.\u00a0<\/em>L&rsquo;efficacit\u00e9 de la 3e dose est observ\u00e9e dans <strong>un court d\u00e9lai<\/strong> (r\u00e9ponse immunologique tr\u00e8s forte en quelques jours, <strong>protection clinique significative clairement montr\u00e9e \u00e0 partir du 7e jour<\/strong>)\u00a0a pr\u00e9cis\u00e9 le Conseil scientifique du Covid dans un Avis du 22\u00a0novembre 2021.\u00a0L&rsquo;administration d&rsquo;une dose de rappel <strong>diminuerait \u00e9galement la charge virale <\/strong>et de fait, probablement la <strong>contagiosit\u00e9 <\/strong>des personnes d\u00e9veloppant une infection par le SARS-CoV-2.<\/p>\n<div class=\"ccminsert\">\n<blockquote class=\"twitter-tweet\">\n<p dir=\"ltr\" lang=\"fr\">Voici les premi\u00e8res donn\u00e9es fran\u00e7aises sur l&rsquo;effet protecteur du rappel de la vaccination. Moins de cas graves, moins d&rsquo;hospitalisations, quel que soit l&rsquo;\u00e2ge. Tous vaccin\u00e9s, tous prot\u00e9g\u00e9s. <a href=\"https:\/\/twitter.com\/olivierveran\/status\/1465659973912961025\/photo\/1\">pic.twitter.com\/JCYwDRtDPY<\/a><\/p>\n<p>\u2014 Olivier V\u00e9ran (@olivierveran) <a href=\"https:\/\/twitter.com\/olivierveran\/status\/1465659973912961025?ref_src=twsrc%5Etfw\">November 30, 2021<\/a><\/p><\/blockquote>\n<\/div>\n<h2 id=\"quel-delai-entre-la-2e-et-la-3e-dose\">Quel est le d\u00e9lai maximum entre sa 2\u00e8me et sa\u00a03\u00e8me dose\u00a0?<\/h2>\n<p><strong>\u25ba\u00a0Sur le plan sanitaire<\/strong> et conform\u00e9ment aux recommandations de la HAS, le ministre des Solidarit\u00e9s de la Sant\u00e9 Olivier V\u00e9ran et le Premier ministre Jean Castex ont\u00a0annonc\u00e9 le\u00a027\u00a0d\u00e9cembre <strong>la r\u00e9duction du d\u00e9lai d&rsquo;\u00e9ligibilit\u00e9 \u00e0 la dose de rappel \u00e0 3<\/strong>\u00a0<strong>mois<\/strong>.\u00a0Le d\u00e9lai \u00e9tait initialement de 5 mois puis 4\u00a0mois.\u00a0<\/p>\n<p><strong>\u25ba Pour conserver un pass vaccinal valide, <\/strong>au 15\u00a0f\u00e9vrier 2022, la dose de rappel doit \u00eatre r\u00e9alis\u00e9e<strong>\u00a0d\u00e8s 3\u00a0mois apr\u00e8s la fin de sa vaccination initiale<\/strong>\u00a0(derni\u00e8re dose ou infection) et dans\u00a0<strong>un d\u00e9lai de 4\u00a0mois maximum<\/strong>, autrement dit, la personne\u00a0<strong>a 1\u00a0mois pour r\u00e9aliser son rappel.\u00a0Cette mesure s&rsquo;applique aux personnes de plus de 18\u00a0ans et 1\u00a0mois.<\/strong><\/p>\n<p>Pour calculer la date \u00e0 laquelle faire son rappel, <strong>un service<\/strong> a \u00e9t\u00e9 mis en place par l&rsquo;<strong>Assurance Maladie<\/strong> : <strong><a href=\"https:\/\/monrappelvaccincovid.ameli.fr\/\" target=\"_blank\" rel=\"noopener\">Mon rappel Vaccin Covid<\/a><\/strong>.\u00a0Ce service vous permet\u00a0\u00a0de savoir \u00e0 partir de quand vous devez effectuer votre dose de rappel contre le Covid-19 et de conna\u00eetre la date de fin de validit\u00e9 de votre pass vaccinal\u00a0si vous ne faites pas le rappel.<\/p>\n<p>Est consid\u00e9r\u00e9e comme compl\u00e8tement vaccin\u00e9e : <strong>une personne ayant re\u00e7u sa derni\u00e8re dose depuis plus de 7 jours (avec Pfizer, Moderna ou AstraZeneca) ou plus de 28\u00a0jours avec Janssen<\/strong>, indique le gouvernement sur son site <a href=\"https:\/\/mesconseilscovid.sante.gouv.fr\/cas-contact-a-risque.html\" target=\"_blank\" rel=\"noopener\">MesConseilsCovid.<\/a>\u00a0Une nouvelle option sera bient\u00f4t disponible sur l&rsquo;application\u00a0<em>TousAntiCovid<\/em>, elle vous alertera lorsque votre pass arrive \u00e0 expiration et vous pourrez voir le d\u00e9lai qu&rsquo;il reste avant la d\u00e9sactivation de votre pass.<\/p>\n<table align=\"center\" border=\"1\" cellpadding=\"1\" cellspacing=\"1\">\n<thead data-insertor-excluded=\"1\">\n<tr data-insertor-excluded=\"1\">\n<th data-insertor-excluded=\"1\" scope=\"col\">Au moins 3\u00a0mois apr\u00e8s la derni\u00e8re injection du sch\u00e9ma initial (depuis le 28\u00a0d\u00e9cembre 2021)<\/th>\n<th data-insertor-excluded=\"1\" scope=\"col\">Au moins 4\u00a0semaines apr\u00e8s la derni\u00e8re injection du sch\u00e9ma initial et jusqu&rsquo;\u00e0 2\u00a0mois pour conserver le pass vaccinal\u00a0<\/th>\n<\/tr>\n<\/thead>\n<tbody data-insertor-excluded=\"1\">\n<tr data-insertor-excluded=\"1\">\n<td data-insertor-excluded=\"1\">\n<ul data-insertor-excluded=\"1\">\n<li data-insertor-excluded=\"1\">Les personnes de plus de 18\u00a0ans<\/li>\n<li data-insertor-excluded=\"1\">Les r\u00e9sidents des EHPAD et des USLD\u00a0;<\/li>\n<li data-insertor-excluded=\"1\">Les personnes \u00e0 tr\u00e8s haut risque de forme grave\u00a0;<\/li>\n<li data-insertor-excluded=\"1\">Les personnes atteintes de comorbidit\u00e9(s)\u00a0;<\/li>\n<li data-insertor-excluded=\"1\">Les personnes s\u00e9v\u00e8rement immunod\u00e9prim\u00e9es. \u00c0 noter que pour cette derni\u00e8re cat\u00e9gorie, l&rsquo;administration de la dose de rappel peut \u00eatre r\u00e9alis\u00e9e dans un d\u00e9lai inf\u00e9rieur \u00e0 6\u00a0mois (mais d&rsquo;au moins 3\u00a0mois), d\u00e8s lors qu&rsquo;il est jug\u00e9 par l&rsquo;\u00e9quipe m\u00e9dicale qu&rsquo;elle permettrait d&rsquo;am\u00e9liorer la r\u00e9ponse immunitaire.<\/li>\n<li data-insertor-excluded=\"1\">Les professionnels de sant\u00e9\u00a0;<\/li>\n<li data-insertor-excluded=\"1\">L&rsquo;ensemble des salari\u00e9s du secteur de la sant\u00e9 et du secteur m\u00e9dico-social\u00a0;<\/li>\n<li data-insertor-excluded=\"1\">Les aides \u00e0 domicile intervenant aupr\u00e8s de personnes vuln\u00e9rables\u00a0;<\/li>\n<li data-insertor-excluded=\"1\">Les professionnels du transport sanitaire, ainsi que les pompiers\u00a0;<\/li>\n<li data-insertor-excluded=\"1\">Les personnes de l&rsquo;entourage des immunod\u00e9prim\u00e9s, uniquement chez les adultes \u00e2g\u00e9s de plus de 18\u00a0ans.<\/li>\n<\/ul>\n<\/td>\n<td data-insertor-excluded=\"1\">\n<p data-insertor-excluded=\"1\">Les personnes ayant re\u00e7u le vaccin Janssen. (La dose de vaccin \u00e0 ARNm recommand\u00e9e pour les personnes ayant re\u00e7u une dose de vaccin Janssen est ainsi comptabilis\u00e9e dans les doses de rappel, indique Sant\u00e9 publique France)<\/p>\n<\/td>\n<\/tr>\n<\/tbody>\n<\/table>\n<h2 id=\"le-pass-sanitaire-est-il-valide-tout-de-suite-apres-la-3e-dose-\">Le pass vaccinal est-il valide tout de suite apr\u00e8s la 3\u00e8me dose ?<\/h2>\n<p>Toutes les personnes qui font leur rappel disposeront d&rsquo;<strong>un nouveau QR Code,<\/strong> qui deviendra <strong>valide 7\u00a0jours apr\u00e8s<\/strong> leur injection qu&rsquo;il s&rsquo;agisse d&rsquo;une 2<sup>e<\/sup>\u00a0dose, d&rsquo;une 3<sup>e<\/sup>\u00a0dose ou plus. <strong>Ce sera donc le nouveau pass\u00a0vaccinal \u00e0 pr\u00e9senter dans les lieux et \u00e9v\u00e9nements o\u00f9 il est exig\u00e9. <\/strong>Pour les personnes qui ne font pas leur rappel dans les d\u00e9lais requis, le QR code de leur pr\u00e9c\u00e9dent certificat de vaccination sera d\u00e9sactiv\u00e9, leur pr\u00e9c\u00e9dent certificat de vaccination valant pass vaccinal ne sera plus valide. Le QR code de leur ancien certificat de vaccination sera d\u00e9sactiv\u00e9 automatiquement, il sera plac\u00e9 dans la cat\u00e9gorie\u00a0<strong>\u00ab\u00a0<em>certificat expir\u00e9<\/em>\u00a0\u00bb\u00a0<\/strong>et ne pourra plus \u00eatre utilis\u00e9 dans le cadre du pass vaccinal.<\/p>\n<figure class=\"image\" style=\"float:right\"><a class=\"fancy\" href=\"https:\/\/img-3.journaldesfemmes.fr\/rhByVy-EPi4yTz198FjaV9JtBdM=\/1080x\/smart\/a91c7664401247c0b5f9699efaa18cf4\/ccmcms-jdf\/29762846.jpg\" target=\"_blank\" rel=\"noopener\"><img decoding=\"async\" alt=\"Capture Doctolib\" src=\"https:\/\/img-3.journaldesfemmes.fr\/-dWhUbwYDpRMAkQCGZdZlOEcSkk=\/450x\/smart\/a91c7664401247c0b5f9699efaa18cf4\/ccmcms-jdf\/29762846.jpg\"\/><\/a><figcaption data-credit=\"Capture Doctolib\" data-legend=\"Date de rappel \">Date de rappel <small>\u00a9\u00a0Capture Doctolib<\/small><\/figcaption><\/figure>\n<h2 id=\"ou-trouver-la-date-de-sa-derniere-injection-\">O\u00f9 trouver la date de sa derni\u00e8re injection ?<\/h2>\n<p>La date de votre derni\u00e8re injection est visible sur votre pass sanitaire ou vaccinal, que ce soit en version papier ou sur TousAntiCovid, dans l&rsquo;onglet <strong>\u00ab\u00a0Carnet\u00a0\u00bb.<\/strong> Sous le QR code (en mode fronti\u00e8re), il y a \u00e9crit <strong>la date des injections<\/strong> (en dessous de la date de naissance). Par exemple, une personne qui a re\u00e7u sa derni\u00e8re injection le 23 juillet 2021 peut recevoir sa dose de rappel \u00e0 partir du 23 d\u00e9cembre 2021.\u00a0<\/p>\n<p>Les vaccins de Pfizer et Moderna ont re\u00e7u une extension de leur autorisation de mise sur le march\u00e9 pour le rappel, de l&rsquo;Agence europ\u00e9enne des m\u00e9dicaments (EMA). Moderna a obtenu une extension d&rsquo;indication\u00a0le 25\u00a0octobre\u00a0pour l&rsquo;administration d&rsquo;une dose de rappel \u00e0 50\u00a0\u00b5g (demi-dose) chez les personnes \u00e2g\u00e9es de 18\u00a0ans et plus.\u00a0<em>\u00ab\u00a0Spikevax\u00ae (Moderna) et Comirnaty\u00ae\u00a0de Pfizer sont deux vaccins s\u00fbrs et efficaces mais les \u00e9tudes montrent une l\u00e9g\u00e8re sup\u00e9riorit\u00e9 de Spikevax\u00ae en termes d&rsquo;efficacit\u00e9 et des<strong> risques plus faibles de myocardite pour Comirnaty<\/strong>\u00ae, en particulier pour les personnes de moins de 30\u00a0ans\u00a0\u00bb<\/em> indique la <a href=\"https:\/\/www.has-sante.fr\/jcms\/p_3297260\/fr\/covid-19-la-has-precise-la-place-de-spikevax-dans-la-strategie-vaccinale\" target=\"_blank\" rel=\"noopener\">HAS<\/a>\u00a0dans un Avis du 8\u00a0novembre 2021. La HAS recommande ainsi\u00a0:<\/p>\n<p>\u25ba <strong>Pour les\u00a0moins de 30\u00a0ans\u00a0:<\/strong>\u00a0de faire sa dose de rappel avec le<strong>\u00a0vaccin Comirnaty\u00ae (Pfizer)<\/strong>. \u00ab\u00a0<em>Dans la population de moins de 30\u00a0ans, le risque de myocardite appara\u00eet environ 5\u00a0fois moindre pour le vaccin Comirnaty\u00ae de Pfizer comparativement au vaccin Spikevax\u00ae de Moderna (100\u00a0\u00b5g) chez les 12-29\u00a0ans<\/em>\u00ab\u00a0, pr\u00e9cise la HAS dans son communiqu\u00e9.\u00a0<\/p>\n<p>\u25ba <strong>Pour les\u00a0plus de 30\u00a0ans\u00a0: de faire sa dose de rappel avec le vaccin de Pfizer ou de Moderna. <\/strong><em>\u00ab\u00a0Celui-ci se r\u00e9v\u00e8le particuli\u00e8rement int\u00e9ressant pour les personnes \u00e0 risque de forme grave de Covid-19\u00a0\u00bb <\/em>note la HAS qui recommande l&rsquo;administration d&rsquo;une demi-dose\u00a0 pour le rappel\u00a0(<strong>50\u00a0\u00b5g d&rsquo;ARN au lieu de 100\u00a0en primo-vaccination<\/strong>).\u00a0<\/p>\n<p><strong>Lorsqu&rsquo;un vaccin \u00e0 ARNm<\/strong> (Moderna et Pfizer)\u00a0<strong>ne peut \u00eatre utilis\u00e9,<\/strong>\u00a0la HAS\u00a0autorise, dans <a href=\"https:\/\/www.has-sante.fr\/jcms\/p_3309581\/fr\/covid-19-deux-nouvelles-alternatives-aux-vaccins-a-arnm\" target=\"_blank\" rel=\"noopener\">un communiqu\u00e9 du 14\u00a0janvier 2022<\/a>, l&rsquo;administration de Janssen en dose de rappel. \u00ab\u00a0Le vaccin Janssen peut \u00eatre propos\u00e9 aux personnes de plus de 55\u00a0ans, y compris si elles ont re\u00e7u deux doses de vaccins \u00e0 ARNm en primo-vaccination. En de\u00e7\u00e0 de 55\u00a0ans, il ne pourra \u00eatre utilis\u00e9 en rappel que de mani\u00e8re exceptionnelle, dans le cadre d&rsquo;une d\u00e9cision m\u00e9dicale partag\u00e9e qui apporte une information claire sur les risques li\u00e9s \u00e0 ce vaccin\u00a0\u00bb, d\u00e9taille la HAS.\u00a0<\/p>\n<h2 id=\"peut-on-faire-la-3e-dose-avant-6-mois-\">Quels sont les effets secondaires et r\u00e9actions apr\u00e8s la 3\u00e8me dose\u00a0?<\/h2>\n<p>Une \u00e9tude publi\u00e9e par les autorit\u00e9s sanitaires am\u00e9ricaines en septembre 2021 a montr\u00e9 que\u00a0les effets secondaires observ\u00e9s apr\u00e8s une troisi\u00e8me dose de rappel des vaccins anti-Covid de Pfizer et Moderna, \u00e9taient les m\u00eames que pour la 1\u00e8re et 2\u00e8me dose. \u00ab\u00a0<strong><em>Les doses de rappel sont bien tol\u00e9r\u00e9es<\/em><\/strong>\u00ab\u00a0, indique\u00a0Rochelle Walensky, directrice des CDC am\u00e9ricains\u00a0lors d&rsquo;une conf\u00e9rence de presse.\u00a0<em>La fr\u00e9quence et le type d&rsquo;effets secondaires \u00e9taient similaires \u00e0 ceux observ\u00e9s apr\u00e8s les deuxi\u00e8mes doses de vaccins, et ils \u00e9taient la plupart du temps l\u00e9gers ou mod\u00e9r\u00e9s, et de courte dur\u00e9e\u00a0\u00bb. <\/em>Parmi les effets secondaires recens\u00e9s par les CDC (plus de 268 000\u00a0participants) :<\/p>\n<ul>\n<li><strong>R\u00e9action au site d&rsquo;injection<\/strong> (pour 79% des r\u00e9pondants) :\u00a0douleur, rougeur, gonflement<\/li>\n<li><strong>Fatigue<\/strong> (pour 74%)<\/li>\n<li><strong>Maux de t\u00eate et douleurs musculaires<\/strong> (pour 55%)<\/li>\n<\/ul>\n<div class=\"ccminsert\">\n<aside class=\"app_widget_fo app_widget_fo--call\">\n<ul>\n<li>\n                <a href=\"https:\/\/sante.journaldesfemmes.fr\/fiches-maladies\/2686947-effet-secondaire-vaccin-covid-moderna-pfizer-janssen-liste-ansm-3eme-dose-rappel\/\" class=\"jGTMWidgetGAEventClick\" data-gtmwidgetgaeventaction=\"clickWidgetCall\" data-gtmwidgetgaeventlabel=\"Effets secondaires vaccins Covid\u00a0: Pfizer, Moderna, 3\u00e8me dose, nouveau bilan de l'ANSM\"><\/p>\n<figure>\n                                                                        <picture><source media=\"(max-width: 480px)\" srcset=\"https:\/\/img-3.journaldesfemmes.fr\/6_ECqDkovKMKixJAO8wr0VAitrI=\/160x105\/smart\/4fb15c052e524550a3a1879934c63fb0\/ccmcms-jdf\/32090634.jpg\" width=\"160\" height=\"105\"><img decoding=\"async\" src=\"https:\/\/img-3.journaldesfemmes.fr\/RU_mhey_h-PCq29ux9nOOedP5Vs=\/200x132\/smart\/4fb15c052e524550a3a1879934c63fb0\/ccmcms-jdf\/32090634.jpg\" alt=\"\" width=\"200\" height=\"132\" loading=\"lazy\"\/><br \/>\n                            <\/source><\/picture><figcaption>\n<h3>Effets secondaires vaccins Covid\u00a0: Pfizer, Moderna, 3\u00e8me dose, nouveau bilan de l&rsquo;ANSM<\/h3>\n<p>Sur plus de 139\u00a0millions d&rsquo;injections de vaccin contre le Covid, 141\u00a0500\u00a0cas d&rsquo;effets ind\u00e9sirables ont \u00e9t\u00e9 enregistr\u00e9s (0.1%), rapporte l&rsquo;ANSM dans un nouveau bilan du 18\u00a0f\u00e9vrier 2022. Liste des effets par vaccin (Pfizer, Moderna, AstraZeneca, Janssen), apr\u00e8s la dose de rappel (3\u00e8me dose), chez les jeunes, les femmes enceintes\u00a0: d\u00e9tails et pourcentage par vaccin.<\/p>\n<\/figcaption><\/figure>\n<p>                <\/a>\n            <\/li>\n<\/ul>\n<\/aside>\n<\/div>\n<figure class=\"image\" style=\"float:right\"><a class=\"fancy\" href=\"https:\/\/img-3.journaldesfemmes.fr\/crZJJWjddN1pcX4VryKlQWTAkdg=\/1080x\/smart\/974039878e344e11bae7cceed243d65d\/ccmcms-jdf\/27596454.jpg\" target=\"_blank\" rel=\"noopener\"><img decoding=\"async\" alt=\"Inscription 3e dose Doctolib\" src=\"https:\/\/img-3.journaldesfemmes.fr\/3vejhzdntVh7hsVDFI3mT2Tnh8M=\/450x\/smart\/974039878e344e11bae7cceed243d65d\/ccmcms-jdf\/27596454.jpg\"\/><\/a><figcaption data-credit=\"Doctolib\" data-legend=\"Inscription 3e dose \">Inscription 3e dose <small>\u00a9\u00a0Doctolib<\/small><\/figcaption><\/figure>\n<p>Si vous remplissez les crit\u00e8res d&rsquo;\u00e2ge et de d\u00e9lai entre les deux injections, vous pouvez prendre rendez-vous d\u00e8s \u00e0 pr\u00e9sent pour une dose de rappel sur les plateformes <strong>Doctolib (mais aussi Keldoc ou Maiia)<\/strong>. Des cr\u00e9neaux vous seront propos\u00e9s en fonction des lieux de vaccination. Il faudra cliquer sur le bouton \u00ab\u00a0<strong>Vous souhaitez r\u00e9server uniquement une troisi\u00e8me injection ou dose de rappel<\/strong>\u00ab\u00a0. Ensuite, il faudra choisir votre vaccin : Pfizer, Moderna ou \u00ab\u00a0sans pr\u00e9f\u00e9rence\u00a0\u00bb.\u00a0Il est \u00e9galement possible de prendre rendez-vous directement chez son m\u00e9decin ou en pharmacie. Depuis\u00a0le\u00a013\u00a0septembre,\u00a0une campagne de rappel cible sp\u00e9cifiquement\u00a0les Ehpad et les USLD. Les r\u00e9sidents n&rsquo;ont pas besoin de prendre RDV.<\/p>\n<h2 id=\"ou-faire-la-3e-dose-\">O\u00f9 faire la 3\u00e8me dose ?<\/h2>\n<p>Les personnes concern\u00e9es peuvent prendre leur rendez-vous vaccinal\u00a0:<\/p>\n<ul>\n<li>chez le m\u00e9decin traitant (g\u00e9n\u00e9raliste ou sp\u00e9cialiste)<\/li>\n<li>chez le m\u00e9decin du travail<\/li>\n<li>dans une pharmacie<\/li>\n<li>dans un cabinet infirmier ou sage-femme<\/li>\n<li>en centre de vaccination<\/li>\n<li>chez le chirurgien-dentiste<\/li>\n<li>dans un laboratoire de biologie m\u00e9dicale<\/li>\n<li>Pour les personnes r\u00e9sidents dans les \u00e9tablissements pour personnes \u00e2g\u00e9es, la dose de rappel s&rsquo;administre sur place, <strong>pas besoin de se d\u00e9placer<\/strong>.<\/li>\n<\/ul>\n<p><em>Sources :<\/em><\/p>\n<div>\n<p><em>Avis du Conseil scientifique COVID-19\u00a0du 20\u00a0novembre 2021\u00a0&#8211; Modalit\u00e9s d&rsquo;int\u00e9gration du rappel \/ 3e dose dans le passe sanitaire<\/em><\/p>\n<\/div>\n<p><em>Saciuk Y, et al. J Infect Dis. 202\u00a0; 2:jiab556. Effectiveness of a third dose of BNT162b2\u00a0mRNA vaccine<\/em><\/p>\n<p><em>Barda N, et al. Lancet. 2021,29: S0140. Effectiveness of a third dose of the BNT162b2\u00a0mRNA COVID-19\u00a0vaccine for preventing severe outcomes in Israel: an observational study<\/em><\/p>\n<p><em>Tout savoir sur le rappel vaccinal contre la Covid-19. Gouvernement.fr. 10 novembre 2021.<\/em><\/p>\n<p><em>Communiqu\u00e9 de presse de la Haute autorit\u00e9 de Sant\u00e9, 24 ao\u00fbt 2021.\u00a0<\/em><\/p>\n<\/p><\/div>\n<p><script async src=\"http:\/\/platform.twitter.com\/widgets.js\" charset=\"utf-8\"><\/script><br \/>\n<br \/>[ad_2]<br \/>\n<br \/><a href=\"https:\/\/sante.journaldesfemmes.fr\/fiches-maladies\/2738153-3eme-dose-rappel-vaccin-covid-doit-on-la-faire-effets-indesirables-delai-4-mois-obligatoire-pour-qui\/\">Source link <\/a><\/p>\n","protected":false},"excerpt":{"rendered":"<p>[ad_1] 3EME DOSE. La dose de rappel doit \u00eatre r\u00e9alis\u00e9e d\u00e8s 3\u00a0mois apr\u00e8s sa derni\u00e8re dose ou infection et dans &hellip; <a href=\"http:\/\/www.affinite.fr\/index.php\/2022\/02\/22\/effets-indesirables-delai-pour-le-pass\/\" class=\"more-link\">Plus <span class=\"screen-reader-text\">effets ind\u00e9sirables, d\u00e9lai pour le pass<\/span> <span class=\"meta-nav\">&rarr;<\/span><\/a><\/p>\n","protected":false},"author":1,"featured_media":7493,"comment_status":"","ping_status":"open","sticky":false,"template":"","format":"standard","meta":{"_sitemap_exclude":false,"_sitemap_priority":"","_sitemap_frequency":"","footnotes":""},"categories":[1],"tags":[],"class_list":["post-7492","post","type-post","status-publish","format-standard","has-post-thumbnail","hentry","category-tous"],"_links":{"self":[{"href":"http:\/\/www.affinite.fr\/index.php\/wp-json\/wp\/v2\/posts\/7492"}],"collection":[{"href":"http:\/\/www.affinite.fr\/index.php\/wp-json\/wp\/v2\/posts"}],"about":[{"href":"http:\/\/www.affinite.fr\/index.php\/wp-json\/wp\/v2\/types\/post"}],"author":[{"embeddable":true,"href":"http:\/\/www.affinite.fr\/index.php\/wp-json\/wp\/v2\/users\/1"}],"replies":[{"embeddable":true,"href":"http:\/\/www.affinite.fr\/index.php\/wp-json\/wp\/v2\/comments?post=7492"}],"version-history":[{"count":0,"href":"http:\/\/www.affinite.fr\/index.php\/wp-json\/wp\/v2\/posts\/7492\/revisions"}],"wp:featuredmedia":[{"embeddable":true,"href":"http:\/\/www.affinite.fr\/index.php\/wp-json\/wp\/v2\/media\/7493"}],"wp:attachment":[{"href":"http:\/\/www.affinite.fr\/index.php\/wp-json\/wp\/v2\/media?parent=7492"}],"wp:term":[{"taxonomy":"category","embeddable":true,"href":"http:\/\/www.affinite.fr\/index.php\/wp-json\/wp\/v2\/categories?post=7492"},{"taxonomy":"post_tag","embeddable":true,"href":"http:\/\/www.affinite.fr\/index.php\/wp-json\/wp\/v2\/tags?post=7492"}],"curies":[{"name":"wp","href":"https:\/\/api.w.org\/{rel}","templated":true}]}}