{"id":7490,"date":"2022-02-21T21:24:16","date_gmt":"2022-02-21T21:24:16","guid":{"rendered":"https:\/\/www.affinite.fr\/index.php\/2022\/02\/21\/amel-bent-revele-son-impression\/"},"modified":"2022-02-21T21:24:16","modified_gmt":"2022-02-21T21:24:16","slug":"amel-bent-revele-son-impression","status":"publish","type":"post","link":"http:\/\/www.affinite.fr\/index.php\/2022\/02\/21\/amel-bent-revele-son-impression\/","title":{"rendered":"Amel Bent r\u00e9v\u00e8le son impression"},"content":{"rendered":"<p> [ad_1]<br \/>\n<br \/><img decoding=\"async\" src=\"https:\/\/img-3.journaldesfemmes.fr\/emPkZ4zwid88CgVHCyaznOLsEf0=\/1280x\/smart\/abfa7fd2f71646a9b4b6e03d000ce0b8\/ccmcms-jdf\/32087508.png\" \/><\/p>\n<p>\n                Si les deux coachs de The Voice se connaissent depuis de longues ann\u00e9es, elles ne sont devenues amies que tout r\u00e9cemment. Amel Bent et Nolwenn Leroy se livrent sur leur \u00ab\u00a0complicit\u00e9\u00a0\u00bb dans T\u00e9l\u00e9 7\u00a0Jours&#8230;            <\/p>\n<div>\n<p><strong><a href=\"https:\/\/www.journaldesfemmes.fr\/people\/personnalites\/2717469-amel-bent\/\" title=\"Amel Bent\">Amel Bent<\/a> <\/strong>et <strong>Nolwenn Leroy<\/strong>, toutes deux\u00a0d\u00e9couvertes par les t\u00e9l\u00e9-crochets (l&rsquo;une a fait <em>Nouvelle Star<\/em>, l&rsquo;autre a remport\u00e9 la<em> Star Ac&rsquo; 2<\/em>),\u00a0sont r\u00e9unies dans la onzi\u00e8me saison de\u00a0<strong><em>The Voice<\/em><\/strong> actuellement en diffusion sur <em>TF1<\/em>. Si la premi\u00e8re fait office de coach depuis 2020, la seconde a un r\u00f4le in\u00e9dit, celui de<em> <strong>\u00ab\u00a0coach surprise<\/strong><\/em><strong>\u00ab\u00a0<\/strong>.<\/p>\n<p>Les deux chanteuses, qui sont apparues plusieurs fois ensemble sur la sc\u00e8ne du concert des Enfoir\u00e9s depuis leur arriv\u00e9e dans la troupe en 2006, n&rsquo;ont pourtant pas vraiment d\u00e9marr\u00e9 leur relation du bon pied&#8230;<\/p>\n<p>Questionn\u00e9es par\u00a0<a href=\"https:\/\/www.programme-television.org\/news-tv\/Je-suis-passee-a-cote-d-elle-pendant-des-annees-La-belle-declaration-d-amitie-d-Amel-Bent-a-Nolwenn-Leroy-4683224\" target=\"_blank\" rel=\"noopener\"><em>T\u00e9l\u00e9 7\u00a0jours<\/em><\/a>, Amel et Nolwenn sont revenues sur leur <em>\u00ab\u00a0complicit\u00e9 r\u00e9cente<\/em>\u00ab\u00a0.\u00a0<em>\u00ab\u00a0<strong>On n&rsquo;\u00e9tait pas forc\u00e9ment proches avant,<\/strong> m\u00eame si j&rsquo;avais un \u00e9norme respect pour la femme et l&rsquo;artiste.\u00a0<strong>Mais je suis pass\u00e9e \u00e0 c\u00f4t\u00e9 d&rsquo;elle pendant des ann\u00e9es<\/strong>. Je ne l&rsquo;imaginais pas super dr\u00f4le ou rock&rsquo;n&rsquo;roll. Je me suis tromp\u00e9e. Tout a chang\u00e9 quand je l&rsquo;ai vue en famille\u00a0\u00bb<\/em>, a expliqu\u00e9 l&rsquo;interpr\u00e8te de<em> Ma Philosophie.<\/em><\/p>\n<p>De son\u00a0c\u00f4t\u00e9,\u00a0la laur\u00e9ate de la deuxi\u00e8me saison de la <em>Star Academy<\/em> s&rsquo;est souvenue de la rencontre qui a tout fait\u00a0basculer: \u00ab\u00a0<em>C&rsquo;\u00e9tait au Gala de l&rsquo;Union des artistes. Ma m\u00e8re et ma s\u0153ur \u00e9taient l\u00e0. Il s&rsquo;est pass\u00e9 quelque chose. On a parl\u00e9.\u00a0<\/em><em><strong>Amel a eu les larmes aux yeux, car elle s&rsquo;est rendue compte que nous avions ce point commun <\/strong>d&rsquo;\u00eatre proches de nos mamans, de nos familles\u00a0\u00bb.<\/em><\/p>\n<h2>Amel Bent ne <em>\u00ab\u00a0cernait pas du tout<\/em>\u00a0\u00bb Nolwenn Leroy<\/h2>\n<p>Une \u00e9motion palpable partag\u00e9e par Nolwenn, alors qu&rsquo;Amel Bent \u00e9tait enceinte. \u00ab\u00a0<strong><em style=\"font-weight: bold;\">J&rsquo;ai \u00e9t\u00e9 submerg\u00e9e d&rsquo;\u00e9motion. Je la voyais \u00e9voluer, devenir m\u00e8re \u00e0 un moment o\u00f9 moi aussi, je songeais \u00e0 le devenir<\/em><em style=\"\"><strong>\u00ab\u00a0<\/strong>,\u00a0<\/em><\/strong>a avou\u00e9 la\u00a0belle Bretonne de 39 ans.<\/p>\n<p>N&rsquo;ayant\u00a0<strong><em>\u00ab\u00a0pas beaucoup d&rsquo;amis\u00a0\u00bb<\/em>,<\/strong>\u00a0Nolwenn Leroy\u00a0a \u00ab\u00a0<em>pris conscience<\/em>\u00a0\u00bb qu&rsquo;elle pouvait <strong>renvoyer <\/strong><em><strong>\u00ab\u00a0cette image un peu distante\u00a0\u00bb <\/strong><\/em>et a affirm\u00e9 qu&rsquo;elle \u00e9tait heureuse\u00a0qu&rsquo;Amel soit \u00a0\u00bb\u00a0<em>all\u00e9e plus loin que \u00e7a\u00a0\u00bb.\u00a0<\/em><\/p>\n<p>\u00ab\u00a0<em>On ne me cernait pas bien, je crois\u00a0\u00bb,<\/em> a ensuite continu\u00e9\u00a0<a href=\"https:\/\/www.journaldesfemmes.fr\/people\/nolwenn-leroy\/\" title=\"Nolwenn Le Magueresse\">Nolwenn Leroy<\/a>. Et Amel Bent de r\u00e9pondre, avec la franchise qu&rsquo;on lui conna\u00eet: <strong>\u00ab\u00a0<\/strong><em><strong>Je ne te cernais pas du tout<\/strong>. Ta musique, ton univers\u2026<\/em><strong><em>\u00a0je me disais<\/em><\/strong><strong><em>\u00a0&lsquo;elle est chelou!<\/em><\/strong>&lsquo;\u00a0<em>Aujourd&rsquo;hui je trouve que sa musique et ce qu&rsquo;elle montre d&rsquo;elle-m\u00eame correspondent bien \u00e0 ce qu&rsquo;elle est\u00a0\u00bb. <\/em>Comprenne qui pourra.<\/p>\n<\/p><\/div>\n<p>[ad_2]<br \/>\n<br \/><a href=\"https:\/\/www.journaldesfemmes.fr\/people\/actus\/2785975-amel-bent-nolwenn-leroy-the-voice\/\">Source link <\/a><\/p>\n","protected":false},"excerpt":{"rendered":"<p>[ad_1] Si les deux coachs de The Voice se connaissent depuis de longues ann\u00e9es, elles ne sont devenues amies que &hellip; <a href=\"http:\/\/www.affinite.fr\/index.php\/2022\/02\/21\/amel-bent-revele-son-impression\/\" class=\"more-link\">Plus <span class=\"screen-reader-text\">Amel Bent r\u00e9v\u00e8le son impression<\/span> <span class=\"meta-nav\">&rarr;<\/span><\/a><\/p>\n","protected":false},"author":1,"featured_media":7491,"comment_status":"","ping_status":"open","sticky":false,"template":"","format":"standard","meta":{"_sitemap_exclude":false,"_sitemap_priority":"","_sitemap_frequency":"","footnotes":""},"categories":[1],"tags":[],"class_list":["post-7490","post","type-post","status-publish","format-standard","has-post-thumbnail","hentry","category-tous"],"_links":{"self":[{"href":"http:\/\/www.affinite.fr\/index.php\/wp-json\/wp\/v2\/posts\/7490"}],"collection":[{"href":"http:\/\/www.affinite.fr\/index.php\/wp-json\/wp\/v2\/posts"}],"about":[{"href":"http:\/\/www.affinite.fr\/index.php\/wp-json\/wp\/v2\/types\/post"}],"author":[{"embeddable":true,"href":"http:\/\/www.affinite.fr\/index.php\/wp-json\/wp\/v2\/users\/1"}],"replies":[{"embeddable":true,"href":"http:\/\/www.affinite.fr\/index.php\/wp-json\/wp\/v2\/comments?post=7490"}],"version-history":[{"count":0,"href":"http:\/\/www.affinite.fr\/index.php\/wp-json\/wp\/v2\/posts\/7490\/revisions"}],"wp:featuredmedia":[{"embeddable":true,"href":"http:\/\/www.affinite.fr\/index.php\/wp-json\/wp\/v2\/media\/7491"}],"wp:attachment":[{"href":"http:\/\/www.affinite.fr\/index.php\/wp-json\/wp\/v2\/media?parent=7490"}],"wp:term":[{"taxonomy":"category","embeddable":true,"href":"http:\/\/www.affinite.fr\/index.php\/wp-json\/wp\/v2\/categories?post=7490"},{"taxonomy":"post_tag","embeddable":true,"href":"http:\/\/www.affinite.fr\/index.php\/wp-json\/wp\/v2\/tags?post=7490"}],"curies":[{"name":"wp","href":"https:\/\/api.w.org\/{rel}","templated":true}]}}