{"id":7484,"date":"2022-02-20T21:22:31","date_gmt":"2022-02-20T21:22:31","guid":{"rendered":"https:\/\/www.affinite.fr\/index.php\/2022\/02\/20\/loana-brune-aux-cheveux-courts-avec-15-ans-et-15-kg-de-plus-dans-incroyables-transformations\/"},"modified":"2022-02-20T21:22:31","modified_gmt":"2022-02-20T21:22:31","slug":"loana-brune-aux-cheveux-courts-avec-15-ans-et-15-kg-de-plus-dans-incroyables-transformations","status":"publish","type":"post","link":"http:\/\/www.affinite.fr\/index.php\/2022\/02\/20\/loana-brune-aux-cheveux-courts-avec-15-ans-et-15-kg-de-plus-dans-incroyables-transformations\/","title":{"rendered":"Loana, \u00ab\u00a0brune aux cheveux courts\u00a0\u00bb avec \u00ab\u00a015\u00a0ans et 15\u00a0kg de plus\u00a0\u00bb dans Incroyables Transformations"},"content":{"rendered":"<p> [ad_1]<br \/>\n<br \/><img decoding=\"async\" src=\"https:\/\/img-3.journaldesfemmes.fr\/leL7O9q1u1Fn9wZs_7P8pmaZScY=\/1280x\/smart\/7cc9e3a878624395932dcdefaa7b5686\/ccmcms-jdf\/30300384.jpg\" \/><\/p>\n<p>\n                Voil\u00e0 un rendez-vous t\u00e9l\u00e9 qui fait jaser. Vingt ans apr\u00e8s sa victoire \u00e0 Loft Story, Loana fait son retour sur M6\u00a0pour une \u00ab\u00a0Incroyable Transformation\u00a0\u00bb. Mais la bimbo de 44\u00a0ans a d\u00e9chant\u00e9 et s&rsquo;est mise \u00e0 pleurer en d\u00e9couvrant le r\u00e9sultat&#8230; Larmes, \u00ab\u00a0Meringue\u00a0\u00bb et Cris du coeur.            <\/p>\n<div>\n<p><strong>Relooking \u00ab\u00a0<\/strong><em><strong>magique<\/strong>\u00ab\u00a0<\/em>, vraiment? Selon\u00a0Nicolas Waldorf, de l&rsquo;\u00e9quipe d<strong><em>&lsquo;<a href=\"https:\/\/www.journaldesfemmes.fr\/beaute\/magazine\/2732299-tout-savoir-sur-l-emission-incroyables-transformations\/\" title=\"Incroyables transformations\">Incroyables Transformations<\/a><\/em><\/strong>, Loana a eu droit \u00e0 une m\u00e9tamorphose \u00e9poustouflante, chouchout\u00e9e par les professionnels de l&rsquo;\u00e9mission de <em>M6<\/em>. Le coiffeur a m\u00eame assur\u00e9 qu&rsquo;il avait \u00ab\u00a0<strong><em>retrouv\u00e9 la <a href=\"https:\/\/www.journaldesfemmes.fr\/people\/personnalites\/2709104-loana\/\" title=\"Loana Petrucciani\">Loana<\/a> d&rsquo;avant<\/em><\/strong>\u00a0\u00bb et qu&rsquo;il avait eu les larmes aux yeux \u00e0 la fin de toutes les \u00e9tapes de la transformation. Mais en r\u00e9alit\u00e9, le r\u00eave a vite tourn\u00e9 au cauchemar&#8230;\u00a0 Car d&rsquo;apr\u00e8s la star de 44\u00a0ans, la v\u00e9rit\u00e9 est&#8230; ailleurs. Elle aurait non seulement\u00a0d\u00e9test\u00e9 ses nouveaux v\u00eatements, mais aurait fait un scandale en d\u00e9couvrant\u00a0ses longs cheveux blonds\u00a0coup\u00e9s au carr\u00e9&#8230;<\/p>\n<p>Questionn\u00e9e par\u00a0<em><a href=\"https:\/\/www.voici.fr\/news-people\/exclu-ils-mont-ruinee-loana-raconte-le-cauchemar-de-son-relooking-dans-incroyables-transformations-723356?utm_term=Autofeed&amp;utm_medium=Social&amp;utm_source=Facebook&amp;fbclid=IwAR2Z4n1Ov29trQupAh9m_ALHYsux9f2OfrwobtrFzImGNbUCGP09K_6Q-5M#Echobox=1645112509\" target=\"_blank\" rel=\"noopener\">Voici<\/a>,<\/em> la gagnante du <em>Loft 1<\/em> n&rsquo;y est pas all\u00e9e avec le dos de la cuill\u00e8re.\u00a0<em><strong>\u00ab\u00a0Ils m&rsquo;ont ruin\u00e9e<\/strong><\/em><em>! <strong>J&rsquo;en ai pleur\u00e9 toute la nuit\u00a0\u00bb,<\/strong> <\/em>s&rsquo;est-elle lament\u00e9e<em>.<\/em><em>\u00a0<\/em>Pourtant en arrivant sur le lieu de tournage, rien ne laissait\u00a0pr\u00e9sager un tel d\u00e9sastre:<em>\u00a0\u00bb\u00a0<strong>Avec ma petite combinaison moulante, j&rsquo;arrive le matin toute contente.\u00a0Je leur ai dit qu&rsquo;ils pouvaient toucher \u00e0 tout sauf mes cheveux. On me l&rsquo;avait promis<\/strong>\u00ab\u00a0&#8230;<\/em><\/p>\n<h2>Loana,\u00a0une coupe au carr\u00e9<\/h2>\n<p>Faisant toute confiance \u00e0 l&rsquo;\u00e9mission, la candidate de t\u00e9l\u00e9-r\u00e9alit\u00e9 a\u00a0donc laiss\u00e9 son \u00e9paisse chevelure\u00a0entre les mains (et les ciseaux) de Nicolas Waldorf. Et c&rsquo;est le drame&#8230; \u00ab\u00a0<em>Je mets la t\u00eate en arri\u00e8re pour qu&rsquo;il coupe les pointes, l\u00e0 je sens un &lsquo;crac&rsquo;.<strong> Je vois mes cheveux revenir en avant sur mes \u00e9paules et j&rsquo;avais plus qu&rsquo;une coupe au carr\u00e9!\u00a0Ils m&rsquo;ont coup\u00e9 2000\u00a0euros d&rsquo;<a href=\"https:\/\/www.journaldesfemmes.fr\/beaute\/conseils-cheveux\/2513398-comment-poser-des-extensions-de-cheveux\/\" title=\"Extension\">extensions<\/a>.<\/strong><\/em>\u00a0<em>Je le vois je le tue!\u00a0<\/em><em><strong>J&rsquo;ai couru pleurer aux chiottes pendant trois quarts d&rsquo;heure<\/strong><\/em><em>. Je lui ai dit que j&rsquo;\u00e9tais mal et il m&rsquo;a dit qu&rsquo;il me remettrait des cheveux et que ce serait la m\u00eame longueur et couleur\u00a0\u00bb, <\/em>s&rsquo;est souvenue Loana.<\/p>\n<p>Mais le pire\u00a0est arriv\u00e9 lorsqu&rsquo;elle s&rsquo;est rendue compte que son blond (l\u00e9gendaire) avait \u00e9t\u00e9 transform\u00e9 en couleur <a href=\"https:\/\/www.journaldesfemmes.fr\/beaute\/conseils-cheveux\/2638837-cheveux-chatains-et-bruns\/\" title=\"Cheveux bruns\">brune<\/a>:\u00a0\u00ab\u00a0<em><strong>Et mes cheveux \u00e9taient bruns!<\/strong> Ils m&rsquo;ont dit qu&rsquo;ils allaient faire un shampoing pour les adoucir, d\u00e9j\u00e0 on me ment, et d&rsquo;un seul coup je regarde et je vois du brun tr\u00e8s fonc\u00e9. Je leur dis: &lsquo;vous ne m&rsquo;avez pas fait brune\u00a0?\u00a0<strong>Parce que \u00e7a, c&rsquo;est le cauchemar de ma vie<\/strong>!&rsquo; Depuis l&rsquo;\u00e2ge de mes 17\u00a0ans, je suis blonde\u00a0\u00bb.<\/em><\/p>\n<h2>Loana, transform\u00e9e en \u00ab\u00a0Casper le Fant\u00f4me\u00a0\u00bb<\/h2>\n<p>La styliste Charla Carter n&rsquo;a pas non plus trouv\u00e9 gr\u00e2ce aux yeux de la bimbo qui dit peser 70\u00a0kilos.\u00a0\u00ab\u00a0<em>L\u00e0,\u00a0<\/em><strong><em>j&rsquo;ai un tailleur cr\u00e8me qui \u00e9tait trois fois ma taille<\/em><\/strong><em>. Vous voyez <strong>Casper le fant\u00f4me\u2026 Ou une meringue<\/strong>. Je faisais 15\u00a0kg de plus!\u00a0<\/em><strong><em>J&rsquo;\u00e9tais informe\u00a0\u00bb, <\/em><\/strong>a l\u00e2ch\u00e9 Loana. La goutte d&rsquo;eau qui a fait d\u00e9border le vase pour la vedette, qui\u00a0 n&rsquo;a pu contenir son agacement face au miroir: \u00ab\u00a0<em>C&rsquo;est bien \u00e7a! <strong>C&rsquo;est bien de la merde!<\/strong> Je voyais ma bouche mais je ne reconnaissais pas le reste.\u00a0<\/em><strong><em>Il n&rsquo;y avait plus de Loana du tout<\/em><\/strong>\u00ab\u00a0.<\/p>\n<p>A la sortie d<em>&lsquo;Incroyables Transformations<\/em>, la Lofteuse a appel\u00e9 sa m\u00e8re, en pleurs. Le verdict a \u00e9t\u00e9 sans appel:\u00a0\u00ab\u00a0<strong><em>Ma m\u00e8re m&rsquo;a dit que je faisais 15\u00a0ans et 15\u00a0kg de plus<\/em><\/strong><em>. <strong>M\u00eame elle ne m&rsquo;a pas reconnue<\/strong><\/em>.\u00a0\u00bb Coup dur.\u00a0<\/p>\n<h2>Incroyables Transformations, la\u00a0\u00ab\u00a0pire t\u00e9l\u00e9\u00a0\u00bb de Loana<\/h2>\n<p>De cette exp\u00e9rience, Loana ne retient que son sac \u00e0 main, la <em>\u00ab\u00a0seule chose\u00a0\u00bb <\/em>qui lui a plu. Elle a d&rsquo;ailleurs affirm\u00e9 \u00e0 <em>Voici<\/em> qu&rsquo;elle n&rsquo;avait pas ferm\u00e9 l&rsquo;\u0153il de la nuit apr\u00e8s son relooking&#8230;\u00a0<em>\u00ab\u00a0<strong>Comment je peux \u00eatre comme \u00e0 l&rsquo;\u00e9poque du Loft en \u00e9tant brune aux cheveux courts<\/strong><\/em><em>?! Regardez ce mensonge!\u00a0\u00bb, <\/em>s&rsquo;est-elle insurg\u00e9e.\u00a0\u00ab\u00a0<em><strong>\u00c7a a \u00e9t\u00e9 mon pire cauchemar. C&rsquo;est la pire t\u00e9l\u00e9 que j&rsquo;ai faite<\/strong><\/em><em>\u00a0! Ils ont tout foir\u00e9 du d\u00e9but \u00e0 la fin, stylisme, coiffure et maquillage. Rien n&rsquo;allait!\u00a0\u00bb, <\/em>a pest\u00e9 l&rsquo;ex de Jean-Edouard.<\/p>\n<p>Depuis, Loana a finalement retrouv\u00e9 son blond si cher \u00e0 son coeur&#8230; Et ne fera certainement plus jamais d&rsquo;apparitions sur\u00a0<em>M6<\/em>.<\/p>\n<\/p><\/div>\n<p>[ad_2]<br \/>\n<br \/><a href=\"https:\/\/www.journaldesfemmes.fr\/loisirs\/tv\/2785655-loana-brune-aux-cheveux-courts-avec-15-ans-et-15-kg-de-plus-dans-incroyables-transformations\/\">Source link <\/a><\/p>\n","protected":false},"excerpt":{"rendered":"<p>[ad_1] Voil\u00e0 un rendez-vous t\u00e9l\u00e9 qui fait jaser. Vingt ans apr\u00e8s sa victoire \u00e0 Loft Story, Loana fait son retour &hellip; <a href=\"http:\/\/www.affinite.fr\/index.php\/2022\/02\/20\/loana-brune-aux-cheveux-courts-avec-15-ans-et-15-kg-de-plus-dans-incroyables-transformations\/\" class=\"more-link\">Plus <span class=\"screen-reader-text\">Loana, \u00ab\u00a0brune aux cheveux courts\u00a0\u00bb avec \u00ab\u00a015\u00a0ans et 15\u00a0kg de plus\u00a0\u00bb dans Incroyables Transformations<\/span> <span class=\"meta-nav\">&rarr;<\/span><\/a><\/p>\n","protected":false},"author":1,"featured_media":7485,"comment_status":"","ping_status":"open","sticky":false,"template":"","format":"standard","meta":{"_sitemap_exclude":false,"_sitemap_priority":"","_sitemap_frequency":"","footnotes":""},"categories":[1],"tags":[],"class_list":["post-7484","post","type-post","status-publish","format-standard","has-post-thumbnail","hentry","category-tous"],"_links":{"self":[{"href":"http:\/\/www.affinite.fr\/index.php\/wp-json\/wp\/v2\/posts\/7484"}],"collection":[{"href":"http:\/\/www.affinite.fr\/index.php\/wp-json\/wp\/v2\/posts"}],"about":[{"href":"http:\/\/www.affinite.fr\/index.php\/wp-json\/wp\/v2\/types\/post"}],"author":[{"embeddable":true,"href":"http:\/\/www.affinite.fr\/index.php\/wp-json\/wp\/v2\/users\/1"}],"replies":[{"embeddable":true,"href":"http:\/\/www.affinite.fr\/index.php\/wp-json\/wp\/v2\/comments?post=7484"}],"version-history":[{"count":0,"href":"http:\/\/www.affinite.fr\/index.php\/wp-json\/wp\/v2\/posts\/7484\/revisions"}],"wp:featuredmedia":[{"embeddable":true,"href":"http:\/\/www.affinite.fr\/index.php\/wp-json\/wp\/v2\/media\/7485"}],"wp:attachment":[{"href":"http:\/\/www.affinite.fr\/index.php\/wp-json\/wp\/v2\/media?parent=7484"}],"wp:term":[{"taxonomy":"category","embeddable":true,"href":"http:\/\/www.affinite.fr\/index.php\/wp-json\/wp\/v2\/categories?post=7484"},{"taxonomy":"post_tag","embeddable":true,"href":"http:\/\/www.affinite.fr\/index.php\/wp-json\/wp\/v2\/tags?post=7484"}],"curies":[{"name":"wp","href":"https:\/\/api.w.org\/{rel}","templated":true}]}}