{"id":7482,"date":"2022-02-19T21:18:55","date_gmt":"2022-02-19T21:18:55","guid":{"rendered":"https:\/\/www.affinite.fr\/index.php\/2022\/02\/19\/gerard-darmon-drogues-femmes-de-sa-vie-ruptures-et-coup-de-poignard\/"},"modified":"2022-02-19T21:18:55","modified_gmt":"2022-02-19T21:18:55","slug":"gerard-darmon-drogues-femmes-de-sa-vie-ruptures-et-coup-de-poignard","status":"publish","type":"post","link":"http:\/\/www.affinite.fr\/index.php\/2022\/02\/19\/gerard-darmon-drogues-femmes-de-sa-vie-ruptures-et-coup-de-poignard\/","title":{"rendered":"G\u00e9rard Darmon\u00a0: &quot;Drogues&quot;, Femmes de sa vie, Ruptures et &quot;Coup de poignard&quot;"},"content":{"rendered":"<p> [ad_1]<br \/>\n<\/p>\n<p style=\"text-align: justify\">G&eacute;rard Darmon avait tout pour&nbsp;devenir acteur. Quand il voit le jour le <strong>29&nbsp;f&eacute;vrier 1948<\/strong>, sa m&egrave;re d&eacute;cide de lui donner le pr&eacute;nom de G&eacute;rard en hommage au flamboyant com&eacute;dien G&eacute;rard Philippe. L&#039;histoire de sa famille est aussi digne de celle d&#039;un film. Apr&egrave;s avoir quitt&eacute; <strong>Oran, <\/strong>son<strong> p&egrave;re <\/strong>Henri est devenu un <strong>ca&iuml;d<\/strong> connu sous le nom de&nbsp;<em>Trompe-la-mort<\/em>&nbsp;ou Riquet de Bastille. Il s&#039;est ensuite&nbsp;rang&eacute;&nbsp;des voitures en choisissant son &eacute;pouse sur photo et en se reconvertissant dans le commerce de vin.<\/p>\n<h2 style=\"text-align: justify\">G&eacute;rard Darmon : cet&nbsp;&eacute;chec qui l&#039;a marqu&eacute; &agrave; vie<\/h2>\n<p style=\"text-align: justify\">Le petit G&eacute;rard use ses fonds de culotte dans le <strong>14e arrondissement de Paris<\/strong> non loin du parc Montsouris. C&#039;est &agrave; l&#039;&acirc;ge de 10 ans qu&#039;il&nbsp;d&eacute;couvre sa vocation en parodiant le jeu&nbsp;radiophonique&nbsp;<em>Quitte ou double<\/em> lors d&#039;un s&eacute;jour dans une colonie de vacances en Bretagne. A 18 ans, il quitte tout sur un coup de t&ecirc;te et passe 4 mois dans un <strong>kibboutz isra&eacute;lien<\/strong>. De retour, il tente de passer le concours du conservatoire national sup&eacute;rieur d&#039;art dramatique&nbsp;mais il est recal&eacute;.<\/p>\n<p style=\"text-align: justify\">Un &eacute;chec qui le marque encore aujourd&#039;hui. &#039;<em>J<\/em><span style=\"font-size: 1rem\"><em>e vous rappelle que je suis refuse\u0301 au Conservatoire parce que je n&#039;ai pas la te\u0302te qui correspond a\u0300 la maison. Je ne passe pas le second tour a\u0300 une voix pre\u0300s, celle de Lise Delamare, une actrice de la Come\u0301die- Franc\u0327aise qui m&#039;explique que je n&#039;ai pas le profil&#8230; Je l&#039;ai ve\u0301cu comme un coup de poignard, c\u0327a me renvoyait a\u0300 mes origines, moi le fils d&#039;immigre\u0301s, a\u0300 ma jude\u0301ite\u0301, a\u0300 tout, quoi&#8230;<\/em>&quot;, explique l&#039;acteur dans<em> Paris-Match<\/em>. <\/span><\/p>\n<p style=\"text-align: justify\"><span style=\"font-size: 1rem\">Pendant 10 ans, G&eacute;rard Darmon se produit&nbsp;dans des caf&eacute;s th&eacute;&acirc;tre&nbsp;aux c&ocirc;t&eacute;s de Jean-Pierre Bacri avant d&#039;&ecirc;tre remarqu&eacute; par Roger Hanin qui lui permet d&#039;obtenir son premier r&ocirc;le au cin&eacute;ma en 1973 dans <em>Les Aventures de Rabbi Jacob<\/em>&nbsp;r&eacute;alis&eacute; par&nbsp;G&eacute;rard Oury. Sa carri&egrave;re est lanc&eacute;e.<\/span><\/p>\n<p style=\"text-align: justify\"><span style=\"font-size: 1rem\">A l&#039;&eacute;poque, le com&eacute;dien est <strong>mari&eacute; depuis 5 ans avec&nbsp;Nicole Recoules<\/strong>&nbsp;et a une <strong>fille<\/strong> du m&ecirc;me &acirc;ge, <strong>Virginie<\/strong>. Il aura ensuite comme compagne <strong>Ana&iuml;s Jeanneret <\/strong>et surtout <strong>Mathilda May, avec qui il a une fille, Sarah, en 1994, et un gar&ccedil;on, Jules, en 1997.<\/strong> <\/span><\/p>\n<p style=\"text-align: justify\"><span style=\"font-size: 1rem\">Les ann&eacute;es 90 sont difficiles pour le com&eacute;dien qui conna&icirc;t un passage &agrave; vide&nbsp;pendant deux ans et&nbsp;qui se r&eacute;fugie dans les paradis artificiels.<\/span>&nbsp;<strong>&quot;<em>Fumer de l&#039;herbe c&#039;e\u0301tait quasiment culturel chez moi. Les autres drogues j&#039;en ai eu une consommation tre\u0300s aristocratique, tre\u0300s luxueuse&#8230; Je n&#039;en fais pas un e\u0301tendard<\/em>&quot;,<\/strong>&nbsp;confie-t-il toujours dans<em> Paris-Match.<\/em><\/p>\n<div class=\"ccminsert\">\n<aside class=\"app_widget_fo app_widget_fo--call\">\n<ul>\n<li>                <a href=\"https:\/\/www.journaldesfemmes.fr\/societe\/actu\/2785005-gerard-darmon-clash-avec-edwy-plenel-amitie-avec-eric-dupont-moretti-il-repond\/\" class=\"jGTMWidgetGAEventClick\" data-GTMWidgetGaEventAction=\"clickWidgetCall\" data-GTMWidgetGaEventLabel=\"Clash avec Edwy Plenel \/ Relation avec Dupont-Moretti\u00a0: G\u00e9rard Darmon, sans filtre\"><br \/>\n<figure>                                                                                                                                        <img decoding=\"async\" src=\"https:\/\/img-3.journaldesfemmes.fr\/gNnICD_yTcsEyDirX5SnLS3OpM4=\/200x132\/smart\/56c37583811d47438ea9cf27ce9a4861\/ccmcms-jdf\/31977752.jpg\" alt=\"\" width=\"200\" height=\"132\" loading=\"lazy\"><figcaption>\n<h3>Clash avec Edwy Plenel \/ Relation avec Dupont-Moretti\u00a0: G\u00e9rard Darmon, sans filtre<\/h3>\n<p>Interrog\u00e9 par Paris Match, G\u00e9rard Darmon est revenu sur la pol\u00e9mique survenue apr\u00e8s son clash avec Edwy Plenel, et a confirm\u00e9 son admiration pour son ami \u00c9ric Dupond-Moretti.<\/p>\n<\/figcaption><\/figure>\n<p>                <\/a>            <\/li>\n<\/ul>\n<\/aside>\n<\/div>\n<h2 style=\"text-align: justify\">&quot;Ma vie partait en cacahou&egrave;te suite &agrave; une rupture amoureuse&quot; (avec Mathilda May)<\/h2>\n<p style=\"text-align: justify\"><strong><span style=\"font-size: 1rem\">Sa s&eacute;paration avec Mathilda May &agrave; la fin des ann&eacute;es 90 marque un point de non retour et le plonge dans la d&eacute;pression.<\/span><\/strong><span style=\"font-size: 1rem\"><strong>&nbsp;<\/strong>&quot;<em>M<\/em><\/span><em style=\"font-size: 1rem\">a vie est partie en cacahu&egrave;tes<\/em><span style=\"font-size: 1rem\">&quot;, reconna&icirc;t-il du bout des l&egrave;vres. <\/span><span style=\"font-size: 1rem\">C&#039;est le film <em>Ast&eacute;rix: Mission Cl&eacute;op&acirc;tre<\/em><\/span><span style=\"font-size: 1rem\">&nbsp;qui lui permet de remonter la pente en 2001. &quot;<\/span><em style=\"font-size: 1rem\">Je suis encore en vrac. Alain <\/em><em style=\"font-size: 1rem\">(Chabat)<\/em><em style=\"font-size: 1rem\"> <\/em><em style=\"font-size: 1rem\">ne connai\u0302t pas ma situation personnelle quand je l&#039;appelle. Je vais le voir et il me fait lire un truc minuscule. Il baisse un peu le nez: &quot;Bah y a pas grand- chose a\u0300 becqueter.&quot; Y avait me\u0302me rien. Mais je suis dans un tel tourbillon que j&#039;ai besoin de prendre l&#039;air. Donc je pars au Maroc pour tourner. Sur place mon entente avec Jamel est telle que mon personnage d&#039;Amonbofils devient la mascotte du film. Et derrie\u0300re on fera 15&nbsp;millions d&#039;entre\u0301es&#8230;<\/em><span style=\"font-size: 1rem\">&quot; explique G&eacute;rard Darmon qui, depuis, n&#039;a plus jamais connu de passage &agrave; vide tant au niveau professionnel que personnel.<\/span><\/p>\n<h2 style=\"text-align: justify\">G&eacute;rard Darmon et Christine : une rencontre qui va tout changer<\/h2>\n<p style=\"text-align: justify\"><strong>Depuis 2000, il partage, en effet la vie Christine, de 25 ans sa cadette,<\/strong> qu&#039;il a &eacute;pous&eacute;e en 2014 et qui lui a donn&eacute; <strong>une fille pr&eacute;nomm&eacute;e<\/strong> <strong>L&eacute;na<\/strong> en 2017. <strong>D&eacute;j&agrave; grand-p&egrave;re, G&eacute;rard Darmon est donc redevenu p&egrave;re &agrave; l&#039;&acirc;ge de 69 ans,&nbsp;<\/strong>mais l&#039;arriv&eacute;e de sa petite fille&nbsp;lui a apport&eacute; une &eacute;nergie folle! &quot;<em>C&#039;est un me\u0301lange entre l&#039;envie de bien faire, d&#039;aller au bout le plus longtemps possible. La\u0300 quand je dis au revoir a\u0300 ma fille pour venir au the\u0301a\u0302tre et qu&#039;elle me prend dans ses petits bras, il y a quelque chose de tre\u0300s fort. <strong>J&#039;ai aussi la chance de vivre avec une femme que j&#039;aime e\u0301ternellement. <\/strong>Avec qui je vis depuis vingt- deux ans, qui n&#039;est pas du tout du me\u0301tier. Et c&#039;est fantastique<\/em>&quot;, conclut le com&eacute;dien qui ne cesse d&#039;&eacute;merveiller face aux bonnes surprises de la vie.<\/p>\n<p>[ad_2]<br \/>\n<br \/><a href=\"https:\/\/www.journaldesfemmes.fr\/people\/actus\/2785125-gerard-darmon-drogues-mathilda-may-ruptures-enfants-femme\/\">Source link <\/a><\/p>\n","protected":false},"excerpt":{"rendered":"<p>[ad_1] G&eacute;rard Darmon avait tout pour&nbsp;devenir acteur. Quand il voit le jour le 29&nbsp;f&eacute;vrier 1948, sa m&egrave;re d&eacute;cide de lui &hellip; <a href=\"http:\/\/www.affinite.fr\/index.php\/2022\/02\/19\/gerard-darmon-drogues-femmes-de-sa-vie-ruptures-et-coup-de-poignard\/\" class=\"more-link\">Plus <span class=\"screen-reader-text\">G\u00e9rard Darmon\u00a0: &quot;Drogues&quot;, Femmes de sa vie, Ruptures et &quot;Coup de poignard&quot;<\/span> <span class=\"meta-nav\">&rarr;<\/span><\/a><\/p>\n","protected":false},"author":1,"featured_media":7483,"comment_status":"","ping_status":"open","sticky":false,"template":"","format":"standard","meta":{"_sitemap_exclude":false,"_sitemap_priority":"","_sitemap_frequency":"","footnotes":""},"categories":[1],"tags":[],"class_list":["post-7482","post","type-post","status-publish","format-standard","has-post-thumbnail","hentry","category-tous"],"_links":{"self":[{"href":"http:\/\/www.affinite.fr\/index.php\/wp-json\/wp\/v2\/posts\/7482"}],"collection":[{"href":"http:\/\/www.affinite.fr\/index.php\/wp-json\/wp\/v2\/posts"}],"about":[{"href":"http:\/\/www.affinite.fr\/index.php\/wp-json\/wp\/v2\/types\/post"}],"author":[{"embeddable":true,"href":"http:\/\/www.affinite.fr\/index.php\/wp-json\/wp\/v2\/users\/1"}],"replies":[{"embeddable":true,"href":"http:\/\/www.affinite.fr\/index.php\/wp-json\/wp\/v2\/comments?post=7482"}],"version-history":[{"count":0,"href":"http:\/\/www.affinite.fr\/index.php\/wp-json\/wp\/v2\/posts\/7482\/revisions"}],"wp:featuredmedia":[{"embeddable":true,"href":"http:\/\/www.affinite.fr\/index.php\/wp-json\/wp\/v2\/media\/7483"}],"wp:attachment":[{"href":"http:\/\/www.affinite.fr\/index.php\/wp-json\/wp\/v2\/media?parent=7482"}],"wp:term":[{"taxonomy":"category","embeddable":true,"href":"http:\/\/www.affinite.fr\/index.php\/wp-json\/wp\/v2\/categories?post=7482"},{"taxonomy":"post_tag","embeddable":true,"href":"http:\/\/www.affinite.fr\/index.php\/wp-json\/wp\/v2\/tags?post=7482"}],"curies":[{"name":"wp","href":"https:\/\/api.w.org\/{rel}","templated":true}]}}