{"id":748,"date":"2020-03-17T11:51:10","date_gmt":"2020-03-17T11:51:10","guid":{"rendered":"https:\/\/www.affinite.fr\/index.php\/2020\/03\/17\/ou-suivre-un-cours-de-cuisine-marocaine-a-fes-maroc\/"},"modified":"2020-03-17T11:51:10","modified_gmt":"2020-03-17T11:51:10","slug":"ou-suivre-un-cours-de-cuisine-marocaine-a-fes-maroc","status":"publish","type":"post","link":"http:\/\/www.affinite.fr\/index.php\/2020\/03\/17\/ou-suivre-un-cours-de-cuisine-marocaine-a-fes-maroc\/","title":{"rendered":"O\u00f9 suivre un cours de cuisine marocaine \u00e0 F\u00e8s (Maroc) ?"},"content":{"rendered":"<p> [ad_1]<br \/>\n<\/p>\n<div>\n<div class=\"photo-wrap photo-xid-6a00d8341c676f53ef0240a4c9aa85200d photo-full \" id=\"photo-xid-6a00d8341c676f53ef0240a4c9aa85200d\" style=\"display: inline-block;\"><a class=\"asset-img-link\" href=\"https:\/\/scally.typepad.com\/.a\/6a00d8341c676f53ef0240a4c9aa85200d-pi\"><img decoding=\"async\" alt=\"Medina fes trois\" border=\"0\" class=\"asset  asset-image at-xid-6a00d8341c676f53ef0240a4c9aa85200d image-full img-responsive\" src=\"https:\/\/scally.typepad.com\/.a\/6a00d8341c676f53ef0240a4c9aa85200d-800wi\" title=\"Medina fes trois\"\/><\/a><\/p>\n<p>Samira ma prof du jour<\/p>\n<\/div>\n<p>Il y a 10 jours je suis all\u00e9e visiter le verger de <a href=\"https:\/\/www.lagrumiste.com\/\" rel=\"noopener noreferrer\" target=\"_blank\">l\u2019Agrumiste<\/a> pr\u00e8s de F\u00e8s pour y d\u00e9couvrir les agrumes qui sont de saison en ce moment comme le yuzu ou la main de bouddha.<\/p>\n<p>J\u2019en ai profit\u00e9 pour rester un peu plus longtemps et profiter de F\u00e8s, une des villes imp\u00e9riales du Maroc. Ne ratez pas la m\u00e9dina, c&rsquo;est la plus grande au monde. Si certaines parties sont touristiques comme le quartier des tanneurs, d\u2019autres sont vraiment calmes et agr\u00e9ables \u00e0 arpenter.<\/p>\n<p>Promenez vous dans la m\u00e9dina vers 9h du matin. J\u2019ai beaucoup aim\u00e9 le c\u00f4t\u00e9 paisible, on y croise beaucoup plus les personnes qui habitent dans la m\u00e9dina que les touristes. Il y a un c\u00f4t\u00e9 myst\u00e9rieux d\u2019imaginer ce qui se passe derri\u00e8re ces grandes portes\u00a0 dont certaines sont magnifiques.<\/p>\n<p><a class=\"asset-img-link\" href=\"https:\/\/scally.typepad.com\/.a\/6a00d8341c676f53ef0240a4ee6116200b-pi\" style=\"display: inline;\"><img decoding=\"async\" alt=\"Medina fes\" border=\"0\" class=\"asset  asset-image at-xid-6a00d8341c676f53ef0240a4ee6116200b image-full img-responsive\" src=\"https:\/\/scally.typepad.com\/.a\/6a00d8341c676f53ef0240a4ee6116200b-800wi\" title=\"Medina fes\"\/><\/a><\/p>\n<p>Derni\u00e8re l\u2019une des portes closes se trouve le <a href=\"http:\/\/www.riad-anata.com\/contact\/?lang=fr\" rel=\"noopener noreferrer\" target=\"_blank\">Riad Anata<\/a>, une vraie maison d&rsquo;h\u00f4tes avec ses 5 chambres qui donnent sur la cour int\u00e9rieure, typique de l\u2019architecture d&rsquo;un riad.<\/p>\n<p><a class=\"asset-img-link\" href=\"https:\/\/scally.typepad.com\/.a\/6a00d8341c676f53ef0240a4a07c1a200c-pi\" style=\"display: inline;\"><img decoding=\"async\" alt=\"Medina fes deux\" border=\"0\" class=\"asset  asset-image at-xid-6a00d8341c676f53ef0240a4a07c1a200c image-full img-responsive\" src=\"https:\/\/scally.typepad.com\/.a\/6a00d8341c676f53ef0240a4a07c1a200c-800wi\" title=\"Medina fes deux\"\/><\/a><\/p>\n<p>Je n\u2019y suis pas all\u00e9e pour dormir mais pour suivre un cours de cuisine avec Samira la cheffe du riad qui cuisine pour les h\u00f4tes, du petit d\u00e9jeuner au d\u00eener.<\/p>\n<p>J\u2019ai pass\u00e9 un vrai bon moment de partage et d\u2019\u00e9change.<\/p>\n<p><a class=\"asset-img-link\" href=\"https:\/\/scally.typepad.com\/.a\/6a00d8341c676f53ef0240a4a07c23200c-pi\" style=\"display: inline;\"><img decoding=\"async\" alt=\"Medina fes qatre\" border=\"0\" class=\"asset  asset-image at-xid-6a00d8341c676f53ef0240a4a07c23200c image-full img-responsive\" src=\"https:\/\/scally.typepad.com\/.a\/6a00d8341c676f53ef0240a4a07c23200c-800wi\" title=\"Medina fes qatre\"\/><\/a><\/p>\n<p>Nous avons commenc\u00e9 par aller faire le march\u00e9 dans la m\u00e9dina. J\u2019ai aim\u00e9 cette mani\u00e8re de d\u00e9couvrir la m\u00e9dina autrement et puis, le fait de se promener avec Samira qui y habite m\u2019a rendue moins timide pour prendre des photos.<\/p>\n<p><a class=\"asset-img-link\" href=\"https:\/\/scally.typepad.com\/.a\/6a00d8341c676f53ef0240a4ee612f200b-pi\" style=\"display: inline;\"><img decoding=\"async\" alt=\"Medina fes cinq\" border=\"0\" class=\"asset  asset-image at-xid-6a00d8341c676f53ef0240a4ee612f200b image-full img-responsive\" src=\"https:\/\/scally.typepad.com\/.a\/6a00d8341c676f53ef0240a4ee612f200b-800wi\" title=\"Medina fes cinq\"\/><\/a><\/p>\n<p>De retour dans la cuisine du riad qui donne sur une jolie terrasse, nous avons d\u00e9gust\u00e9 le traditionnel th\u00e9 \u00e0 la menthe avant de commencer \u00e0 cuisiner.<\/p>\n<p>Samira me fait remarquer que la menthe a moins de saveurs en ce moment. Elle y ajoute une plante que je ne connaissais pas du tout mais dont le nom est mythique : l&rsquo;absinthe qui va donner un bon coup de fouet \u00e0 la boisson.<\/p>\n<div class=\"photo-wrap photo-xid-6a00d8341c676f53ef0240a4a07c39200c photo-full \" id=\"photo-xid-6a00d8341c676f53ef0240a4a07c39200c\" style=\"display: inline-block;\"><a class=\"asset-img-link\" href=\"https:\/\/scally.typepad.com\/.a\/6a00d8341c676f53ef0240a4a07c39200c-pi\"><img decoding=\"async\" alt=\"Cours cuisine fes rias anata\" border=\"0\" class=\"asset  asset-image at-xid-6a00d8341c676f53ef0240a4a07c39200c image-full img-responsive\" src=\"https:\/\/scally.typepad.com\/.a\/6a00d8341c676f53ef0240a4a07c39200c-800wi\" title=\"Cours cuisine fes rias anata\"\/><\/a><\/p>\n<p>La cuisine donne sur une premi\u00e8re terrasse juste en-dessous du toit terrasse<\/p>\n<\/div>\n<p>J\u2019avais d\u00e9j\u00e0 fait un tajine et des carottes \u00e0 la chermoula en suivant des recettes mais en cuisinant avec Samira, en lui posant des questions et en observant ses gestes, j\u2019ai appris beaucoup de choses. Certains d\u00e9tails que l\u2019on ne verra jamais dans une recette changent tout. J&rsquo;ai h\u00e2te de refaire les recettes \u00e0 la maison.\u00a0<\/p>\n<div class=\"photo-wrap photo-xid-6a00d8341c676f53ef0240a4ee6144200b photo-full \" id=\"photo-xid-6a00d8341c676f53ef0240a4ee6144200b\" style=\"display: inline-block;\"><a class=\"asset-img-link\" href=\"https:\/\/scally.typepad.com\/.a\/6a00d8341c676f53ef0240a4ee6144200b-pi\"><img decoding=\"async\" alt=\"Cours cuisine fes riad anata\" border=\"0\" class=\"asset  asset-image at-xid-6a00d8341c676f53ef0240a4ee6144200b image-full img-responsive\" src=\"https:\/\/scally.typepad.com\/.a\/6a00d8341c676f53ef0240a4ee6144200b-800wi\" title=\"Cours cuisine fes riad anata\"\/><\/a><\/p>\n<p>L&rsquo;ail cuit avec les carottes, on utilise les tiges de la coriandre et la cocotte est bien utile pour les tajines<\/p>\n<\/div>\n<div class=\"photo-wrap photo-xid-6a00d8341c676f53ef0240a4ee6157200b photo-full \" id=\"photo-xid-6a00d8341c676f53ef0240a4ee6157200b\" style=\"display: inline-block;\"><a class=\"asset-img-link\" href=\"https:\/\/scally.typepad.com\/.a\/6a00d8341c676f53ef0240a4ee6157200b-pi\"><img decoding=\"async\" alt=\"Zalouk aubergine tajine poulet coing\" border=\"0\" class=\"asset  asset-image at-xid-6a00d8341c676f53ef0240a4ee6157200b image-full img-responsive\" src=\"https:\/\/scally.typepad.com\/.a\/6a00d8341c676f53ef0240a4ee6157200b-800wi\" title=\"Zalouk aubergine tajine poulet coing\"\/><\/a><\/p>\n<p>Zalouk d&rsquo;aubergines, carottes \u00e0 la chermoula, soupe de l\u00e9gumes et l&rsquo;indispensable pain plat pour l&rsquo;entr\u00e9e puis le tajine de poulet aux coings<\/p>\n<\/div>\n<p>Cerise sur le g\u00e2teau : le d\u00e9jeuner au soleil sur le toit terrasse en haut du riad. En plein milieu du mois de Novembre, c&rsquo;est une aubaine. On profite \u00e0 la fois de la vue sur les autre toits terrasses des riads voisins et de celle sur la m\u00e9dina.<\/p>\n<div class=\"photo-wrap photo-xid-6a00d8341c676f53ef0240a4a07c55200c photo-full \" id=\"photo-xid-6a00d8341c676f53ef0240a4a07c55200c\" style=\"display: inline-block;\"><a class=\"asset-img-link\" href=\"https:\/\/scally.typepad.com\/.a\/6a00d8341c676f53ef0240a4a07c55200c-pi\"><img decoding=\"async\" alt=\"Rias anata toit terrasse\" border=\"0\" class=\"asset  asset-image at-xid-6a00d8341c676f53ef0240a4a07c55200c image-full img-responsive\" src=\"https:\/\/scally.typepad.com\/.a\/6a00d8341c676f53ef0240a4a07c55200c-800wi\" title=\"Rias anata toit terrasse\"\/><\/a><\/p>\n<p>Quelques d\u00e9tails du toit terrasse<\/p>\n<\/div>\n<p>Un tr\u00e8s chouette moment que je vous recommande.<\/p>\n<p><strong>INFOS PRATIQUES<\/strong><\/p>\n<p>Le cours au <a href=\"http:\/\/www.riad-anata.com\/\" rel=\"noopener noreferrer\" target=\"_blank\">Riad Anata<\/a> co\u00fbte 50 euros, il comprend les courses dans la m\u00e9dina, le cours de cuisine et la d\u00e9gustation sur le toit terrasse. Il dure de 10 h du matin \u00e0 14 h.<br \/>Le paiement se fait sur place en dirhams. Vous devez vous inscrire <a href=\"mailto:info@riad-anata.com\" rel=\"noopener noreferrer\" target=\"_blank\">par mail<\/a> et attendre la confirmation.<\/p>\n<\/p><\/div>\n<p><script>\nwindow.fbAsyncInit = function() {\n    FB.init( { apiKey: 'a279adbe87e2b3c505e777af99a5260d', xfbml: true, version: 'v2.8' } );\n};\n( function() {\n    var e = document.createElement( 'script' ); e.async = true;\n    e.src = document.location.protocol + '\/\/connect.facebook.net\/en_US\/sdk.js';\n    document.getElementById( 'fb-root' ).appendChild( e );\n} )();\n<\/script><br \/>\n<br \/>[ad_2]<br \/>\n<br \/><a href=\"https:\/\/scally.typepad.com\/cest_moi_qui_lai_fait\/2019\/11\/cours-cuisine-fes-maroc.html\">Source link <\/a><\/p>\n","protected":false},"excerpt":{"rendered":"<p>[ad_1] Samira ma prof du jour Il y a 10 jours je suis all\u00e9e visiter le verger de l\u2019Agrumiste pr\u00e8s &hellip; <a href=\"http:\/\/www.affinite.fr\/index.php\/2020\/03\/17\/ou-suivre-un-cours-de-cuisine-marocaine-a-fes-maroc\/\" class=\"more-link\">Plus <span class=\"screen-reader-text\">O\u00f9 suivre un cours de cuisine marocaine \u00e0 F\u00e8s (Maroc) ?<\/span> <span class=\"meta-nav\">&rarr;<\/span><\/a><\/p>\n","protected":false},"author":1,"featured_media":749,"comment_status":"open","ping_status":"open","sticky":false,"template":"","format":"standard","meta":{"_sitemap_exclude":false,"_sitemap_priority":"","_sitemap_frequency":"","footnotes":""},"categories":[1],"tags":[],"class_list":["post-748","post","type-post","status-publish","format-standard","has-post-thumbnail","hentry","category-tous"],"_links":{"self":[{"href":"http:\/\/www.affinite.fr\/index.php\/wp-json\/wp\/v2\/posts\/748"}],"collection":[{"href":"http:\/\/www.affinite.fr\/index.php\/wp-json\/wp\/v2\/posts"}],"about":[{"href":"http:\/\/www.affinite.fr\/index.php\/wp-json\/wp\/v2\/types\/post"}],"author":[{"embeddable":true,"href":"http:\/\/www.affinite.fr\/index.php\/wp-json\/wp\/v2\/users\/1"}],"replies":[{"embeddable":true,"href":"http:\/\/www.affinite.fr\/index.php\/wp-json\/wp\/v2\/comments?post=748"}],"version-history":[{"count":0,"href":"http:\/\/www.affinite.fr\/index.php\/wp-json\/wp\/v2\/posts\/748\/revisions"}],"wp:featuredmedia":[{"embeddable":true,"href":"http:\/\/www.affinite.fr\/index.php\/wp-json\/wp\/v2\/media\/749"}],"wp:attachment":[{"href":"http:\/\/www.affinite.fr\/index.php\/wp-json\/wp\/v2\/media?parent=748"}],"wp:term":[{"taxonomy":"category","embeddable":true,"href":"http:\/\/www.affinite.fr\/index.php\/wp-json\/wp\/v2\/categories?post=748"},{"taxonomy":"post_tag","embeddable":true,"href":"http:\/\/www.affinite.fr\/index.php\/wp-json\/wp\/v2\/tags?post=748"}],"curies":[{"name":"wp","href":"https:\/\/api.w.org\/{rel}","templated":true}]}}