{"id":7479,"date":"2022-02-19T07:02:42","date_gmt":"2022-02-19T07:02:42","guid":{"rendered":"https:\/\/www.affinite.fr\/index.php\/2022\/02\/19\/la-haut-un-personnage-de-toy-story-3-se-cache-dans-le-film-actus-cine\/"},"modified":"2022-02-19T07:02:42","modified_gmt":"2022-02-19T07:02:42","slug":"la-haut-un-personnage-de-toy-story-3-se-cache-dans-le-film-actus-cine","status":"publish","type":"post","link":"http:\/\/www.affinite.fr\/index.php\/2022\/02\/19\/la-haut-un-personnage-de-toy-story-3-se-cache-dans-le-film-actus-cine\/","title":{"rendered":"L\u00e0-haut : un personnage de Toy Story 3 se cache dans le film &#8211; Actus Cin\u00e9"},"content":{"rendered":"<p> [ad_1]<br \/>\n<\/p>\n<p>Diffus\u00e9 ce soir sur M6, \u00ab\u00a0L\u00e0-haut\u00a0\u00bb contient de tr\u00e8s nombreux petits d\u00e9tails cach\u00e9s, et plusieurs r\u00e9f\u00e9rences \u00e0 d&rsquo;autres longs m\u00e9trages des studios Pixar. Aviez-vous par exemple rep\u00e9r\u00e9 l&rsquo;ours Lotso de \u00ab\u00a0Toy Story 3\u00a0\u00bb dans le film ?<\/p>\n<div id=\"article-content\">\n<figure class=\"player player-auto-play js-player\" data-model=\"{&quot;videos&quot;:[{&quot;id&quot;:18863430,&quot;sources&quot;:{&quot;low&quot;:&quot;https:\/\/fr.vid.web.acsta.net\/nmedia\/s3\/33\/18\/66\/97\/50\/18863430_l_013.mp4&quot;,&quot;medium&quot;:&quot;https:\/\/fr.vid.web.acsta.net\/nmedia\/s3\/33\/18\/66\/97\/50\/18863430_m_013.mp4&quot;,&quot;standard&quot;:&quot;https:\/\/fr.vid.web.acsta.net\/nmedia\/s3\/33\/18\/66\/97\/50\/18863430_sd_013.mp4&quot;},&quot;image&quot;:&quot;\/videothumbnails\/15\/03\/24\/16\/05\/266346.jpg&quot;,&quot;title&quot;:&quot;Lu00e0-haut Bande-annonce VF&quot;,&quot;trackingIdentifier&quot;:&quot;18863430-la_haut_bande_annonce_vf&quot;,&quot;embedUrl&quot;:&quot;ACraHRACr0cHM6Ly9wbGF5ZXIuYWxsb2NpbmUuZnIvMTg4NjM0MzAuaHRtbA==&quot;,&quot;file_type&quot;:&quot;TRAILER&quot;,&quot;description&quot;:&quot;Lu00e0-haut Bande-annonce VF&quot;,&quot;duration&quot;:106,&quot;view_count&quot;:475409,&quot;added_at&quot;:{&quot;date&quot;:&quot;2009-02-06 00:01:00.000000&quot;,&quot;timezone_type&quot;:3,&quot;timezone&quot;:&quot;Europe\/Paris&quot;},&quot;metas&quot;:{&quot;id_main_show&quot;:null,&quot;name_main_show&quot;:null,&quot;image_main_show&quot;:null,&quot;id_main_movie&quot;:130368,&quot;name_main_movie&quot;:&quot;Lu00e0-haut&quot;,&quot;image_main_movie&quot;:&quot;\/medias\/nmedia\/18\/66\/97\/50\/19104240.jpg&quot;,&quot;id_main_series&quot;:null,&quot;name_main_series&quot;:null,&quot;image_main_series&quot;:null,&quot;id_main_season&quot;:null,&quot;name_main_season&quot;:null,&quot;image_main_season&quot;:null,&quot;main_season_number&quot;:null,&quot;id_main_person&quot;:null,&quot;name_main_person&quot;:null,&quot;image_main_person&quot;:null,&quot;use_portal&quot;:null,&quot;release_date_main_movie&quot;:null,&quot;nb_days_release_main_movie&quot;:null,&quot;id_meta_category&quot;:null,&quot;name_meta_category&quot;:null,&quot;localized_file_type&quot;:null,&quot;trans_file_type&quot;:null,&quot;main_movie_type&quot;:null,&quot;main_season_rating&quot;:null,&quot;main_series_rating&quot;:null,&quot;main_season_user_note_count&quot;:null,&quot;genre_main_movie&quot;:null,&quot;genre_main_series&quot;:null,&quot;release_status_movie&quot;:null,&quot;release_status_series&quot;:null},&quot;relatedEntityType&quot;:&quot;movie&quot;,&quot;relatedEntityId&quot;:130368,&quot;relatedEntityTitle&quot;:&quot;Lu00e0-haut&quot;,&quot;relatedEntityUrl&quot;:&quot;ACraHRACr0cHM6Ly93d3cuYWxsb2NpbmUuZnIvZmlsbS9maWNoZWZpbG1fZ2VuX2NmaWxtPTEzMDM2OC5odG1s&quot;,&quot;mediaUrl&quot;:&quot;ACraHRACr0cHM6Ly93d3cuYWxsb2NpbmUuZnIvdmlkZW8vcGxheWVyX2dlbl9jbWVkaWE9MTg4NjM0MzAmY2ZpbG09MTMwMzY4Lmh0bWw=&quot;,&quot;relatedEntityTrackingIdentifier&quot;:&quot;130368-la_haut&quot;,&quot;genres&quot;:[&quot;ANIMATION&quot;,&quot;FAMILY&quot;,&quot;FANTASY&quot;],&quot;relatedEntityDistributor&quot;:null,&quot;relatedEntityDistributorId&quot;:null,&quot;entityStatus&quot;:null}],&quot;disablePreroll&quot;:false,&quot;disablePostroll&quot;:false,&quot;endScreen&quot;:true,&quot;context&quot;:&quot;newspage_news&quot;,&quot;launch&quot;:&quot;auto-play&quot;,&quot;followScroll&quot;:true,&quot;editorialContent&quot;:&quot;18706805-la_haut_un_personnage_de_toy_story_3_se_cache_dans_le_film&quot;,&quot;disableAutoPause&quot;:true,&quot;player_position&quot;:&quot;playertop&quot;}\" data-thumb=\"https:\/\/fr.web.img5.acsta.net\/r_640_360\/videothumbnails\/15\/03\/24\/16\/05\/266346.jpg\">\n<\/figure>\n<p>Comme c&rsquo;est traditionnellement le cas dans toutes les productions Pixar, <a title=\"L\u00e0-haut (U.S.A.) - 2009 (Animation,Famille,Fantastique)\" href=\"http:\/\/www.allocine.fr\/film\/fichefilm_gen_cfilm=130368.html\">L\u00e0-haut<\/a>, dixi\u00e8me long m\u00e9trage du studio regorge de petits d\u00e9tails cach\u00e9s, clins d&rsquo;oeil, r\u00e9f\u00e9rences et autres easter eggs.\u00a0<\/p>\n<p>Si jamais vous avez l&rsquo;intention de (re)d\u00e9couvrir le film de\u00a0<a title=\"Pete Docter (U.S.A.) (Sc\u00e9nariste,Producteur d\u00e9l\u00e9gu\u00e9,R\u00e9alisateur)\" href=\"http:\/\/www.allocine.fr\/personne\/fichepersonne_gen_cpersonne=35020.html\">Pete Docter<\/a> lors de sa diffusion sur M6 ce soir, ouvrez bien l&rsquo;oeil durant la premi\u00e8re partie, et plus pr\u00e9cis\u00e9ment \u00e0 21 minutes et 56 secondes, dans la fameuse sc\u00e8ne o\u00f9 Carl Fredriscken fait s&rsquo;envoler sa maison gr\u00e2ce \u00e0 des milliers de ballons.\u00a0<\/p>\n<p>En effet, \u00e0 peine a-t-il d\u00e9coll\u00e9 qu&rsquo;il passe devant la fen\u00eatre d&rsquo;une petite fille, occup\u00e9e \u00e0 jouer dans sa chambre. Sur cette image, dans le coin inf\u00e9rieur gauche du cadre, on peut ainsi apercevoir le d\u00e9nomm\u00e9 Lotso, ours en peluche parfum\u00e9 \u00e0 la fraise qui occupe une place de choix dans l&rsquo;intrigue de <a title=\"Toy Story 3 (U.S.A.) - 2010 (Animation,Aventure,Fantastique,Com\u00e9die)\" href=\"http:\/\/www.allocine.fr\/film\/fichefilm_gen_cfilm=126123.html\">Toy Story 3<\/a>, sorti en salles un an apr\u00e8s L\u00e0-haut.\u00a0<\/p>\n<div class=\"article-figure-holder\">\n<figure class=\"article-figure mceNonEditable\">\n<img loading=\"lazy\" decoding=\"async\" class=\"article-figure-img\" src=\"data:image\/gif;base64,R0lGODlhAgABAPAAAAAAAAAAACH5BAEAAAAAIf8LSW1hZ2VNYWdpY2sNZ2FtbWE9MC40NTQ1NQAsAAAAAAIAAQAAAgIECgA7\" data-src=\"https:\/\/fr.web.img3.acsta.net\/newsv7\/22\/02\/18\/16\/40\/3148617.jpg\" width=\"640\" height=\"320\"\/><br \/>\n<span class=\"article-figcaption-copy\">Pixar Animation Studios<\/span><br \/>\n<\/figure>\n<\/div>\n<p>Outre ce petit teasing, courant chez les artistes Pixar, on peut \u00e9galement remarquer plusieurs autres clins d&rsquo;oeil sur le m\u00eame plan :<\/p>\n<ul>\n<li>l&rsquo;avion avec lequel joue la petite fille est lui aussi tir\u00e9 de <a title=\"Toy Story (U.S.A.) - 1995 (Animation,Com\u00e9die,Famille,Fantastique)\" href=\"http:\/\/www.allocine.fr\/film\/fichefilm_gen_cfilm=14264.html\">Toy Story<\/a> Il\u00a0avait permis \u00e0 Buzz de \u00ab\u00a0s&rsquo;envoler\u00a0\u00bb \u00e0 travers la chambre d&rsquo;Andy dans le premier volet de la franchise<\/li>\n<\/ul>\n<ul>\n<li>le ballon \u00e9toil\u00e9, pos\u00e9 juste \u00e0 c\u00f4t\u00e9 sur le sol de la pi\u00e8ce, est un easter egg r\u00e9current dans les Pixar, et avait rebondi pour la premi\u00e8re fois \u00e0 l&rsquo;\u00e9cran dans le court m\u00e9trage\u00a0<a title=\"Luxo Jr. (U.S.A.) - 1986 (Animation,Famille,Com\u00e9die)\" href=\"http:\/\/www.allocine.fr\/film\/fichefilm_gen_cfilm=33132.html\">Luxo Jr.<\/a> en 1986<\/li>\n<\/ul>\n<ul>\n<li>le chien qui appara\u00eet dans le cadre, \u00e0 droite, est le protagoniste \u00e0 quatre pattes du court m\u00e9trage <a title=\"Le Festin (U.S.A.) - 2014 (Animation,Com\u00e9die dramatique,Famille)\" href=\"http:\/\/www.allocine.fr\/film\/fichefilm_gen_cfilm=228605.html\">Le Festin<\/a>, r\u00e9alis\u00e9 en 2014 par les studios Disney (et sans doute en phase de pr\u00e9-production lors de la sortie de L\u00e0-haut)<\/li>\n<\/ul>\n<ul>\n<li>le dessin accroch\u00e9 au mur, \u00e0 droite \u00e9galement, repr\u00e9sente un grand oiseau rose en bleu qui ressemble comme deux gouttes d&rsquo;eau \u00e0 Kevin, d\u00e9sopilant volatile qui fera son apparition plus tard dans le film.<\/li>\n<\/ul>\n<p><span><strong>(Re)d\u00e9couvrez tous les d\u00e9tails cach\u00e9s de \u00ab\u00a0L\u00e0-haut\u00a0\u00bb&#8230;<\/strong><\/span><\/p>\n<figure class=\"slideshow-start-screen\">\n<img decoding=\"async\" class=\"slideshow-start-screen-img\" src=\"data:image\/gif;base64,R0lGODlhAQABAIAAAAAAAAAAACH5BAEAAAAALAAAAAABAAEAAAICRAEAOw==\" data-src=\"http:\/\/medialib.allocine.net\/c_320_320\/newsv7\/20\/07\/30\/12\/21\/47875030.jpg\" alt=\"\"\/><br \/>\n<a href=\"http:\/\/www.allocine.fr\/diaporamas\/cinema\/diaporama-18691875\/\" class=\"slideshow-start-screen-icon\"><\/p>\n<p>Voir le diaporama<\/p>\n<p><\/a><figcaption class=\"slideshow-start-caption\">\n<p>Diaporama<\/p>\n<p>L\u00e0-haut : 15 d\u00e9tails cach\u00e9s dans le film Pixar<\/p>\n<p>15 photos<\/p>\n<\/figcaption><\/figure>\n<\/div>\n<p>[ad_2]<br \/>\n<br \/><a href=\"http:\/\/www.allocine.fr\/article\/fichearticle_gen_carticle=18706805.html\">Source link <\/a><\/p>\n","protected":false},"excerpt":{"rendered":"<p>[ad_1] Diffus\u00e9 ce soir sur M6, \u00ab\u00a0L\u00e0-haut\u00a0\u00bb contient de tr\u00e8s nombreux petits d\u00e9tails cach\u00e9s, et plusieurs r\u00e9f\u00e9rences \u00e0 d&rsquo;autres longs &hellip; <a href=\"http:\/\/www.affinite.fr\/index.php\/2022\/02\/19\/la-haut-un-personnage-de-toy-story-3-se-cache-dans-le-film-actus-cine\/\" class=\"more-link\">Plus <span class=\"screen-reader-text\">L\u00e0-haut : un personnage de Toy Story 3 se cache dans le film &#8211; Actus Cin\u00e9<\/span> <span class=\"meta-nav\">&rarr;<\/span><\/a><\/p>\n","protected":false},"author":1,"featured_media":7480,"comment_status":"","ping_status":"open","sticky":false,"template":"","format":"standard","meta":{"_sitemap_exclude":false,"_sitemap_priority":"","_sitemap_frequency":"","footnotes":""},"categories":[1],"tags":[],"class_list":["post-7479","post","type-post","status-publish","format-standard","has-post-thumbnail","hentry","category-tous"],"_links":{"self":[{"href":"http:\/\/www.affinite.fr\/index.php\/wp-json\/wp\/v2\/posts\/7479"}],"collection":[{"href":"http:\/\/www.affinite.fr\/index.php\/wp-json\/wp\/v2\/posts"}],"about":[{"href":"http:\/\/www.affinite.fr\/index.php\/wp-json\/wp\/v2\/types\/post"}],"author":[{"embeddable":true,"href":"http:\/\/www.affinite.fr\/index.php\/wp-json\/wp\/v2\/users\/1"}],"replies":[{"embeddable":true,"href":"http:\/\/www.affinite.fr\/index.php\/wp-json\/wp\/v2\/comments?post=7479"}],"version-history":[{"count":0,"href":"http:\/\/www.affinite.fr\/index.php\/wp-json\/wp\/v2\/posts\/7479\/revisions"}],"wp:featuredmedia":[{"embeddable":true,"href":"http:\/\/www.affinite.fr\/index.php\/wp-json\/wp\/v2\/media\/7480"}],"wp:attachment":[{"href":"http:\/\/www.affinite.fr\/index.php\/wp-json\/wp\/v2\/media?parent=7479"}],"wp:term":[{"taxonomy":"category","embeddable":true,"href":"http:\/\/www.affinite.fr\/index.php\/wp-json\/wp\/v2\/categories?post=7479"},{"taxonomy":"post_tag","embeddable":true,"href":"http:\/\/www.affinite.fr\/index.php\/wp-json\/wp\/v2\/tags?post=7479"}],"curies":[{"name":"wp","href":"https:\/\/api.w.org\/{rel}","templated":true}]}}