{"id":7466,"date":"2022-02-16T19:01:03","date_gmt":"2022-02-16T19:01:03","guid":{"rendered":"https:\/\/www.affinite.fr\/index.php\/2022\/02\/16\/ici-tout-commence-ce-qui-vous-attend-dans-lepisode-338-du-jeudi-17-fevrier-2022-spoilers-news-series-a-la-tv\/"},"modified":"2022-02-16T19:01:03","modified_gmt":"2022-02-16T19:01:03","slug":"ici-tout-commence-ce-qui-vous-attend-dans-lepisode-338-du-jeudi-17-fevrier-2022-spoilers-news-series-a-la-tv","status":"publish","type":"post","link":"http:\/\/www.affinite.fr\/index.php\/2022\/02\/16\/ici-tout-commence-ce-qui-vous-attend-dans-lepisode-338-du-jeudi-17-fevrier-2022-spoilers-news-series-a-la-tv\/","title":{"rendered":"Ici tout commence : ce qui vous attend dans l\u2019\u00e9pisode 338 du jeudi 17 f\u00e9vrier 2022 [SPOILERS] &#8211; News S\u00e9ries \u00e0 la TV"},"content":{"rendered":"<p> [ad_1]<br \/>\n<br \/><img decoding=\"async\" src=\"http:\/\/fr.web.img6.acsta.net\/newsv7\/22\/02\/16\/16\/47\/4853686.jpg\" \/><\/p>\n<p>Dans le prochain \u00e9pisode d\u2019\u00a0\u00bbIci tout commence\u00a0\u00bb\u2026 Tandis que Lisandro vient en aide \u00e0 Ana\u00efs, Solal pose un ultimatum \u00e0 Ambre. No\u00e9mie a pris quant \u00e0 elle sa d\u00e9cision.<\/p>\n<div id=\"article-content\">\n<figure class=\"player player-auto-play js-player\" data-model=\"{&quot;videos&quot;:[{&quot;id&quot;:19595502,&quot;sources&quot;:{&quot;high&quot;:&quot;https:\/\/fr.vid.web.acsta.net\/nmedia\/33\/22\/01\/28\/16\/19595502_hd_013.mp4&quot;,&quot;low&quot;:&quot;https:\/\/fr.vid.web.acsta.net\/nmedia\/33\/22\/01\/28\/16\/19595502_l_013.mp4&quot;,&quot;medium&quot;:&quot;https:\/\/fr.vid.web.acsta.net\/nmedia\/33\/22\/01\/28\/16\/19595502_m_013.mp4&quot;,&quot;standard&quot;:&quot;https:\/\/fr.vid.web.acsta.net\/nmedia\/33\/22\/01\/28\/16\/19595502_sd_013.mp4&quot;},&quot;image&quot;:&quot;\/videothumbnails\/22\/01\/28\/16\/03\/4089126.jpg&quot;,&quot;title&quot;:&quot;Ici tout commence : le nouveau gu00e9nu00e9rique sans Maxime (hiver 2022)&quot;,&quot;trackingIdentifier&quot;:&quot;19595502-ici_tout_commence_le_nouveau_generique_sans_maxime_hiver_2022&quot;,&quot;embedUrl&quot;:&quot;ACraHRACr0cHM6Ly9wbGF5ZXIuYWxsb2NpbmUuZnIvMTk1OTU1MDIuaHRtbA==&quot;,&quot;file_type&quot;:&quot;CREDITS&quot;,&quot;description&quot;:&quot;Ici tout commence : le nouveau gu00e9nu00e9rique sans Maxime (hiver 2022)&quot;,&quot;duration&quot;:32,&quot;view_count&quot;:96714,&quot;added_at&quot;:{&quot;date&quot;:&quot;2022-01-28 16:02:00.000000&quot;,&quot;timezone_type&quot;:3,&quot;timezone&quot;:&quot;Europe\/Paris&quot;},&quot;metas&quot;:{&quot;id_main_show&quot;:null,&quot;name_main_show&quot;:null,&quot;image_main_show&quot;:null,&quot;id_main_movie&quot;:null,&quot;name_main_movie&quot;:null,&quot;image_main_movie&quot;:null,&quot;id_main_series&quot;:26049,&quot;name_main_series&quot;:&quot;Ici Tout Commence&quot;,&quot;image_main_series&quot;:null,&quot;id_main_season&quot;:44234,&quot;name_main_season&quot;:null,&quot;image_main_season&quot;:null,&quot;main_season_number&quot;:2,&quot;id_main_person&quot;:null,&quot;name_main_person&quot;:null,&quot;image_main_person&quot;:null,&quot;use_portal&quot;:null,&quot;release_date_main_movie&quot;:null,&quot;nb_days_release_main_movie&quot;:null,&quot;id_meta_category&quot;:null,&quot;name_meta_category&quot;:null,&quot;localized_file_type&quot;:null,&quot;trans_file_type&quot;:null,&quot;main_movie_type&quot;:null,&quot;main_season_rating&quot;:null,&quot;main_series_rating&quot;:null,&quot;main_season_user_note_count&quot;:null,&quot;genre_main_movie&quot;:null,&quot;genre_main_series&quot;:null,&quot;release_status_movie&quot;:null,&quot;release_status_series&quot;:null},&quot;relatedEntityType&quot;:&quot;series&quot;,&quot;relatedEntityId&quot;:26049,&quot;relatedEntityTitle&quot;:&quot;Ici Tout Commence&quot;,&quot;entityStatus&quot;:&quot;in_progress&quot;,&quot;relatedEntityTrackingIdentifier&quot;:&quot;26049-ici_tout_commence&quot;}],&quot;disablePreroll&quot;:false,&quot;disablePostroll&quot;:false,&quot;endScreen&quot;:true,&quot;context&quot;:&quot;newspage_news&quot;,&quot;launch&quot;:&quot;auto-play&quot;,&quot;followScroll&quot;:true,&quot;editorialContent&quot;:&quot;18707061-ici_tout_commence_ce_qui_vous_attend_dans_l_episode_338_du_jeudi_17_fevrier_2022_spoilers&quot;,&quot;disableAutoPause&quot;:true,&quot;player_position&quot;:&quot;playertop&quot;}\" data-thumb=\"https:\/\/fr.web.img6.acsta.net\/r_640_360\/videothumbnails\/22\/01\/28\/16\/03\/4089126.jpg\">\n<\/figure>\n<p class=\"m_702568967603806910Textbody\"><strong><span>Attention, les paragraphes qui suivent contiennent des spoilers sur l&rsquo;\u00e9pisode d\u2019Ici tout commence diffus\u00e9 demain soir sur TF1 ! Si vous ne voulez rien savoir, ne lisez pas ce qui suit !<\/span><\/strong><\/p>\n<p class=\"m_702568967603806910Textbody\"><span>Jeudi 17 f\u00e9vrier dans <a title=\"Ici Tout Commence (France) (Soap)\" href=\"http:\/\/www.allocine.fr\/series\/ficheserie_gen_cserie=26049.html\">Ici tout commence<\/a>\u2026<\/span><\/p>\n<p>LISANDRO VIENT EN AIDE \u00c0 ANA\u00cfS<\/p>\n<p class=\"m_702568967603806910Textbody\"><span>Dans la matin\u00e9e, Ana\u00efs est avec Charl\u00e8ne et Mehdi dans le parc et jure que ce n\u2019est pas elle qui a jet\u00e9 le stock de viande dans les poubelles de l\u2019institut. Malheureusement, la fille d\u2019Emmanuel ne la croit pas et compte bien en parler \u00e0 la cheffe Armand.<\/span><\/p>\n<p class=\"m_702568967603806910Textbody\"><span>De son c\u00f4t\u00e9, Antoine a cherch\u00e9 des solutions pour ouvrir le double A. Si le proviseur a demand\u00e9 \u00e0 ses fournisseurs plus de vari\u00e9t\u00e9s de poissons, Clotilde estime quant \u00e0 elle qu\u2019il faut r\u00e9int\u00e9grer les plats embl\u00e9matiques de son p\u00e8re \u00e0 la carte pour \u00e9viter le m\u00eame fiasco que la veille. En effet, elle refuse de laisser les v\u00e9g\u00e9tariens imposer leur volont\u00e9 et ce d\u2019autant plus que les clients viennent ici pour manger de la viande. Elle somme donc Th\u00e9o et Antoine de trouver un moyen d\u2019\u00eatre livr\u00e9 en moins de deux heures.<\/span><\/p>\n<p class=\"m_702568967603806910Textbody\"><span>Pendant ce temps, Ana\u00efs est \u00e0 cran et encha\u00eene les maladresses lors de la mise en place du double A. Comprenant que quelque chose ne va pas, Lisandro l\u2019encourage \u00e0 se confier. Sans tourner autour du pot, la jeune femme avoue que c\u2019est elle qui a jet\u00e9 la viande \u00e0 la poubelle pour se venger. En effet, Ana\u00efs n\u2019a pas appr\u00e9ci\u00e9 que la cheffe Armand les manipule mais surtout qu\u2019elle la menace de lui faire perdre son poste de ma\u00eetre d\u2019h\u00f4tel.\u00a0 Furieux, Lisandro lui reproche alors de s\u2019\u00eatre attir\u00e9e des ennuis et de n\u2019en faire qu\u2019\u00e0 sa t\u00eate.<\/span><\/p>\n<p class=\"m_702568967603806910Textbody\"><span>Non loin de l\u00e0, Charl\u00e8ne apprend \u00e0 son fr\u00e8re que c\u2019est Ana\u00efs qui est \u00e0 l\u2019origine de la perte du stock de viande et pr\u00e9cise qu\u2019elle compte la d\u00e9noncer aupr\u00e8s de la cheffe Armand. Seulement, Th\u00e9o le lui d\u00e9conseille car il n\u2019a aucune envie que cette histoire cr\u00e9e plus de probl\u00e8mes avec les v\u00e9g\u00e9tariens.<\/span><\/p>\n<p class=\"m_702568967603806910Textbody\"><span>Par la suite, Ana\u00efs avoue la v\u00e9rit\u00e9 \u00e0 Jasmine et Lionel. Si le fils Lanneau est d\u00e9\u00e7u, Jasmine trouve au contraire g\u00e9nial qu\u2019elle ait r\u00e9ussi \u00e0 imposer un service quasi-v\u00e9g\u00e9tarien. Comme Charl\u00e8ne l\u2019a grill\u00e9e, Jasmine et Lionel promettent de l\u2019aider \u00e0 se sortir de cette impasse. I<\/span>ls attendent donc que Charl\u00e8ne sorte des vestiaires pour fouiller son casier. Malheureusement, la fille Teyssier les surprend. Si jusqu\u2019\u00e0 pr\u00e9sent son fr\u00e8re l\u2019avait convaincue de ne pas balancer Ana\u00efs, ce qu\u2019ils viennent de faire la fait changer d\u2019avis.<\/p>\n<p class=\"m_702568967603806910Textbody\"><span>Apr\u00e8s avoir d\u00e9barqu\u00e9 dans le cours de la cheffe Armand, elle d\u00e9nonce Ana\u00efs devant tout le monde. Lorsque cette derni\u00e8re nie les faits, Charl\u00e8ne montre son tablier mais les taches de sang ont disparu. Charl\u00e8ne se tourne alors vers Mehdi pour confirmer ses propos mais celui-ci fait mine de ne pas savoir de quoi elle parle.<\/span><\/p>\n<p class=\"m_702568967603806910Textbody\"><span>En fin de journ\u00e9e, Lisandro rentre chez lui et remet \u00e0 Ana\u00efs son tablier couvert de sang. Ne supportant pas l\u2019id\u00e9e que sa copine soit renvoy\u00e9e, il a \u00e9chang\u00e9 les vestes pendant le service du midi. Toutefois, Lisandro se montre clair. Si Ana\u00efs continue de faire n\u2019importe quoi, il mettra un terme \u00e0 leur histoire.<\/span><\/p>\n<p>SOLAL POSE UN ULTIMATUM \u00c0 AMBRE<\/p>\n<p class=\"m_702568967603806910Textbody\"><span>Ambre n\u2019ayant pas dormi dans sa chambre habituelle, C\u00e9lia profite du petit d\u00e9jeuner pour interroger Solal. Ce dernier lui avoue qu\u2019il s\u2019est fait passer pour une femme aupr\u00e8s de Tom afin qu\u2019Ambre se rende compte que ce n\u2019est pas quelqu\u2019un de bien. Dans la mesure o\u00f9 il commence \u00e0 \u00eatre jaloux des hommes qui partagent la vie de sa copine, C\u00e9lia se demande si sa relation polyamoureuse lui convient toujours. A l\u2019origine, c\u2019\u00e9tait une id\u00e9e d\u2019Ambre qu\u2019il a suivie car il aimait l\u2019id\u00e9e de pouvoir \u00eatre libre sans avoir peur de perdre l\u2019autre. Aujourd\u2019hui, il ne sait plus si une telle relation est faite pour lui.<\/span><\/p>\n<p class=\"m_702568967603806910Textbody\"><span>Pour sa part, Ambre profite du cours de la cheffe Guinot pour pr\u00e9senter ses excuses \u00e0 Tom. Tandis qu\u2019il la pousse \u00e0 mettre un terme \u00e0 son histoire avec Solal, Ambre lui interdit de s\u2019en m\u00ealer.<\/span><\/p>\n<p class=\"m_702568967603806910Textbody\"><span>Plus tard, Salom\u00e9 retrouve Tom au foyer. Le moral au plus bas, le jeune homme reconna\u00eet qu\u2019il a plus qu\u2019un crush pour Ambre et qu\u2019il ne veut pas la partager avec un autre. Seulement, il sait pertinemment que s\u2019il n\u2019accepte pas leur relation libre, il la perdra.<\/span><\/p>\n<p class=\"m_702568967603806910Textbody\"><span>En fin de journ\u00e9e, Solal rejoint Ambre aux marais salants. Apr\u00e8s avoir admis son erreur, il explique qu\u2019il a eu besoin de comprendre pourquoi il en \u00e9tait arriv\u00e9 l\u00e0. Certes, il d\u00e9teste Tom mais il a aussi compris que le polyamour n\u2019\u00e9tait plus pour lui. Refusant d\u00e9sormais de partager celle qu\u2019il aime, Solal prie Ambre de faire un choix entre le polyamour et lui. Soit elle quitte Tom, soit c\u2019est lui qui la quittera.<\/span><\/p>\n<p>NO\u00c9MIE A PRIS SA D\u00c9CISION<\/p>\n<p class=\"m_702568967603806910Textbody\"><span>Stella a appel\u00e9 tous les \u00e9l\u00e8ves de l\u2019institut afin qu\u2019ils se mobilisent pour soutenir la Table des Rivi\u00e8re. Enzo, C\u00e9lia, Mehdi et Hortense d\u00e9barquent donc aux marais salants pour r\u00e9cup\u00e9rer leurs commandes et tenter de convaincre la cheffe Matret de ne pas vendre son restaurant.<\/span><\/p>\n<p class=\"m_702568967603806910Textbody\"><span>M\u00eame si elle est tr\u00e8s \u00e9mue par leur d\u00e9marche et le geste de sa s\u0153ur, No\u00e9mie a pris sa d\u00e9cision. En effet, elle raconte ensuite \u00e0 Stella qu\u2019elle n\u2019arrive pas \u00e0 s\u2019enlever de la t\u00eate tout le mal qu\u2019on lui a fait et qu\u2019en restant ici, elle ne pourra pas passer \u00e0 autre chose. C\u2019est pourquoi, elle a d\u00e9cid\u00e9 de vendre le restaurant pour avancer. Tandis que Stella craint de ne plus jamais avoir de nouvelles d\u2019elle, No\u00e9mie r\u00e9pond qu\u2019elle sera toujours sa grande s\u0153ur. Bien qu\u2019elle ne l\u2019ait pas encore pardonn\u00e9e et qu\u2019elle ne sache pas si elle en sera capable un jour, No\u00e9mie sait malgr\u00e9 tout que cela finira par aller mieux entre elles. Des mots qui font beaucoup de bien \u00e0 Stella.<\/span><\/p>\n<p class=\"m_702568967603806910Textbody\"><span>Plus tard, No\u00e9mie a fait revenir son potentiel acheteur. Quand Stella et Ga\u00ebtan l\u2019interrogent sur l\u2019endroit o\u00f9 elle va aller, la jeune femme r\u00e9torque qu\u2019elle ne le sait pas encore mais qu\u2019elle a quelques pistes. Au moment o\u00f9 Ga\u00ebtan demande si elle leur donnera des nouvelles, No\u00e9mie promet d\u2019essayer mais indique toutefois qu\u2019il lui faudra un peu de temps. Stella et No\u00e9mie se prennent alors dans les bras pour se dire au revoir puis se souhaitent bonne chance pour la suite.<\/span><\/p>\n<\/div>\n<p>[ad_2]<br \/>\n<br \/><a href=\"http:\/\/www.allocine.fr\/article\/fichearticle_gen_carticle=18707061.html\">Source link <\/a><\/p>\n","protected":false},"excerpt":{"rendered":"<p>[ad_1] Dans le prochain \u00e9pisode d\u2019\u00a0\u00bbIci tout commence\u00a0\u00bb\u2026 Tandis que Lisandro vient en aide \u00e0 Ana\u00efs, Solal pose un ultimatum &hellip; <a href=\"http:\/\/www.affinite.fr\/index.php\/2022\/02\/16\/ici-tout-commence-ce-qui-vous-attend-dans-lepisode-338-du-jeudi-17-fevrier-2022-spoilers-news-series-a-la-tv\/\" class=\"more-link\">Plus <span class=\"screen-reader-text\">Ici tout commence : ce qui vous attend dans l\u2019\u00e9pisode 338 du jeudi 17 f\u00e9vrier 2022 [SPOILERS] &#8211; News S\u00e9ries \u00e0 la TV<\/span> <span class=\"meta-nav\">&rarr;<\/span><\/a><\/p>\n","protected":false},"author":1,"featured_media":7467,"comment_status":"","ping_status":"open","sticky":false,"template":"","format":"standard","meta":{"_sitemap_exclude":false,"_sitemap_priority":"","_sitemap_frequency":"","footnotes":""},"categories":[1],"tags":[],"class_list":["post-7466","post","type-post","status-publish","format-standard","has-post-thumbnail","hentry","category-tous"],"_links":{"self":[{"href":"http:\/\/www.affinite.fr\/index.php\/wp-json\/wp\/v2\/posts\/7466"}],"collection":[{"href":"http:\/\/www.affinite.fr\/index.php\/wp-json\/wp\/v2\/posts"}],"about":[{"href":"http:\/\/www.affinite.fr\/index.php\/wp-json\/wp\/v2\/types\/post"}],"author":[{"embeddable":true,"href":"http:\/\/www.affinite.fr\/index.php\/wp-json\/wp\/v2\/users\/1"}],"replies":[{"embeddable":true,"href":"http:\/\/www.affinite.fr\/index.php\/wp-json\/wp\/v2\/comments?post=7466"}],"version-history":[{"count":0,"href":"http:\/\/www.affinite.fr\/index.php\/wp-json\/wp\/v2\/posts\/7466\/revisions"}],"wp:featuredmedia":[{"embeddable":true,"href":"http:\/\/www.affinite.fr\/index.php\/wp-json\/wp\/v2\/media\/7467"}],"wp:attachment":[{"href":"http:\/\/www.affinite.fr\/index.php\/wp-json\/wp\/v2\/media?parent=7466"}],"wp:term":[{"taxonomy":"category","embeddable":true,"href":"http:\/\/www.affinite.fr\/index.php\/wp-json\/wp\/v2\/categories?post=7466"},{"taxonomy":"post_tag","embeddable":true,"href":"http:\/\/www.affinite.fr\/index.php\/wp-json\/wp\/v2\/tags?post=7466"}],"curies":[{"name":"wp","href":"https:\/\/api.w.org\/{rel}","templated":true}]}}