{"id":7464,"date":"2022-02-15T21:10:51","date_gmt":"2022-02-15T21:10:51","guid":{"rendered":"https:\/\/www.affinite.fr\/index.php\/2022\/02\/15\/je-suis-aventureuse-et-pas-du-tout-fragile\/"},"modified":"2022-02-15T21:10:51","modified_gmt":"2022-02-15T21:10:51","slug":"je-suis-aventureuse-et-pas-du-tout-fragile","status":"publish","type":"post","link":"http:\/\/www.affinite.fr\/index.php\/2022\/02\/15\/je-suis-aventureuse-et-pas-du-tout-fragile\/","title":{"rendered":"\u00ab\u00a0Je suis aventureuse et pas du tout fragile\u00a0\u00bb"},"content":{"rendered":"<p> [ad_1]<br \/>\n<\/p>\n<p>\n                Il est des rencontres qui nous \u00e9l\u00e8vent par la qualit\u00e9 de ce qu&rsquo;elles r\u00e9v\u00e8lent, chez l&rsquo;autre, mais aussi par leur capacit\u00e9 \u00e0 donner du sens \u00e0 votre propre trajectoire. Croiser le chemin r\u00e9fl\u00e9chi, harmonieux, \u00e9loquent de Marie Drucker rel\u00e8ve de cette exp\u00e9rience. Journaliste d&rsquo;information rompue aux rouages de la t\u00e9l\u00e9vision devenue actrice libre de ses d\u00e9sirs et de son image, elle s&rsquo;abandonne devant la cam\u00e9ra de St\u00e9phane Briz\u00e9, r\u00e9alisateur du film \u00ab\u00a0Un autre Monde\u00a0\u00bb et se <a href=\"http:\/\/www.affinite.fr\/index.php\/2023\/08\/24\/lart-de-la-glace-transforme-en-business-la-vision-unique-de-fabien-gris\/\">livre<\/a> \u00e0 nous avec intelligence, recul et r\u00e9partie.            <\/p>\n<div>\n<p><strong>On vous conna\u00eet \u00e0 la t\u00eate de journaux t\u00e9l\u00e9vis\u00e9s, de production de documents, au c\u0153ur de l&rsquo;information ou de l&rsquo;analyse de notre soci\u00e9t\u00e9. Vous voici dans une fiction, y avait-il urgence pour vous de raconter, de servir une histoire\u00a0?<\/strong><br \/><strong>Marie Drucker\u00a0:<\/strong> Il y a six ans, quand j&rsquo;ai d\u00e9cid\u00e9 de changer de voie et de ne plus \u00eatre journaliste, je voulais me tourner vers le cin\u00e9ma et la fiction, mais plut\u00f4t en tant qu&rsquo;auteure. J&rsquo;ai cr\u00e9\u00e9 No School Productions, ma soci\u00e9t\u00e9 \u00e0 travers laquelle je produis et r\u00e9alise des films documentaires. Le terme est correct: je ressentais \u00ab\u00a0une urgence\u00a0\u00bb \u00e0 aller vers la cr\u00e9ation. En octobre 2019, St\u00e9phane Briz\u00e9 m&rsquo;a propos\u00e9 un casting. Nous sommes actuellement en train de co-\u00e9crire son prochain film&#8230; L&rsquo;\u00e9tape suivante sera, je l&rsquo;esp\u00e8re, d&rsquo;\u00e9crire et de r\u00e9aliser mon propre film.<\/p>\n<h2 style=\"text-align: center;\">\u00ab\u00a0St\u00e9phane Briz\u00e9 ne m&rsquo;a pas m\u00e9nag\u00e9e\u00a0\u00bb<\/h2>\n<p dir=\"ltr\"><strong>La dimension \u00ab\u00a0sociale\u00a0\u00bb du cin\u00e9ma de St\u00e9phane Briz\u00e9 \u00e9tait-elle importante pour vous\u00a0?<\/strong><br \/><strong>Marie Drucker\u00a0: <\/strong>J&rsquo;ai une profonde admiration pour son travail, le cin\u00e9aste qu&rsquo;il est\u2026 C&rsquo;est l&rsquo;homme aussi, dans sa globalit\u00e9, que j&rsquo;admire et je connais bien, d\u00e9sormais, qui m&rsquo;a permis de franchir le pas, de \u00ab\u00a0devenir\u00a0\u00bb actrice. J&rsquo;avais d\u00e9j\u00e0 jou\u00e9 mon propre r\u00f4le de journaliste t\u00e9l\u00e9 dans <em>Ils sont Partout<\/em>, une com\u00e9die r\u00e9alis\u00e9e par Yvan Attal sortie en 2016. Mais St\u00e9phane Briz\u00e9 ne m&rsquo;a pas m\u00e9nag\u00e9e (rires), j&rsquo;ai pass\u00e9 des essais une premi\u00e8re fois, puis d&rsquo;autres essais trois semaines plus tard qui m&rsquo;ont permis de d\u00e9crocher le r\u00f4le!<\/p>\n<p dir=\"ltr\"><strong>Dans sa note d&rsquo;intention, St\u00e9phane Briz\u00e9 dit que vous avez \u00ab\u00a0l&rsquo;\u00e2ge, le physique, l&rsquo;intelligence et la ma\u00eetrise du langage de l&rsquo;entreprise\u00a0\u00bb du personnage que vous incarnez.\u00a0 Pouvez-vous nous pr\u00e9senter celle que vous jouez\u00a0?<\/strong><br \/><strong>Marie Drucker\u00a0:<\/strong> Claire Bonnet-Gu\u00e9rin doit avoir mon \u00e2ge (47\u00a0ans, ndlr). Elle est la directrice g\u00e9n\u00e9rale de la filiale fran\u00e7aise d&rsquo;Elsonn, une tr\u00e8s grosse soci\u00e9t\u00e9 am\u00e9ricaine et en tant\u00a0 que \u00ab\u00a0patronne\u00a0\u00bb, elle a la charge de mettre en place un plan social.\u00a0\u00a0<\/p>\n<p dir=\"ltr\"><strong>Le rapport \u00e0 l&rsquo;image diff\u00e8re-t-il entre la journaliste et l&rsquo;actrice face cam\u00e9ra\u00a0?<\/strong><br \/><strong>Marie Drucker\u00a0:<\/strong> Il n&rsquo;y a pas exercices plus diff\u00e9rents face \u00e0 la cam\u00e9ra. La t\u00e9l\u00e9vision est une machine remarquablement huil\u00e9e. La pr\u00e9sentation d&rsquo;une \u00e9mission est le lieu de l&rsquo;hyper-contr\u00f4le o\u00f9 tout a\u00a0l&rsquo;air de glisser avec facilit\u00e9 malgr\u00e9 les heures de pr\u00e9paration\u2026 A l&rsquo;inverse, il fallait \u00eatre sur le plateau de tournage du film, dans l&rsquo;abandon total de soi: pas de maquillage, pas de coiffure, aucune lumi\u00e8re additionnelle\u2026 Vous n&rsquo;\u00eates pas mise en valeur. Vous ne choisissez ni les angles ni\u00a0 les plans retenus\u2026 Paradoxalement, le cin\u00e9ma incite davantage \u00e0 puiser dans vos ressources les plus intimes.<\/p>\n<p dir=\"ltr\"><strong>Comment avez-vous r\u00e9ussi \u00e0 placer le curseur de l&rsquo;intensit\u00e9 \u00e9motionnelle\u00a0?<\/strong><br \/><strong>Marie Drucker\u00a0:<\/strong> J&rsquo;ai vite compris que si je me mettais dans la posture de \u00ab\u00a0je vais essayer de produire et d\u00e9livrer ce que je pense qu&rsquo;on attend de moi\u00a0\u00bb, ce serait rat\u00e9. En revanche, je suis incapable de dire ce qu&rsquo;il m&rsquo;a fallu convoquer au del\u00e0 de la concentration et de l&rsquo;\u00e9coute des autres. Assumer une forme d&rsquo;insouciance, peut-\u00eatre\u2026<\/p>\n<p dir=\"ltr\"><strong>Vous semblez tr\u00e8s consciente de votre environnement, vous autorisez-vous n\u00e9anmoins une certaine l\u00e9g\u00e8ret\u00e9\u00a0?\u00a0<\/strong><br \/><strong>Marie Drucker\u00a0: <\/strong>J&rsquo;ai v\u00e9hicul\u00e9 pendant tr\u00e8s longtemps au journal t\u00e9l\u00e9vis\u00e9 une aust\u00e9rit\u00e9 qui n&rsquo;est pas du tout repr\u00e9sentative de ma fantaisie et de mon go\u00fbt pour l&rsquo;humour et les plaisirs simples. Je me suis lib\u00e9r\u00e9e de cette pesanteur, de cette retenue impos\u00e9e.<\/p>\n<blockquote>\n<p dir=\"ltr\" style=\"text-align: center;\">\u00ab\u00a0Je n&rsquo;aurais jamais \u00e9t\u00e9 capable de jouer ce r\u00f4le il y a dix ans\u00a0\u00bb<\/p>\n<\/blockquote>\n<p dir=\"ltr\"><strong>Pour \u00ab\u00a0\u00eatre\u00a0\u00bb une autre, en l&rsquo;occurrence cette gla\u00e7ante Claire, dirigeante implacable, pensez-vous qu&rsquo;il fallait avoir avanc\u00e9 sur la question de l&rsquo;identit\u00e9, avoir compris qui vous \u00e9tiez r\u00e9ellement\u00a0?<\/strong><br \/><strong>Marie Drucker\u00a0:<\/strong> Je n&rsquo;aurais jamais \u00e9t\u00e9 capable de jouer ce r\u00f4le il y a dix ans: m&rsquo;abandonner compl\u00e8tement au d\u00e9sir d&rsquo;un r\u00e9alisateur. Je suis aujourd&rsquo;hui tr\u00e8s aventureuse, tr\u00e8s libre, tr\u00e8s sensible, et pas du tout fragile\u00a0!\u00a0<\/p>\n<p dir=\"ltr\"><strong>Restez-vous n\u00e9anmoins soucieuse du regard des autres\u00a0?<\/strong><br \/><strong>Marie Drucker\u00a0: <\/strong>Je me suis rapidement d\u00e9barrass\u00e9e de cette angoisse, lib\u00e9r\u00e9e de la question de la l\u00e9gitimit\u00e9. Je suis tr\u00e8s attentive aux critiques, mais elles ne m&rsquo;atteignent pas. Je suis ind\u00e9pendante de ce que l&rsquo;on peut dire de moi. Quand je d\u00e9cide d&rsquo;agir, il faut que j&rsquo;ai la conviction que cela va r\u00e9ussir, mais aussi que je puisse me dire que c&rsquo;est imparfait, que je me donne le droit d&rsquo;\u00e9chouer\u2026 Le plus important, c&rsquo;est le sentiment d&rsquo;avoir donn\u00e9 le meilleur de soi.<\/p>\n<blockquote>\n<p dir=\"ltr\" style=\"text-align: center;\">\u00ab\u00a0Je suis ind\u00e9pendante de ce que l&rsquo;on peut dire de moi\u00a0\u00bb<\/p>\n<\/blockquote>\n<figure class=\"image\" style=\"float:left\"><a class=\"fancy\" href=\"https:\/\/img-3.journaldesfemmes.fr\/fbvsnfEwSRsEqz3Y33HoFFCPfxA=\/1080x\/smart\/ca3a67f52e944e29b13dd8b47a402154\/ccmcms-jdf\/31808206.jpg\"><img decoding=\"async\" alt=\"\" src=\"https:\/\/img-3.journaldesfemmes.fr\/m5RyVWTZq-JUnu3AjBQmt9olidw=\/300x\/smart\/ca3a67f52e944e29b13dd8b47a402154\/ccmcms-jdf\/31808206.jpg\"\/><\/a><figcaption data-credit=\"Renaud Corlouer\" data-legend=\"Marie Drucker\">Marie Drucker <small>\u00a9\u00a0Renaud Corlouer<\/small><\/figcaption><\/figure>\n<p dir=\"ltr\"><strong>Avez-vous eu l&rsquo;impression, en tant que femme m\u00e9diatis\u00e9e, issue d&rsquo;une famille expos\u00e9e, que vous avez moins eu le droit qu&rsquo;une autre de vous plaindre ou d&rsquo;exprimer vos faiblesses\u00a0?<\/strong><br \/><strong>Marie Drucker\u00a0:<\/strong> Il y a deux dimensions qui m&rsquo;ont sauv\u00e9e: le fait d&rsquo;avoir d\u00e9but\u00e9 dans le monde professionnel \u00e0 dix-neuf ans et le fait de porter un patronyme c\u00e9l\u00e8bre dans cet univers. Je me suis dit que je travaillerai plus que les autres et que je ferai ce que les autres ne veulent pas faire. Voil\u00e0 les notions capitales dans la construction de mon parcours.\u00a0<\/p>\n<p dir=\"ltr\"><strong><em>Un Autre Monde<\/em> questionne l&rsquo;imbrication entre l&rsquo;intime et le professionnel. Comment avez-vous pu mener de front ces deux domaines avec succ\u00e8s\u00a0?<\/strong><br \/><strong>Marie Drucker\u00a0:<\/strong> Je n&rsquo;ai jamais rien mis au-dessus de ma libert\u00e9, d&rsquo;\u00eatre prisonni\u00e8re de rien, et j&rsquo;ai toujours vu la notori\u00e9t\u00e9 comme un moyen et non comme une fin en soi. J&rsquo;ai toujours essay\u00e9 de me donner les moyens d&rsquo;aller vers mon d\u00e9sir et vers mon risque.<\/p>\n<p dir=\"ltr\"><strong>Avez-vous eu \u00e0 faire des concessions professionnelles ou des sacrifices personnels pour mener \u00e0 bien cette carri\u00e8re\u00a0?<\/strong><br \/><strong>Marie Drucker\u00a0:<\/strong> \u00c0 une \u00e9poque, je n&rsquo;ai pas pris de vacances pendant dix ans sans m&rsquo;en rendre compte! Mon cheminement a \u00e9t\u00e9 le r\u00e9sultat de beaucoup d&rsquo;instinct. Il m&rsquo;a conduite \u00e0 changer de m\u00e9tier \u00e0 l&rsquo;\u00e2ge de 40\u00a0ans.<\/p>\n<p dir=\"ltr\"><strong>Dans un milieu o\u00f9 r\u00e8gne le culte de la performance, pensez-vous que l&rsquo;on peut r\u00e9ussir sans se couper de ses \u00e9motions\u00a0?<\/strong><br \/><strong>Marie Drucker\u00a0:<\/strong> Lorsqu&rsquo;on pr\u00e9sente un journal t\u00e9l\u00e9vis\u00e9, on a une grande responsabilit\u00e9 car on porte le travail de toute une r\u00e9daction. Cela demande le plus d&rsquo;objectivit\u00e9 et le moins d&rsquo;affect possible. Vos \u00e9tats d&rsquo;\u00e2me n&rsquo;interf\u00e8rent pas, mais vous ne devez pas renoncer \u00e0 votre sensibilit\u00e9. Il y a une empathie n\u00e9cessaire pour s&rsquo;adresser aux gens.<\/p>\n<blockquote>\n<p dir=\"ltr\">\u00ab\u00a0Je ne fume pas, je ne bois pas d&rsquo;alcool et je dors\u00a0\u00bb<\/p>\n<\/blockquote>\n<figure class=\"image\" style=\"float:left\"><a class=\"fancy\" href=\"https:\/\/img-3.journaldesfemmes.fr\/HzhcRJJWkzta81FVcV3mLXJMXwA=\/1080x\/smart\/5ac0c797bde6454084b0405edb40f3c2\/ccmcms-jdf\/31808294.jpg\"><img decoding=\"async\" alt=\"\" src=\"https:\/\/img-3.journaldesfemmes.fr\/ACQQxhrOXQntaIUCH1dsqN-XKyM=\/250x\/smart\/5ac0c797bde6454084b0405edb40f3c2\/ccmcms-jdf\/31808294.jpg\"\/><\/a><figcaption data-credit=\"Renaud Corlouer\" data-legend=\"Marie Drucker\">Marie Drucker <small>\u00a9\u00a0Renaud Corlouer<\/small><\/figcaption><\/figure>\n<p dir=\"ltr\"><strong>Vous exercez votre activit\u00e9 avec passion, puisez-vous votre \u00e9nergie dans le respect d&rsquo;une hygi\u00e8ne de vie ou d&rsquo;un rituel particulier\u00a0?<\/strong><br \/><strong>Marie Drucker\u00a0: <\/strong>J&rsquo;ai toujours pratiqu\u00e9 une activit\u00e9 physique, j&rsquo;adore manger et je ne me prive absolument de rien, mais je me nourris naturellement de fa\u00e7on \u00e9quilibr\u00e9e. Je ne fume pas, je ne bois pas d&rsquo;alcool et je dors, mais ce ne sont pas des privations, j&rsquo;ai toujours \u00e9t\u00e9 comme \u00e7a\u00a0!<\/p>\n<p dir=\"ltr\"><strong>Connaissez-vous la peur de la d\u00e9faillance et quelle est votre recette pour la surmonter\u00a0?<\/strong><br \/><strong>Marie Drucker\u00a0: <\/strong>Je suis arriv\u00e9e \u00e0 un \u00e2ge et \u00e0 un moment de ma vie o\u00f9 j&rsquo;ai eu \u00e0 faire des choix, \u00e0 me laisser guider par mon envie. Le travail me r\u00e9conforte beaucoup, mais il ne doit pas \u00eatre \u00ab\u00a0tout\u00a0\u00bb. Le risque de se tromper, de ne pas avoir ce que l&rsquo;on souhaite, voil\u00e0 ce qui donne de la valeur aux choses qu&rsquo;on obtient.\u00a0<\/p>\n<blockquote>\n<p dir=\"ltr\" style=\"text-align: center;\">\u00ab\u00a0Mon seul dipl\u00f4me, c&rsquo;est mon intuition\u00a0\u00bb<\/p>\n<\/blockquote>\n<p dir=\"ltr\"><strong>Vincent Lindon, votre partenaire \u00e0 l&rsquo;\u00e9cran, est en souffrance car son monde s&rsquo;effondre, le d\u00e9s\u00e9quilibre s&rsquo;immisce dans sa relation amoureuse, dans sa famille comme dans ses fonctions d&rsquo;encadrement\u2026 Ce tiraillement, cette sensation d&rsquo;effritement,\u00a0les avez-vous d\u00e9j\u00e0 ressentis\u00a0?<\/strong><br \/><strong>Marie Drucker\u00a0:<\/strong> En r\u00e9alit\u00e9, je n&rsquo;ai pas de bagage, j&rsquo;ai fait tr\u00e8s peu d&rsquo;\u00e9tudes, mon seul dipl\u00f4me, c&rsquo;est mon intuition. Parfois, on peut avoir raison pour soi-m\u00eame contre tout le monde. Tous ces moments de bascule me passionnent et j&rsquo;essaie de les explorer dans mes documentaires.<\/p>\n<p><strong>Le film a \u00e9t\u00e9 tourn\u00e9 avant la pand\u00e9mie. Cette s\u00e9quence de crise sanitaire vous a-t-elle chang\u00e9e\u00a0?<\/strong><br \/><strong>Marie Drucker\u00a0: <\/strong>On a tous pris conscience de notre vuln\u00e9rabilit\u00e9 collective et en m\u00eame temps de notre incroyable capacit\u00e9 \u00e0 r\u00e9sister. Je pense aux personnes \u00e2g\u00e9es, aux personnes isol\u00e9es ou en situation de pr\u00e9carit\u00e9\u2026 Je n&rsquo;oserais pas dire que cela a \u00e9t\u00e9 deux ann\u00e9es difficiles pour moi lorsque je me replace dans ce contexte. Tout le monde a essay\u00e9 de se prot\u00e9ger, de prot\u00e9ger au mieux ses proches, ses enfants\u00a0 On a tous d\u00e9couvert\u00a0<em>\u00ab\u00a0Un Autre Monde\u00a0\u00bb<\/em> et le film pose des questions sur l&rsquo;entreprise, l&rsquo;\u00e9conomie, le couple, le quotidien qui sont encore plus d&rsquo;actualit\u00e9 qu&rsquo;il y a deux ans.<\/p>\n<p><strong>Vous \u00eates une femme, une m\u00e8re qui a su \u00e9couter ses d\u00e9sirs, est-ce l\u00e0 votre plus grande fiert\u00e9\u00a0?<\/strong><br \/><strong>Marie Drucker\u00a0: <\/strong>Est-ce que j&rsquo;ai r\u00e9ussi ma vie dans le sens o\u00f9\u00a0 je fais ce que j&rsquo;aime, je suis en bonne sant\u00e9 et j&rsquo;ai le temps d&rsquo;aller chercher mon fils \u00e0 l&rsquo;\u00e9cole tous les jours\u00a0? La r\u00e9ponse est oui.\u00a0<\/p>\n<p><strong>Au cin\u00e9ma le 16 f\u00e9vrier : <em>Un Autre Monde<\/em> de St\u00e9phane Briz\u00e9, 1h36, avec Vincent Lindon,\u00a0Sandrine Kiberlain,\u00a0Anthony Bajon, Marie Drucker&#8230;<\/strong><\/p>\n<\/p><\/div>\n<p>[ad_2]<br \/>\n<br \/><a href=\"https:\/\/www.journaldesfemmes.fr\/loisirs\/cinema\/2783363-marie-drucker-un-autre-monde-stephane-brize\/\">Source link <\/a><\/p>\n","protected":false},"excerpt":{"rendered":"<p>[ad_1] Il est des rencontres qui nous \u00e9l\u00e8vent par la qualit\u00e9 de ce qu&rsquo;elles r\u00e9v\u00e8lent, chez l&rsquo;autre, mais aussi par &hellip; <a href=\"http:\/\/www.affinite.fr\/index.php\/2022\/02\/15\/je-suis-aventureuse-et-pas-du-tout-fragile\/\" class=\"more-link\">Plus <span class=\"screen-reader-text\">\u00ab\u00a0Je suis aventureuse et pas du tout fragile\u00a0\u00bb<\/span> <span class=\"meta-nav\">&rarr;<\/span><\/a><\/p>\n","protected":false},"author":1,"featured_media":7465,"comment_status":"","ping_status":"open","sticky":false,"template":"","format":"standard","meta":{"_sitemap_exclude":false,"_sitemap_priority":"","_sitemap_frequency":"","footnotes":""},"categories":[1],"tags":[],"class_list":["post-7464","post","type-post","status-publish","format-standard","has-post-thumbnail","hentry","category-tous"],"_links":{"self":[{"href":"http:\/\/www.affinite.fr\/index.php\/wp-json\/wp\/v2\/posts\/7464"}],"collection":[{"href":"http:\/\/www.affinite.fr\/index.php\/wp-json\/wp\/v2\/posts"}],"about":[{"href":"http:\/\/www.affinite.fr\/index.php\/wp-json\/wp\/v2\/types\/post"}],"author":[{"embeddable":true,"href":"http:\/\/www.affinite.fr\/index.php\/wp-json\/wp\/v2\/users\/1"}],"replies":[{"embeddable":true,"href":"http:\/\/www.affinite.fr\/index.php\/wp-json\/wp\/v2\/comments?post=7464"}],"version-history":[{"count":0,"href":"http:\/\/www.affinite.fr\/index.php\/wp-json\/wp\/v2\/posts\/7464\/revisions"}],"wp:featuredmedia":[{"embeddable":true,"href":"http:\/\/www.affinite.fr\/index.php\/wp-json\/wp\/v2\/media\/7465"}],"wp:attachment":[{"href":"http:\/\/www.affinite.fr\/index.php\/wp-json\/wp\/v2\/media?parent=7464"}],"wp:term":[{"taxonomy":"category","embeddable":true,"href":"http:\/\/www.affinite.fr\/index.php\/wp-json\/wp\/v2\/categories?post=7464"},{"taxonomy":"post_tag","embeddable":true,"href":"http:\/\/www.affinite.fr\/index.php\/wp-json\/wp\/v2\/tags?post=7464"}],"curies":[{"name":"wp","href":"https:\/\/api.w.org\/{rel}","templated":true}]}}