{"id":7462,"date":"2022-02-14T21:08:21","date_gmt":"2022-02-14T21:08:21","guid":{"rendered":"https:\/\/www.affinite.fr\/index.php\/2022\/02\/14\/le-deces-de-gaspard-ulliel-a-eu-impact-sur-les-pistes-de-ski\/"},"modified":"2022-02-14T21:08:21","modified_gmt":"2022-02-14T21:08:21","slug":"le-deces-de-gaspard-ulliel-a-eu-impact-sur-les-pistes-de-ski","status":"publish","type":"post","link":"http:\/\/www.affinite.fr\/index.php\/2022\/02\/14\/le-deces-de-gaspard-ulliel-a-eu-impact-sur-les-pistes-de-ski\/","title":{"rendered":"Le d\u00e9c\u00e8s de Gaspard Ulliel a eu impact sur les pistes de ski"},"content":{"rendered":"<p> [ad_1]<br \/>\n<br \/><img decoding=\"async\" src=\"https:\/\/img-3.journaldesfemmes.fr\/o8jL7LdUgZcJBGjHBa30VIcqIy8=\/1280x\/smart\/3e27b8bed7f749d48b7bc3ae7ea2ba41\/ccmcms-jdf\/31899779.jpg\" \/><\/p>\n<p>\n                Le 19\u00a0janvier dernier, Gaspard Ulliel s&rsquo;\u00e9teignait apr\u00e8s une collision mortelle sur une piste de ski de la Rosi\u00e8re. Si sa mort a plong\u00e9 ses proches dans le chagrin et attrist\u00e9 la France enti\u00e8re, elle a aussi modifi\u00e9 la pratique des sports d&rsquo;hiver.            <\/p>\n<div>\n<p>La tragique et douloureuse disparition de <strong><a href=\"https:\/\/www.journaldesfemmes.fr\/people\/evenements\/2775445-gaspard-ulliel-mort-amour-famille-films-femme-fils-accident-photos-gaelle-pietri\/\" title=\"Gaspard Ulliel\">Gaspard Ulliel<\/a><\/strong> survenue\u00a0le 19\u00a0janvier dernier est encore dans toutes les m\u00e9moires. L&rsquo;acteur de<strong>\u00a037 ans<\/strong>, pourtant dans la fleur de l&rsquo;\u00e2ge, est d\u00e9c\u00e9d\u00e9 brutalement d&rsquo;un<strong> <a href=\"https:\/\/sante.journaldesfemmes.fr\/fiches-sante-du-quotidien\/2707422-traumatisme-definition-psychologique-physique-signe-guerir-cause\/\" title=\"Traumatismes\">traumatisme<\/a> cr\u00e2nien <\/strong>lors de son s\u00e9jour \u00e0 la Rosi\u00e8re, apr\u00e8s avoir percut\u00e9 un autre skieur sur une piste bleue alors qu&rsquo;il ne portait pas de casque. Depuis cet effroyable accident, les vacanciers adeptes des <a href=\"https:\/\/www.journaldesfemmes.fr\/beaute\/conseils-forme-et-minceur\/2599604-sport-glisse-affiner-silhouette\/\" title=\"Sport de glisse\">sports de glisse<\/a> semblent \u00eatre plus prudents, comme le rapporte L&rsquo;<em>Est R\u00e9publicain<\/em>.\u00a0<\/p>\n<h2>Quand les accidents des stars influent sur la s\u00e9curit\u00e9<\/h2>\n<p><strong><em>\u00ab\u00a0Sur notre boutique en ligne, les ventes de casques ont \u00e9t\u00e9 multipli\u00e9es par dix. Jusqu&rsquo;\u00e0 250\u00a0par jour! Plus une cinquantaine en magasin. <\/em><\/strong><em>Cela r\u00e9sulte \u00e0 la fois de l&rsquo;accident mortel de Gaspard Ulliel \u00e0 la Rosi\u00e8re, mais aussi de cette jeune fille de 5\u00a0ans qui est d\u00e9c\u00e9d\u00e9e apr\u00e8s avoir \u00e9t\u00e9 percut\u00e9e par un skieur \u00e0 Flaine\u00a0\u00bb<\/em><strong><em>, <\/em><\/strong>a pr\u00e9cis\u00e9\u00a0Lo\u00efc Bernard, le propri\u00e9taire du magasin Easygliss de Besan\u00e7on.<\/p>\n<p>D\u00e9j\u00e0 en 2013, lorsque <strong>le pilote de F1\u00a0Michael Schumacher <\/strong>s&rsquo;est retrouv\u00e9 dans le coma \u00e0 la suite d&rsquo;une chute \u00e0 M\u00e9ribel, <strong>les ventes des casques avaient augment\u00e9 de 40%. <\/strong>Une prise de conscience d&rsquo;autant plus importante et imp\u00e9rative aujourd&rsquo;hui, avec les skieurs encore plus nombreux au fur et \u00e0 mesure des ann\u00e9es.\u00a0<\/p>\n<\/p><\/div>\n<p>[ad_2]<br \/>\n<br \/><a href=\"https:\/\/www.journaldesfemmes.fr\/societe\/actu\/2784241-mort-de-gaspard-ulliel-mort-ski-vente-casque\/\">Source link <\/a><\/p>\n","protected":false},"excerpt":{"rendered":"<p>[ad_1] Le 19\u00a0janvier dernier, Gaspard Ulliel s&rsquo;\u00e9teignait apr\u00e8s une collision mortelle sur une piste de ski de la Rosi\u00e8re. Si &hellip; <a href=\"http:\/\/www.affinite.fr\/index.php\/2022\/02\/14\/le-deces-de-gaspard-ulliel-a-eu-impact-sur-les-pistes-de-ski\/\" class=\"more-link\">Plus <span class=\"screen-reader-text\">Le d\u00e9c\u00e8s de Gaspard Ulliel a eu impact sur les pistes de ski<\/span> <span class=\"meta-nav\">&rarr;<\/span><\/a><\/p>\n","protected":false},"author":1,"featured_media":7463,"comment_status":"","ping_status":"open","sticky":false,"template":"","format":"standard","meta":{"_sitemap_exclude":false,"_sitemap_priority":"","_sitemap_frequency":"","footnotes":""},"categories":[1],"tags":[],"class_list":["post-7462","post","type-post","status-publish","format-standard","has-post-thumbnail","hentry","category-tous"],"_links":{"self":[{"href":"http:\/\/www.affinite.fr\/index.php\/wp-json\/wp\/v2\/posts\/7462"}],"collection":[{"href":"http:\/\/www.affinite.fr\/index.php\/wp-json\/wp\/v2\/posts"}],"about":[{"href":"http:\/\/www.affinite.fr\/index.php\/wp-json\/wp\/v2\/types\/post"}],"author":[{"embeddable":true,"href":"http:\/\/www.affinite.fr\/index.php\/wp-json\/wp\/v2\/users\/1"}],"replies":[{"embeddable":true,"href":"http:\/\/www.affinite.fr\/index.php\/wp-json\/wp\/v2\/comments?post=7462"}],"version-history":[{"count":0,"href":"http:\/\/www.affinite.fr\/index.php\/wp-json\/wp\/v2\/posts\/7462\/revisions"}],"wp:featuredmedia":[{"embeddable":true,"href":"http:\/\/www.affinite.fr\/index.php\/wp-json\/wp\/v2\/media\/7463"}],"wp:attachment":[{"href":"http:\/\/www.affinite.fr\/index.php\/wp-json\/wp\/v2\/media?parent=7462"}],"wp:term":[{"taxonomy":"category","embeddable":true,"href":"http:\/\/www.affinite.fr\/index.php\/wp-json\/wp\/v2\/categories?post=7462"},{"taxonomy":"post_tag","embeddable":true,"href":"http:\/\/www.affinite.fr\/index.php\/wp-json\/wp\/v2\/tags?post=7462"}],"curies":[{"name":"wp","href":"https:\/\/api.w.org\/{rel}","templated":true}]}}