{"id":746,"date":"2020-03-17T11:48:02","date_gmt":"2020-03-17T11:48:02","guid":{"rendered":"https:\/\/www.affinite.fr\/index.php\/2020\/03\/17\/il-etait-une-fois-la-patisserie-3\/"},"modified":"2020-03-17T11:48:02","modified_gmt":"2020-03-17T11:48:02","slug":"il-etait-une-fois-la-patisserie-3","status":"publish","type":"post","link":"http:\/\/www.affinite.fr\/index.php\/2020\/03\/17\/il-etait-une-fois-la-patisserie-3\/","title":{"rendered":"Il \u00e9tait une fois la p\u00e2tisserie"},"content":{"rendered":"<p> [ad_1]<br \/>\n<\/p>\n<div>\nJe vous ai beaucoup parl\u00e9 d&rsquo;\u00e9clairs cette semaine avec la <a href=\"https:\/\/www.iletaitunefoislapatisserie.com\/2020\/03\/la-quinzaine-des-eclairs-2020.html\" target=\"_blank\" rel=\"noopener noreferrer\">quinzaine des \u00e9clairs<\/a>. Aujourd&rsquo;hui, \u00e0 moi de revisiter cette fameuse p\u00e2tisserie avec un <span style=\"font-size: large;\"><b><span class=\"fn\">\u00e9clair citron et pralin\u00e9 !<\/span><\/b><\/span> C&rsquo;est une association qui marche super bien et que vous allez adorer.<\/p>\n<div class=\"separator\" style=\"clear: both; text-align: center;\">\n<a href=\"https:\/\/www.iletaitunefoislapatisserie.com\/2020\/03\/eclairs-citron-et-praline-recette.html\"><img decoding=\"async\" alt=\"recette \u00e9clairs citron pralin\u00e9\" border=\"0\" class=\"photo\" data-original-height=\"433\" data-original-width=\"650\" src=\"https:\/\/1.bp.blogspot.com\/-8U74AYy6hvE\/XmilF085m-I\/AAAAAAABMEU\/N_VilM6Eb4w-pAwpiUwjK4BDWJs3FOWhgCLcBGAsYHQ\/s1600\/recette-%25C3%25A9clairs-citron.jpg\" title=\"eclairs citron pralin\u00e9\"\/><\/a><\/div>\n<p><a name=\"more\"\/><br \/>Pour ceux qui n&rsquo;auraient pas suivi, <b>3 \u00e9clairs originaux<\/b> sont \u00e0 l&rsquo;honneur dans les boulangeries-p\u00e2tisseries participant \u00e0 la quinzaine des \u00e9clairs, du 9 au 21 mars 2020 : <a href=\"https:\/\/www.iletaitunefoislapatisserie.com\/2020\/03\/leclair-liberty-la-quinzaine-des-eclairs.html\" target=\"_blank\" rel=\"noopener noreferrer\">l&rsquo;\u00e9clair liberty<\/a> (mon pr\u00e9f\u00e9r\u00e9), l&rsquo;\u00e9clair Lovely et l&rsquo;\u00e9clair Betsy.<\/p>\n<p>De mon c\u00f4t\u00e9, je vous propose une <b>recette d&rsquo;\u00e9clair citron et pralin\u00e9<\/b>. J&rsquo;ai gard\u00e9 le c\u00f4t\u00e9 traditionnel de l&rsquo;\u00e9clair avec une base de <a href=\"https:\/\/www.iletaitunefoislapatisserie.com\/2013\/04\/la-creme-patissiere.html\" target=\"_blank\" rel=\"noopener noreferrer\">cr\u00e8me p\u00e2tissi\u00e8re<\/a> que j&rsquo;ai all\u00e9g\u00e9e en <a href=\"https:\/\/www.iletaitunefoislapatisserie.com\/2019\/07\/creme-diplomate.html\" target=\"_blank\" rel=\"noopener noreferrer\">cr\u00e8me diplomate<\/a> et parfum\u00e9e au citron. J&rsquo;ai fourr\u00e9 cette cr\u00e8me de pointes de <a href=\"https:\/\/www.iletaitunefoislapatisserie.com\/2016\/03\/pate-de-praline-maison.html\" target=\"_blank\" rel=\"noopener noreferrer\">pralin\u00e9<\/a> pour contre-balancer l&rsquo;acidit\u00e9 du citron et apporter un maximum de gourmandise.<\/p>\n<div class=\"separator\" style=\"clear: both; text-align: center;\">\n<a href=\"https:\/\/1.bp.blogspot.com\/-OqbX0-QnwFQ\/XmqoSFEEF6I\/AAAAAAABMFY\/qE_WjZQFuk4CfbxL0_pMgZ9Z5LnzCJHTwCLcBGAsYHQ\/s1600\/%25C3%25A9clairs-citron--et-pralin%25C3%25A9.jpg\" imageanchor=\"1\" style=\"margin-left: 1em; margin-right: 1em;\"><img decoding=\"async\" alt=\"recette \u00e9clairs citron et pralin\u00e9\" border=\"0\" data-original-height=\"929\" data-original-width=\"650\" src=\"https:\/\/1.bp.blogspot.com\/-OqbX0-QnwFQ\/XmqoSFEEF6I\/AAAAAAABMFY\/qE_WjZQFuk4CfbxL0_pMgZ9Z5LnzCJHTwCLcBGAsYHQ\/s1600\/%25C3%25A9clairs-citron--et-pralin%25C3%25A9.jpg\" title=\"\u00e9clairs citron pralin\u00e9\"\/><\/a><\/div>\n<p><u>R\u00e9sultat <\/u>: c&rsquo;est une tuerie !<\/p>\n<p><span style=\"font-size: large;\"><b>D&rsquo;autres recettes d&rsquo;\u00e9clairs ?<\/b><\/span><\/p>\n<p><\/p>\n<div class=\"separator\" style=\"clear: both; text-align: center;\">\n<a href=\"https:\/\/1.bp.blogspot.com\/-lucC6WqQ0AU\/XmqoSNPXaqI\/AAAAAAABMFc\/fQvB1M-q6n0le28Jv5_pzrGsZTPKak3jwCLcBGAsYHQ\/s1600\/recette-%25C3%25A9clairs-citron-et-pralin%25C3%25A9.jpg\" imageanchor=\"1\" style=\"margin-left: 1em; margin-right: 1em;\"><img decoding=\"async\" alt=\"\u00e9clairs citron\" border=\"0\" data-original-height=\"876\" data-original-width=\"650\" src=\"https:\/\/1.bp.blogspot.com\/-lucC6WqQ0AU\/XmqoSNPXaqI\/AAAAAAABMFc\/fQvB1M-q6n0le28Jv5_pzrGsZTPKak3jwCLcBGAsYHQ\/s1600\/recette-%25C3%25A9clairs-citron-et-pralin%25C3%25A9.jpg\" title=\"\u00e9clairs pralin\u00e9 citron\"\/><\/a><\/div>\n<div class=\"snippet2\">\n<b><u>INFOS RECETTE :<\/u><\/b><\/p>\n<p>\u00a0 Parts : <b><span class=\"yield\">10<\/span> \u00e9clairs citron pralin\u00e9<\/b><br \/><i class=\"fas fa-utensils\"\/>\u00a0 Pr\u00e9paration : <b><span class=\"preptime\">1 heure<span class=\"value-title\" title=\"PT01H00M\"\/><\/span><\/b><br \/><i class=\"fas fa-cookie\"\/>\u00a0 Cuisson : <b><span class=\"cooktime\">25 \u00e0 30 minutes<span class=\"value-title\" title=\"PT00H25M\"\/><\/span><\/b><br \/><i class=\"far fa-clock\"\/>\u00a0 Total : <b><span class=\"duration\">1 h 30<span class=\"value-title\" title=\"PT01H25M\"\/><\/span><\/b><\/p>\n<\/div>\n<div class=\"quantite\">\n<u>Ingr\u00e9dients :<\/u><br \/><u>Pour la p\u00e2te \u00e0 choux :<\/u><\/p>\n<ul style=\"text-align: left;\">\n<li><span class=\"ingredient\">60 ml d&rsquo;eau<\/span><\/li>\n<li><span class=\"ingredient\">60 ml de lait<\/span><\/li>\n<li><span class=\"ingredient\">2 g de sel<\/span><\/li>\n<li><span class=\"ingredient\">4 g de sucre<\/span><\/li>\n<li><span class=\"ingredient\">50 g de beurre<\/span><\/li>\n<li><span class=\"ingredient\">75 g de farine<\/span><\/li>\n<li><span class=\"ingredient\">2 \u0153ufs<\/span><\/li>\n<\/ul>\n<p><u><br \/><\/u><br \/>\n<u>Pour la cr\u00e8me diplomate au citron :<\/u><\/p>\n<ul style=\"text-align: left;\">\n<li><span class=\"ingredient\">2 feuilles de g\u00e9latine<\/span><\/li>\n<li><span class=\"ingredient\">20 cl de lait entier<\/span><\/li>\n<li>1 gros citron<\/li>\n<li><span class=\"ingredient\">3 jaunes d\u2019\u0153ufs<\/span><\/li>\n<li><span class=\"ingredient\">60 g de sucre en poudre<\/span><\/li>\n<li><span class=\"ingredient\">25 g de f\u00e9cule de ma\u00efs<\/span><\/li>\n<li><span class=\"ingredient\">15 g de farine<\/span><\/li>\n<li><span class=\"ingredient\">20 cl de cr\u00e8me liquide bien froide <\/span><\/li>\n<\/ul>\n<p><u><br \/><\/u><br \/>\n<u>Pour le pralin\u00e9 :<\/u> (vous en aurez trop, vous pouvez le conserver plusieurs mois \u00e0 temp\u00e9rature ambiante)<u><br \/><\/u><\/p>\n<ul style=\"text-align: left;\">\n<li><span class=\"ingredient\">60 g de noisettes enti\u00e8res<\/span><\/li>\n<li><span class=\"ingredient\">60 g d&rsquo;amandes enti\u00e8res<\/span><\/li>\n<li><span class=\"ingredient\">80 g de sucre en poudre<\/span><\/li>\n<li><span class=\"ingredient\">25 ml d&rsquo;eau<\/span><\/li>\n<\/ul>\n<\/div>\n<p><u>D\u00e9co <\/u>:<\/p>\n<ul style=\"text-align: left;\">\n<li>Gla\u00e7age dor\u00e9 (celui que j&rsquo;ai utilis\u00e9 n&rsquo;est plus en vente, mais vous pouvez faire la m\u00eame chose avec du <a href=\"https:\/\/www.scrapcooking.fr\/fr\/6674-preparation-fondant-blanc-pour-glacage-500g.html\" rel=\"nofollow noopener noreferrer\" target=\"_blank\">fondant blanc<\/a> et du <a href=\"https:\/\/www.scrapcooking.fr\/fr\/7924-colorant-de-surface-or.html\" rel=\"nofollow noopener noreferrer\" target=\"_blank\">colorant dor\u00e9<\/a>. Vous avez -10% sur le tout avec le code CHRISTELLE10)<\/li>\n<li>Noisettes concass\u00e9es<\/li>\n<\/ul>\n<p><!-- Dans l'article --><\/p>\n<p><span class=\"instructions\"><u>Pr\u00e9paration :<\/u><\/span><\/p>\n<h3 style=\"text-align: left;\">\n<span class=\"instructions\">Cr\u00e8me diplomate au citron<\/span><\/h3>\n<p>\n1. Placez la g\u00e9latine dans un bol d&rsquo;eau froide.<\/p>\n<p><span class=\"instructions\">2. Dans un r\u00e9cipient, fouettez ensemble les jaunes et le sucre jusqu&rsquo;\u00e0 ce que le<br \/>\n m\u00e9lange <b>blanchisse<\/b>. Ajoutez la f\u00e9cule de ma\u00efs et la farine tamis\u00e9es. Zestez le citron et ajoutez les zestes \u00e0 la pr\u00e9paration. j&rsquo;utilise une <a href=\"https:\/\/amzn.to\/3aOnSzE\" rel=\"nofollow noopener noreferrer\" target=\"_blank\">r\u00e2pe microplane<\/a> pour avoir des zestes hyper fins.<\/span><br \/><span class=\"instructions\">3. Versez le<br \/>\nlait petit \u00e0 petit sur le m\u00e9lange, tout en fouettant.<br \/>\nAjoutez le<b> jus de citron<\/b>.<\/span><br \/><span class=\"instructions\"><br \/>\n<br \/>4. Placez le tout dans une casserole.<\/span><br \/><span class=\"instructions\"><br \/>\n<br \/>5. Laissez cuire \u00e0 feu moyen quelques minutes jusqu&rsquo;\u00e0 ce que le m\u00e9lange<br \/>\n\u00e9paississe. Attention, pas trop longtemps car la cr\u00e8me p\u00e2tissi\u00e8re<br \/>\n<b>continue d&rsquo;\u00e9paissir ensuite hors du feu<\/b> en refroidissant. Je compte quelques secondes apr\u00e8s la premi\u00e8re \u00e9bullition.<\/span><br \/><span class=\"instructions\"><br \/><\/span><br \/>\n<span class=\"instructions\">6. Hors du feu, ajoutez imm\u00e9diatement la g\u00e9latine essor\u00e9e. M\u00e9langez afin de la faire fondre.<br \/>\n<\/span><\/p>\n<p>7. Filmez au <b>contact <\/b>(c&rsquo;est-\u00e0-dire en collant le film alimentaire \u00e0 la pr\u00e9paration), pour \u00e9viter qu&rsquo;une croute ne se forme.<\/p>\n<div class=\"separator\" style=\"clear: both; text-align: center;\">\n<a href=\"https:\/\/1.bp.blogspot.com\/-Y7ckBMhip9I\/XmylGtiBNVI\/AAAAAAABMGI\/LFQ39gntTZoW1_knEPX0t3PgESYbUFjHwCLcBGAsYHQ\/s1600\/IMG_7854.jpg\" imageanchor=\"1\" style=\"margin-left: 1em; margin-right: 1em;\"><img decoding=\"async\" border=\"0\" data-original-height=\"316\" data-original-width=\"400\" src=\"https:\/\/1.bp.blogspot.com\/-Y7ckBMhip9I\/XmylGtiBNVI\/AAAAAAABMGI\/LFQ39gntTZoW1_knEPX0t3PgESYbUFjHwCLcBGAsYHQ\/s1600\/IMG_7854.jpg\"\/><\/a><\/div>\n<p>8. En attendant, fouettez la cr\u00e8me liquide <b>bien froide<\/b>, en augmentant la vitesse progressivement, jusqu&rsquo;\u00e0 obtenir une cr\u00e8me <a href=\"http:\/\/www.affinite.fr\/index.php\/2022\/10\/22\/la-creme-glacee-la-nouvelle-culture-commerciale\/\">ferme<\/a> et qui tient toute seule sur le fouet.<\/p>\n<p>9. Quand la cr\u00e8me p\u00e2tissi\u00e8re est redescendue \u00e0 environ 30\u00b0C, ajoutez la<br \/>\ncr\u00e8me fouett\u00e9e d\u00e9licatement avec une maryse, en y allant petit \u00e0 petit.<\/p>\n<div class=\"separator\" style=\"clear: both; text-align: center;\">\n<a href=\"https:\/\/1.bp.blogspot.com\/-8yyIM3bwETs\/XmylMkgkRMI\/AAAAAAABMGM\/1Lm9qOPxf6k-tOxCKioz3DEsLfVax4c6gCLcBGAsYHQ\/s1600\/IMG_7855.jpg\" imageanchor=\"1\" style=\"margin-left: 1em; margin-right: 1em;\"><img decoding=\"async\" border=\"0\" data-original-height=\"267\" data-original-width=\"400\" src=\"https:\/\/1.bp.blogspot.com\/-8yyIM3bwETs\/XmylMkgkRMI\/AAAAAAABMGM\/1Lm9qOPxf6k-tOxCKioz3DEsLfVax4c6gCLcBGAsYHQ\/s1600\/IMG_7855.jpg\"\/><\/a><\/div>\n<p>\nVous pouvez commencer par ajouter une premi\u00e8re grosse cuill\u00e8re \u00e0 soupe<br \/>\nde cr\u00e8me fouett\u00e9e et l&rsquo;incorporez en m\u00e9langeant fortement. Par contre,<br \/>\npour la suite, allez-y d\u00e9licatement afin de ne pas faire retomber la<br \/>\ncr\u00e8me.<\/p>\n<p>Placez la cr\u00e8me diplomate dans une <span class=\"lienamazon\"><a href=\"https:\/\/amzn.to\/332VZ41\" rel=\"nofollow noopener noreferrer\" target=\"_blank\">poche \u00e0 douille<\/a><\/span> munie d&rsquo;une <span class=\"lienamazon\"><a href=\"https:\/\/amzn.to\/2U3J2TF\" rel=\"nofollow noopener noreferrer\" target=\"_blank\">douille \u00e0 saint Honor\u00e9<\/a><\/span>.<\/p>\n<div class=\"separator\" style=\"clear: both; text-align: center;\">\n<a href=\"https:\/\/1.bp.blogspot.com\/-sp9SCgB3ues\/XmylQHnd_rI\/AAAAAAABMGQ\/mdF57FJfCL0toXX5XsacRLyqB02IcqF_gCLcBGAsYHQ\/s1600\/IMG_7856.jpg\" imageanchor=\"1\" style=\"margin-left: 1em; margin-right: 1em;\"><img decoding=\"async\" border=\"0\" data-original-height=\"169\" data-original-width=\"400\" src=\"https:\/\/1.bp.blogspot.com\/-sp9SCgB3ues\/XmylQHnd_rI\/AAAAAAABMGQ\/mdF57FJfCL0toXX5XsacRLyqB02IcqF_gCLcBGAsYHQ\/s1600\/IMG_7856.jpg\"\/><\/a><\/div>\n<p>Placez au r\u00e9frig\u00e9rateur le temps de pr\u00e9parer la suite.<\/p>\n<h3 style=\"text-align: left;\">\n<span class=\"instructions\">P\u00e2te \u00e0 choux <\/span><\/h3>\n<p><span class=\"instructions\">Pour la <b>p\u00e2te \u00e0 choux<\/b>, je vous renvoie \u00e0 <a href=\"https:\/\/www.iletaitunefoislapatisserie.com\/2013\/05\/pate-choux.html\" target=\"_blank\" rel=\"noopener noreferrer\">cet article<\/a> dans lequel la recette est d\u00e9taill\u00e9e.<\/span><\/p>\n<p><span class=\"instructions\">Vous donne quand m\u00eame les grandes \u00e9tapes ici:<\/span><\/p>\n<p><span class=\"instructions\">1. Dans une casserole, faites chauffer ensemble le lait, l&rsquo;eau, le sel et le sucre. A l&rsquo;\u00e9bullition, diminuez le feu et ajoutez le beurre. Laissez-le fondre compl\u00e8tement.<\/span><\/p>\n<p><span class=\"instructions\">2. Ajoutez la farine en une fois et m\u00e9langez sur feu moyen jusqu&rsquo;\u00e0 ce que la p\u00e2te \u00e0 choux <b>colle au fond de la casserole<\/b> et laisse une pellicule.<\/span><\/p>\n<div class=\"separator\" style=\"clear: both; text-align: center;\">\n<a href=\"https:\/\/1.bp.blogspot.com\/-s48ObSv-sf0\/XkrN4YWbVEI\/AAAAAAABL1c\/rWxNIdqk4f86OCA9WHC8G7Tfo6Tkqr-_gCLcBGAsYHQ\/s1600\/IMG_7639.jpg\" imageanchor=\"1\" style=\"margin-left: 1em; margin-right: 1em;\"><img decoding=\"async\" border=\"0\" data-original-height=\"300\" data-original-width=\"400\" src=\"https:\/\/1.bp.blogspot.com\/-s48ObSv-sf0\/XkrN4YWbVEI\/AAAAAAABL1c\/rWxNIdqk4f86OCA9WHC8G7Tfo6Tkqr-_gCLcBGAsYHQ\/s1600\/IMG_7639.jpg\"\/><\/a><\/div>\n<p><span class=\"instructions\">3. Dans un autre r\u00e9cipient, fouettez les oeufs <b>en omelette<\/b>. Versez-les petit \u00e0 petit dans la p\u00e2te \u00e0 choux, en m\u00e9langeant entre chaque ajout. Au d\u00e9but, vous aurez une texture un peu bizarre, mais c&rsquo;est normal.<\/span><\/p>\n<p><span class=\"instructions\">A la fin, elle doit \u00eatre <b>lisse et brillante<\/b>. Si ce n&rsquo;est pas le cas, ajoutez un peu d&rsquo;oeuf. <\/span><br \/><span class=\"instructions\"\/><br \/><span class=\"instructions\">4. Placez la p\u00e2te \u00e0 choux dans une poche \u00e0 douille munie d&rsquo;une douille petits-fours et dressez des boudins de 15 cm de long environ. L&rsquo;id\u00e9al est d&rsquo;utiliser une <span class=\"\" lienamazon=\"\"><a href=\"https:\/\/www.amazon.fr\/gp\/product\/B00NSH4JTU\/ref=as_li_tl?ie=UTF8&amp;camp=1642&amp;creative=19458&amp;creativeASIN=B00NSH4JTU&amp;linkCode=as2&amp;tag=deshistoadorm-21\" rel=\"nofollow noopener noreferrer\" target=\"_blank\">douille petits fours<\/a><\/span> car la r\u00e9partition de la chaleur se fera mieux lors de la cuisson des \u00e9clairs.<\/span><\/p>\n<div class=\"separator\" style=\"clear: both; text-align: center;\">\n<a href=\"https:\/\/1.bp.blogspot.com\/-B7MQ06CpAI4\/XmioevWW-3I\/AAAAAAABME4\/2cVr63MQtPUQHWCZlfVFgzEpeX-mV5aDgCLcBGAsYHQ\/s1600\/IMG_7857.jpg\" imageanchor=\"1\" style=\"margin-left: 1em; margin-right: 1em;\"><img decoding=\"async\" border=\"0\" data-original-height=\"278\" data-original-width=\"400\" src=\"https:\/\/1.bp.blogspot.com\/-B7MQ06CpAI4\/XmioevWW-3I\/AAAAAAABME4\/2cVr63MQtPUQHWCZlfVFgzEpeX-mV5aDgCLcBGAsYHQ\/s1600\/IMG_7857.jpg\"\/><\/a><\/div>\n<p><span class=\"instructions\"><br \/>\n5. Enfournez dans un four <b>pr\u00e9chauff\u00e9 \u00e0 250\u00b0C<\/b> en diminuant imm\u00e9diatement la temp\u00e9rature \u00e0 180\u00b0C.<\/span><\/p>\n<p><span class=\"instructions\">Ouvrez le four au bout de 25 mn pour laisser s&rsquo;\u00e9vaporer l&rsquo;humidit\u00e9 (<u><b>surtout pas avant<\/b><\/u>), puis laissez cuire encore 5 mn.<\/span><br \/><span class=\"instructions\"><br \/>6. Sortez les \u00e9clairs du four et laissez-les refroidir sur une grille.<br \/><\/span><\/p>\n<h3 style=\"text-align: left;\">\nPralin\u00e9<\/h3>\n<p><span class=\"instructions\">1. Commencez par placer l&rsquo;eau et le sucre en<br \/>\npoudre dans une po\u00eale ou une casserole \u00e0 fond large. Faites chauffer<br \/>\njusqu&rsquo;\u00e0 atteindre 118\u00b0C.<\/span><\/p>\n<p><span class=\"instructions\">2. Ajoutez alors les noisettes et les amandes. Petit \u00e0 petit, elles vont se couvrir d&rsquo;une pellicule blanche. On dit que le sucre <b>sable<\/b>.<\/span><\/p>\n<div class=\"separator\" style=\"clear: both; text-align: center;\">\n<span class=\"instructions\"><a href=\"https:\/\/3.bp.blogspot.com\/-2gRgoYSt2Tg\/VtseFXNg20I\/AAAAAAAAJqo\/q3IqsIF6DR4\/s1600\/IMG_4828.JPG\" style=\"margin-left: 1em; margin-right: 1em;\"><img loading=\"lazy\" decoding=\"async\" border=\"0\" height=\"257\" src=\"https:\/\/3.bp.blogspot.com\/-2gRgoYSt2Tg\/VtseFXNg20I\/AAAAAAAAJqo\/q3IqsIF6DR4\/s320\/IMG_4828.JPG\" width=\"320\"\/><\/a><\/span><\/div>\n<p><span class=\"instructions\"><br \/>\n<br \/>3. Laisser cuire jusqu&rsquo;\u00e0 ce que le sucre refonde et caram\u00e9lise.<\/span><\/p>\n<p><span class=\"instructions\">4. Versez alors le m\u00e9lange sur une feuille de papier sulfuris\u00e9 et laissez refroidir compl\u00e8tement.<\/span><\/p>\n<div class=\"separator\" style=\"clear: both; text-align: center;\">\n<span class=\"instructions\"><a href=\"https:\/\/3.bp.blogspot.com\/-kXaljYw13q8\/VtseFZuCCCI\/AAAAAAAAJqo\/NewnsWrQTxA\/s1600\/IMG_4837.JPG\" style=\"margin-left: 1em; margin-right: 1em;\"><img loading=\"lazy\" decoding=\"async\" border=\"0\" height=\"213\" src=\"https:\/\/3.bp.blogspot.com\/-kXaljYw13q8\/VtseFZuCCCI\/AAAAAAAAJqo\/NewnsWrQTxA\/s320\/IMG_4837.JPG\" width=\"320\"\/><\/a><\/span><\/div>\n<p><span class=\"instructions\"><br \/>\n<br \/>5. Concassez les <b>amandes <\/b>et les <b>noisettes <\/b>grossi\u00e8rement en fonction de la puissance de votre robot et placez-les dans votre blender ou mixeur.<\/span><\/p>\n<p><span class=\"instructions\">6. Mixez jusqu&rsquo;\u00e0 obtenir une p\u00e2te lisse. \u00c7a peut prendre une dizaine de minutes. Faites des pauses de temps en temps pour ne pas faire trop chauffer le robot.<\/span><\/p>\n<h3 class=\"separator\" style=\"clear: both; text-align: left;\">\nMontage<\/h3>\n<p>\n1. Trempez le dessus de chaque \u00e9clair dans du fondant et laissez s\u00e9chez. Coupez ensuite les \u00e9clairs en deux.<\/p>\n<p>\n2. Pochez la <b>cr\u00e8me citron<\/b> dans chaque dessous d&rsquo;\u00e9clair.<\/p>\n<p>\n3. Placez le <b>pralin\u00e9 <\/b>dans une poche \u00e0 douille et r\u00e9partissez des pointes de pralin\u00e9 sur la cr\u00e8me.<\/p>\n<p>\n4. D\u00e9corez avec des noisettes concass\u00e9es. <\/p>\n<p><\/p>\n<div class=\"separator\" style=\"clear: both; text-align: center;\">\n<a href=\"https:\/\/1.bp.blogspot.com\/-9JpH0hnP2KQ\/XmipFWWOQzI\/AAAAAAABMFA\/zTfbPcgVWugjzqyIS4hPrta2GRZcu2THgCLcBGAsYHQ\/s1600\/recette-%25C3%25A9clairs-citron-noisette.jpg\" imageanchor=\"1\" style=\"margin-left: 1em; margin-right: 1em;\"><img decoding=\"async\" alt=\"recette \u00e9clair pralin\u00e9 et citron\" border=\"0\" data-original-height=\"1046\" data-original-width=\"650\" src=\"https:\/\/1.bp.blogspot.com\/-9JpH0hnP2KQ\/XmipFWWOQzI\/AAAAAAABMFA\/zTfbPcgVWugjzqyIS4hPrta2GRZcu2THgCLcBGAsYHQ\/s1600\/recette-%25C3%25A9clairs-citron-noisette.jpg\" title=\"\u00e9clairs pralin\u00e9 citron\"\/><\/a><\/div>\n<p><\/p>\n<div class=\"separator\" style=\"clear: both; text-align: center;\">\n<a href=\"https:\/\/1.bp.blogspot.com\/-PvVtiMKVars\/XmipFbrspWI\/AAAAAAABMFE\/PK0dqLBYjYgRjGwPm9Dv8VlbS_24XYMpACLcBGAsYHQ\/s1600\/%25C3%25A9clairs-citron-pralin%25C3%25A9.jpg\" imageanchor=\"1\" style=\"margin-left: 1em; margin-right: 1em;\"><img decoding=\"async\" alt=\"recette pralin\u00e9 citron\" border=\"0\" data-original-height=\"475\" data-original-width=\"650\" src=\"https:\/\/1.bp.blogspot.com\/-PvVtiMKVars\/XmipFbrspWI\/AAAAAAABMFE\/PK0dqLBYjYgRjGwPm9Dv8VlbS_24XYMpACLcBGAsYHQ\/s1600\/%25C3%25A9clairs-citron-pralin%25C3%25A9.jpg\" title=\"\u00e9clair citron pralin\u00e9\"\/><\/a><\/div>\n<p>Vous pouvez aussi suivre l&rsquo;op\u00e9ration <b>Quinzaine des \u00e9clairs<\/b> sur les r\u00e9seaux sociaux :<\/p>\n<p>\n<i>En collaboration avec le Cercle des gourmands<\/i><\/p>\n<\/div>\n<p>[ad_2]<br \/>\n<br \/><a href=\"https:\/\/www.iletaitunefoislapatisserie.com\/2020\/03\/eclairs-citron-et-praline-recette.html\">Source link <\/a><\/p>\n","protected":false},"excerpt":{"rendered":"<p>[ad_1] Je vous ai beaucoup parl\u00e9 d&rsquo;\u00e9clairs cette semaine avec la quinzaine des \u00e9clairs. Aujourd&rsquo;hui, \u00e0 moi de revisiter cette &hellip; <a href=\"http:\/\/www.affinite.fr\/index.php\/2020\/03\/17\/il-etait-une-fois-la-patisserie-3\/\" class=\"more-link\">Plus <span class=\"screen-reader-text\">Il \u00e9tait une fois la p\u00e2tisserie<\/span> <span class=\"meta-nav\">&rarr;<\/span><\/a><\/p>\n","protected":false},"author":1,"featured_media":747,"comment_status":"open","ping_status":"open","sticky":false,"template":"","format":"standard","meta":{"_sitemap_exclude":false,"_sitemap_priority":"","_sitemap_frequency":"","footnotes":""},"categories":[1],"tags":[],"class_list":["post-746","post","type-post","status-publish","format-standard","has-post-thumbnail","hentry","category-tous"],"_links":{"self":[{"href":"http:\/\/www.affinite.fr\/index.php\/wp-json\/wp\/v2\/posts\/746"}],"collection":[{"href":"http:\/\/www.affinite.fr\/index.php\/wp-json\/wp\/v2\/posts"}],"about":[{"href":"http:\/\/www.affinite.fr\/index.php\/wp-json\/wp\/v2\/types\/post"}],"author":[{"embeddable":true,"href":"http:\/\/www.affinite.fr\/index.php\/wp-json\/wp\/v2\/users\/1"}],"replies":[{"embeddable":true,"href":"http:\/\/www.affinite.fr\/index.php\/wp-json\/wp\/v2\/comments?post=746"}],"version-history":[{"count":0,"href":"http:\/\/www.affinite.fr\/index.php\/wp-json\/wp\/v2\/posts\/746\/revisions"}],"wp:featuredmedia":[{"embeddable":true,"href":"http:\/\/www.affinite.fr\/index.php\/wp-json\/wp\/v2\/media\/747"}],"wp:attachment":[{"href":"http:\/\/www.affinite.fr\/index.php\/wp-json\/wp\/v2\/media?parent=746"}],"wp:term":[{"taxonomy":"category","embeddable":true,"href":"http:\/\/www.affinite.fr\/index.php\/wp-json\/wp\/v2\/categories?post=746"},{"taxonomy":"post_tag","embeddable":true,"href":"http:\/\/www.affinite.fr\/index.php\/wp-json\/wp\/v2\/tags?post=746"}],"curies":[{"name":"wp","href":"https:\/\/api.w.org\/{rel}","templated":true}]}}