{"id":7456,"date":"2022-02-12T21:03:06","date_gmt":"2022-02-12T21:03:06","guid":{"rendered":"https:\/\/www.affinite.fr\/index.php\/2022\/02\/12\/secrets-dune-icone-tv-qui-a-mene-sa-vie-a-bride-abattue\/"},"modified":"2022-02-12T21:03:06","modified_gmt":"2022-02-12T21:03:06","slug":"secrets-dune-icone-tv-qui-a-mene-sa-vie-a-bride-abattue","status":"publish","type":"post","link":"http:\/\/www.affinite.fr\/index.php\/2022\/02\/12\/secrets-dune-icone-tv-qui-a-mene-sa-vie-a-bride-abattue\/","title":{"rendered":"secrets d&rsquo;une ic\u00f4ne TV qui a men\u00e9 sa vie \u00e0 bride abattue"},"content":{"rendered":"<p> [ad_1]<br \/>\n<br \/><img decoding=\"async\" src=\"https:\/\/img-3.journaldesfemmes.fr\/x8tM5FNQmNgzZwJbL26E4TcJVBk=\/1280x\/smart\/cfcfcd48e9f44e108066e97f79c3f58b\/ccmcms-jdf\/31840126.jpg\" \/><\/p>\n<p>\n                Pierrette Br\u00e8s f\u00eate ses 83\u00a0ans ce 12\u00a0f\u00e9vrier. Souriante et passionn\u00e9e, cette ancienne shampouineuse qui ne se destinait pas du tout \u00e0 une carri\u00e8re \u00e0 la t\u00e9l\u00e9vision a \u00e9t\u00e9 chroniqueuse hippique pendant 40\u00a0ans. Retour sur la naissance de sa passion, ses difficult\u00e9s, ses 3\u00a0mariages (et 3\u00a0divorces) et sa vie priv\u00e9e mouvement\u00e9e un temps \u00e9loign\u00e9e de ses enfants.            <\/p>\n<div>\n<p>Dans l&rsquo;esprit des t\u00e9l\u00e9spectateurs, Pierrette Br\u00e8s, qui c\u00e9l\u00e8bre\u00a0ses 83 ans\u00a0ce 12 f\u00e9vrier, restera la grande sp\u00e9cialiste du monde hippique . Sa passion pour les cheveux est n\u00e9e pendant son enfance.<strong> Fille d&rsquo;un marin devenu chef de chantier et d&rsquo;une m\u00e8re au foyer, elle voit le jour \u00e0 Cannes<\/strong> et grandit dans une fratrie de 4 enfants. La petite fille d\u00e9couvre les manades, des troupeaux de chevaux conduits\u00a0par un gardian, quand <strong>sa famille se r\u00e9fugie chez ses grands-parents\u00a0\u00e0 Maussane en Camargue<\/strong>\u00a0lors du d\u00e9barquement de Provence. Un amour immod\u00e9r\u00e9 na\u00eet\u00a0et ne la quittera jamais.\u00a0<\/p>\n<h2>Pierrette Br\u00e8s, de shampouineuse \u00e0 chroniqueuse hippique<\/h2>\n<p>La jeune fille n&rsquo;a en revanche jamais imagin\u00e9 faire carri\u00e8re \u00e0 la t\u00e9l\u00e9vision et devient shampouineuse dans un grand salon parisien. La rencontre avec un client, un certain Robert Forget, va changer sa vie. \u00ab\u00a0<em>J&rsquo;ai \u00e9t\u00e9 intrigu\u00e9e par un client qui venait se faire coiffer avec Paris-Turf dans les mains (&#8230;)\u00a0J&rsquo;\u00e9tais passionn\u00e9e par les chevaux depuis ma plus tendre enfance apr\u00e8s avoir grandi en Camargue alors je lui ai confi\u00e9 que mon r\u00eave serait de monter \u00e0 cheval<\/em>\u00ab\u00a0, a\u00a0expliqu\u00e9 Pierrette Br\u00e8s au <em>Parisien<\/em> en mars dernier.<\/p>\n<p>Une confession qui marque ce propri\u00e9taire de cheveux de course qui lui propose des cours d&rsquo;\u00e9quitation. Motiv\u00e9e, la jeune fille alors \u00e2g\u00e9e de 26 ans obtient sa licence de cavali\u00e8re et participe \u00e0 des courses hippiques. C&rsquo;est lors d&rsquo;une de ces comp\u00e9titions que le journaliste de Paris Match Andr\u00e9 Lacaze la remarque et lui propose d&rsquo;int\u00e9grer la r\u00e9daction du Journal Week-end qui vient d&rsquo;\u00eatre lanc\u00e9.<\/p>\n<p><strong>En 1964,<\/strong> c&rsquo;est la cons\u00e9cration:\u00a0Raymond Marcillac, le patron des sports \u00e0 l&rsquo;ORTF, lui propose de\u00a0devenir la <strong>premi\u00e8re femme \u00e0 animer une \u00e9mission hippique \u00e0 la t\u00e9l\u00e9vision.<\/strong> \u00ab\u00a0<em>Je montais r\u00e9guli\u00e8rement \u00e0 l&rsquo;entra\u00eenement aux c\u00f4t\u00e9s d&rsquo; Yves Saint-Martin et Alain Lequeux. J&rsquo;avais des renseignements sur les prochains partants des tierc\u00e9s, ce qui me permettait d&rsquo;avoir une longueur d&rsquo;avance sur L\u00e9on <\/em>(Zitrone)<em>, qui a cherch\u00e9 \u00e0 m&rsquo;\u00e9vincer de l&rsquo;antenne \u00e0 maintes reprises<\/em>\u00ab\u00a0, avait expliqu\u00e9 Pierrette Br\u00e8s toujours au <em>Parisien<\/em>.<\/p>\n<h2>Pierrette Br\u00e8s, heureuse retrait\u00e9e\u00a0<\/h2>\n<p>Pendant pr\u00e8s de 40 ans, elle va suivre l&rsquo;\u00e9volution du monde hippique et notamment sa f\u00e9minisation et pr\u00e9sent\u00e9\u00a0 le tierc\u00e9 pendant 12 ans sur <em>France 2<\/em>.\u00a0Elle est aussi l&rsquo;une des premi\u00e8res \u00e0 la t\u00e9l\u00e9vision \u00e0 se pr\u00e9occuper de <strong>la cause animale<\/strong>: en 1978, elle fait un reportage sur les conditions inhumaines de <strong>transport des chevaux de boucherie<\/strong> entre la Russie, la Pologne et la France.\u00a0<br \/>Apr\u00e8s plus de 40 ans ans, Pierrette Br\u00e8s prend sa <a href=\"http:\/\/www.affinite.fr\/index.php\/2023\/07\/29\/changer-de-vie-voyager-complement-de-retraite-devenez-vendeur-de-glace-a-litalienne\/\">retraite<\/a> t\u00e9l\u00e9visuelle en 2001, lorsque la diffusion du <em>Quint\u00e9+<\/em> passe de <em>France 2\u00a0<\/em>\u00e0<em> Canal+.<\/em> La m\u00eame ann\u00e9e, elle cr\u00e9e <em><strong>La Licorne<\/strong><\/em>, une association qui <strong>vient en aide aux enfants autistes<\/strong> en leur\u00a0leur offrant des s\u00e9ances d&rsquo;\u00e9quitherapie.<\/p>\n<p>Et depuis&#8230; le monde de la t\u00e9l\u00e9vision ne lui manque pas du tout! \u00ab\u00a0<em><strong>Je ne veux plus rien faire! <\/strong>On m&rsquo;a d\u00e9j\u00e0 sollicit\u00e9e pourtant. J&rsquo;ai travaill\u00e9 quarante ans de ma vie sans discontinuer, avec tr\u00e8s peu de vacances et peu de week-ends. Alors je suis invit\u00e9e partout, j&rsquo;assiste souvent aux diff\u00e9rentes courses, que ce soit \u00e0 Cagnes ou ailleurs. On m&rsquo;estime toujours beaucoup dans ce milieu, car je pense avoir su mettre en valeur les chevaux, tout au long de ma carri\u00e8re. Et j&rsquo;ai \u00e9t\u00e9 la premi\u00e8re et la seule \u00e0 l&rsquo;avoir fait de cette fa\u00e7on-l\u00e0. Je suis fi\u00e8re de ma carri\u00e8re. J&rsquo;ai souvent lutt\u00e9, et j&rsquo;ai gagn\u00e9<\/em>\u00ab\u00a0, expliquait en 2019 \u00e0 <em>Var Matin<\/em> la cavali\u00e8re alors tout juste octog\u00e9naire.<\/p>\n<h2>3 mariages et 3 divorces pour\u00a0Pierrette Br\u00e8s<\/h2>\n<p>Pierrette Br\u00e8s a en effet men\u00e9 des combats de haute lutte pour s&rsquo;affirmer en tant que femme \u00e0 la t\u00e9l\u00e9vision, mais \u00e9galement dans sa vie priv\u00e9e. <strong>Mari\u00e9e et divorc\u00e9e trois fois, elle\u00a0connait un v\u00e9ritable cauchemar quand le p\u00e8re de sa fille et de son fils les emm\u00e8nent contre son gr\u00e9 aux Etats-Unis. <\/strong>Elle ne les retrouvera\u00a0qu&rsquo;un an plus tard mais ne poursuivra pas son ex mari en justice. \u00ab\u00a0<em>Ma m\u00e8re s&rsquo;est conduite de mani\u00e8re tr\u00e8s intelligente en ne poursuivant pas mon p\u00e8re et en acceptant qu&rsquo;il continue \u00e0 nous voir<\/em>\u00ab\u00a0, avait en effet expliqu\u00e9 Isabelle Br\u00e8s dans l&rsquo;\u00e9mission <em>Confessions Intimes<\/em>.<\/p>\n<p>Mais cette \u00e9preuve a rapproch\u00e9 les deux femmes et <strong>Pierrette Br\u00e8s\u00a0a transmis le flambeau\u00a0\u00e0 sa fille Isabelle Br\u00e8s<\/strong> qui est devenue <strong>animatrice<\/strong>. et qui partage sa passion des chevaux.<\/p>\n<h2>Le combat de sa fille Isabelle Br\u00e8s<\/h2>\n<p><strong>Isabelle Br\u00e8s a aussi connu son lot de souffrances<\/strong>: en 2019, elle a subi une <a href=\"https:\/\/sante.journaldesfemmes.fr\/fiches-anatomie-et-examens\/2556662-hysterectomie-ablation-uterus-technique-douleur-consequences\/\" title=\"Ablation de l'ut\u00e9rus\">hyst\u00e9rectomie<\/a>. \u00ab\u00a0<em>J&rsquo;avais un fibrome maous\u00a0costaud qu&rsquo;il fallait retirer et mon m\u00e9decin m&rsquo;a propos\u00e9 de retirer l&rsquo;ut\u00e9rus, le col de l&rsquo;ut\u00e9rus et les trompes avec afin d&rsquo;\u00e9viter le cancer dans ces zones. Cela divise \u00e9galement par deux le risque de <a href=\"https:\/\/sante.journaldesfemmes.fr\/fiches-maladies\/2602446-cancer-ovaire-age-symptome-depistage-pronostic-traitement\/\" title=\"Cancer de l'ovaire\">cancer des ovaires<\/a>. J&rsquo;ai donc \u00e9videmment accept\u00e9<\/em>\u00ab\u00a0, avait racont\u00e9 sur Facebook l&rsquo;animatrice, maman de Paul, fruit de ses amours avec Pascal Sellem, et de Camille.<\/p>\n<p><iframe loading=\"lazy\" allow=\"autoplay; clipboard-write; encrypted-media; picture-in-picture; web-share\" allowfullscreen=\"true\" frameborder=\"0\" height=\"725\" scrolling=\"no\" src=\"https:\/\/www.facebook.com\/plugins\/post.php?href=https%3A%2F%2Fwww.facebook.com%2Fisabelle.bres.5%2Fposts%2F10159921018524712&amp;show_text=true&amp;width=500\" style=\"border:none;overflow:hidden\" width=\"500\"><\/iframe><\/p>\n<p>Transform\u00e9e par cette p\u00e9riode difficile de sa vie, la journaliste a d\u00e9cid\u00e9 de tourner le dos \u00e0 la t\u00e9l\u00e9vision et\u00a0de se reconvertir dans la <strong>d\u00e9coration int\u00e9rieure<\/strong>. Un cocon.Un besoin de revenir \u00e0 l&rsquo;essentiel salu\u00e9 par sa maman!<\/p>\n<\/p><\/div>\n<p>[ad_2]<br \/>\n<br \/><a href=\"https:\/\/www.journaldesfemmes.fr\/people\/evenements\/2783877-pierrette-bres-tv-chevaux-mari-fille-isabelle-age-vie\/\">Source link <\/a><\/p>\n","protected":false},"excerpt":{"rendered":"<p>[ad_1] Pierrette Br\u00e8s f\u00eate ses 83\u00a0ans ce 12\u00a0f\u00e9vrier. Souriante et passionn\u00e9e, cette ancienne shampouineuse qui ne se destinait pas du &hellip; <a href=\"http:\/\/www.affinite.fr\/index.php\/2022\/02\/12\/secrets-dune-icone-tv-qui-a-mene-sa-vie-a-bride-abattue\/\" class=\"more-link\">Plus <span class=\"screen-reader-text\">secrets d&rsquo;une ic\u00f4ne TV qui a men\u00e9 sa vie \u00e0 bride abattue<\/span> <span class=\"meta-nav\">&rarr;<\/span><\/a><\/p>\n","protected":false},"author":1,"featured_media":7457,"comment_status":"","ping_status":"open","sticky":false,"template":"","format":"standard","meta":{"_sitemap_exclude":false,"_sitemap_priority":"","_sitemap_frequency":"","footnotes":""},"categories":[1],"tags":[],"class_list":["post-7456","post","type-post","status-publish","format-standard","has-post-thumbnail","hentry","category-tous"],"_links":{"self":[{"href":"http:\/\/www.affinite.fr\/index.php\/wp-json\/wp\/v2\/posts\/7456"}],"collection":[{"href":"http:\/\/www.affinite.fr\/index.php\/wp-json\/wp\/v2\/posts"}],"about":[{"href":"http:\/\/www.affinite.fr\/index.php\/wp-json\/wp\/v2\/types\/post"}],"author":[{"embeddable":true,"href":"http:\/\/www.affinite.fr\/index.php\/wp-json\/wp\/v2\/users\/1"}],"replies":[{"embeddable":true,"href":"http:\/\/www.affinite.fr\/index.php\/wp-json\/wp\/v2\/comments?post=7456"}],"version-history":[{"count":0,"href":"http:\/\/www.affinite.fr\/index.php\/wp-json\/wp\/v2\/posts\/7456\/revisions"}],"wp:featuredmedia":[{"embeddable":true,"href":"http:\/\/www.affinite.fr\/index.php\/wp-json\/wp\/v2\/media\/7457"}],"wp:attachment":[{"href":"http:\/\/www.affinite.fr\/index.php\/wp-json\/wp\/v2\/media?parent=7456"}],"wp:term":[{"taxonomy":"category","embeddable":true,"href":"http:\/\/www.affinite.fr\/index.php\/wp-json\/wp\/v2\/categories?post=7456"},{"taxonomy":"post_tag","embeddable":true,"href":"http:\/\/www.affinite.fr\/index.php\/wp-json\/wp\/v2\/tags?post=7456"}],"curies":[{"name":"wp","href":"https:\/\/api.w.org\/{rel}","templated":true}]}}