{"id":7453,"date":"2022-02-11T21:00:54","date_gmt":"2022-02-11T21:00:54","guid":{"rendered":"https:\/\/www.affinite.fr\/index.php\/2022\/02\/11\/le-decongestionnant-nasal-doit-etre-inhale\/"},"modified":"2022-02-11T21:00:54","modified_gmt":"2022-02-11T21:00:54","slug":"le-decongestionnant-nasal-doit-etre-inhale","status":"publish","type":"post","link":"http:\/\/www.affinite.fr\/index.php\/2022\/02\/11\/le-decongestionnant-nasal-doit-etre-inhale\/","title":{"rendered":"\u00ab\u00a0Le d\u00e9congestionnant nasal doit \u00eatre inhal\u00e9\u00a0\u00bb"},"content":{"rendered":"<p> [ad_1]<br \/>\n<br \/><img decoding=\"async\" src=\"https:\/\/img-3.journaldesfemmes.fr\/E3bfI2ai_aOjTxacyeFfwVL_C0Q=\/1280x\/smart\/5d8573a03eb84d328c3594cdd1dcf837\/ccmcms-jdf\/31819425.jpg\" \/><\/p>\n<p>\n                Balsol\u00e8ne est un m\u00e9dicament indiqu\u00e9 comme d\u00e9congestionnant nasal au cours des affections respiratoires banales (rhumes, rhinites, rhinopharyngites) chez l&rsquo;adulte et l&rsquo;enfant de plus de 12\u00a0ans. \u00ab\u00a0Balsol\u00e8ne ne doit pas \u00eatre aval\u00e9, mais inhal\u00e9\u00a0\u00bb rappelle l&rsquo;Agence Nationale de S\u00e9curit\u00e9 du M\u00e9dicament et des produits de sant\u00e9 (ANSM) le 7\u00a0f\u00e9vrier.            <\/p>\n<div>\n<p>Le\u00a07 f\u00e9vrier 2022, l&rsquo;<a href=\"https:\/\/ansm.sante.fr\/actualites\/le-decongestionnant-nasal-balsolene-ne-doit-pas-etre-avale-mais-inhale\" target=\"_blank\" rel=\"noopener\">Agence nationale de s\u00e9curit\u00e9 du m\u00e9dicament et des produits de sant\u00e9<\/a> (ANSM) alerte sur\u00a0les <strong>erreurs de voie d&rsquo;administration du Balsol\u00e8ne<\/strong>. Elle rappelle que \u00ab\u00a0<em>le d\u00e9congestionnant nasal Balsol\u00e8ne <strong>ne doit pas \u00eatre aval\u00e9, mais inhal\u00e9<\/strong><\/em>\u00a0\u00bb et de rappeler \u00ab\u00a0<em>aux patients que le mode d&rsquo;administration de Balsol\u00e8ne <strong>se fait par fumigation\u00a0: la solution doit \u00eatre plac\u00e9e dans un bol d&rsquo;eau chaude ou dans un inhalateur en plastique\u00a0\u00bb<\/strong>.\u00a0<\/em>Ce m\u00e9dicament est indiqu\u00e9 comme <strong>d\u00e9congestionnant au cours des affections respiratoires banales (rhumes, rhinites, rhinopharyngites) chez l&rsquo;adulte et l&rsquo;enfant de plus de 12\u00a0ans<\/strong>. \u00ab\u00a0<em>Des cas d&rsquo;erreurs m\u00e9dicamenteuses avec ce m\u00e9dicament nous ont \u00e9t\u00e9 rapport\u00e9s. Ces erreurs consistent en une <strong>ingestion accidentelle du produit par confusion <\/strong>avec, le plus souvent, un sirop antitussif, notamment suite \u00e0 la d\u00e9livrance concomitante de ces 2\u00a0produits. Les<strong> effets ind\u00e9sirables rapport\u00e9s sont des irritations oropharyng\u00e9es et douleurs gastriques<\/strong><\/em>\u00a0\u00bb met en garde l&rsquo;ANSM. Afin d&rsquo;am\u00e9liorer la lisibilit\u00e9 de la voie d&rsquo;administration, l&rsquo;\u00e9tui et l&rsquo;\u00e9tiquetage de Balsol\u00e8ne seront prochainement modifi\u00e9s\u00a0: la mention <em>\u00ab\u00a0Ne pas avaler<\/em>\u00a0\u00bb sera inscrite en plus gros pr\u00e9cise encore l&rsquo;Agence. Le Balsol\u00e8ne est vendu en pharmacie. Le Balsol\u00e8ne est <strong>compos\u00e9 de benjoin du Laos, dit du Siam, d&rsquo;huile essentielle de niaouli et d&rsquo;eucalyptus et de l\u00e9vomenthol. <\/strong>Ce m\u00e9dicament n&rsquo;est pas remboursable, et son prix est libre selon la <a href=\"https:\/\/base-donnees-publique.medicaments.gouv.fr\/extrait.php?specid=69610529\" target=\"_blank\" rel=\"noopener\">base de donn\u00e9es publique de m\u00e9dicaments<\/a> du minist\u00e8re de la Sant\u00e9. Pour utiliser Balsol\u00e8ne, <strong>verser une cuill\u00e8re \u00e0 caf\u00e9 de solution dans un bol d&rsquo;eau tr\u00e8s chaude mais non bouillante et inhaler les vapeurs. R\u00e9p\u00e9ter les inhalations 3\u00a0fois par jour.<\/strong> Au niveau des contre-indications, il ne faut pas prendre de Balsol\u00e8ne <strong>en cas d&rsquo;hypersensibilit\u00e9 \u00e0 l&rsquo;un des constituants, ou en cas d&rsquo;ant\u00e9c\u00e9dents de convulsions<\/strong> (f\u00e9briles ou non) pour les enfants. \u00ab\u00a0<em>Cette sp\u00e9cialit\u00e9 contient des d\u00e9riv\u00e9s terp\u00e9niques (eucalyptus, niaouli, l\u00e9vomenthol) qui peuvent entra\u00eener \u00e0 doses excessives: <strong>des accidents \u00e0 type de convulsions, chez le nourrisson et chez l&rsquo;enfant, des pauses respiratoires et des collapsus chez le nourrisson<\/strong>\u00ab\u00a0<\/em>\u00a0met en garde le minist\u00e8re de la Sant\u00e9. <em>\u00ab\u00a0En cas <strong>d&rsquo;allaitement, il est pr\u00e9f\u00e9rable de ne pas utiliser ce m\u00e9dicament<\/strong> en cas d&rsquo;allaitement du fait de l&rsquo;absence de donn\u00e9e cin\u00e9tique sur le passage des d\u00e9riv\u00e9s terp\u00e9niques dans le lait et de leur toxicit\u00e9 neurologique potentielle chez le nourrisson.\u00a0\u00bb<\/em><\/p>\n<\/p><\/div>\n<p>[ad_2]<br \/>\n<br \/><a href=\"https:\/\/sante.journaldesfemmes.fr\/traitements-et-medicaments\/2783775-balsolene-fumigation-inhalation-posologie-utilisation-toux-effets-secondaires\/\">Source link <\/a><\/p>\n","protected":false},"excerpt":{"rendered":"<p>[ad_1] Balsol\u00e8ne est un m\u00e9dicament indiqu\u00e9 comme d\u00e9congestionnant nasal au cours des affections respiratoires banales (rhumes, rhinites, rhinopharyngites) chez l&rsquo;adulte &hellip; <a href=\"http:\/\/www.affinite.fr\/index.php\/2022\/02\/11\/le-decongestionnant-nasal-doit-etre-inhale\/\" class=\"more-link\">Plus <span class=\"screen-reader-text\">\u00ab\u00a0Le d\u00e9congestionnant nasal doit \u00eatre inhal\u00e9\u00a0\u00bb<\/span> <span class=\"meta-nav\">&rarr;<\/span><\/a><\/p>\n","protected":false},"author":1,"featured_media":7454,"comment_status":"","ping_status":"open","sticky":false,"template":"","format":"standard","meta":{"_sitemap_exclude":false,"_sitemap_priority":"","_sitemap_frequency":"","footnotes":""},"categories":[1],"tags":[],"class_list":["post-7453","post","type-post","status-publish","format-standard","has-post-thumbnail","hentry","category-tous"],"_links":{"self":[{"href":"http:\/\/www.affinite.fr\/index.php\/wp-json\/wp\/v2\/posts\/7453"}],"collection":[{"href":"http:\/\/www.affinite.fr\/index.php\/wp-json\/wp\/v2\/posts"}],"about":[{"href":"http:\/\/www.affinite.fr\/index.php\/wp-json\/wp\/v2\/types\/post"}],"author":[{"embeddable":true,"href":"http:\/\/www.affinite.fr\/index.php\/wp-json\/wp\/v2\/users\/1"}],"replies":[{"embeddable":true,"href":"http:\/\/www.affinite.fr\/index.php\/wp-json\/wp\/v2\/comments?post=7453"}],"version-history":[{"count":0,"href":"http:\/\/www.affinite.fr\/index.php\/wp-json\/wp\/v2\/posts\/7453\/revisions"}],"wp:featuredmedia":[{"embeddable":true,"href":"http:\/\/www.affinite.fr\/index.php\/wp-json\/wp\/v2\/media\/7454"}],"wp:attachment":[{"href":"http:\/\/www.affinite.fr\/index.php\/wp-json\/wp\/v2\/media?parent=7453"}],"wp:term":[{"taxonomy":"category","embeddable":true,"href":"http:\/\/www.affinite.fr\/index.php\/wp-json\/wp\/v2\/categories?post=7453"},{"taxonomy":"post_tag","embeddable":true,"href":"http:\/\/www.affinite.fr\/index.php\/wp-json\/wp\/v2\/tags?post=7453"}],"curies":[{"name":"wp","href":"https:\/\/api.w.org\/{rel}","templated":true}]}}