{"id":7448,"date":"2022-02-10T20:58:09","date_gmt":"2022-02-10T20:58:09","guid":{"rendered":"https:\/\/www.affinite.fr\/index.php\/2022\/02\/10\/mort-du-pr-montagnier-autisme-vih-covid-decouvertes\/"},"modified":"2022-02-10T20:58:09","modified_gmt":"2022-02-10T20:58:09","slug":"mort-du-pr-montagnier-autisme-vih-covid-decouvertes","status":"publish","type":"post","link":"http:\/\/www.affinite.fr\/index.php\/2022\/02\/10\/mort-du-pr-montagnier-autisme-vih-covid-decouvertes\/","title":{"rendered":"Mort du Pr Montagnier\u00a0: autisme, VIH, Covid, d\u00e9couvertes"},"content":{"rendered":"<p> [ad_1]<br \/>\n<br \/><img decoding=\"async\" src=\"https:\/\/img-3.journaldesfemmes.fr\/1av8lv3yOosIzAYE8Qg-VDigGq4=\/1280x\/smart\/6131edaeff8a454f8e534e67fc4e3412\/ccmcms-jdf\/31793698.jpg\" \/><\/p>\n<p>\n                Le Pr Luc Montagnier, c\u00e9l\u00e8bre scientifique, est d\u00e9c\u00e9d\u00e9 le 8\u00a0f\u00e9vrier 2022\u00a0\u00e0 Neuilly. Ce biologiste \u00e9tait un membre de l&rsquo;Institut Pasteur, du CNRS et a obtenu le Prix Nobel de M\u00e9decine en 2008, pour ses travaux sur la d\u00e9couverte du VIH. Qui \u00e9tait-il et quelles sont ses autres d\u00e9couvertes\u00a0? Biographie.            <\/p>\n<div>\n<aside class=\"ccmsummary marqueur_module ccmcss_cms_summary ccmcss_cms_summary--right\">\n<p>Sommaire<\/p>\n<\/aside>\n<p>Le Professeur Luc Montagnier est <strong>d\u00e9c\u00e9d\u00e9 \u00e0 l&rsquo;\u00e2ge de 89 ans<\/strong> mardi 8 f\u00e9vrier 2022 \u00e0 l&rsquo;h\u00f4pital am\u00e9ricain de Neuilly, confirment conjointement <a href=\"https:\/\/www.liberation.fr\/checknews\/le-professeur-luc-montagnier-est-mort-20220210_T3AVUEDJGJHVNJLGKPYOGSRQEU\/\" target=\"_blank\" rel=\"noopener\">Lib\u00e9ration<\/a> et <a href=\"https:\/\/www.leparisien.fr\/societe\/sante\/le-professeur-luc-montagnier-est-mort-10-02-2022-TYHN6AO6CBFFVJBAARVA6R46MI.php\" target=\"_blank\" rel=\"noopener\">Le Parisien<\/a>, apr\u00e8s avoir consult\u00e9 le certificat de d\u00e9c\u00e8s fourni par la mairie de Neuilly. Qui \u00e9tait ce scientifique ?\u00a0Qu&rsquo;avait-il d\u00e9couvert ? Portrait.\u00a0<\/p>\n<h2 id=\"biographie--qui-etait-le-pr-luc-montagnier-\">Biographie : qui \u00e9tait le Pr Luc Montagnier ?<\/h2>\n<p>N\u00e9 le 18\u00a0ao\u00fbt 1932\u00a0\u00e0 Chabris en France, le Pr Luc Montagnier \u00e9tait <strong>un biologiste et virologue fran\u00e7ais<\/strong>, professeur \u00e0 <strong>l&rsquo;Institut Pasteur<\/strong>, o\u00f9 il a dirig\u00e9 l&rsquo;unit\u00e9 d&rsquo;oncologie virale de 1972 \u00e0 2009. Ses recherches ont notamment port\u00e9 sur l&rsquo;<strong>interf\u00e9ron<\/strong> et son r\u00f4le dans l&rsquo;expression g\u00e9n\u00e9tique des virus. Il \u00e9tait par ailleurs\u00a0membre du Centre national de la recherche scientifique (<strong>CNRS<\/strong>), dont il deviendra, plus tard,\u00a0directeur \u00e9m\u00e9rite de recherche. Il \u00e9tait \u00e9galement membre de l&rsquo;Acad\u00e9mie des sciences et membre de l&rsquo;Acad\u00e9mie nationale de m\u00e9decine.\u00a0<\/p>\n<h2 id=\"quelles-sont-ses-decouvertes-\">Quelles sont ses d\u00e9couvertes ?<\/h2>\n<p>Le Pr Luc Montagnier a obtenu le <strong>prix Nobel de m\u00e9decine en 2008<\/strong>, avec la Pr Fran\u00e7oise Barr\u00e9-Sinoussi, pour leurs travaux sur la d\u00e9couverte, en <strong>1983<\/strong>, du virus de l&rsquo;immunod\u00e9ficience humaine <strong>(VIH)<\/strong> responsable du syndrome du <a href=\"https:\/\/sante.journaldesfemmes.fr\/fiches-maladies\/2515989-virus-vih-sida-definition-difference-symptome-traitement-comment-savoir-seropositif-covid-test\/\" title=\"VIH\">SIDA<\/a>. Il a\u00a0 dirig\u00e9, sous l&rsquo;\u00e9gide de l&rsquo;Unesco, la Fondation mondiale recherche et pr\u00e9vention sida, qui a mont\u00e9 des centres de recherche <strong>en Afrique<\/strong>. Depuis la fin des ann\u00e9es 2000, le scientifique a\u00a0multipli\u00e9 les prises de paroles et de positions, d\u00e9fendant plusieurs th\u00e9ories notamment sur la m\u00e9moire de l&rsquo;eau (de Jacques Benveniste) de <strong>la t\u00e9l\u00e9portation de l&rsquo;<a href=\"https:\/\/sante.journaldesfemmes.fr\/fiches-anatomie-et-examens\/2726491-adn-definition-test-structure-role-maladies\/\" title=\"ADN\">ADN<\/a><\/strong> et s&rsquo;est \u00e9galement positionn\u00e9 contre la vaccination, dont les dires ont fait\u00a0l&rsquo;objet de nombreuses controverses. Il aurait \u00e9galement affirm\u00e9 que le traitement des <strong>personnes atteintes d&rsquo;<a href=\"https:\/\/sante.journaldesfemmes.fr\/fiches-maladies\/2062705-autisme-trouble-du-spectre-autistique-tsa-definition-signes-causes-test-scolarisation-association-france\/\" title=\"Autiste\">autisme<\/a><\/strong> pourrait se faire via des <strong>antibiotiques<\/strong>. Par ailleurs, il travaillait\u00a0sur de nouvelles m\u00e9thodes de d\u00e9tection de certaines infections, dont <strong>la <a href=\"https:\/\/sante.journaldesfemmes.fr\/fiches-maladies\/2513242-maladie-lyme-symptome-photo-guerison-traitement-transmission-chronique-france-carte\/\" title=\"Lyme\">maladie de Lyme<\/a>, <\/strong>mais aussi sur certaines<strong> maladies chroniques <\/strong>comme<strong> la maladie d&rsquo;Alzheimer et la polyarthrite<\/strong>. Il s&rsquo;\u00e9tait \u00e9galement exprim\u00e9 sur le virus du <a href=\"https:\/\/sante.journaldesfemmes.fr\/fiches-maladies\/2771815-chiffres-covid-france-cas-reanimation-7-8-fevrier-vaccination-hospitalisation-infos-aujourdhui\/\" title=\"Covid-19\">Covid<\/a>, estimant que le Sars-CoV-2 contiendrait \u00ab\u00a0<em>des s\u00e9quences du virus du SIDA<\/em>\u00ab\u00a0.\u00a0Une hypoth\u00e8se largement critiqu\u00e9e par la communaut\u00e9 scientifique.\u00a0<\/p>\n<\/p><\/div>\n<p>[ad_2]<br \/>\n<br \/><a href=\"https:\/\/sante.journaldesfemmes.fr\/maladies\/2783151-mort-pr-luc-montagnier-decede-autisme-age-vih-sida-prix-nobel-medecine-decouverte-biographie\/\">Source link <\/a><\/p>\n","protected":false},"excerpt":{"rendered":"<p>[ad_1] Le Pr Luc Montagnier, c\u00e9l\u00e8bre scientifique, est d\u00e9c\u00e9d\u00e9 le 8\u00a0f\u00e9vrier 2022\u00a0\u00e0 Neuilly. Ce biologiste \u00e9tait un membre de l&rsquo;Institut &hellip; <a href=\"http:\/\/www.affinite.fr\/index.php\/2022\/02\/10\/mort-du-pr-montagnier-autisme-vih-covid-decouvertes\/\" class=\"more-link\">Plus <span class=\"screen-reader-text\">Mort du Pr Montagnier\u00a0: autisme, VIH, Covid, d\u00e9couvertes<\/span> <span class=\"meta-nav\">&rarr;<\/span><\/a><\/p>\n","protected":false},"author":1,"featured_media":7449,"comment_status":"","ping_status":"open","sticky":false,"template":"","format":"standard","meta":{"_sitemap_exclude":false,"_sitemap_priority":"","_sitemap_frequency":"","footnotes":""},"categories":[1],"tags":[],"class_list":["post-7448","post","type-post","status-publish","format-standard","has-post-thumbnail","hentry","category-tous"],"_links":{"self":[{"href":"http:\/\/www.affinite.fr\/index.php\/wp-json\/wp\/v2\/posts\/7448"}],"collection":[{"href":"http:\/\/www.affinite.fr\/index.php\/wp-json\/wp\/v2\/posts"}],"about":[{"href":"http:\/\/www.affinite.fr\/index.php\/wp-json\/wp\/v2\/types\/post"}],"author":[{"embeddable":true,"href":"http:\/\/www.affinite.fr\/index.php\/wp-json\/wp\/v2\/users\/1"}],"replies":[{"embeddable":true,"href":"http:\/\/www.affinite.fr\/index.php\/wp-json\/wp\/v2\/comments?post=7448"}],"version-history":[{"count":0,"href":"http:\/\/www.affinite.fr\/index.php\/wp-json\/wp\/v2\/posts\/7448\/revisions"}],"wp:featuredmedia":[{"embeddable":true,"href":"http:\/\/www.affinite.fr\/index.php\/wp-json\/wp\/v2\/media\/7449"}],"wp:attachment":[{"href":"http:\/\/www.affinite.fr\/index.php\/wp-json\/wp\/v2\/media?parent=7448"}],"wp:term":[{"taxonomy":"category","embeddable":true,"href":"http:\/\/www.affinite.fr\/index.php\/wp-json\/wp\/v2\/categories?post=7448"},{"taxonomy":"post_tag","embeddable":true,"href":"http:\/\/www.affinite.fr\/index.php\/wp-json\/wp\/v2\/tags?post=7448"}],"curies":[{"name":"wp","href":"https:\/\/api.w.org\/{rel}","templated":true}]}}