{"id":7442,"date":"2022-02-09T06:56:30","date_gmt":"2022-02-09T06:56:30","guid":{"rendered":"https:\/\/www.affinite.fr\/index.php\/2022\/02\/09\/alice-nevers-on-etait-sur-le-tournage-du-final-avec-marine-delterme-et-jean-michel-tinivelli-news-series-a-la-tv\/"},"modified":"2022-02-09T06:56:30","modified_gmt":"2022-02-09T06:56:30","slug":"alice-nevers-on-etait-sur-le-tournage-du-final-avec-marine-delterme-et-jean-michel-tinivelli-news-series-a-la-tv","status":"publish","type":"post","link":"http:\/\/www.affinite.fr\/index.php\/2022\/02\/09\/alice-nevers-on-etait-sur-le-tournage-du-final-avec-marine-delterme-et-jean-michel-tinivelli-news-series-a-la-tv\/","title":{"rendered":"Alice Nevers : on \u00e9tait sur le tournage du final avec Marine Delterme et Jean-Michel Tinivelli &#8211; News S\u00e9ries \u00e0 la TV"},"content":{"rendered":"<p> [ad_1]<br \/>\n<\/p>\n<p>Apr\u00e8s 18 saisons, la s\u00e9rie \u00ab\u00a0Alice Nevers\u00a0\u00bb s&rsquo;arr\u00eate au terme d&rsquo;un double \u00e9pisode final qui sera diffus\u00e9 ce jeudi sur TF1. Rencontre avec Marine Delterme, Jean-Michel Tinivelli, et le producteur Vincent Mouluquet sur le tournage de cet ultime chapitre.<\/p>\n<div id=\"article-content\">\n<figure class=\"player player-auto-play js-player\" data-model=\"{&quot;videos&quot;:[{&quot;id&quot;:19595551,&quot;sources&quot;:{&quot;high&quot;:&quot;https:\/\/fr.vid.web.acsta.net\/nmedia\/33\/22\/02\/03\/14\/19595551_hd_013.mp4&quot;,&quot;low&quot;:&quot;https:\/\/fr.vid.web.acsta.net\/nmedia\/33\/22\/02\/03\/14\/19595551_l_013.mp4&quot;,&quot;medium&quot;:&quot;https:\/\/fr.vid.web.acsta.net\/nmedia\/33\/22\/02\/03\/14\/19595551_m_013.mp4&quot;,&quot;standard&quot;:&quot;https:\/\/fr.vid.web.acsta.net\/nmedia\/33\/22\/02\/03\/14\/19595551_sd_013.mp4&quot;},&quot;image&quot;:&quot;\/videothumbnails\/22\/02\/03\/14\/46\/1072524.jpg&quot;,&quot;title&quot;:&quot;Alice Nevers : la bande-annonce du final u00e9vu00e9nement de la su00e9rie&quot;,&quot;trackingIdentifier&quot;:&quot;19595551-alice_nevers_la_bande_annonce_du_final_evenement_de_la_serie&quot;,&quot;embedUrl&quot;:&quot;ACraHRACr0cHM6Ly9wbGF5ZXIuYWxsb2NpbmUuZnIvMTk1OTU1NTEuaHRtbA==&quot;,&quot;file_type&quot;:&quot;TRAILER&quot;,&quot;description&quot;:&quot;Alice Nevers : la bande-annonce du final u00e9vu00e9nement de la su00e9rie&quot;,&quot;duration&quot;:51,&quot;view_count&quot;:2491,&quot;added_at&quot;:{&quot;date&quot;:&quot;2022-02-03 14:45:00.000000&quot;,&quot;timezone_type&quot;:3,&quot;timezone&quot;:&quot;Europe\/Paris&quot;},&quot;metas&quot;:{&quot;id_main_show&quot;:null,&quot;name_main_show&quot;:null,&quot;image_main_show&quot;:null,&quot;id_main_movie&quot;:null,&quot;name_main_movie&quot;:null,&quot;image_main_movie&quot;:null,&quot;id_main_series&quot;:741,&quot;name_main_series&quot;:&quot;Alice Nevers, le juge est une femme&quot;,&quot;image_main_series&quot;:null,&quot;id_main_season&quot;:44339,&quot;name_main_season&quot;:null,&quot;image_main_season&quot;:null,&quot;main_season_number&quot;:19,&quot;id_main_person&quot;:null,&quot;name_main_person&quot;:null,&quot;image_main_person&quot;:null,&quot;use_portal&quot;:null,&quot;release_date_main_movie&quot;:null,&quot;nb_days_release_main_movie&quot;:null,&quot;id_meta_category&quot;:null,&quot;name_meta_category&quot;:null,&quot;localized_file_type&quot;:null,&quot;trans_file_type&quot;:null,&quot;main_movie_type&quot;:null,&quot;main_season_rating&quot;:null,&quot;main_series_rating&quot;:null,&quot;main_season_user_note_count&quot;:null,&quot;genre_main_movie&quot;:null,&quot;genre_main_series&quot;:null,&quot;release_status_movie&quot;:null,&quot;release_status_series&quot;:null},&quot;relatedEntityType&quot;:&quot;series&quot;,&quot;relatedEntityId&quot;:741,&quot;relatedEntityTitle&quot;:&quot;Alice Nevers, le juge est une femme&quot;,&quot;entityStatus&quot;:&quot;ended&quot;,&quot;relatedEntityTrackingIdentifier&quot;:&quot;741-alice_nevers_le_juge_est_une_femme&quot;}],&quot;disablePreroll&quot;:false,&quot;disablePostroll&quot;:false,&quot;endScreen&quot;:true,&quot;context&quot;:&quot;newspage_news&quot;,&quot;launch&quot;:&quot;auto-play&quot;,&quot;followScroll&quot;:true,&quot;editorialContent&quot;:&quot;18706749-alice_nevers_on_etait_sur_le_tournage_du_final_avec_marine_delterme_et_jean_michel_tinivelli&quot;,&quot;disableAutoPause&quot;:true,&quot;player_position&quot;:&quot;playertop&quot;}\" data-thumb=\"https:\/\/fr.web.img2.acsta.net\/r_640_360\/videothumbnails\/22\/02\/03\/14\/46\/1072524.jpg\">\n<\/figure>\n<p>Clap de fin pour <a title=\"Alice Nevers, le juge est une femme (France) (Judiciaire,Policier)\" href=\"http:\/\/www.allocine.fr\/series\/ficheserie_gen_cserie=741.html\">Alice Nevers<\/a>. Apr\u00e8s 18 saisons, 121 \u00e9pisodes, et pr\u00e8s de vingt ans d&rsquo;existence, la s\u00e9rie emmen\u00e9e par\u00a0<a title=\"Marine Delterme (France) (Acteur)\" href=\"http:\/\/www.allocine.fr\/personne\/fichepersonne_gen_cpersonne=2390.html\">Marine Delterme<\/a> et <a title=\"Jean-Michel Tinivelli (France) (Acteur)\" href=\"http:\/\/www.allocine.fr\/personne\/fichepersonne_gen_cpersonne=99657.html\">Jean-Michel Tinivelli<\/a>, qui fait suite au succ\u00e8s de la version du Juge est une femme avec <a title=\"Florence Pernel (France) (Acteur)\" href=\"http:\/\/www.allocine.fr\/personne\/fichepersonne_gen_cpersonne=16452.html\">Florence Pernel<\/a>, s&rsquo;ach\u00e8ve ce jeudi 10 f\u00e9vrier \u00e0 21h10 sur TF1 avec la diffusion d&rsquo;un double \u00e9pisode de conclusion intitul\u00e9 \u00ab\u00a0Cavalcades\u00a0\u00bb, qui promet d\u00e9j\u00e0 d&rsquo;offrir un joli bouquet final aux fans des aventures de la procureure et de son fid\u00e8le Marquand.<\/p>\n<p>R\u00e9alis\u00e9 par\u00a0<a title=\"Chris Briant (France) (R\u00e9alisateur,Acteur)\" href=\"http:\/\/www.allocine.fr\/personne\/fichepersonne_gen_cpersonne=503745.html\">Chris Briant<\/a> et \u00e9crit par\u00a0<a title=\"Claire Alexandrakis (France) (Sc\u00e9nariste,Directeur de collection,Cr\u00e9ateur)\" href=\"http:\/\/www.allocine.fr\/personne\/fichepersonne_gen_cpersonne=50196.html\">Claire Alexandrakis<\/a> et <a title=\"Aude Blanchard (France) (Sc\u00e9nariste,Directeur de collection)\" href=\"http:\/\/www.allocine.fr\/personne\/fichepersonne_gen_cpersonne=165654.html\">Aude Blanchard<\/a>, ce final a \u00e9t\u00e9 tourn\u00e9 en novembre dernier, entre la r\u00e9gion parisienne et la <a href=\"http:\/\/www.affinite.fr\/index.php\/2024\/11\/21\/construire-votre-maison-en-normandie\/\">Normandie<\/a>, afin de coller au nouveau d\u00e9part des deux h\u00e9ros.<\/p>\n<p>AlloCin\u00e9 a pu assister \u00e0 l&rsquo;une des derni\u00e8res journ\u00e9es de tournage de ce double \u00e9pisode forc\u00e9ment particulier, o\u00f9 flottait une m\u00e9lange de nostalgie, d&rsquo;\u00e9motion, et de joie \u00e0 l&rsquo;id\u00e9e de pouvoir clore comme il se doit l&rsquo;une des s\u00e9ries fran\u00e7aises les plus longues de l&rsquo;histoire de la t\u00e9l\u00e9vision.<\/p>\n<p>Alice Nevers made in Normandie&#8230; ou presque<\/p>\n<p>Mardi 23 novembre 2021. Sous un froid glacial, direction le Ch\u00e2teau de Bouff\u00e9mont, \u00e0 une trentaine de kilom\u00e8tres de Paris, en plein coeur de la for\u00eat de Montmorency, o\u00f9 les \u00e9quipes d&rsquo;Ego Productions ont pos\u00e9 leurs cam\u00e9ras le temps de tourner quelques s\u00e9quences cens\u00e9es se d\u00e9rouler dans le ch\u00e2teau du Prince Fay\u00e7al (<a title=\"Selim Clayssen (France) (Acteur)\" href=\"http:\/\/www.allocine.fr\/personne\/fichepersonne_gen_cpersonne=172837.html\">Selim Clayssen<\/a>), qui se retrouve li\u00e9 \u00e0 l&rsquo;enqu\u00eate d&rsquo;Alice et de Marquand, et fait partie de la longue liste des suspects de \u00ab\u00a0Cavalcades\u00a0\u00bb.<\/p>\n<p><i>\u00ab\u00a0L\u2019action de ce double \u00e9pisode se passe en Normandie, mais on ne pouvait pas tout tourner l\u00e0-bas pour des raisons \u00e9conomiques, donc on a fait en sorte de trouver des d\u00e9cors en r\u00e9gion parisienne qui puissent passer pour la Normandie\u00a0\u00bb<\/i>, nous explique le producteur d&rsquo;Alice Nevers, <a title=\"Vincent Mouluquet (Ind\u00e9fini) (Producteur)\" href=\"http:\/\/www.allocine.fr\/personne\/fichepersonne_gen_cpersonne=555818.html\">Vincent Mouluquet<\/a>, entre deux sc\u00e8nes.<\/p>\n<p><i>\u00ab\u00a0On est surtout all\u00e9 en Normandie pour des ext\u00e9rieurs. On est dans le milieu des courses hippiques, donc on a utilis\u00e9 des pistes d\u2019entra\u00eenement au pied du Mont-Saint-Michel, des plages magnifiques, et on y a tourn\u00e9 les ext\u00e9rieurs du commissariat local \u00e0 Granville, ainsi qu&rsquo;une course hippique, juste \u00e0 c\u00f4t\u00e9 de Deauville. On a trouv\u00e9 un juste \u00e9quilibre entre ce qu\u2019on filmait l\u00e0-bas et ce qu\u2019on tournait en r\u00e9gion parisienne. Et on a d\u00e9couvert ce ch\u00e2teau et on s\u2019est dit qu\u2019il avait certains atouts en termes de d\u00e9coration qui amenaient le luxe auquel on aspirait pour le domaine de notre prince qatari\u00a0\u00bb<\/i>.<\/p>\n<div class=\"article-figure-holder\">\n<figure class=\"article-figure mceNonEditable\">\n<img loading=\"lazy\" decoding=\"async\" class=\"article-figure-img\" src=\"data:image\/gif;base64,R0lGODlhAgABAPAAAAAAAAAAACH5BAEAAAAAIf8LSW1hZ2VNYWdpY2sNZ2FtbWE9MC40NTQ1NQAsAAAAAAIAAQAAAgIECgA7\" data-src=\"https:\/\/fr.web.img6.acsta.net\/newsv7\/22\/02\/08\/21\/49\/1268742.jpg\" width=\"640\" height=\"320\"\/><br \/>\n <span class=\"article-figcaption-copy\">PHILIPPE WARRIN \/ TF1<\/span><br \/>\n<\/figure>\n<\/div>\n<p>Pour ce final tr\u00e8s attendu, exit donc le cadre parisien d&rsquo;Alice Nevers et direction la province o\u00f9 les deux h\u00e9ros ont choisi de d\u00e9buter une nouvelle vie. Mais le travail n&rsquo;est jamais bien loin et la procureure Nevers, ainsi qu&rsquo;un Marquand infiltr\u00e9 dans un centre d&rsquo;entra\u00eenement \u00e9questre, vont tenter d&rsquo;\u00e9lucider le meurtre d&rsquo;un jeune jockey (<a title=\"Gr\u00e9goire Champion (France) (Acteur)\" href=\"http:\/\/www.allocine.fr\/personne\/fichepersonne_gen_cpersonne=822221.html\">Gr\u00e9goire Champion<\/a>) promis \u00e0 un tr\u00e8s bel avenir.<\/p>\n<p>L&rsquo;occasion de croiser, ce jour-l\u00e0,\u00a0<a title=\"Paul Bartel (II) (France) (Acteur)\" href=\"http:\/\/www.allocine.fr\/personne\/fichepersonne_gen_cpersonne=539493.html\">Paul Bartel<\/a> (<a title=\"Les Petits princes (France) - 2013 (Com\u00e9die dramatique)\" href=\"http:\/\/www.allocine.fr\/film\/fichefilm_gen_cfilm=213306.html\">Les Petits princes<\/a>, <a title=\"Tu es mon fils (France) - 2015 (Drame)\" href=\"http:\/\/www.allocine.fr\/film\/fichefilm_gen_cfilm=235311.html\">Tu es mon fils<\/a>), qui pr\u00eate ses traits \u00e0 Chris, un rival de la victime, et se dit <i>\u00ab\u00a0ravi de faire partie de la fin d&rsquo;un ph\u00e9nom\u00e8ne comme Alice Nevers\u00a0\u00bb<\/i>, alors qu&rsquo;il\u00a0s&rsquo;appr\u00eate \u00e0 tourner une s\u00e9quence avec Marine Deltermne, Jean-Michel Tinivelli, et <a title=\"Jessyrielle Massengo (France) (Acteur)\" href=\"http:\/\/www.allocine.fr\/personne\/fichepersonne_gen_cpersonne=849980.html\">Jessyrielle Massengo<\/a>. Car, pour ne rien arranger, Ada, la fille d&rsquo;Alice et de Marquand, est tomb\u00e9e amoureuse de Chris et a d\u00e9cid\u00e9 de faire le mur pour retrouver celui qui fait battre son coeur. Quitte \u00e0 se mettre en danger ?<\/p>\n<p>Un final sous forme de <a href=\"http:\/\/www.affinite.fr\/index.php\/2024\/12\/08\/chere-maman-et-si-ce-noel-vous-offriez-a-votre-ado-un-avenir-%f0%9f%8e%84%e2%9c%a8\/\">cadeau<\/a> pour le public<\/p>\n<p>\u00c0 l&rsquo;annonce de l&rsquo;arr\u00eat de la s\u00e9rie en janvier 2021, la production et les com\u00e9diens esp\u00e8rent bien avoir droit \u00e0 une conclusion digne de ce nom, malgr\u00e9 la sensation d&rsquo;une page qui se tournait \u00e0 la fin du dernier \u00e9pisode de la saison 18. Tout simplement parce que le tournage du final \u00e0 Noirmoutier, qui servait de d\u00e9cor \u00e0 l&rsquo;\u00eele isol\u00e9e du \u00ab\u00a0Pacte\u00a0\u00bb, avait \u00e9t\u00e9 contrari\u00e9 par le Covid et le confinement l&rsquo;ann\u00e9e pr\u00e9c\u00e9dente.<\/p>\n<p><i>\u00ab\u00a0On avait essay\u00e9 d\u2019amener nos h\u00e9ros dans un autre univers. Mais au bout de deux jours de tournage, le premier confinement nous est tomb\u00e9 dessus et tout s&rsquo;est arr\u00eat\u00e9\u00a0\u00bb<\/i>, nous raconte Vincent Mouluquet. <i>\u00ab\u00a0Ne sachant pas ce qu\u2019il adviendrait, on s\u2019est vite dit qu\u2019on ne pouvait pas terminer ces \u00e9pisodes comme ils \u00e9taient intialement pr\u00e9vus, donc on a r\u00e9\u00e9crit la fin durant l\u2019\u00e9t\u00e9 pour finir sur une autre humeur\u00a0\u00bb<\/i>.<\/p>\n<p><i>\u00ab\u00a0On terminait sur nos deux h\u00e9ros qui regardaient l\u2019horizon et appr\u00e9hendaient l\u2019apr\u00e8s. On ne savait pas si \u00e7a allait \u00eatre la fin de la s\u00e9rie ou non. C\u2019\u00e9tait une fin assez jolie qui a \u00e9t\u00e9 re\u00e7ue comme une conclusion possible par les t\u00e9l\u00e9spectateurs. Mais cette fin avait tout de m\u00eame \u00e9t\u00e9 imagin\u00e9e dans l\u2019urgence, sous la contrainte d\u2019une certaine mani\u00e8re\u00a0\u00bb<\/i>.<\/p>\n<p><i>\u00ab\u00a0Une fois l&rsquo;arr\u00eat de la s\u00e9rie act\u00e9, on a donc discut\u00e9 avec TF1 et on en est venu \u00e0 la conclusion que ce serait bien d&rsquo;offrir une vraie fin au public, pour dire merci aux gens qui nous ont suivi durant toutes ces ann\u00e9es. Car on a une communaut\u00e9 de fans assez hardcore (rires)\u00a0\u00bb<\/i>, poursuit le producteur d&rsquo;Alice Nevers, qui a rejoint l&rsquo;aventure au moment du passage de la s\u00e9rie du 90 au 52 minutes.<\/p>\n<div class=\"article-figure-holder\">\n<figure class=\"article-figure mceNonEditable\">\n<img loading=\"lazy\" decoding=\"async\" class=\"article-figure-img\" src=\"data:image\/gif;base64,R0lGODlhAgABAPAAAAAAAAAAACH5BAEAAAAAIf8LSW1hZ2VNYWdpY2sNZ2FtbWE9MC40NTQ1NQAsAAAAAAIAAQAAAgIECgA7\" data-src=\"https:\/\/fr.web.img4.acsta.net\/newsv7\/22\/02\/08\/21\/49\/5164728.jpg\" width=\"640\" height=\"320\"\/><br \/>\n<span class=\"article-figcaption-copy\">PHILIPPE WARRIN \/ TF1<\/span><br \/>\n<\/figure>\n<\/div>\n<p><i>\u00ab\u00a0La cha\u00eene a accept\u00e9 l\u2019id\u00e9e qu\u2019on puisse partir en province. Et puis, en sachant qu\u2019il y avait d\u00e9j\u00e0 eu un mariage avort\u00e9 et que les fans nous en voulaient un peu je crois, nous avons vite imagin\u00e9 que le final se terminerait sur ce mariage tant attendu\u00a0\u00bb<\/i>.<\/p>\n<p><i>\u00ab\u00a0C\u2019\u00e9tait l\u2019occasion de le faire. Et on voulait vraiment rassembler le maximum de r\u00e9currents de la s\u00e9rie. Si on n\u2019avait pas pu faire ces deux \u00e9pisodes, on aurait \u00e9t\u00e9 vraiment tristes car les conditions de travail \u00e9taient un peu \u00ab\u00a0vol\u00e9es\u00a0\u00bb sur le final de la saison 18. C\u2019\u00e9tait une fin avort\u00e9e, un peu tristoune. L\u00e0, on termine avec un mariage, avec les amis r\u00e9unis, il y a pire pour terminer une s\u00e9rie\u00a0\u00bb<\/i>.<\/p>\n<p>Ces amis, ce sont\u00a0<a title=\"Arnaud Binard (France) (Acteur)\" href=\"http:\/\/www.allocine.fr\/personne\/fichepersonne_gen_cpersonne=86099.html\">Arnaud Binard<\/a> (Sylvain Romance),\u00a0<a title=\"Jean Dell (France) (Acteur,D'apr\u00e8s l'oeuvre de,Dialoguiste)\" href=\"http:\/\/www.allocine.fr\/personne\/fichepersonne_gen_cpersonne=45374.html\">Jean Dell<\/a> (Edouard Lemonnier),\u00a0<a title=\"Guillaume Carcaud (France) (Acteur)\" href=\"http:\/\/www.allocine.fr\/personne\/fichepersonne_gen_cpersonne=130885.html\">Guillaume Carcaud<\/a> (Victor Lemonnier),\u00a0<a title=\"Alexandre Varga (France) (Acteur)\" href=\"http:\/\/www.allocine.fr\/personne\/fichepersonne_gen_cpersonne=211599.html\">Alexandre Varga<\/a> (Mathieu), ou encore <a title=\"Pierre Santini (France) (Acteur)\" href=\"http:\/\/www.allocine.fr\/personne\/fichepersonne_gen_cpersonne=11196.html\">Pierre Santini<\/a>, l&rsquo;interpr\u00e8te du p\u00e8re d&rsquo;Alice, qui ont tous accept\u00e9 de revenir une derni\u00e8re fois \u00e0 l&rsquo;occasion du mariage des deux h\u00e9ros. Des retrouvailles qui r\u00e9jouissent Marine Delterme, qui a m\u00eame oeuvr\u00e9 en coulisses pour qu&rsquo;elles se concr\u00e9tisent.<\/p>\n<p><i>\u00ab\u00a0C\u2019est tr\u00e8s chouette de les retrouver. Et c&rsquo;est tr\u00e8s dr\u00f4le car Jean-Michel n&rsquo;y croyait pas (rires)\u00a0\u00bb<\/i>, s&rsquo;amuse la star de la s\u00e9rie avant d&rsquo;aller tourner une s\u00e9quence d&rsquo;interrogatoire entre Alice et le Prince Fay\u00e7al. <i>\u00ab\u00a0Avec son c\u00f4t\u00e9 bougon et d\u00e9faitiste, Jean-Mi me disait \u00ab\u00a0Ils ne viendront pas. Lui, il tourne. Lui, c\u2019est fini depuis trop longtemps\u00a0\u00bb. Et moi je prenais mon t\u00e9l\u00e9phone le week-end, je disais \u00ab\u00a0Allez Jean, tu viens\u00a0\u00bb<\/i>.<\/p>\n<p><i>\u00ab\u00a0Et finalement on a r\u00e9ussi \u00e0 rameuter tout le monde au mariage pour que ce soit un beau cadeau pour les t\u00e9l\u00e9spectateurs. On ne pouvait pas finir la s\u00e9rie sans offrir une jolie s\u00e9paration qui se passe bien, comme dans un couple. Je voulais une fin heureuse, qui am\u00e8ne de la joie et qui montre qu\u2019Alice peut concilier son travail, son couple, ses enfants. Que tout \u00e7a est possible\u00a0\u00bb<\/i>.<\/p>\n<p>\u00ab\u00a0Je ne r\u00e9alise pas vraiment que c&rsquo;est fini\u00a0\u00bb<\/p>\n<p>\u00c0 quelques jours de filmer le mariage, qui marquera le tout dernier jour de l&rsquo;aventure Alice Nevers, Marine Delterme ne semble ressentir aucune fatigue malgr\u00e9 le rythme assez soutenu du tournage. <i>\u00ab\u00a0Ce sont de grosses journ\u00e9es, c&rsquo;est vrai, dans des d\u00e9cors importants. Lorsqu\u2019on a tourn\u00e9 \u00e0 Granville ou pr\u00e8s du Mont-Saint-Michel, on avait des minutages plus petits, donc l\u00e0 tout est plus concentr\u00e9 sur la fin du tournage, mais \u00e7a ne me d\u00e9range pas, j\u2019aime bien cette rapidit\u00e9\u00a0\u00bb<\/i>.<\/p>\n<p>La com\u00e9dienne, vue r\u00e9cemment dans\u00a0<a title=\"Loin de chez moi (France) - 2021 (Drame,Policier)\" href=\"http:\/\/www.allocine.fr\/film\/fichefilm_gen_cfilm=289651.html\">Loin de chez moi<\/a> sur TF1 et dans\u00a0<a title=\"Manipulations (France) (Drame,Thriller)\" href=\"http:\/\/www.allocine.fr\/series\/ficheserie_gen_cserie=28809.html\">Manipulations<\/a> sur France 2, nous explique avoir \u00e9t\u00e9 d\u00e8s le d\u00e9part en accord avec la volont\u00e9 de la production, de la cha\u00eene, et des sc\u00e9naristes d&rsquo;op\u00e9rer un virage et un changement de vie important pour Alice et Marquand juste avant le clap de fin.<\/p>\n<p><i>\u00ab\u00a0C\u2019est bien d\u2019amener un peu d\u2019ouverture dans un polar comme Alice Nevers, surtout en cette p\u00e9riode compliqu\u00e9e\u00a0\u00bb<\/i>, nous confie Marine Delterme avant d&rsquo;aller rejoindre son acolyte Jean-Michel Tinivelli sur le plateau.<\/p>\n<p><i>\u00ab\u00a0Cette envie de voir le personnage <a href=\"http:\/\/www.affinite.fr\/index.php\/2022\/11\/09\/formation-de-glacier-apprenez-le-metier-de-glacier-et-changez-votre-vie\/\">changer de vie<\/a> correspondait \u00e0 ce que les gens ont v\u00e9cu durant le confinement. Alice d\u00e9cide qu\u2019elle veut partir en province et qu\u2019elle veut vivre autrement\u00a0\u00bb<\/i>. Une vision que partage Vincent Mouluquet : <i>\u00ab\u00a0On a toujours fait en sorte d\u2019\u00eatre en prise avec l\u2019actualit\u00e9 et la r\u00e9alit\u00e9 d\u2019un public large. Et l\u00e0, l\u2019aspiration \u00e0 un ailleurs, \u00e0 quitter les grosses m\u00e9tropoles, cela nous semblait \u00eatre un mouvement naturel pour nos h\u00e9ros. Et la cha\u00eene nous a suivi\u00a0\u00bb<\/i>.<\/p>\n<p>Et si Marine Delterme assure \u00eatre excit\u00e9e \u00e0 l&rsquo;id\u00e9e de <i>\u00ab\u00a0croiser d\u2019autres r\u00f4les, d\u2019autres partenaires, d\u2019autres producteurs\u00a0\u00bb<\/i>, malgr\u00e9 l&rsquo;\u00e9motion qu&rsquo;elle peine \u00e0 cacher apr\u00e8s vingt ans pass\u00e9s dans la peau d&rsquo;Alice Nevers, son partenaire depuis la saison 6, Jean-Michel Tinivelli, avoue ne pas r\u00e9aliser encore que cette grande et belle aventure va s&rsquo;arr\u00eater.<\/p>\n<div class=\"article-figure-holder\">\n<figure class=\"article-figure mceNonEditable\">\n<img loading=\"lazy\" decoding=\"async\" class=\"article-figure-img\" src=\"data:image\/gif;base64,R0lGODlhAgABAPAAAAAAAAAAACH5BAEAAAAAIf8LSW1hZ2VNYWdpY2sNZ2FtbWE9MC40NTQ1NQAsAAAAAAIAAQAAAgIECgA7\" data-src=\"https:\/\/fr.web.img3.acsta.net\/newsv7\/22\/02\/08\/21\/51\/3565848.jpg\" width=\"640\" height=\"320\"\/><br \/>\n<span class=\"article-figcaption-copy\">PHILIPPE WARRIN \/ TF1<\/span><br \/>\n<\/figure>\n<\/div>\n<p><i>\u00ab\u00a0Les 13 ann\u00e9es que j\u2019ai pass\u00e9es dans la s\u00e9rie se m\u00e9langent dans ma t\u00eate. Je ne r\u00e9alise pas vraiment que c\u2019est fini\u00a0\u00bb<\/i>, nous confie l&rsquo;interpr\u00e8te de Fred Marquand. <i>\u00ab\u00a0Vous savez, je ne pensais pas rester aussi longtemps dans cette s\u00e9rie. Je pensais que j\u2019allais faire six \u00e9pisodes, voire une deuxi\u00e8me saison tout au plus (rires). Mais \u00e7a se profile, c\u2019est la fin l\u00e0\u00a0\u00bb<\/i>.<\/p>\n<p><i>\u00ab\u00a0Je suis certainement triste de dire au revoir aux \u00e9quipes, mais je suis content de ce qu\u2019on a accompli durant toutes ces ann\u00e9es. Et je suis content de ce final. \u00c7a aurait \u00e9t\u00e9 un peu difficile pour tout le monde si on n\u2019avait pas eu droit \u00e0 ce double \u00e9pisode. Je pense aux fans, \u00e0 Marine aussi, pour qui tout \u00e7a est forc\u00e9ment charg\u00e9 en \u00e9motion. Et je suis content qu\u2019on n\u2019ait pas attendu trop longtemps pour mettre ces deux \u00e9pisodes en action\u00a0\u00bb<\/i>.<\/p>\n<p>Celui que l&rsquo;on retrouvera prochainement sur France 3 dans\u00a0<a title=\"Simon Coleman (France) - 2022 (Policier)\" href=\"http:\/\/www.allocine.fr\/film\/fichefilm_gen_cfilm=298527.html\">Simon Coleman<\/a> poursuit en expliquant qu&rsquo;il comprend le besoin de TF1 de <i>\u00ab\u00a0renouveler ses programmes\u00a0\u00bb<\/i> et qu&rsquo;il retiendra avant tout les tr\u00e8s belles rencontres faites sur la s\u00e9rie. <i>\u00ab\u00a0Je retiendrai \u00e9videmment la rencontre avec Marine. La rencontre avec mes partenaires, mes assistants flics. J\u2019ai eu la chance de tourner avec des mecs avec qui je me suis super bien entendu. Et je pense qu\u2019on apprend vraiment son m\u00e9tier sur une s\u00e9rie comme celle-ci\u00a0\u00bb<\/i>.<\/p>\n<p>Jeudi soir, les fans d&rsquo;Alice Nevers diront adieu \u00e0 leur s\u00e9rie pr\u00e9f\u00e9r\u00e9e, en m\u00eame temps que les com\u00e9diens s&rsquo;en iront vers de nouvelles aventures s\u00e9rielles ou cin\u00e9matographiques. Mais pas avant d&rsquo;avoir enfin assist\u00e9 au mariage de la procureure la plus c\u00e9l\u00e8bre du petit \u00e9cran.<\/p>\n<p><i>\u00ab\u00a0Le public va enfin avoir droit au mariage. Mieux vaut tard que jamais (rires). C\u2019\u00e9tait devenu un running-gag\u00a0\u00bb<\/i>, avoue amus\u00e9 Jean-Michel Tinivelli lorsqu&rsquo;on l&rsquo;interroge sur l&rsquo;intrigue de cet ultime \u00e9pisode. <i>\u00ab\u00a0Si \u00e7a n\u2019avait tenu qu\u2019\u00e0 moi, je n\u2019aurais pas concr\u00e9tis\u00e9 le mariage. \u00c7a m\u2019aurait fait marrer qu\u2019il y ait encore un obstacle\u00a0\u00bb<\/i>.<\/p>\n<p><i>\u00ab\u00a0Et, en m\u00eame temps, je me dis que c\u2019est tr\u00e8s bien, si on pense \u00e0 tous les fans qui ont tellement attendu ce mariage. Comme le tutoiement (rires). Car on est rest\u00e9 dans un vouvoiement durant des ann\u00e9es que j\u2019aimais beaucoup. Je trouvais \u00e7a tr\u00e8s joli, charmant, et assez glamour. On \u00e9tait un peu l\u2019\u00e9quivalent d\u2019<a title=\"Arielle Dombasle (France) (Acteur,R\u00e9alisateur,Sc\u00e9nariste)\" href=\"http:\/\/www.allocine.fr\/personne\/fichepersonne_gen_cpersonne=915.html\">Arielle Dombasle<\/a> et de BHL \u00e0 la t\u00e9l\u00e9vision (rires)\u00a0\u00bb<\/i>. Les vrais fans comprendont.<\/p>\n<\/div>\n<p>[ad_2]<br \/>\n<br \/><a href=\"http:\/\/www.allocine.fr\/article\/fichearticle_gen_carticle=18706749.html\">Source link <\/a><\/p>\n","protected":false},"excerpt":{"rendered":"<p>[ad_1] Apr\u00e8s 18 saisons, la s\u00e9rie \u00ab\u00a0Alice Nevers\u00a0\u00bb s&rsquo;arr\u00eate au terme d&rsquo;un double \u00e9pisode final qui sera diffus\u00e9 ce jeudi &hellip; <a href=\"http:\/\/www.affinite.fr\/index.php\/2022\/02\/09\/alice-nevers-on-etait-sur-le-tournage-du-final-avec-marine-delterme-et-jean-michel-tinivelli-news-series-a-la-tv\/\" class=\"more-link\">Plus <span class=\"screen-reader-text\">Alice Nevers : on \u00e9tait sur le tournage du final avec Marine Delterme et Jean-Michel Tinivelli &#8211; News S\u00e9ries \u00e0 la TV<\/span> <span class=\"meta-nav\">&rarr;<\/span><\/a><\/p>\n","protected":false},"author":1,"featured_media":7443,"comment_status":"","ping_status":"open","sticky":false,"template":"","format":"standard","meta":{"_sitemap_exclude":false,"_sitemap_priority":"","_sitemap_frequency":"","footnotes":""},"categories":[1],"tags":[],"class_list":["post-7442","post","type-post","status-publish","format-standard","has-post-thumbnail","hentry","category-tous"],"_links":{"self":[{"href":"http:\/\/www.affinite.fr\/index.php\/wp-json\/wp\/v2\/posts\/7442"}],"collection":[{"href":"http:\/\/www.affinite.fr\/index.php\/wp-json\/wp\/v2\/posts"}],"about":[{"href":"http:\/\/www.affinite.fr\/index.php\/wp-json\/wp\/v2\/types\/post"}],"author":[{"embeddable":true,"href":"http:\/\/www.affinite.fr\/index.php\/wp-json\/wp\/v2\/users\/1"}],"replies":[{"embeddable":true,"href":"http:\/\/www.affinite.fr\/index.php\/wp-json\/wp\/v2\/comments?post=7442"}],"version-history":[{"count":0,"href":"http:\/\/www.affinite.fr\/index.php\/wp-json\/wp\/v2\/posts\/7442\/revisions"}],"wp:featuredmedia":[{"embeddable":true,"href":"http:\/\/www.affinite.fr\/index.php\/wp-json\/wp\/v2\/media\/7443"}],"wp:attachment":[{"href":"http:\/\/www.affinite.fr\/index.php\/wp-json\/wp\/v2\/media?parent=7442"}],"wp:term":[{"taxonomy":"category","embeddable":true,"href":"http:\/\/www.affinite.fr\/index.php\/wp-json\/wp\/v2\/categories?post=7442"},{"taxonomy":"post_tag","embeddable":true,"href":"http:\/\/www.affinite.fr\/index.php\/wp-json\/wp\/v2\/tags?post=7442"}],"curies":[{"name":"wp","href":"https:\/\/api.w.org\/{rel}","templated":true}]}}