{"id":7425,"date":"2022-02-04T20:38:23","date_gmt":"2022-02-04T20:38:23","guid":{"rendered":"https:\/\/www.affinite.fr\/index.php\/2022\/02\/04\/derniers-jours-pour-profiter-des-promos\/"},"modified":"2022-02-04T20:38:23","modified_gmt":"2022-02-04T20:38:23","slug":"derniers-jours-pour-profiter-des-promos","status":"publish","type":"post","link":"http:\/\/www.affinite.fr\/index.php\/2022\/02\/04\/derniers-jours-pour-profiter-des-promos\/","title":{"rendered":"derniers jours pour profiter des promos"},"content":{"rendered":"<p> [ad_1]<br \/>\n<br \/><img decoding=\"async\" src=\"https:\/\/img-3.journaldesfemmes.fr\/-ejMefGQrJkF_ssk80xmUPrFPWY=\/1280x\/smart\/173e55680f3f449786672dba1ccc8304\/ccmcms-jdf\/31372012.jpg\" \/><\/p>\n<p>\n                Les soldes d&rsquo;hiver 2022\u00a0sont sur le point de s&rsquo;achever&#8230; Il ne vous reste plus que quelques jours pour profiter des promotions en magasin et sur Internet, parce que le mardi 8\u00a0f\u00e9vrier, c&rsquo;est fini\u00a0!            <\/p>\n<div>\n<aside class=\"ccmsummary marqueur_module ccmcss_cms_summary ccmcss_cms_summary--right\">\n<p>Sommaire<\/p>\n<\/aside>\n<p><strong>Le mardi 8 f\u00e9vrier, les soldes d&rsquo;hiver 2022<\/strong>\u00a0seront termin\u00e9s ! D\u00e9but\u00e9e\u00a0le mercredi 12\u00a0janvier \u00e0 8 heures dans la plupart des d\u00e9partements fran\u00e7ais, cette\u00a0<strong>p\u00e9riode de r\u00e9ductions<\/strong> ravit les fans de mode. Et c&rsquo;est bien normal : ces quatre semaines de promotions sont l&rsquo;occasion pour les\u00a0modeuses de refaire leur garde-robe \u00e0 petits prix. Bonne nouvelle,\u00a0il leur reste encore quelques jours pour shopper\u00a0les <strong>hits de l&rsquo;<a href=\"https:\/\/www.journaldesfemmes.fr\/mode\/conseils-mode\/2734281-tendances-mode-automne-hiver\/\" title=\"Tendances mode automne-hiver 2021-2022\">automne-hiver 2021-2022<\/a> !<\/strong>\u00a0Les commer\u00e7ants, eux, profitent des soldes pour\u00a0faire place nette sur leurs \u00e9tals avant d&rsquo;accueillir les collections printemps-\u00e9t\u00e9 2022.\u00a0Et si les plus belles trouvailles se font g\u00e9n\u00e9ralement la premi\u00e8re semaine, les<strong> deuxi\u00e8me\u00a0et troisi\u00e8me d\u00e9marques<\/strong> permettent de faire de vraies bonnes affaires pour <strong>compl\u00e9ter son dressing sans craquer\u00a0son PEL<\/strong>. D&rsquo;autant plus que depuis le 1<sup>er<\/sup> janvier 2022, en raison de<strong> la loi anti gaspillage et pour l&rsquo;\u00e9conomie circulaire (AGEC),<\/strong> les griffes de pr\u00eat-\u00e0-porter (entre autres) n&rsquo;ont <strong>plus le droit de d\u00e9truire leurs invendus<\/strong> sous peine d&rsquo;amendes sal\u00e9es.\u00a0Autant dire qu&rsquo;elles ont int\u00e9r\u00eat, plus que jamais, \u00e0 liquider leurs stocks. Alors \u00e0 vos marques, pr\u00eates, shoppez\u00a0!<\/p>\n<h2 id=\"quelle-est-la-date-des-soldes-dhiver-2022-par-region-\">Quelle est la date des soldes d&rsquo;hiver 2022 par r\u00e9gion ?<\/h2>\n<p>Les soldes d&rsquo;hiver 2022\u00a0ont d\u00e9but\u00e9 en m\u00eame temps dans toute la France \u00e0 quelques exceptions pr\u00e8s. Celles-ci concernent les <strong>d\u00e9partements d&rsquo;outre-mer<\/strong>, o\u00f9 les saisons ne sont pas les m\u00eames qu&rsquo;en m\u00e9tropole\u00a0et les<strong> r\u00e9gions frontali\u00e8res <\/strong>de pays o\u00f9 les dates des soldes sont diff\u00e9rentes.<\/p>\n<ul>\n<li>En\u00a0<b data-insertor-excluded=\"1\">Meurthe-et-Moselle, dans la Meuse, en Moselle et dans les Vosges<\/b><b data-insertor-excluded=\"1\">, <\/b><b data-insertor-excluded=\"1\">le coup d&rsquo;envoi des soldes d&rsquo;hiver 2022<\/b>\u00a0<b data-insertor-excluded=\"1\">a \u00e9t\u00e9 donn\u00e9 le<\/b><b data-insertor-excluded=\"1\"> lundi 3 janvier 2022.<\/b>\u00a0La p\u00e9riode de promotions s&rsquo;est \u00e9tendue jusqu&rsquo;au dimanche 30 janvier.<\/li>\n<li>\u00c0 <strong>Saint-Pierre-et-Miquelon<\/strong>, les soldes d&rsquo;hiver 2022 ont d\u00e9but\u00e9 le\u00a0<strong>mercredi 19 janvier <\/strong>\u00e0 8 heures et se termineront le mardi 15 f\u00e9vrier.<\/li>\n<li>\u00c0 <strong>Saint-Barth\u00e9lemy<\/strong> et \u00e0 <strong>Saint-Martin<\/strong>, les soldes d&rsquo;hiver 2022 s&rsquo;\u00e9tendront du <strong>samedi 7 mai<\/strong> \u00e0 8 heures au vendredi 3\u00a0juin.<\/li>\n<li>\u00c0 <strong>La R\u00e9union<\/strong>, les soldes d&rsquo;hiver 2022 commenceront le <strong>samedi 3 septembre <\/strong>\u00e0\u00a08 heures et s&rsquo;ach\u00e8veront le vendredi 30\u00a0septembre.\u00a0<\/li>\n<\/ul>\n<h2 id=\"quelle-est-la-duree-des-soldes-dhiver-2022-\">Quelle est la dur\u00e9e des soldes d&rsquo;hiver 2022 ?<\/h2>\n<p>Entre le mercredi 12 janvier le mardi 8 f\u00e9vrier 2022, ce sont <strong>quatre semaines<\/strong> qui permettront aux fans de mode de refaire leur garde-robe \u00e0 petits prix. En fait, cette dur\u00e9e est fix\u00e9e par <strong>l&rsquo;arr\u00eat\u00e9 du 27 mai 2019 <\/strong>et n&rsquo;a pas vocation a \u00eatre allong\u00e9e sauf cas exceptionnel. Les <strong>soldes d&rsquo;hiver 2021<\/strong>\u00a0avaient par exemple \u00e9taient \u00e9tendus de plus de deux semaines afin de permettre aux commer\u00e7ants\u00a0dont les magasins jug\u00e9s non essentiels avaient \u00e9t\u00e9 ferm\u00e9s pendant l&rsquo;automne\u00a0d&rsquo;\u00e9couler leurs stocks.\u00a0<\/p>\n<p>Ce qui est g\u00e9nial avec les soldes, c&rsquo;est la possibilit\u00e9 de s&rsquo;offrir (et d&rsquo;offrir) les v\u00eatements de la saison \u00e0 prix barr\u00e9. Quelques conseils pour shopper efficacement.<\/p>\n<h3>Conna\u00eetre ses besoins pour \u00e9viter les achats impulsifs<\/h3>\n<p>Pour profiter \u00e0 fond de cette p\u00e9riode de remises,\u00a0quelques conseils s&rsquo;imposent.\u00a0D&rsquo;abord, <strong>d\u00e9terminer ce dont on a besoin<\/strong>. Parce que <strong>les v\u00eatements achet\u00e9s sur un coup de t\u00eate<\/strong> \u00e0 cause de leur prix riquiqui, les placards en d\u00e9bordent. Surtout, ce mode de consommation induit une surproduction qui n&rsquo;est pas sans cons\u00e9quences pour la plan\u00e8te. Selon les chiffres du minist\u00e8re de la transition \u00e9cologique, <strong>600\u00a0000\u00a0tonnes de textile sont mises sur le march\u00e9 chaque ann\u00e9e en France<\/strong>, soit pr\u00e8s de 10 kilos par habitant et par an. C&rsquo;est \u00e9norme ! Alors, autant essayer de limiter les achats impulsifs et de <strong>se concentrer sur les pi\u00e8ces qui nous font vraiment envie<\/strong>.<\/p>\n<h3>Toujours essayer les v\u00eatements<\/h3>\n<p>C&rsquo;est l&rsquo;\u00e9cueil classique. Les soldes ont enfin d\u00e9but\u00e9, on a 30 minutes montre en main pour d\u00e9goter de bonnes affaires et&#8230; <strong>la queue aux cabines d&rsquo;essayage est infinie<\/strong>. La tentation de s&rsquo;offrir cette petite robe \u00e0 fleurs \u00e0 -50% sans voir comment elle tombe sur nous est forte, mais <strong>il faut r\u00e9sister<\/strong>. Parce que devoir revenir en magasin pour\u00a0l&rsquo;\u00e9changer fait partie des pires corv\u00e9es qui peuvent nous incomber. Le risque : <strong>garder cette pi\u00e8ce et ne jamais la porter.<\/strong> Ou comment transformer les bonnes affaires en gouffre financier. Conclusion, pendant les soldes, <strong>on prend toujours le temps d&rsquo;essayer<\/strong>.<\/p>\n<h3>Aller fouiner dans les magasins multimarques ind\u00e9pendants<\/h3>\n<p>Et si, pour une fois, vous d\u00e9laissiez les grandes enseignes\u00a0pour <strong>aller faire un tour dans les magasins multimarques ind\u00e9pendants<\/strong> ? Ferm\u00e9s \u00e0 de nombreuses reprises ces\u00a0derniers mois \u00e0 cause de la pand\u00e9mie de coronavirus, <strong>ils ont besoin du soutien des consommateurs pour continuer \u00e0 exister<\/strong>. Surtout qu&rsquo;ils pr\u00e9sentent des avantages dont les boutiques de fast fashion ne disposent pas : <strong>une large s\u00e9lection de marques pointues<\/strong>, des employ\u00e9s et employ\u00e9es habitu\u00e9es \u00e0 conseiller les clients, des pi\u00e8ces singuli\u00e8res qu&rsquo;on ne croisera pas \u00e0 chaque coin de rue. <strong>\u00c0 Paris, rendez-vous chez Les boudeuses, Biba ou The Frankie Shop<\/strong>, \u00e0 Lille, cap sur S\u00e9rie Noire, \u00e0 Saint-Jean-de-Luz, passez au Vestiaire, <strong>\u00e0 Arcachon et Bordeaux, direction Pia Pia<\/strong>&#8230; Vous \u00eates s\u00fbres d&rsquo;y trouver votre bonheur.\u00a0<\/p>\n<p>En France, les soldes sont encadr\u00e9s par une l\u00e9gislation stricte\u00a0: leurs dates de d\u00e9but (le deuxi\u00e8me mercredi de janvier et le dernier mercredi de juin) et leur dur\u00e9e (quatre semaines) sont fix\u00e9es par le gouvernement. Des circonstances exceptionnelles, comme l&rsquo;\u00e9pid\u00e9mie de coronavirus, peuvent cependant chambouler ce calendrier bien \u00e9tabli. N\u00e9anmoins, sauf arr\u00eat\u00e9 gouvernemental, les prochaines p\u00e9riodes de soldes devraient avoir lieu \u00e0 ces dates\u00a0:<\/p>\n<ul>\n<li><strong>Soldes d&rsquo;\u00e9t\u00e9 2022\u00a0: <\/strong>du mercredi 22\u00a0juin 2022\u00a0au mardi 19\u00a0juillet 2022.<\/li>\n<li><strong>Soldes d&rsquo;hiver 2023 :<\/strong> du mercredi 11 janvier 2023\u00a0au mardi 7\u00a0f\u00e9vrier 2023.<\/li>\n<\/ul>\n<p>C&rsquo;est <strong>\u00e0 Paris, dans les ann\u00e9es 1830, que les soldes voient le jour. <\/strong>A l&rsquo;origine, Simon Mannoury, un Normand qui ouvre un magasin d&rsquo;\u00e9toffes et de confection dans le VII<sup>\u00e8me<\/sup> arrondissement de la capitale. Nomm\u00e9e Au Petit Saint Thomas, cette boutique est un lieu d&rsquo;exp\u00e9rimentation pour l&rsquo;entrepreneur, qui affiche les prix de ses produits, invite les clients \u00e0 d\u00e9ambuler entre les rayons et instaure <strong>la vente par correspondance<\/strong>, autant de pratiques peu r\u00e9pandues \u00e0 cette \u00e9poque. Comme il rencontre le succ\u00e8s, il agrandit son catalogue de vente pour proposer toujours plus de r\u00e9f\u00e9rences aux consommateurs, mais finit par se retrouver \u00e0 la fin de chaque saison avec un sacr\u00e9 lot d&rsquo;invendus sur les bras. Ce qui n&rsquo;arrange pas ses affaires, puisqu&rsquo;il souhaite renouveler l&rsquo;offre de son \u00e9choppe fr\u00e9quemment.<\/p>\n<p>La solution qu&rsquo;il trouve pour faire place nette \u00e0 chaque d\u00e9but de saison\u00a0? <strong>Brader les pi\u00e8ces de la pr\u00e9c\u00e9dente juste avant d&rsquo;installer la nouvelle collection. <\/strong>Une v\u00e9ritable\u00a0r\u00e9ussite pour Simon Mannoury, qui vient d&rsquo;<strong>inventer les soldes<\/strong>.\u00a0Rapidement imit\u00e9 par les concurrents du commer\u00e7ant, le concept\u00a0se popularise au cours du XX\u00e8me si\u00e8cle avec l&rsquo;essor de la soci\u00e9t\u00e9 de consommation, les grands magasins, les enseignes et d\u00e9sormais, Internet.<\/p>\n<p>Depuis plusieurs ann\u00e9es, le mod\u00e8le des soldes est remis en cause. Et pour cause\u00a0: <strong>si les soldes ne repr\u00e9sentent en tout que huit semaines par an, les marques peuvent proposer leurs collections \u00e0 prix r\u00e9duits \u00e0 diff\u00e9rentes occasions tout au long de l&rsquo;ann\u00e9e. <\/strong>Le seul imp\u00e9ratif\u00a0:<strong> ne pas utiliser le mot \u00ab\u00a0soldes\u00a0\u00bb <\/strong>dans leur communication. Elles parlent alors de <em>\u00ab\u00a0Journ\u00e9es privil\u00e8ges\u00a0\u00bb<\/em>, <em>\u00ab\u00a0Offres exceptionnelles\u00a0\u00bb<\/em>, <em>\u00ab\u00a0Ventes priv\u00e9es\u00a0\u00bb<\/em> ou bien de <em>\u00ab\u00a0Black Friday\u00a0\u00bb<\/em>, de <em>\u00ab\u00a0Cyber Monday\u00a0\u00bb<\/em> et de <em>\u00ab\u00a0Boxing Day\u00a0\u00bb<\/em>. De quoi encourager les consommateurs \u00e0 attendre l&rsquo;une de ces nombreuses p\u00e9riodes de promotions pour acheter les v\u00eatements qui leur font de l&rsquo;\u0153il. D&rsquo;ailleurs en France, selon Kantar Worldpanel, 47% des v\u00eatements, chaussures, sacs et linges de maison est achet\u00e9\u00a0pendant les p\u00e9riodes de prix cass\u00e9s.<\/p>\n<p>Ces diff\u00e9rentes semaines de remises sont aussi un excellent moyen pour les enseignes de provoquer l&rsquo;acte d&rsquo;achat. C&rsquo;est s\u00fbr qu&rsquo;avec 50% de r\u00e9duction, n&rsquo;importe quelle jupe Zara devient 1\u00a0000\u00a0fois\u00a0plus flatteuse\u00a0! Le seul hic, c&rsquo;est que si les marques jouent avec ce syst\u00e8me de remises pour<strong> favoriser la consommation<\/strong>, cela signifie qu&rsquo;elles ont int\u00e9gr\u00e9 ce mod\u00e8le de vente \u00e0 leur business plan. Et donc, que pendant les p\u00e9riodes sans r\u00e9ductions, <strong>elles vendent des produits \u00e0 des prix bien plus \u00e9lev\u00e9s que ce qu&rsquo;ils devraient \u00eatre<\/strong>. Autre limite induite par ces remises\u00a0en cascade\u00a0: elles encouragent les marques\u00a0\u00e0 <strong>proposer de plus en plus de produits<\/strong>, de collections et donc \u00e0 tendre vers une surproduction. Ce qui n&rsquo;est \u00e9videmment pas bon pour la plan\u00e8te, dont les ressources sont utilis\u00e9es de fa\u00e7on intensive par la mode, consid\u00e9r\u00e9e comme l&rsquo;une des industries les plus polluantes de la plan\u00e8te.<\/p>\n<p>C&rsquo;est donc<strong> tout le syst\u00e8me des promotions qui est point\u00e9 du doigt<\/strong>. Dans une lettre ouverte publi\u00e9e le 12\u00a0mai 2021 sur le site sp\u00e9cialis\u00e9\u00a0<em>Business of Fashion<\/em>,\u00a0de\u00a0grandes maisons internationales comme Marine Serre,\u00a0Thom Browne ou encore Dries Van Noten (qui porte le projet), r\u00e9clamaient un d\u00e9calage des saisons abord\u00e9 pr\u00e9c\u00e9demment en 2016. Ce dernier m\u00e8nerait notamment \u00e0 <strong>la disparition du <em>Black friday<\/em><\/strong> qui <em>\u00ab\u00a0\u00e9rode la rentabilit\u00e9\u00a0\u00bb<\/em>.\u00a0En France, l&rsquo;op\u00e9ration\u00a0de relance post-confinement 2020 initi\u00e9e par des grands groupes et nomm\u00e9e <strong>\u00ab\u00a0French days\u00a0\u00bb fait pol\u00e9mique<\/strong>, jug\u00e9e agressive pour les plus petits commerces.<\/p>\n<p>Les d\u00e9tracteurs des soldes, remises et rabais offrent\u00a0plusieurs alternatives \u00e0 ce mod\u00e8le aujourd&rsquo;hui \u00e0 bout de souffle. Parmi celles-ci, <strong>proposer un vestiaire restreint de basiques immuables<\/strong> accompagn\u00e9\u00a0d&rsquo;une s\u00e9rie de pi\u00e8ces qui r\u00e9pondent plus sp\u00e9cifiquement aux tendances de la saison, comme le fait tr\u00e8s justement Maison Standards.<\/p>\n<p>Autre possibilit\u00e9 :\u00a0<strong>produire en petites quantit\u00e9s uniquement<\/strong> et renouveler le stock une fois qu&rsquo;il est \u00e9puis\u00e9, comme le propose Les R\u00e9cup\u00e9rables. Balzac Paris applique un principe diff\u00e9rent.\u00a0En fin de saison, les invendus ne sont pas sold\u00e9s.\u00a0Ils seront propos\u00e9s \u00e0 prix r\u00e9duit un an plus tard, en m\u00eame temps que la collection de l&rsquo;ann\u00e9e en cours.\u00a0<\/p>\n<p>Enfin, et cette technique fait de plus en plus d&rsquo;adeptes:\u00a0<strong>cr\u00e9er \u00e0 la commande. <\/strong>C&rsquo;est le parti pris de MaisonCl\u00e9o ou encore R\u00e9uni, qui proposent r\u00e9guli\u00e8rement de nouveaux mod\u00e8les dont la production ne d\u00e9marre qu&rsquo;une fois que des clients les ont achet\u00e9s. Pour l&rsquo;instant, cette fa\u00e7on de faire \u00e0 la demande s\u00e9duit surtout les marques digitales qui peuvent \u00eatre agiles en termes de production, mais ce syst\u00e8me pourrait bien faire des \u00e9mules\u00a0!<\/p>\n<\/p><\/div>\n<p>[ad_2]<br \/>\n<br \/><a href=\"https:\/\/www.journaldesfemmes.fr\/mode\/conseils-mode\/2636975-derniers-jours-soldes-hiver-2022-fin-mardi-8-fevrier-2022\/\">Source link <\/a><\/p>\n","protected":false},"excerpt":{"rendered":"<p>[ad_1] Les soldes d&rsquo;hiver 2022\u00a0sont sur le point de s&rsquo;achever&#8230; Il ne vous reste plus que quelques jours pour profiter &hellip; <a href=\"http:\/\/www.affinite.fr\/index.php\/2022\/02\/04\/derniers-jours-pour-profiter-des-promos\/\" class=\"more-link\">Plus <span class=\"screen-reader-text\">derniers jours pour profiter des promos<\/span> <span class=\"meta-nav\">&rarr;<\/span><\/a><\/p>\n","protected":false},"author":1,"featured_media":7426,"comment_status":"","ping_status":"open","sticky":false,"template":"","format":"standard","meta":{"_sitemap_exclude":false,"_sitemap_priority":"","_sitemap_frequency":"","footnotes":""},"categories":[1],"tags":[],"class_list":["post-7425","post","type-post","status-publish","format-standard","has-post-thumbnail","hentry","category-tous"],"_links":{"self":[{"href":"http:\/\/www.affinite.fr\/index.php\/wp-json\/wp\/v2\/posts\/7425"}],"collection":[{"href":"http:\/\/www.affinite.fr\/index.php\/wp-json\/wp\/v2\/posts"}],"about":[{"href":"http:\/\/www.affinite.fr\/index.php\/wp-json\/wp\/v2\/types\/post"}],"author":[{"embeddable":true,"href":"http:\/\/www.affinite.fr\/index.php\/wp-json\/wp\/v2\/users\/1"}],"replies":[{"embeddable":true,"href":"http:\/\/www.affinite.fr\/index.php\/wp-json\/wp\/v2\/comments?post=7425"}],"version-history":[{"count":0,"href":"http:\/\/www.affinite.fr\/index.php\/wp-json\/wp\/v2\/posts\/7425\/revisions"}],"wp:featuredmedia":[{"embeddable":true,"href":"http:\/\/www.affinite.fr\/index.php\/wp-json\/wp\/v2\/media\/7426"}],"wp:attachment":[{"href":"http:\/\/www.affinite.fr\/index.php\/wp-json\/wp\/v2\/media?parent=7425"}],"wp:term":[{"taxonomy":"category","embeddable":true,"href":"http:\/\/www.affinite.fr\/index.php\/wp-json\/wp\/v2\/categories?post=7425"},{"taxonomy":"post_tag","embeddable":true,"href":"http:\/\/www.affinite.fr\/index.php\/wp-json\/wp\/v2\/tags?post=7425"}],"curies":[{"name":"wp","href":"https:\/\/api.w.org\/{rel}","templated":true}]}}