{"id":7421,"date":"2022-02-04T06:52:51","date_gmt":"2022-02-04T06:52:51","guid":{"rendered":"https:\/\/www.affinite.fr\/index.php\/2022\/02\/04\/menace-sur-kermadec-sur-france-2-que-vaut-le-telefilm-avec-claire-keim-et-samy-naceri-actus-cine\/"},"modified":"2022-02-04T06:52:51","modified_gmt":"2022-02-04T06:52:51","slug":"menace-sur-kermadec-sur-france-2-que-vaut-le-telefilm-avec-claire-keim-et-samy-naceri-actus-cine","status":"publish","type":"post","link":"http:\/\/www.affinite.fr\/index.php\/2022\/02\/04\/menace-sur-kermadec-sur-france-2-que-vaut-le-telefilm-avec-claire-keim-et-samy-naceri-actus-cine\/","title":{"rendered":"Menace sur Kermadec sur France 2 : que vaut le t\u00e9l\u00e9film avec Claire Keim et Samy Naceri ? &#8211; Actus Cin\u00e9"},"content":{"rendered":"<p> [ad_1]<br \/>\n<\/p>\n<p>France 2 diffuse ce soir \u00ab\u00a0Menace sur Kermadec\u00a0\u00bb, un t\u00e9l\u00e9film avec Claire Keim, David Kammenos, Axel Mandron, et Samy Naceri. Cet unitaire policier bourr\u00e9 d&rsquo;humour, tourn\u00e9 dans le Morbihan, parvient-il \u00e0 se d\u00e9marquer des autres fictions du genre ?<\/p>\n<div id=\"article-content\">\n<figure class=\"player player-auto-play js-player\" data-model=\"{&quot;videos&quot;:[{&quot;id&quot;:19595542,&quot;sources&quot;:{&quot;high&quot;:&quot;https:\/\/fr.vid.web.acsta.net\/nmedia\/33\/22\/02\/02\/17\/19595542_hd_013.mp4&quot;,&quot;low&quot;:&quot;https:\/\/fr.vid.web.acsta.net\/nmedia\/33\/22\/02\/02\/17\/19595542_l_013.mp4&quot;,&quot;medium&quot;:&quot;https:\/\/fr.vid.web.acsta.net\/nmedia\/33\/22\/02\/02\/17\/19595542_m_013.mp4&quot;,&quot;standard&quot;:&quot;https:\/\/fr.vid.web.acsta.net\/nmedia\/33\/22\/02\/02\/17\/19595542_sd_013.mp4&quot;},&quot;image&quot;:&quot;\/videothumbnails\/22\/02\/02\/17\/41\/3445253.jpg&quot;,&quot;title&quot;:&quot;Menace sur Kermadec Bande-annonce VF&quot;,&quot;trackingIdentifier&quot;:&quot;19595542-menace_sur_kermadec_bande_annonce_vf&quot;,&quot;embedUrl&quot;:&quot;ACraHRACr0cHM6Ly9wbGF5ZXIuYWxsb2NpbmUuZnIvMTk1OTU1NDIuaHRtbA==&quot;,&quot;file_type&quot;:&quot;TRAILER&quot;,&quot;description&quot;:&quot;Menace sur Kermadec Bande-annonce VF&quot;,&quot;duration&quot;:48,&quot;view_count&quot;:108,&quot;added_at&quot;:{&quot;date&quot;:&quot;2022-02-02 17:40:00.000000&quot;,&quot;timezone_type&quot;:3,&quot;timezone&quot;:&quot;Europe\/Paris&quot;},&quot;metas&quot;:{&quot;id_main_show&quot;:null,&quot;name_main_show&quot;:null,&quot;image_main_show&quot;:null,&quot;id_main_movie&quot;:296073,&quot;name_main_movie&quot;:&quot;Menace sur Kermadec&quot;,&quot;image_main_movie&quot;:&quot;\/pictures\/22\/01\/12\/13\/42\/2132355.jpg&quot;,&quot;id_main_series&quot;:null,&quot;name_main_series&quot;:null,&quot;image_main_series&quot;:null,&quot;id_main_season&quot;:null,&quot;name_main_season&quot;:null,&quot;image_main_season&quot;:null,&quot;main_season_number&quot;:null,&quot;id_main_person&quot;:null,&quot;name_main_person&quot;:null,&quot;image_main_person&quot;:null,&quot;use_portal&quot;:null,&quot;release_date_main_movie&quot;:null,&quot;nb_days_release_main_movie&quot;:null,&quot;id_meta_category&quot;:null,&quot;name_meta_category&quot;:null,&quot;localized_file_type&quot;:null,&quot;trans_file_type&quot;:null,&quot;main_movie_type&quot;:null,&quot;main_season_rating&quot;:null,&quot;main_series_rating&quot;:null,&quot;main_season_user_note_count&quot;:null,&quot;genre_main_movie&quot;:null,&quot;genre_main_series&quot;:null,&quot;release_status_movie&quot;:null,&quot;release_status_series&quot;:null},&quot;relatedEntityType&quot;:&quot;movie&quot;,&quot;relatedEntityId&quot;:296073,&quot;relatedEntityTitle&quot;:&quot;Menace sur Kermadec&quot;,&quot;relatedEntityUrl&quot;:&quot;ACraHRACr0cHM6Ly93d3cuYWxsb2NpbmUuZnIvZmlsbS9maWNoZWZpbG1fZ2VuX2NmaWxtPTI5NjA3My5odG1s&quot;,&quot;mediaUrl&quot;:&quot;ACraHRACr0cHM6Ly93d3cuYWxsb2NpbmUuZnIvdmlkZW8vcGxheWVyX2dlbl9jbWVkaWE9MTk1OTU1NDImY2ZpbG09Mjk2MDczLmh0bWw=&quot;,&quot;relatedEntityTrackingIdentifier&quot;:&quot;296073-menace_sur_kermadec&quot;,&quot;genres&quot;:[&quot;DRAMA&quot;],&quot;relatedEntityDistributor&quot;:null,&quot;relatedEntityDistributorId&quot;:null,&quot;entityStatus&quot;:null}],&quot;disablePreroll&quot;:false,&quot;disablePostroll&quot;:false,&quot;endScreen&quot;:true,&quot;context&quot;:&quot;newspage_news&quot;,&quot;launch&quot;:&quot;auto-play&quot;,&quot;followScroll&quot;:true,&quot;editorialContent&quot;:&quot;18706546-menace_sur_kermadec_sur_france_2_que_vaut_le_telefilm_avec_claire_keim_et_samy_naceri&quot;,&quot;disableAutoPause&quot;:true,&quot;player_position&quot;:&quot;playertop&quot;}\" data-thumb=\"https:\/\/fr.web.img4.acsta.net\/r_640_360\/videothumbnails\/22\/02\/02\/17\/41\/3445253.jpg\">\n<\/figure>\n<p>De quoi \u00e7a parle ?<\/p>\n<p><i>Kermadec est un petit village de p\u00eacheurs bien tranquille, sur la c\u00f4te bretonne\u2026 Comme les gendarmes locaux aiment \u00e0 le dire, \u00ab il ne se passe jamais rien ou presque, \u00e0 Kermadec \u00bb. Du moins jusqu\u2019\u00e0 ce qu\u2019on retrouve un brave instituteur jet\u00e9 d\u2019une falaise en pleine nuit et sa pauvre \u00e9pouse, secr\u00e9taire de mairie, cruellement assassin\u00e9e chez elle \u00e0 coups de poin\u00e7on.<\/i><\/p>\n<p><i>Pas de chance pour la capitaine Marie Br\u00e9guet, sur le point d\u2019\u00eatre mut\u00e9e. Et alors que le niveau de menace sur Kermadec est \u00e0 son comble, Marie croise la route de celle d\u2019un nouveau venu dans le village, le beau et myst\u00e9rieux Franck Servigne. Celui-ci ne laisse pas Marie indiff\u00e9rente. Mais elle r\u00e9alise que ce dernier est peut-\u00eatre bien m\u00eal\u00e9 \u00e0 ce double meurtre\u2026<\/i><\/p>\n<p><strong>Vendredi 4 f\u00e9vrier \u00e0 21h10 sur France 2<\/strong><\/p>\n<p>C&rsquo;est avec qui ?<\/p>\n<p>Au g\u00e9n\u00e9rique en 2021 des t\u00e9l\u00e9films\u00a0<a title=\"Harcel\u00e9s (France) - 2021 (Thriller,Drame)\" href=\"http:\/\/www.allocine.fr\/film\/fichefilm_gen_cfilm=284419.html\">Harcel\u00e9s<\/a> et <a title=\"Le Furet (France) - 2021 (Com\u00e9die)\" href=\"http:\/\/www.allocine.fr\/film\/fichefilm_gen_cfilm=289232.html\">Le Furet<\/a>, <a title=\"Claire Keim (France) (Acteur)\" href=\"http:\/\/www.allocine.fr\/personne\/fichepersonne_gen_cpersonne=18169.html\">Claire Keim<\/a>, qu&rsquo;on ne pr\u00e9sente plus apr\u00e8s <a title=\"Zodiaque (France) (Policier)\" href=\"http:\/\/www.allocine.fr\/series\/ficheserie_gen_cserie=524.html\">Zodiaque<\/a>, <a title=\"Infid\u00e8le (France) (Drame,Thriller)\" href=\"http:\/\/www.allocine.fr\/series\/ficheserie_gen_cserie=23599.html\">Infid\u00e8le<\/a>, <a title=\"Les Edelweiss (France) (Com\u00e9die)\" href=\"http:\/\/www.allocine.fr\/series\/ficheserie_gen_cserie=9831.html\">Les Edelweiss<\/a>, ou <a title=\"\u00c9ternelle (France) (Fantastique)\" href=\"http:\/\/www.allocine.fr\/series\/ficheserie_gen_cserie=3478.html\">Eternelle<\/a>, est de retour \u00e0 la t\u00e9l\u00e9vision avec <a title=\"Menace sur Kermadec (France) - 2021 (Drame)\" href=\"http:\/\/www.allocine.fr\/film\/fichefilm_gen_cfilm=296073.html\">Menace sur Kermadec<\/a>, un unitaire policier dans lequel elle incarne le capitaine de gendarmerie Marie Br\u00e9guet.<\/p>\n<p>Face \u00e0 elle, les t\u00e9l\u00e9spectateurs reconna\u00eetront <a title=\"David Kammenos (France) (Acteur)\" href=\"http:\/\/www.allocine.fr\/personne\/fichepersonne_gen_cpersonne=132707.html\">David Kammenos<\/a>, vu dans <a title=\"Falco (France) (Policier,Com\u00e9die,Drame)\" href=\"http:\/\/www.allocine.fr\/series\/ficheserie_gen_cserie=11053.html\">Falco<\/a>, <a title=\"La Derni\u00e8re Vague (France) (Fantastique,Drame)\" href=\"http:\/\/www.allocine.fr\/series\/ficheserie_gen_cserie=23881.html\">La Derni\u00e8re vague<\/a>, et la collection <a title=\"Les Brumes du souvenir (France) - 2017 (Policier)\" href=\"http:\/\/www.allocine.fr\/film\/fichefilm_gen_cfilm=255268.html\">Les Brumes du souvenir<\/a>, qui pr\u00eate ici ses traits \u00e0 Franck Sevigne, le myst\u00e9rieux inconnu qui va chambouler la vie de Marie \u00e0 plus d&rsquo;un titre.<\/p>\n<p>Deux jolies t\u00eates d&rsquo;affiches aux c\u00f4t\u00e9s desquelles on retrouve notamment <a title=\"Samy Naceri (France) (Acteur,Coproducteur,Producteur)\" href=\"http:\/\/www.allocine.fr\/personne\/fichepersonne_gen_cpersonne=18752.html\">Samy Naceri<\/a>, la star de la saga <a title=\"Taxi (France) - 1998 (Action,Com\u00e9die,Policier)\" href=\"http:\/\/www.allocine.fr\/film\/fichefilm_gen_cfilm=17106.html\">Taxi<\/a>, ainsi que la jeune <a title=\"Lilea Le Borgne (France) (Acteur)\" href=\"http:\/\/www.allocine.fr\/personne\/fichepersonne_gen_cpersonne=922613.html\">Lilea Le Borgne<\/a>, vue dans <a title=\"La Traque (France) - 2021 (Drame,Judiciaire,Policier)\" href=\"http:\/\/www.allocine.fr\/film\/fichefilm_gen_cfilm=272952.html\">La Traque<\/a>, et <a title=\"Axel Mandron (France) (Sc\u00e9nariste)\" href=\"http:\/\/www.allocine.fr\/personne\/fichepersonne_gen_cpersonne=927322.html\">Axel Mandron<\/a>, rep\u00e9r\u00e9 dans la teen s\u00e9rie de France TV Slash <a title=\"Girlsquad (France) (Drame,Thriller)\" href=\"http:\/\/www.allocine.fr\/series\/ficheserie_gen_cserie=26765.html\">Girlsquad<\/a>.<\/p>\n<div class=\"article-figure-holder\">\n<figure class=\"article-figure mceNonEditable\">\n<img loading=\"lazy\" decoding=\"async\" class=\"article-figure-img\" src=\"data:image\/gif;base64,R0lGODlhAgABAPAAAAAAAAAAACH5BAEAAAAAIf8LSW1hZ2VNYWdpY2sNZ2FtbWE9MC40NTQ1NQAsAAAAAAIAAQAAAgIECgA7\" data-src=\"https:\/\/fr.web.img3.acsta.net\/newsv7\/22\/02\/03\/18\/24\/2648156.jpg\" width=\"640\" height=\"320\"\/><br \/>\n<span class=\"article-figcaption-copy\">M\u00e9lanie BODOLEC &#8211; FTV &#8211; MORGANE PRODUCTION<\/span><br \/>\n<\/figure>\n<\/div>\n<p>\u00c7a vaut le coup d&rsquo;oeil ?<\/p>\n<p>Ne vous fiez pas \u00e0 son titre aux sonorit\u00e9s bretonnes et \u00e0 son d\u00e9cor de carte postale, car Menace sur Kermadec, qui a \u00e9t\u00e9 tourn\u00e9 en septembre dernier dans le Morbihan, \u00e0\u00a0Quiberon et dans ses alentours, parvient finalement \u00e0 tirer son \u00e9pingle du jeu et \u00e0 se d\u00e9marquer (un peu) de tous les t\u00e9l\u00e9films issus de la collection \u00ab\u00a0Meurtres \u00e0&#8230;\u00a0\u00bb ch\u00e8re \u00e0 France T\u00e9l\u00e9visions.<\/p>\n<p>En effet, si l&rsquo;intrigue polici\u00e8re &#8211; \u00e0 base de r\u00e9glements de comptes, de trafic de diamants, et de t\u00e9moin prot\u00e9g\u00e9 &#8211; ne r\u00e9volutionne pas vraiment le genre, le sc\u00e9nario de\u00a0<a title=\"Tigran Rosine (France) (Sc\u00e9nariste,R\u00e9alisateur)\" href=\"http:\/\/www.allocine.fr\/personne\/fichepersonne_gen_cpersonne=758037.html\">Tigran Rosine<\/a> (<a title=\"Cassandre (France) (Policier,Drame)\" href=\"http:\/\/www.allocine.fr\/series\/ficheserie_gen_cserie=19901.html\">Cassandre<\/a>) et\u00a0<a title=\"Florent Meyer (France) (Sc\u00e9nariste,Cr\u00e9ateur)\" href=\"http:\/\/www.allocine.fr\/personne\/fichepersonne_gen_cpersonne=237774.html\">Florent Meyer<\/a> (<a title=\"Zone Blanche (France,Belgique) (Thriller,Policier,Judiciaire)\" href=\"http:\/\/www.allocine.fr\/series\/ficheserie_gen_cserie=20665.html\">Zone blanche<\/a>, <a title=\"Amour fou (France) (Thriller,Drame)\" href=\"http:\/\/www.allocine.fr\/series\/ficheserie_gen_cserie=24462.html\">Amour fou<\/a>) parvient \u00e0 nous surprendre par son humour qui donnerait presque par moments des airs de com\u00e9die noire au t\u00e9l\u00e9film de\u00a0<a title=\"Bruno Garcia (France) (R\u00e9alisateur,Cr\u00e9ateur\/Showrunner)\" href=\"http:\/\/www.allocine.fr\/personne\/fichepersonne_gen_cpersonne=582788.html\">Bruno Garcia<\/a> (<a title=\"Pour te retrouver (France) - 2020 (Drame)\" href=\"http:\/\/www.allocine.fr\/film\/fichefilm_gen_cfilm=281021.html\">Pour te retrouver<\/a>, <a title=\"Avis de temp\u00eate (France) - 2020 (Drame,Thriller)\" href=\"http:\/\/www.allocine.fr\/film\/fichefilm_gen_cfilm=280588.html\">Avis de temp\u00eate<\/a>) et \u00e0 ses clins d&rsquo;oeil hitchcockiens.<\/p>\n<p>On retient d&rsquo;ailleurs ce face \u00e0 face muscl\u00e9 entre Claire Keim et David Kammenos au cours d&rsquo;une s\u00e9quence qui ne manque pas de piquant et traduit \u00e0 elle seule toute la tension sexuelle qui existe entre les deux personnages principaux. Une histoire d&rsquo;amour est-elle possible entre eux ? Ou Franck est-il r\u00e9ellement le meurtrier que recherche sans rel\u00e2che Marie ? Attendez-vous \u00e0 quelques surprises de ce c\u00f4t\u00e9-l\u00e0.<\/p>\n<div class=\"article-figure-holder\">\n<figure class=\"article-figure mceNonEditable\">\n<img loading=\"lazy\" decoding=\"async\" class=\"article-figure-img\" src=\"data:image\/gif;base64,R0lGODlhAgABAPAAAAAAAAAAACH5BAEAAAAAIf8LSW1hZ2VNYWdpY2sNZ2FtbWE9MC40NTQ1NQAsAAAAAAIAAQAAAgIECgA7\" data-src=\"https:\/\/fr.web.img5.acsta.net\/newsv7\/22\/02\/03\/18\/24\/5946253.jpg\" width=\"640\" height=\"320\"\/><br \/>\n<span class=\"article-figcaption-copy\">M\u00e9lanie BODOLEC &#8211; FTV &#8211; MORGANE PRODUCTION<\/span><br \/>\n<\/figure>\n<\/div>\n<p>Au-del\u00e0 d&rsquo;une enqu\u00eate assez classique, c&rsquo;est donc avant tout pour ses personnages et ses interpr\u00e8tes que Menace sur Kermadec vaut le d\u00e9tour.<\/p>\n<p>Claire Keim et David Kammenos apportent une belle \u00e9nergie et une bonne dose de com\u00e9die \u00e0 leur tandem qui se tourne autour, se cherche sans cesse, et se vanne de mani\u00e8re assez amusante. Tandis que l&rsquo;interpr\u00e8te de l&rsquo;h\u00e9ro\u00efne jouit \u00e9galement d&rsquo;une jolie alchimie avec Axel Mandron, un jeune com\u00e9dien qui parvient lui aussi \u00e0 tirer son \u00e9pingle du jeu dans le r\u00f4le de Yassine, le co\u00e9quipier gendarme de Marie.<\/p>\n<p>\u00c0 noter enfin la pr\u00e9sence dans un petit r\u00f4le de Samy Naceri, qu&rsquo;il est appr\u00e9ciable de retrouver \u00e0 l&rsquo;\u00e9cran, et qui semble beaucoup s&rsquo;amuser avec sa partition de voyou pas forc\u00e9ment tr\u00e8s recommandable, qui va venir perturber la qui\u00e9tude de Kermadec le temps de quelques s\u00e9quences.<\/p>\n<\/div>\n<p>[ad_2]<br \/>\n<br \/><a href=\"http:\/\/www.allocine.fr\/article\/fichearticle_gen_carticle=18706546.html\">Source link <\/a><\/p>\n","protected":false},"excerpt":{"rendered":"<p>[ad_1] France 2 diffuse ce soir \u00ab\u00a0Menace sur Kermadec\u00a0\u00bb, un t\u00e9l\u00e9film avec Claire Keim, David Kammenos, Axel Mandron, et Samy &hellip; <a href=\"http:\/\/www.affinite.fr\/index.php\/2022\/02\/04\/menace-sur-kermadec-sur-france-2-que-vaut-le-telefilm-avec-claire-keim-et-samy-naceri-actus-cine\/\" class=\"more-link\">Plus <span class=\"screen-reader-text\">Menace sur Kermadec sur France 2 : que vaut le t\u00e9l\u00e9film avec Claire Keim et Samy Naceri ? &#8211; Actus Cin\u00e9<\/span> <span class=\"meta-nav\">&rarr;<\/span><\/a><\/p>\n","protected":false},"author":1,"featured_media":7422,"comment_status":"","ping_status":"open","sticky":false,"template":"","format":"standard","meta":{"_sitemap_exclude":false,"_sitemap_priority":"","_sitemap_frequency":"","footnotes":""},"categories":[1],"tags":[],"class_list":["post-7421","post","type-post","status-publish","format-standard","has-post-thumbnail","hentry","category-tous"],"_links":{"self":[{"href":"http:\/\/www.affinite.fr\/index.php\/wp-json\/wp\/v2\/posts\/7421"}],"collection":[{"href":"http:\/\/www.affinite.fr\/index.php\/wp-json\/wp\/v2\/posts"}],"about":[{"href":"http:\/\/www.affinite.fr\/index.php\/wp-json\/wp\/v2\/types\/post"}],"author":[{"embeddable":true,"href":"http:\/\/www.affinite.fr\/index.php\/wp-json\/wp\/v2\/users\/1"}],"replies":[{"embeddable":true,"href":"http:\/\/www.affinite.fr\/index.php\/wp-json\/wp\/v2\/comments?post=7421"}],"version-history":[{"count":0,"href":"http:\/\/www.affinite.fr\/index.php\/wp-json\/wp\/v2\/posts\/7421\/revisions"}],"wp:featuredmedia":[{"embeddable":true,"href":"http:\/\/www.affinite.fr\/index.php\/wp-json\/wp\/v2\/media\/7422"}],"wp:attachment":[{"href":"http:\/\/www.affinite.fr\/index.php\/wp-json\/wp\/v2\/media?parent=7421"}],"wp:term":[{"taxonomy":"category","embeddable":true,"href":"http:\/\/www.affinite.fr\/index.php\/wp-json\/wp\/v2\/categories?post=7421"},{"taxonomy":"post_tag","embeddable":true,"href":"http:\/\/www.affinite.fr\/index.php\/wp-json\/wp\/v2\/tags?post=7421"}],"curies":[{"name":"wp","href":"https:\/\/api.w.org\/{rel}","templated":true}]}}