{"id":7406,"date":"2022-01-31T20:32:29","date_gmt":"2022-01-31T20:32:29","guid":{"rendered":"https:\/\/www.affinite.fr\/index.php\/2022\/01\/31\/sous-variant-omicron-ba-2-symptomes-transmission-en-france\/"},"modified":"2022-01-31T20:32:29","modified_gmt":"2022-01-31T20:32:29","slug":"sous-variant-omicron-ba-2-symptomes-transmission-en-france","status":"publish","type":"post","link":"http:\/\/www.affinite.fr\/index.php\/2022\/01\/31\/sous-variant-omicron-ba-2-symptomes-transmission-en-france\/","title":{"rendered":"Sous-variant Omicron BA.2\u00a0: sympt\u00f4mes, transmission, en France"},"content":{"rendered":"<p> [ad_1]<br \/>\n<\/p>\n<p>\n                Le variant BA.2, minoritaire en France,\u00a0est un sous-variant du variant Omicron. \u00ab\u00a0On pourrait se recontaminer au BA.2\u00a0m\u00eame lorsque nous aurions \u00e9t\u00e9 contamin\u00e9s au variant Omicron\u00a0\u00bb a pr\u00e9venu Olivier V\u00e9ran le 25\u00a0janvier. Quels sont les dangers de cette nouvelle mutation\u00a0? Ses sympt\u00f4mes\u00a0? Sa contagion\u00a0? Quelle situation en France\u00a0?            <\/p>\n<div>\n<aside class=\"ccmsummary marqueur_module ccmcss_cms_summary ccmcss_cms_summary--right\">\n<p>Sommaire<\/p>\n<\/aside>\n<p><strong><strong data-insertor-excluded=\"1\">[Mis\u00a0\u00e0 jour le 31\u00a0janvier 2022\u00a0\u00e0 19h11]\u00a0<\/strong><\/strong>BA.2 est un <strong>sous-variant d&rsquo;Omicron<\/strong>, lui-m\u00eame un variant du coronavirus Sars-Cov-2. En Europe, BA.2\u00a0est d\u00e9tect\u00e9 \u00e0 des niveaux faibles dans la majorit\u00e9 des pays d&rsquo;Europe du nord et de l&rsquo;ouest. Les <strong>variants Omicron identifi\u00e9s en France jusqu&rsquo;\u00e0 la deuxi\u00e8me semaine de janvier\u00a0appartiennent encore\u00a0tr\u00e8s majoritairement au sous-lignage BA.1.<\/strong>\u00a0D&rsquo;apr\u00e8s les r\u00e9sultats des enqu\u00eates Flash mentionn\u00e9es par Sant\u00e9 Publique France dans son <a href=\"https:\/\/www.santepubliquefrance.fr\/maladies-et-traumatismes\/maladies-et-infections-respiratoires\/infection-a-coronavirus\/documents\/bulletin-national\/covid-19-point-epidemiologique-du-27-janvier-2022\" target=\"_blank\" rel=\"noopener\">point \u00e9pid\u00e9miologique<\/a>\u00a0du 27 janvier, \u00ab\u00a0<em>la proportion de BA.1 et BA.2 \u00e9tait de\u00a068% et 0,26% en <strong>S01<\/strong>\u00a0(<strong>4\u00a0s\u00e9quences BA.2<\/strong>), 94% et 1% en<strong> S02<\/strong>\u00a0(<strong>9\u00a0s\u00e9quences BA.2<\/strong>). La diffusion du sous-lignage BA.2\u00a0dans certains pays peut sugg\u00e9rer un <strong>avantage de transmissibilit\u00e9 par rapport \u00e0 BA.1,<\/strong> mais les donn\u00e9es pr\u00e9liminaires sont en faveur d&rsquo;une <strong>s\u00e9v\u00e9rit\u00e9 similaire<\/strong>. L&rsquo;\u00e9volution de la proportion de BA.2\u00a0et des connaissances sur ce sous-lignage continuera d&rsquo;\u00eatre suivie attentivement au cours des prochaines semaines<\/em>\u00ab\u00a0. \u00ab\u00a0<em>Il r\u00e9pond bien au vaccin vis \u00e0 vis des formes s\u00e9v\u00e8res, les formes s\u00e9v\u00e8res n&rsquo;arrivent pas chez les gens triplement vaccin\u00e9s. Et puis il ne semble pas \u00eatre plus virulent. On n&rsquo;a pas de description de la part des Danois de <strong>nouveaux sympt\u00f4mes<\/strong><\/em>\u00a0\u00bb a rassur\u00e9 le Pr Antoine Flahault, \u00e9pid\u00e9miologiste sur <a href=\"https:\/\/www.bfmtv.com\/sante\/pr-antoine-flahault-le-variant-ba-2-d-omicron-repond-bien-au-vaccin-vis-a-vis-des-formes-severes_VN-202201210464.html\" target=\"_blank\" rel=\"noopener\">BFM-TV <\/a>le 21\u00a0janvier. Aujourd&rsquo;hui, il est <strong>majoritaire au Danemark et en Inde<\/strong>.\u00a0Quelle est cette nouvelle mutation du Covid-19\u00a0? Est-elle <strong>plus contagieuse, plus dangereuse, qu&rsquo;Omicron<\/strong> ? Le <strong>vaccin <\/strong>est-il efficace contre ce nouveau variant ? Le point sur la situation.<\/p>\n<h2 id=\"definition--cest-quoi-ba2\">D\u00e9finition : c&rsquo;est quoi le sous-variant A.2\u00a0?<\/h2>\n<p>\u00ab\u00a0<em>Le BA.2 est un <strong>sous-variant d&rsquo;Omicron<\/strong>. C&rsquo;est un \u00ab\u00a0petit cousin\u00a0\u00bb du variant Omicron<\/em>\u00a0\u00bb a d\u00e9clar\u00e9 Jean-Fran\u00e7ois Delfraissy, pr\u00e9sident du Conseil Scientifique Covid,\u00a0au micro de <a href=\"https:\/\/www.francetvinfo.fr\/sante\/maladie\/coronavirus\/pass-vaccinal\/covid-19-on-regarde-le-sous-variant-d-omicron-ba-2-avec-une-grande-attention-souligne-jean-francois-delfraissy_4928947.html\" target=\"_blank\" rel=\"noopener\">Franceinfo<\/a>\u00a0mardi 25 janvier.\u00a0Nomm\u00e9 BA.2, il est le cadet de la souche majoritaire de ce variant, dite BA.1, qui est majoritaire en\u00a0Europe. La <strong>divergence entre BA.1\u00a0et BA.2\u00a0est importante,<\/strong> en particulier au sein de la prot\u00e9ine Spike, pr\u00e9cise Sant\u00e9 Publique France. Si des r\u00e9flexions sont en cours pour d\u00e9terminer si BA.2\u00a0doit \u00eatre consid\u00e9r\u00e9 comme un variant diff\u00e9rent de BA.1, ils sont<strong> pour l&rsquo;instant tous deux regroup\u00e9s au sein du variant Omicron.\u00a0<\/strong>Une <strong><a href=\"https:\/\/en.ssi.dk\/news\/news\/2022\/omicron-variant-ba2-accounts-for-almost-half-of-all-danish-omicron-cases\" target=\"_blank\" rel=\"noopener\">\u00e9tude danoise<\/a>\u00a0publi\u00e9e\u00a0en janvier et men\u00e9e par l&rsquo;institut de recherche\u00a0Statens Serum Institut<\/strong> (Copenhague) a soulign\u00e9 que \u00ab\u00a0<em>l&rsquo;analyse initiale ne montre <strong>aucune diff\u00e9rence dans les hospitalisations pour BA.2\u00a0par rapport \u00e0 BA.1&Prime;.<\/strong><\/em>\u00a0\u00ab\u00a0<em>Au niveau mondial, le variant Omicron repr\u00e9sente 94% des virus circulants avec plusieurs sous-types\u00a0: BA.1, BA.2, BA.3\u00a0et ceux non affect\u00e9s aux lignages BA.1-3. Le sous-type BA.1\u00a0repr\u00e9sente\u00a090% des variants circulants<strong>, et le sous-type BA.2\u00a0entre 3\u00a0et 4%.<\/strong> Tous ces sous-variants semblent avoir les <strong>m\u00eames caract\u00e9ristiques<\/strong><\/em>\u00a0\u00bb informe le Conseil Scientifique du Covid dans son\u00a0<a href=\"https:\/\/solidarites-sante.gouv.fr\/IMG\/pdf\/avis_conseil_scientifique_19_janvier_2022_modifie_20_janvier_2022.pdf\" target=\"_blank\" rel=\"noopener\">Avis<\/a>\u00a0du 20\u00a0janvier.\u00a0<\/p>\n<h2 id=\"situation-en-france\">Quel est le taux du\u00a0variant BA.2 en France ?<\/h2>\n<p>Le sous-variant BA.2 est pr\u00e9sent en France mais reste tr\u00e8s minoritaire.\u00a0\u00ab\u00a0<em>Parmi les s\u00e9quences interpr\u00e9tables des enqu\u00eates Flash, la proportion de BA.1\u00a0et <strong>BA.2\u00a0<\/strong>\u00e9tait de\u00a068% et <strong>0,26% en semaine 01 ;\u00a0<\/strong>94% et <strong>1% en semaine 02<\/strong>. \u00c9tant donn\u00e9 que 5,2\u00a0millions de nouveaux cas d&rsquo;infections par le SARS-CoV-2\u00a0ont \u00e9t\u00e9 rapport\u00e9s entre S52\u00a0et S02, le<strong> nombre d&rsquo;infections <\/strong>par BA.2\u00a0sur cette p\u00e9riode est estim\u00e9 \u00e0<strong> 9\u00a0900 <\/strong>contre <strong>3,6\u00a0millions pour BA.1<\/strong>. La diffusion du sous-lignage BA.2\u00a0dans certains pays peut sugg\u00e9rer un avantage de transmissibilit\u00e9 par rapport \u00e0 BA.1, mais les donn\u00e9es pr\u00e9liminaires sont en faveur d&rsquo;une s\u00e9v\u00e9rit\u00e9 similaire<\/em>\u00a0\u00bb a indiqu\u00e9 Sant\u00e9 Publique France dans son point \u00e9pid\u00e9miologique du 27 janvier.\u00a0<\/p>\n<h2 id=\"quels-sont-les-symptomes-de-ba2\">Quels sont les sympt\u00f4mes du sous-variant\u00a0BA.2\u00a0?<\/h2>\n<p>Pour l&rsquo;instant, il n&rsquo;y a pas de sympt\u00f4mes sp\u00e9cifiques recens\u00e9s sur les quelques cas de sous-variants BA.2. En revanche pour le variant Omicron \u00ab\u00a0l<em>es investigations \u00e9pid\u00e9miologiques indiquent\u00a0une pr\u00e9sentation clinique sp\u00e9cifique avec plus de sympt\u00f4mes respiratoire hauts et moins de perte de gout et d&rsquo;odorat, ainsi qu&rsquo;une s\u00e9v\u00e9rit\u00e9 moindre (risque d&rsquo;hospitalisation et d&rsquo;admission en soins intensifs jusqu&rsquo;\u00e0 80% plus faible)<\/em>\u00a0\u00bb a rapport\u00e9\u00a0<a href=\"https:\/\/www.santepubliquefrance.fr\/dossiers\/coronavirus-covid-19\/coronavirus-circulation-des-variants-du-sars-cov-2\" target=\"_blank\" rel=\"noopener\">Sant\u00e9 Publique France<\/a>\u00a0le 26 janvier.<\/p>\n<h2 id=\"ce-sous-variant-est-il-plus-contagieuxtransmissible-quomicron-\">Le variant BA.2 est-il plus contagieux qu&rsquo;Omicron ?<\/h2>\n<p>\u00ab\u00a0<em>La diffusion du sous-lignage BA.2\u00a0dans certains pays peut sugg\u00e9rer un <strong>avantage de transmissibilit\u00e9 par rapport \u00e0 BA.1,<\/strong> mais les donn\u00e9es pr\u00e9liminaires sont en faveur d&rsquo;une <strong>s\u00e9v\u00e9rit\u00e9 similaire\u00a0\u00bb\u00a0<\/strong><\/em>a inform\u00e9 le Pr Antoine Flahault sur BFM-TV. En France, <strong>la strat\u00e9gie de criblage permet de d\u00e9tecter tous les cas Omicron sans distinction, qu&rsquo;ils soient BA.1\u00a0ou BA.2.<\/strong>\u00a0\u00ab\u00a0<em>Dans un second temps, le s\u00e9quen\u00e7age r\u00e9alis\u00e9 dans le cadre du Consortium Emergen permet de <\/em><strong><em>suivre la diffusion diff\u00e9renci\u00e9e de ces deux sous-lignages<\/em>\u00a0\u00bb\u00a0<\/strong>a pr\u00e9venu Sant\u00e9 Publique France.<\/p>\n<div style=\"text-align:center\">\n<figure class=\"image\" style=\"display:inline-block\"><a class=\"fancy\" href=\"https:\/\/img-3.journaldesfemmes.fr\/4yEUeeh2lilM4xk48W3TQbzPPdY=\/1080x\/smart\/22a636b3a8e54f3ca2c9af707690e500\/ccmcms-jdf\/31511297.png\"><img decoding=\"async\" alt=\" La proportion des cas de BA.2 parmi le nombre total de s\u00e9quences d\u00e9pos\u00e9es sur GISAID, par pays au 24 janvier 2022\" src=\"https:\/\/img-3.journaldesfemmes.fr\/4yEUeeh2lilM4xk48W3TQbzPPdY=\/1080x\/smart\/22a636b3a8e54f3ca2c9af707690e500\/ccmcms-jdf\/31511297.png\"\/><\/a><figcaption data-credit=\"Sant\u00e9 Publique France\" data-legend=\" La proportion des cas de BA.2 parmi le nombre total de s\u00e9quences d\u00e9pos\u00e9es sur GISAID, par pays au 24 janvier 2022\">La proportion des cas de BA.2 parmi le nombre total de s\u00e9quences d\u00e9pos\u00e9es sur GISAID, par pays au 24 janvier 2022 <small>\u00a9\u00a0Sant\u00e9 Publique France<\/small><\/figcaption><\/figure>\n<\/div>\n<h2 id=\"ba2-est-il-plus-dangereux-quomicron-\">Le variant BA.2 est-il plus dangereux qu&rsquo;Omicron ?<\/h2>\n<p>\u00ab\u00a0<em>En terme de s\u00e9v\u00e9rit\u00e9, les donn\u00e9es pr\u00e9liminaires du Danemark ont montr\u00e9 un <strong>taux d&rsquo;hospitalisation \u00e9quivalent entre BA.1\u00a0et BA.2.<\/strong> Des analyses pr\u00e9liminaires au Royaume-Uni ont montr\u00e9 une taux d&rsquo;attaque secondaire sup\u00e9rieur pour BA.2\u00a0par rapport \u00e0 BA.1\u00a0(13,4% vs 10,3%) mais une <strong>efficacit\u00e9 vaccinale contre les infections symptomatiques similaires <\/strong>pour les deux sous lignages. D&rsquo;autres \u00e9tudes sont en cours pour \u00e9valuer plus pr\u00e9cis\u00e9ment la transmissibilit\u00e9, la s\u00e9v\u00e9rit\u00e9 et l&rsquo;\u00e9chappement \u00e0 la r\u00e9ponse immunitaire de BA.2\u00a0par rapport \u00e0 BA.1&Prime; <\/em>a relev\u00e9 Sant\u00e9 Publique France.\u00a0Le\u00a0pr\u00e9sident du Conseil Scientifique s&rsquo;est montr\u00e9 plus prudent en indiquant qu&rsquo;il \u00ab\u00a0<strong><em>ne savait pas<\/em><\/strong>\u00a0\u00bb si ce sous-variant \u00e9tait plus dangereux. \u00ab\u00a0<em>La question pos\u00e9e est de savoir quelle va \u00eatre sa gravit\u00e9. Donc, <strong>on le regarde avec une grande attention<\/strong><\/em>\u00ab\u00a0, a\u00a0soulign\u00e9 Jean-Fran\u00e7ois Delfraissy. Selon l&rsquo;\u00e9tude danoise publi\u00e9e en janvier \u00ab\u00a0d<em>es <strong>analyses concernant l&rsquo;infectiosit\u00e9 [&#8230;] sont en cours<\/strong>, y compris des tentatives de culture de BA.2\u00a0afin d&rsquo;effectuer des \u00e9tudes de neutralisation des anticorps<\/em>\u00ab\u00a0.\u00a0\u00ab\u00a0<em>Des observations tr\u00e8s pr\u00e9coces en Inde et au Danemark sugg\u00e8rent qu&rsquo;il n&rsquo;y a <strong>pas de diff\u00e9rence majeure de gravit\u00e9 par rapport \u00e0 BA.1<\/strong><\/em><strong>\u00ab\u00a0<\/strong>, a tweet\u00e9 Tom Peacock, virologue \u00e0 l&rsquo;Imperial College de Londres, le 19 janvier 2022.\u00a0<\/p>\n<h2 id=\"le-vaccin-est-il-efficace-contre-ce-variant-\">Les vaccins sont-ils\u00a0efficaces contre le variant BA.2 ?<\/h2>\n<p>\u00ab\u00a0<em>L&rsquo;<strong>efficacit\u00e9 vaccinale est conserv\u00e9e contre Omicron apr\u00e8s l&rsquo;administration d&rsquo;une dose de rappel,<\/strong> en particulier contre les formes s\u00e9v\u00e8res<\/em>\u00a0\u00bb a confirm\u00e9 Sant\u00e9 Publique France le 26 janvier. \u00ab\u00a0<em>Il r\u00e9pond bien au vaccin vis \u00e0 vis des formes s\u00e9v\u00e8res, <strong>les formes s\u00e9v\u00e8res n&rsquo;arrivent pas chez les gens triplement vaccin\u00e9s<\/strong><\/em>\u00a0\u00bb a indiqu\u00e9 le Pr Antoine Flahault, \u00e9pid\u00e9miologiste sur BFM-TV le 21\u00a0janvier .\u00a0\u00bb<em>On s&rsquo;attend \u00e0 ce que les <strong>vaccins aient \u00e9galement un effet contre les maladies graves lors d&rsquo;une infection par BA.2<\/strong><\/em>\u00a0\u00bb avaient estim\u00e9 les scientifiques danois qui poursuivent leurs analyses.<\/p>\n<h2 id=\"situation-au-danemark\">Quelle est la situation au Danemark ?<\/h2>\n<p>\u00ab\u00a0<em>Il [le sous-variant BA.2] semble avoir <strong>pris le pouvoir au Danemark<\/strong><\/em>\u00a0\u00bb a indiqu\u00e9 Jean-Fran\u00e7ois Delfraissy sur France Info le\u00a025 janvier.\u00a0Selon les r\u00e9sultats de l&rsquo;\u00e9tude danoise, \u00ab\u00a0<em><strong>le variant BA.2\u00a0repr\u00e9sentait 20% de tous les cas<\/strong> de covid-19\u00a0au Danemark au cours de la semaine 52, <strong>augmentant \u00e0 environ 45\u00a0%<\/strong> au cours de la semaine 2. Au cours de la m\u00eame p\u00e9riode, <strong>la fr\u00e9quence relative de BA.1\u00a0a chut\u00e9<\/strong><\/em>\u00ab\u00a0.<\/p>\n<p>Sources :<\/p>\n<p>&#8211;\u00a0\u00ab\u00a0Analyse de risque sur les variants \u00e9mergents du SARS-CoV-2\u00a0\u00bb, 26 janvier 2022, Sant\u00e9 publique France.<\/p>\n<p>&#8211; COVID-19\u00a0: point \u00e9pid\u00e9miologique du 27\u00a0janvier 2022, Sant\u00e9 Publique France<\/p>\n<p>-\u00ab\u00a0Maintenant, une variante d&rsquo;Omicron, BA.2, repr\u00e9sente pr\u00e8s de la moiti\u00e9 de tous les cas d&rsquo;Omicron danois\u00a0\u00bb 20 janvier 2022,\u00a0Statens Serum Institut.<\/p>\n<\/p><\/div>\n<p>[ad_2]<br \/>\n<br \/><a href=\"https:\/\/sante.journaldesfemmes.fr\/fiches-maladies\/2777639-covid-19-origine-sous-variant-ba2-omicron-symptomes-danemark-pcr-transmission-france-severite-taux\/\">Source link <\/a><\/p>\n","protected":false},"excerpt":{"rendered":"<p>[ad_1] Le variant BA.2, minoritaire en France,\u00a0est un sous-variant du variant Omicron. \u00ab\u00a0On pourrait se recontaminer au BA.2\u00a0m\u00eame lorsque nous &hellip; <a href=\"http:\/\/www.affinite.fr\/index.php\/2022\/01\/31\/sous-variant-omicron-ba-2-symptomes-transmission-en-france\/\" class=\"more-link\">Plus <span class=\"screen-reader-text\">Sous-variant Omicron BA.2\u00a0: sympt\u00f4mes, transmission, en France<\/span> <span class=\"meta-nav\">&rarr;<\/span><\/a><\/p>\n","protected":false},"author":1,"featured_media":7407,"comment_status":"","ping_status":"open","sticky":false,"template":"","format":"standard","meta":{"_sitemap_exclude":false,"_sitemap_priority":"","_sitemap_frequency":"","footnotes":""},"categories":[1],"tags":[],"class_list":["post-7406","post","type-post","status-publish","format-standard","has-post-thumbnail","hentry","category-tous"],"_links":{"self":[{"href":"http:\/\/www.affinite.fr\/index.php\/wp-json\/wp\/v2\/posts\/7406"}],"collection":[{"href":"http:\/\/www.affinite.fr\/index.php\/wp-json\/wp\/v2\/posts"}],"about":[{"href":"http:\/\/www.affinite.fr\/index.php\/wp-json\/wp\/v2\/types\/post"}],"author":[{"embeddable":true,"href":"http:\/\/www.affinite.fr\/index.php\/wp-json\/wp\/v2\/users\/1"}],"replies":[{"embeddable":true,"href":"http:\/\/www.affinite.fr\/index.php\/wp-json\/wp\/v2\/comments?post=7406"}],"version-history":[{"count":0,"href":"http:\/\/www.affinite.fr\/index.php\/wp-json\/wp\/v2\/posts\/7406\/revisions"}],"wp:featuredmedia":[{"embeddable":true,"href":"http:\/\/www.affinite.fr\/index.php\/wp-json\/wp\/v2\/media\/7407"}],"wp:attachment":[{"href":"http:\/\/www.affinite.fr\/index.php\/wp-json\/wp\/v2\/media?parent=7406"}],"wp:term":[{"taxonomy":"category","embeddable":true,"href":"http:\/\/www.affinite.fr\/index.php\/wp-json\/wp\/v2\/categories?post=7406"},{"taxonomy":"post_tag","embeddable":true,"href":"http:\/\/www.affinite.fr\/index.php\/wp-json\/wp\/v2\/tags?post=7406"}],"curies":[{"name":"wp","href":"https:\/\/api.w.org\/{rel}","templated":true}]}}