{"id":7401,"date":"2022-01-30T06:47:11","date_gmt":"2022-01-30T06:47:11","guid":{"rendered":"https:\/\/www.affinite.fr\/index.php\/2022\/01\/30\/demain-nous-appartient-virginie-avait-encore-beaucoup-de-choses-a-vivre-audrey-looten-reagit-a-son-depart-de-la-serie-news-series\/"},"modified":"2022-01-30T06:47:11","modified_gmt":"2022-01-30T06:47:11","slug":"demain-nous-appartient-virginie-avait-encore-beaucoup-de-choses-a-vivre-audrey-looten-reagit-a-son-depart-de-la-serie-news-series","status":"publish","type":"post","link":"http:\/\/www.affinite.fr\/index.php\/2022\/01\/30\/demain-nous-appartient-virginie-avait-encore-beaucoup-de-choses-a-vivre-audrey-looten-reagit-a-son-depart-de-la-serie-news-series\/","title":{"rendered":"Demain nous appartient : \u00ab\u00a0Virginie avait encore beaucoup de choses \u00e0 vivre\u00a0\u00bb&#8230; Audrey Looten r\u00e9agit \u00e0 son d\u00e9part de la s\u00e9rie &#8211; News S\u00e9ries"},"content":{"rendered":"<p> [ad_1]<br \/>\n<\/p>\n<p>Cette semaine dans \u00ab\u00a0Demain nous appartient\u00a0\u00bb, Virginie Corkas mettait fin \u00e0 sa relation avec Martin avant de quitter S\u00e8te. Audrey Looten revient pour nous sur ce d\u00e9part \u00ab\u00a0brutal\u00a0\u00bb, qui a \u00e9t\u00e9 une surprise. Et sur la belle \u00e9volution de son personnage.<\/p>\n<div id=\"article-content\">\n<figure class=\"article-figure article-main-figure\">\n<img loading=\"lazy\" decoding=\"async\" class=\"article-figure-img\" width=\"654\" height=\"368\" src=\"https:\/\/fr.web.img6.acsta.net\/r_654_368\/newsv7\/22\/01\/29\/19\/05\/1234742.jpg\"\/><figcaption class=\"article-figcaption-copy\">Capture d&rsquo;\u00e9cran\/TF1<\/figcaption><\/figure>\n<p><strong>AlloCin\u00e9 : \u00c0 quel moment avez-vous appris que Virginie, votre personnage, allait quitter\u00a0<a title=\"Demain nous appartient (France) (Drame,Thriller)\" href=\"http:\/\/www.allocine.fr\/series\/ficheserie_gen_cserie=22125.html\">Demain nous appartient<\/a> ? Et comment avez-vous r\u00e9agi ?<\/strong><\/p>\n<p><a title=\"Audrey Looten (France) (Acteur)\" href=\"http:\/\/www.allocine.fr\/personne\/fichepersonne_gen_cpersonne=200599.html\"><strong>Audrey Looten<\/strong><\/a>\u00a0: J\u2019ai appris \u00e7a au d\u00e9but de l\u2019automne, vers fin septembre ou d\u00e9but octobre. Et \u00e9videmment j\u2019\u00e9tais tr\u00e8s surprise, je ne m\u2019y attendais pas. Je sais qu\u2019il y a eu beaucoup de d\u00e9parts cette ann\u00e9e, avec beaucoup d\u2019arriv\u00e9es de nouveaux com\u00e9diens. Mais a priori il n\u2019\u00e9tait pas pr\u00e9vu que mon personnage s\u2019en aille, donc j\u2019ai \u00e9t\u00e9 vraiment surprise.<\/p>\n<p>J&rsquo;ai donc rapidement \u00e9t\u00e9 tr\u00e8s triste de voir l\u2019aventure Demain nous appartient s\u2019arr\u00eater. M\u00eame si Virginie \u00e9tait pr\u00e9sente de mani\u00e8re plus discr\u00e8te ces derniers temps, j\u2019ai un vrai attachement \u00e0 ce personnage. Pour moi, elle avait encore beaucoup de choses \u00e0 vivre dans cette s\u00e9rie. Je pensais vraiment qu\u2019elle pourrait vivre encore plein de belles histoires.<\/p>\n<p><strong>C\u2019est vrai que c\u2019est \u00e7a qui est le plus surprenant : on avait vraiment la sensation qu\u2019il restait des choses \u00e0 raconter avec Virginie, que ce soit dans son histoire d\u2019amour avec Martin ou au niveau professionnel, avec ce nouveau d\u00e9cor de cabinet d\u2019avocats dont elle aurait tr\u00e8s bien pu faire partie\u2026<\/strong><\/p>\n<p>Oui, c\u2019est pour \u00e7a que la surprise a \u00e9t\u00e9 un peu soudaine. Avec la cr\u00e9ation de ce nouveau d\u00e9cor, je pensais que Virginie allait pouvoir y faire ses armes. J\u2019\u00e9tais ravie d\u2019int\u00e9grer ce cabinet, de partager ce lieu et des affaires avec le personnage de <a title=\"Jennifer Lauret (France) (Acteur)\" href=\"http:\/\/www.allocine.fr\/personne\/fichepersonne_gen_cpersonne=136321.html\">Jennifer Lauret<\/a>. Et finalement, non.<\/p>\n<p>Et c\u2019est vrai qu\u2019au niveau de l\u2019histoire d\u2019amour Virginie-Martin, on s\u2019est toujours dit avec\u00a0<a title=\"Franck Monsigny (France) (Acteur)\" href=\"http:\/\/www.allocine.fr\/personne\/fichepersonne_gen_cpersonne=441231.html\">Franck Monsigny<\/a> que ces deux-l\u00e0 avaient encore beaucoup de choses \u00e0 vivre. Car, d\u2019une certaine mani\u00e8re, \u00e0 partir du moment o\u00f9 ils se sont install\u00e9s ensemble, on est entr\u00e9 dans quelque chose de plus plan-plan. Alors qu\u2019on pensait qu\u2019il leur restait beaucoup de situations \u00e0 traverser. De par son m\u00e9tier \u00e0 elle, son m\u00e9tier \u00e0 lui, on aurait pu explorer plein de choses, notamment dans un registre un peu plus tourn\u00e9 vers l\u2019action. J\u2019aurais ador\u00e9 \u00e7a.<\/p>\n<p>Apr\u00e8s, je pense que le d\u00e9part de Jules a certainement mis un petit hol\u00e0, car la famille marchait tr\u00e8s bien. Sans Jules, les auteurs avaient peut-\u00eatre moins d\u2019inspiration pour ces deux personnages.<\/p>\n<div class=\"article-figure-holder\">\n<figure class=\"article-figure mceNonEditable\">\n<img loading=\"lazy\" decoding=\"async\" class=\"article-figure-img\" src=\"data:image\/gif;base64,R0lGODlhAgABAPAAAAAAAAAAACH5BAEAAAAAIf8LSW1hZ2VNYWdpY2sNZ2FtbWE9MC40NTQ1NQAsAAAAAAIAAQAAAgIECgA7\" data-src=\"https:\/\/fr.web.img6.acsta.net\/newsv7\/22\/01\/29\/18\/51\/0889153.jpg\" width=\"640\" height=\"320\"\/><br \/>\n<span class=\"article-figcaption-copy\">Capture d&rsquo;\u00e9cran\/TF1<\/span><br \/>\n<\/figure>\n<\/div>\n<p><strong>Dans <a href=\"\/\/www.allocine.fr\/article\/fichearticle_gen_carticle=18706398.html\">vos posts Instagram mis en ligne en fin de semaine<\/a>, vous disiez avoir re\u00e7u de nombreux messages de la part des t\u00e9l\u00e9spectateurs de Demain nous appartient. Vous avez \u00e9t\u00e9 touch\u00e9e par cette vague de soutien et d&rsquo;amour ?<\/strong><\/p>\n<p>\u00c9norm\u00e9ment. Je re\u00e7ois une avalanche de messages extr\u00eamement touchants et gentils depuis la diffusion de la derni\u00e8re s\u00e9quence de Virginie mercredi. Beaucoup de mots tr\u00e8s touchants. On est forc\u00e9ment tr\u00e8s heureux quand notre personnage pla\u00eet aux t\u00e9l\u00e9spectateurs, m\u00eame si c\u2019est \u00e9galement super d\u2019incarner des personnages que les gens n\u2019aiment pas (rires). Car \u00e7a fait ressortir des choses.<\/p>\n<p>Mais l\u00e0, avec Virginie, les r\u00e9actions sont toutes extr\u00eamement positives et agr\u00e9ables. Et \u00e7a fait toujours plaisir, en tant que com\u00e9dienne, de voir qu\u2019on a port\u00e9 un personnage qui a touch\u00e9 les gens.<\/p>\n<p><strong>Cela vient s\u00fbrement aussi de l\u2019\u00e9volution de Virginie Corkas, qui \u00e9tait un personnage un peu froid, un peu dur au d\u00e9part, de par ce qu\u2019elle vivait avec son mari, la vie de cavale, mais qui s\u2019est adoucie avec le temps. Elle a montr\u00e9 un c\u00f4t\u00e9 plus lumineux au contact de Bilel puis de Martin. Et vous lui avez apport\u00e9 une belle humanit\u00e9. Vous \u00eates heureuse de cette \u00e9volution au fil des ces trois ann\u00e9es pass\u00e9es dans la s\u00e9rie ?<\/strong><\/p>\n<p>Bien s\u00fbr, le parcours de Virginie, pour moi, c\u2019\u00e9tait que du bonheur. Les premiers textes que j\u2019ai eu, sur son entr\u00e9e dans la s\u00e9rie, au moment de la cavale, \u00e9taient super. Et tout ce qui a suivi n\u2019\u00e9tait que plaisir \u00e0 jouer avec mes partenaires.<\/p>\n<p>Par ses rencontres, par son m\u00e9tier, il y avait plein de choses \u00e0 faire. Virginie a eu une belle \u00e9volution, dans les rapports avec son fils, dans ce qui s\u2019est cr\u00e9\u00e9 avec Martin, et dans son travail aussi. C\u2019est pour \u00e7a qu\u2019il y a une petite frustration. Il aurait pu se passer encore plein de choses dans sa vie. Et elle aurait pu montrer plein d\u2019autres facettes.<\/p>\n<p>L\u2019humanit\u00e9 dont vous parlez, je pense qu\u2019elle avait \u00e7a depuis le d\u00e9but. Avec un certain caract\u00e8re un peu froid, oui, mais Virginie est assez enti\u00e8re en fait. C\u2019est comme \u00e7a que je l\u2019ai abord\u00e9e en tout cas. Elle est anim\u00e9e par ses sentiments, ses tripes, ses \u00e9motions, dans tout ce qu\u2019elle fait. Il y avait une vraie belle humanit\u00e9 compl\u00e8te en elle.<\/p>\n<p><strong>Le parcours de Virginie dans Demain nous appartient s\u2019est termin\u00e9 mercredi sur <a href=\"\/\/www.allocine.fr\/article\/fichearticle_gen_carticle=18706171.html\">une tr\u00e8s belle sc\u00e8ne de rupture avec Martin<\/a>. Est-ce la derni\u00e8re sc\u00e8ne que vous tourn\u00e9 ?<\/strong><\/p>\n<p>Oui. Pr\u00e9cis\u00e9ment, le dernier jour et la derni\u00e8re sc\u00e8ne. Ce n\u2019\u00e9tait pas \u00e9vident, mais en m\u00eame temps je me dis que c\u2019est bien d\u2019avoir termin\u00e9 par cette sc\u00e8ne-l\u00e0. Il y avait beaucoup d\u2019\u00e9motion. Mais c\u2019\u00e9tait un peu court. Le d\u00e9part de Virginie est brutal mine de rien.<\/p>\n<p>Cette derni\u00e8re sc\u00e8ne \u00e9tait cependant pleine d\u2019\u00e9motion. Car Demain nous appartient c\u2019est une aventure humaine, prenante, et profonde. Et c\u2019est surtout le partage avec les gens, que ce soit les com\u00e9diens et les \u00e9quipes techniques, que l\u2019on retient. Ces personnes qui nous entourent, qui sont l\u00e0 avec nous, et qu\u2019on retrouve \u00e0 chaque fois qu\u2019on vient travailler. C\u2019\u00e9tait un moment difficile mais plein d\u2019amour et de beaux sentiments.<\/p>\n<p><strong>Pour ces derniers \u00e9pisodes, la production \u00e0 fait revenir <a title=\"Xavier Widhoff (France) (Acteur)\" href=\"http:\/\/www.allocine.fr\/personne\/fichepersonne_gen_cpersonne=878632.html\">Xavier Widhoff<\/a>, l\u2019interpr\u00e8te de Jules. C\u2019\u00e9tait un joli <a href=\"http:\/\/www.affinite.fr\/index.php\/2024\/12\/08\/chere-maman-et-si-ce-noel-vous-offriez-a-votre-ado-un-avenir-%f0%9f%8e%84%e2%9c%a8\/\">cadeau<\/a> ?<\/strong><\/p>\n<p>Oui, c\u2019\u00e9tait un beau cadeau, mais c\u2019\u00e9tait un peu court l\u00e0 aussi. Je n\u2019ai pas eu beaucoup de sc\u00e8nes avec Xavier. Ce retour on l\u2019esp\u00e9rait tous les deux. Car c\u2019\u00e9tait un personnage qui plaisait au public a priori. C\u2019\u00e9tait un retour voulu, m\u00eame si on ne savait pas exactement quand \u00e7a allait se faire. On attendait un retour de Jules. Parce que j\u2019ai beaucoup de plaisir \u00e0 tourner avec Xavier. Et en fin de compte on n\u2019a pas eu beaucoup d\u2019\u00e9changes, de sc\u00e8nes ensemble. Mais c\u2019\u00e9tait quand m\u00eame plaisant de le voir l\u00e0, avec nous.<\/p>\n<div class=\"article-figure-holder\">\n<figure class=\"article-figure mceNonEditable\">\n<img loading=\"lazy\" decoding=\"async\" class=\"article-figure-img\" src=\"data:image\/gif;base64,R0lGODlhAgABAPAAAAAAAAAAACH5BAEAAAAAIf8LSW1hZ2VNYWdpY2sNZ2FtbWE9MC40NTQ1NQAsAAAAAAIAAQAAAgIECgA7\" data-src=\"https:\/\/fr.web.img4.acsta.net\/newsv7\/22\/01\/29\/18\/53\/0235242.jpg\" width=\"640\" height=\"320\"\/><br \/>\n<span class=\"article-figcaption-copy\">Capture d&rsquo;\u00e9cran\/TF1<\/span><br \/>\n<\/figure>\n<\/div>\n<p><strong>On imagine que vous allez rester en contact avec Franck, avec Xavier, et le reste des com\u00e9diens\u2026<\/strong><\/p>\n<p>Oui, bien s\u00fbr. J&rsquo;ai cr\u00e9\u00e9 de beaux liens avec certaines personnes. Je vais suivre tout ce qu\u2019ils font. Les liens sont l\u00e0, sont forts. Si cette famille Corkas-Constant fonctionnait \u00e0 l\u2019\u00e9cran et plaisait au public c\u2019est aussi parce qu\u2019on avait beaucoup de respect et de tendresse les uns pour les autres avec Franck et Xavier. Et de plaisir \u00e0 jouer tout ce qu\u2019on avait \u00e0 jouer ensemble.<\/p>\n<p><strong>Si vous deviez retenir une seule intrigue de Virginie, ce serait laquelle ?<\/strong><\/p>\n<p>Il y en eu pas mal quand m\u00eame (rires). C\u2019est compliqu\u00e9 car le personnage a eu une vraie \u00e9volution. Mais c\u2019est vrai que j\u2019ai senti quelque chose de tr\u00e8s fort et de tr\u00e8s particulier sur mon arriv\u00e9e, l\u2019intrigue de la cavale de Micka\u00ebl et de Bilel. On tournait dans un d\u00e9cor ext\u00e9rieur, dans une maison isol\u00e9e, au mois de janvier, il faisait tr\u00e8s froid. J\u2019avais l\u2019impression de tourner un film entier, car on avait de grosses journ\u00e9es, on encha\u00eenait les s\u00e9quences, dans une urgence et avec de l\u2019action. J\u2019adore \u00e7a dans les tournages.<\/p>\n<p>Mais, ensuite, cette intrigue-l\u00e0 a d\u00e9coul\u00e9 sur toutes mes sc\u00e8nes au mas avec Bilel, jou\u00e9 par <a title=\"Atmen K\u00e9lif (France) (Acteur,Sur une id\u00e9e de,Sc\u00e9nariste)\" href=\"http:\/\/www.allocine.fr\/personne\/fichepersonne_gen_cpersonne=17419.html\">Atmen Kelif<\/a>. Et toute cette p\u00e9riode au mas reste tr\u00e8s joyeuse pour moi, parce qu\u2019il s\u2019est pass\u00e9 pleine de choses. Je m\u2019estime heureuse car j\u2019ai eu beaucoup de choses \u00e0 d\u00e9fendre, \u00e0 jouer, que ce soit dans la com\u00e9die ou le drame.<\/p>\n<p>J\u2019aimais bien le c\u00f4t\u00e9 \u00ab\u00a0femme de braqueur\u00a0\u00bb, un peu plus sombre, que Virginie avait au d\u00e9part. Ce c\u00f4t\u00e9-l\u00e0 a \u00e9t\u00e9 un peu gomm\u00e9 avec le temps, on est revenu \u00e0 une fille davantage dans le droit de chemin. Mais l\u2019intrigue \u00ab\u00a0Blackout\u00a0\u00bb en d\u00e9but d\u2019ann\u00e9e derni\u00e8re nous a amen\u00e9 \u00e0 faire des choses contre les r\u00e8gles et c\u2019\u00e9tait tr\u00e8s int\u00e9ressant \u00e0 faire. Et par son humanit\u00e9 et ses engagements, Virginie n\u2019avait pas peur de se mouiller. Elle y allait avec ses tripes, notamment dans son m\u00e9tier d\u2019avocate, donc je suis heureuse, c\u2019\u00e9tait un beau personnage.<\/p>\n<p><strong>La porte reste-t-elle ouverte \u00e0 un retour de Virginie un jour ? Et auriez-vous envie de revenir si on vous le proposait ?<\/strong><\/p>\n<p>Oui. Si on me propose une intrigue int\u00e9ressante, avec vraiment des choses \u00e0 d\u00e9fendre et \u00e0 jouer, \u00e9videmment que oui. C\u2019est vrai que tant qu\u2019on n\u2019est pas d\u00e9clar\u00e9 mort, on a la sensation que nos personnages peuvent refaire surface un jour (rires).<\/p>\n<p>Ce serait avec plaisir. Demain nous appartient, c\u2019est une belle maison, je serais ravie de remettre les pieds l\u00e0-bas. Je sais que je retrouverais la bienveillance de l\u2019\u00e9quipe, les gens. Et c\u2019est formidable de d\u00e9fendre un personnage sur la dur\u00e9e.<\/p>\n<p><strong>Un mot sur vos projets \u00e0 venir ?<\/strong><\/p>\n<p>J\u2019ai tourn\u00e9 des choses \u00e0 la fin de l\u2019ann\u00e9e, mais c\u2019est un peu confidentiel, je ne peux pas trop en parler. Une s\u00e9rie et un petit r\u00f4le dans un long m\u00e9trage, voil\u00e0 ce que je peux dire. Mais j\u2019en parlerai avec plaisir au moment voulu.<\/p>\n<\/div>\n<p>[ad_2]<br \/>\n<br \/><a href=\"http:\/\/www.allocine.fr\/article\/fichearticle_gen_carticle=18706477.html\">Source link <\/a><\/p>\n","protected":false},"excerpt":{"rendered":"<p>[ad_1] Cette semaine dans \u00ab\u00a0Demain nous appartient\u00a0\u00bb, Virginie Corkas mettait fin \u00e0 sa relation avec Martin avant de quitter S\u00e8te. &hellip; <a href=\"http:\/\/www.affinite.fr\/index.php\/2022\/01\/30\/demain-nous-appartient-virginie-avait-encore-beaucoup-de-choses-a-vivre-audrey-looten-reagit-a-son-depart-de-la-serie-news-series\/\" class=\"more-link\">Plus <span class=\"screen-reader-text\">Demain nous appartient : \u00ab\u00a0Virginie avait encore beaucoup de choses \u00e0 vivre\u00a0\u00bb&#8230; Audrey Looten r\u00e9agit \u00e0 son d\u00e9part de la s\u00e9rie &#8211; News S\u00e9ries<\/span> <span class=\"meta-nav\">&rarr;<\/span><\/a><\/p>\n","protected":false},"author":1,"featured_media":7402,"comment_status":"","ping_status":"open","sticky":false,"template":"","format":"standard","meta":{"_sitemap_exclude":false,"_sitemap_priority":"","_sitemap_frequency":"","footnotes":""},"categories":[1],"tags":[],"class_list":["post-7401","post","type-post","status-publish","format-standard","has-post-thumbnail","hentry","category-tous"],"_links":{"self":[{"href":"http:\/\/www.affinite.fr\/index.php\/wp-json\/wp\/v2\/posts\/7401"}],"collection":[{"href":"http:\/\/www.affinite.fr\/index.php\/wp-json\/wp\/v2\/posts"}],"about":[{"href":"http:\/\/www.affinite.fr\/index.php\/wp-json\/wp\/v2\/types\/post"}],"author":[{"embeddable":true,"href":"http:\/\/www.affinite.fr\/index.php\/wp-json\/wp\/v2\/users\/1"}],"replies":[{"embeddable":true,"href":"http:\/\/www.affinite.fr\/index.php\/wp-json\/wp\/v2\/comments?post=7401"}],"version-history":[{"count":0,"href":"http:\/\/www.affinite.fr\/index.php\/wp-json\/wp\/v2\/posts\/7401\/revisions"}],"wp:featuredmedia":[{"embeddable":true,"href":"http:\/\/www.affinite.fr\/index.php\/wp-json\/wp\/v2\/media\/7402"}],"wp:attachment":[{"href":"http:\/\/www.affinite.fr\/index.php\/wp-json\/wp\/v2\/media?parent=7401"}],"wp:term":[{"taxonomy":"category","embeddable":true,"href":"http:\/\/www.affinite.fr\/index.php\/wp-json\/wp\/v2\/categories?post=7401"},{"taxonomy":"post_tag","embeddable":true,"href":"http:\/\/www.affinite.fr\/index.php\/wp-json\/wp\/v2\/tags?post=7401"}],"curies":[{"name":"wp","href":"https:\/\/api.w.org\/{rel}","templated":true}]}}