{"id":7399,"date":"2022-01-29T20:28:42","date_gmt":"2022-01-29T20:28:42","guid":{"rendered":"https:\/\/www.affinite.fr\/index.php\/2022\/01\/29\/intimite-avec-son-mari-mort-accidentelle-de-sa-soeur-3e-enfant-charge-mentale\/"},"modified":"2022-01-29T20:28:42","modified_gmt":"2022-01-29T20:28:42","slug":"intimite-avec-son-mari-mort-accidentelle-de-sa-soeur-3e-enfant-charge-mentale","status":"publish","type":"post","link":"http:\/\/www.affinite.fr\/index.php\/2022\/01\/29\/intimite-avec-son-mari-mort-accidentelle-de-sa-soeur-3e-enfant-charge-mentale\/","title":{"rendered":"\u00ab\u00a0Intimit\u00e9\u00a0\u00bb avec son mari, Mort accidentelle de sa s\u0153ur, 3e enfant, Charge mentale&#8230;"},"content":{"rendered":"<p> [ad_1]<br \/>\n<br \/><img decoding=\"async\" src=\"https:\/\/img-3.journaldesfemmes.fr\/9smXQ5FTO9fD5Xm25OZY5PqRbro=\/1280x\/smart\/703ad9e8bd0f448497b63d50cc89509f\/ccmcms-jdf\/31449510.jpg\" \/><\/p>\n<p>\n                Brigitte Macron s&rsquo;est confi\u00e9e \u00e0 Madame Figaro sur son \u00ab\u00a0intimit\u00e9\u00a0\u00bb avec le pr\u00e9sident de la R\u00e9publique, son enfance dans une fratrie de six enfants, le drame de la mort de sa s\u0153ur, mais aussi ses enfants et m\u00eame le chien Nemo&#8230;            <\/p>\n<div>\n<p><strong><a href=\"https:\/\/www.journaldesfemmes.fr\/people\/personnalites\/2559562-brigitte-macron\/\" title=\"Brigitte Trogneux\">Brigitte Macron<\/a> <\/strong>a appris \u00e9norm\u00e9ment en devenant <strong>premi\u00e8re dame<\/strong>.\u00a0Pour endosser cet habit parfois lourd \u00e0 porter, l&rsquo;\u00e9pouse d&rsquo;<a href=\"https:\/\/www.journaldesfemmes.fr\/people\/emmanuel-macron\/\" title=\"Emmanuel Macron\">Emmanuel Macron<\/a> a d\u00fb parfois travailler sur certains traits de caract\u00e8re.\u00a0\u00ab\u00a0<em>J&rsquo;ai appris \u00e0 <strong>ne pas parler ouvertement \u00e0 n&rsquo;importe qui, n&rsquo;importe o\u00f9 et n&rsquo;importe quand<\/strong>, ce qui est pour moi un effort colossal car <strong>je parle facilement<\/strong>! Je me suis malgr\u00e9 tout d\u00e9couverte ici<strong> plus patiente que je ne le pensais<\/strong><\/em>\u00ab\u00a0, a-t-elle expliqu\u00e9 dans un entretien aupr\u00e8s de <a href=\"https:\/\/madame.lefigaro.fr\/celebrites\/brigitte-macron-il-y-a-des-moments-ou-il-faut-faire-choix-qui-impactent-le-restant-de-vos-jours-210122-210431\" target=\"_blank\" rel=\"noopener\"><em>Madame Figaro<\/em><\/a>.<\/p>\n<h2>Brigitte Macron : comment elle a \u00ab\u00a0trouv\u00e9 sa place\u00a0\u00bb \u00e0 l&rsquo;Elys\u00e9e<\/h2>\n<p>Pour Brigitte Macron, s&rsquo;exprimer en public est devenu un exercice d&rsquo;\u00e9quilibriste: \u00ab\u00a0<em>Tout ce que je dis, et m\u00eame ce que je ne dis pas, peut <strong>\u00eatre repris et interpr\u00e9t\u00e9<\/strong>. Je suis l&rsquo;\u00e9pouse du pr\u00e9sident de la R\u00e9publique, qui est pr\u00e9sident de tous les Fran\u00e7ais. Les Fran\u00e7ais ne m&rsquo;ont pas voulue, moi, j&rsquo;en ai parfaitement conscience. \u00c0 moi donc de <strong>trouver ma place<\/strong> et de les aider l\u00e0 o\u00f9 je peux le faire, dans le champ de la sant\u00e9, de la culture, de l&rsquo;\u00e9ducation notamment<\/em>\u00ab\u00a0.<\/p>\n<h2>Brigitte Macron : son enfance dans une fratrie de six\u00a0<\/h2>\n<p>Brigitte Macron, ancienne institutrice de fran\u00e7ais pour qui l&rsquo;art de manier les mots n&rsquo;a que peu de secrets,\u00a0n&rsquo;a jamais eu la langue dans sa poche. Et ce, depuis <strong>l&rsquo;enfance<\/strong>.\u00a0\u00ab\u00a0<em>Nous \u00e9tions six enfants n\u00e9s sur une p\u00e9riode de vingt-deux ans, et je suis la derni\u00e8re de la fratrie. C&rsquo;est la raison pour laquelle, quand mes fr\u00e8res et s\u0153urs a\u00een\u00e9s me faisaient la morale, <strong>je leur rappelais qu&rsquo;ils n&rsquo;\u00e9taient pas mon p\u00e8re ou ma m\u00e8re<\/strong><\/em>\u00ab\u00a0, s&rsquo;est-elle rem\u00e9mor\u00e9e.<\/p>\n<p>Mais la fille de Simone et Jean Trogneux a toujours conserv\u00e9 des <strong>valeurs de respect<\/strong>: \u00ab\u00a0<em>Nos parents ont \u00e9t\u00e9 extr\u00eamement <strong>structurants<\/strong>, ils nous aimaient profond\u00e9ment. Ils pouvaient \u00eatre <strong>tr\u00e8s cool dans certains domaines<\/strong> &#8211; nous laisser sortir, faire ce qu&rsquo;il nous plaisait\u2026 -, mais le <strong>respect de l&rsquo;autre, c&rsquo;\u00e9tait incontournable<\/strong>. Ils laissaient tout passer, tout sauf \u00e7a. J&rsquo;ai une bonne nature, et je vis aussi tr\u00e8s fort dans l&rsquo;instant pr\u00e9sent<\/em>\u00ab\u00a0.<\/p>\n<h2>Brigitte Macron : pourquoi elle est devenue professeure<\/h2>\n<p>La premi\u00e8re dame s&rsquo;est \u00e9galement confi\u00e9e au <em>Madame Figaro<\/em> sur la<strong> fa\u00e7on dont elle est devenue professeure<\/strong>, elle qui a enseign\u00e9 au lyc\u00e9e de la Providence \u00e0 Amiens: \u00ab\u00a0<em>C&rsquo;est un <strong>m\u00e9tier difficile, physique, que l&rsquo;on a chevill\u00e9 au corps<\/strong>\u2026 Cependant, moi, je l&rsquo;ai d\u00e9couvert assez tardivement. <strong>\u00c0 la naissance de mon troisi\u00e8me enfant, <\/strong>je n&rsquo;arrivais plus \u00e0 g\u00e9rer la fameuse <strong><a href=\"https:\/\/www.journaldesfemmes.fr\/societe\/guide-pratique\/2682137-charge-mentale-femmes-au-bord-du-burn-out-domestique\/\" title=\"Charge mentale\">charge mentale<\/a><\/strong>. J&rsquo;avais une ma\u00eetrise de Lettres en poche, \u00e0 Strasbourg on <strong>cherchait des professeurs<\/strong>, \u00e7a a d\u00e9marr\u00e9 comme \u00e7a\u00a0: dans une classe de coll\u00e8ge, avec un cours sur les subordonn\u00e9es conjonctives circonstancielles de cons\u00e9quence<\/em>\u00ab\u00a0.<\/p>\n<h2>Brigitte Macron : confidences sur son mari et ses enfants<\/h2>\n<p><span style=\"font-size: 1rem;\">Ces derni\u00e8res d\u00e9cennies, lors des moments difficiles de son existence, Brigitte Macron a toujours pu compter sur le soutien de son Pr\u00e9sident d&rsquo;\u00e9poux et de ses enfants <strong>Tiphaine, S\u00e9bastien et Laurence<\/strong>.<\/span><span style=\"font-size: 1rem;\">\u00a0\u00ab\u00a0<\/span><em style=\"font-size: 1rem;\">J&rsquo;ai toujours \u00e9t\u00e9 <strong>structur\u00e9e autour d&rsquo;Emmanuel<\/strong> &#8211; je dis Emmanuel car je vous parle l\u00e0 de mon mari, pas du pr\u00e9sident &#8211; et de <strong>mes enfants<\/strong>. Cela a toujours \u00e9t\u00e9 ainsi. Dans les moments difficiles, je n&rsquo;\u00e9tais jamais seule, <strong>il y avait les enfants<\/strong>. Je ne veux pas trop parler d&rsquo;eux car ce serait les exposer, mais j&rsquo;ai cette <strong>colonne vert\u00e9brale d\u00e9multipli\u00e9e<\/strong><\/em><span style=\"font-size: 1rem;\">\u00ab\u00a0, a-t-elle expliqu\u00e9 au magazine.<\/span><\/p>\n<h2>Brigitte Macron : son \u00ab\u00a0intimit\u00e9\u00a0\u00bb avec son mari<\/h2>\n<p><span style=\"font-size: 1rem;\">Elle tient d&rsquo;ailleurs absolument \u00e0 <strong>\u00ab\u00a0<em>pr\u00e9server son intimit\u00e9<\/em>\u00a0\u00bb avec son \u00e9poux<\/strong>, m\u00eame au sein des murs du palais pr\u00e9sidentiel.\u00a0\u00ab\u00a0<em>Il faut \u00eatre <strong>intransigeant \u00e0 ce propos<\/strong>. Le pr\u00e9sident a aussi cela tr\u00e8s \u00e0 c\u0153ur. <strong>Un appartement, au sein du palais, est donc sanctuaris\u00e9<\/strong>. Personne n&rsquo;y a acc\u00e8s, jamais. Nous nous y retrouvons, seuls, au petit-d\u00e9jeuner et parfois au d\u00eener, lorsque nous n&rsquo;avons aucun \u00e9v\u00e9nement officiel \u00e0 l&rsquo;agenda\u00a0\u00bb,\u00a0<\/em>a confi\u00e9 l&rsquo;\u00e9pouse d&rsquo;Emmanuel Macron.<\/span><\/p>\n<p><span style=\"font-size: 1rem;\">Et d&rsquo;ajouter: <em>\u00ab\u00a0J&rsquo;ai \u00e9galement <strong>appris \u00e0 vivre avec une s\u00e9curit\u00e9<\/strong>. Au d\u00e9but, lorsqu&rsquo;on me disait &lsquo;non&rsquo;, parce que je voulais sortir faire une course ou promener <strong>Nemo<\/strong><\/em> (le chien du couple pr\u00e9sidentiel, ndlr),<em> je r\u00e9pondais: &lsquo;Eh bien, si&rsquo;.\u00a0Nous avons n\u00e9goci\u00e9, trouv\u00e9 le modus vivendi<\/em>\u00ab\u00a0.<\/span><\/p>\n<h2>Brigitte Macron, frapp\u00e9e par la mort pr\u00e9coce de sa s\u0153ur<\/h2>\n<p>Et pourtant, la premi\u00e8re dame a bien conscience de ne pas \u00eatre Madame Tout-le-monde: \u00ab\u00a0<em><strong>Ma vie n&rsquo;est pas ordinaire<\/strong>, je suis l&rsquo;\u00e9pouse du pr\u00e9sident de la R\u00e9publique, mais les valeurs fondamentales qui me structurent sont simples et l&rsquo;ont toujours \u00e9t\u00e9\u00a0\u00bb.<\/em> Malgr\u00e9 tout, la premi\u00e8re dame n&rsquo;a pas \u00e9t\u00e9 \u00e9pargn\u00e9e par les <strong>\u00e9preuves<\/strong> au cours de son existence, loin de l\u00e0.\u00a0<\/p>\n<p>A seulement 8 ans, Brigitte Macron a <strong>perdu sa s\u0153ur<\/strong>, tragiquement <strong>d\u00e9c\u00e9d\u00e9e dans un accident de voiture<\/strong>. \u00ab\u00a0<em>Ma grande s\u0153ur s&rsquo;est tu\u00e9e dans un accident de voiture, avec son mari et l&rsquo;enfant qu&rsquo;elle portait. <strong>J&rsquo;avais 8\u00a0ans<\/strong>. Elle est <strong>avec moi tous les jours de ma vie<\/strong><\/em>\u00ab\u00a0, a-t-elle confi\u00e9. Puis, plus tard, la premi\u00e8re dame a perdu sa ni\u00e8ce. Autant d&rsquo;exp\u00e9riences de deuil qui l&rsquo;ont forg\u00e9e:\u00a0\u00ab\u00a0<em>Je suis intimement persuad\u00e9e que<strong> la mort nous attend \u00e0 chaque instant<\/strong>, donc rien d&rsquo;autre n&rsquo;existe que l\u00e0, ici, maintenant. J&rsquo;ai \u00e7a en t\u00eate depuis que j&rsquo;ai 8\u00a0ans<\/em>\u00ab\u00a0.<\/p>\n<\/p><\/div>\n<p>[ad_2]<br \/>\n<br \/><a href=\"https:\/\/www.journaldesfemmes.fr\/people\/actus\/2779765-brigitte-macron-emmanuel-mort-soeur-age-enfants-mari-charge-mentale-madame-figaro\/\">Source link <\/a><\/p>\n","protected":false},"excerpt":{"rendered":"<p>[ad_1] Brigitte Macron s&rsquo;est confi\u00e9e \u00e0 Madame Figaro sur son \u00ab\u00a0intimit\u00e9\u00a0\u00bb avec le pr\u00e9sident de la R\u00e9publique, son enfance dans &hellip; <a href=\"http:\/\/www.affinite.fr\/index.php\/2022\/01\/29\/intimite-avec-son-mari-mort-accidentelle-de-sa-soeur-3e-enfant-charge-mentale\/\" class=\"more-link\">Plus <span class=\"screen-reader-text\">\u00ab\u00a0Intimit\u00e9\u00a0\u00bb avec son mari, Mort accidentelle de sa s\u0153ur, 3e enfant, Charge mentale&#8230;<\/span> <span class=\"meta-nav\">&rarr;<\/span><\/a><\/p>\n","protected":false},"author":1,"featured_media":7400,"comment_status":"","ping_status":"open","sticky":false,"template":"","format":"standard","meta":{"_sitemap_exclude":false,"_sitemap_priority":"","_sitemap_frequency":"","footnotes":""},"categories":[1],"tags":[],"class_list":["post-7399","post","type-post","status-publish","format-standard","has-post-thumbnail","hentry","category-tous"],"_links":{"self":[{"href":"http:\/\/www.affinite.fr\/index.php\/wp-json\/wp\/v2\/posts\/7399"}],"collection":[{"href":"http:\/\/www.affinite.fr\/index.php\/wp-json\/wp\/v2\/posts"}],"about":[{"href":"http:\/\/www.affinite.fr\/index.php\/wp-json\/wp\/v2\/types\/post"}],"author":[{"embeddable":true,"href":"http:\/\/www.affinite.fr\/index.php\/wp-json\/wp\/v2\/users\/1"}],"replies":[{"embeddable":true,"href":"http:\/\/www.affinite.fr\/index.php\/wp-json\/wp\/v2\/comments?post=7399"}],"version-history":[{"count":0,"href":"http:\/\/www.affinite.fr\/index.php\/wp-json\/wp\/v2\/posts\/7399\/revisions"}],"wp:featuredmedia":[{"embeddable":true,"href":"http:\/\/www.affinite.fr\/index.php\/wp-json\/wp\/v2\/media\/7400"}],"wp:attachment":[{"href":"http:\/\/www.affinite.fr\/index.php\/wp-json\/wp\/v2\/media?parent=7399"}],"wp:term":[{"taxonomy":"category","embeddable":true,"href":"http:\/\/www.affinite.fr\/index.php\/wp-json\/wp\/v2\/categories?post=7399"},{"taxonomy":"post_tag","embeddable":true,"href":"http:\/\/www.affinite.fr\/index.php\/wp-json\/wp\/v2\/tags?post=7399"}],"curies":[{"name":"wp","href":"https:\/\/api.w.org\/{rel}","templated":true}]}}