{"id":7397,"date":"2022-01-28T20:27:54","date_gmt":"2022-01-28T20:27:54","guid":{"rendered":"https:\/\/www.affinite.fr\/index.php\/2022\/01\/28\/dave-hospitalise-apres-une-lourde-chute\/"},"modified":"2022-01-28T20:27:54","modified_gmt":"2022-01-28T20:27:54","slug":"dave-hospitalise-apres-une-lourde-chute","status":"publish","type":"post","link":"http:\/\/www.affinite.fr\/index.php\/2022\/01\/28\/dave-hospitalise-apres-une-lourde-chute\/","title":{"rendered":"Dave, hospitalis\u00e9 apr\u00e8s une \u00ab\u00a0lourde chute\u00a0\u00bb"},"content":{"rendered":"<p> [ad_1]<br \/>\n<br \/><img decoding=\"async\" src=\"https:\/\/img-3.journaldesfemmes.fr\/269W96lvB_rDTN7K0reV5Txlbfk=\/1280x\/smart\/050dc02c365641f2adab41da7608fd81\/ccmcms-jdf\/31400232.jpg\" \/><\/p>\n<p>\n                Dave est hospitalis\u00e9 dans un \u00e9tablissement de la r\u00e9gion parisienne. Son mari, Patrick Loiseau, est \u00e0 ses c\u00f4t\u00e9s&#8230;            <\/p>\n<div>\n<p><strong>Dave a fait une lourde chute <\/strong>\u00ab\u00a0<em>dans son appartement parisien<\/em>\u00ab\u00a0, et est donc <strong>hospitalis\u00e9 <\/strong>dans un \u00e9tablissement de r\u00e9gion parisienne depuis le 25\u00a0janvier, a-t-on indiqu\u00e9 dans un communiqu\u00e9 transmis \u00e0 l&rsquo;AFP. Si les t\u00e9l\u00e9spectateurs de TF1\u00a0pourront visionner une interview in\u00e9dite du chanteur de 77 ans le\u00a029\u00a0janvier, c&rsquo;est parce qu&rsquo;elle avait \u00e9t\u00e9 enregistr\u00e9e avant l&rsquo;incident. \u00ab\u00a0<em>Il sera ce samedi dans 50\u00a0Minutes Inside pour une <strong>interview enregistr\u00e9e juste avant cet accident<\/strong><\/em>\u00ab\u00a0, lit-on dans le communiqu\u00e9.<\/p>\n<p>Autre information sur <strong>son \u00e9tat de sant\u00e9 <\/strong>d\u00e9voil\u00e9e dans <em>Le Parisien<\/em><strong>:<\/strong>\u00a0l&rsquo;interpr\u00e8te de\u00a0<i>Du c\u00f4t\u00e9 de chez Swann<\/i>\u00a0a fait une chute\u00a0<i>\u00ab\u00a0sur la t\u00eate\u00a0\u00bb, <\/i>mais\u00a0n&rsquo;a\u00a0<i>\u00ab\u00a0rien de cass\u00e9\u00a0\u00bb<\/i>. N\u00e9anmoins, Dave est contraint d&rsquo;annuler\u00a0<i>\u00ab\u00a0tous ses engagements des prochaines semaines\u00a0\u00bb<\/i>, alors qu&rsquo;il se trouve en pleine promotion de son prochain album,\u00a0<i>Noce d&rsquo;or et entamait une tourn\u00e9e de concerts dans le Nord de la France<\/i>.<\/p>\n<h2>Dave, en couple avec Patrick Loiseau : ce c\u00e9l\u00e8bre ami qui l&rsquo;a pouss\u00e9 \u00e0 se marier\u00a0<\/h2>\n<p>Gageons que <strong>son \u00e9poux (et parolier) Patrick<\/strong> <strong>Loiseau<\/strong>, avec qui il est <strong>en couple depuis 50\u00a0ans<\/strong>, est \u00e0 son chevet \u00e0 l&rsquo;h\u00f4pital. Si les amoureux, qui rechignaient \u00e0 se marier, ont finalement scell\u00e9 leur union\u00a0en 2019, c&rsquo;est gr\u00e2ce \u00e0 leur ami<strong> Marc-Olivier Fogiel<\/strong>. \u00ab\u00a0<em>Notre ami, Marc-Olivier Fogiel, nous l&rsquo;a conseill\u00e9 pour des raisons administratives. <strong>Ca a \u00e9t\u00e9 un grand moment d&rsquo;\u00e9motion<\/strong>, en Californie, mais j&rsquo;ai toujours du mal quand on me dit &lsquo;votre mari&rsquo;. J&rsquo;aurais pr\u00e9f\u00e9r\u00e9 un autre mot. &lsquo;Mon compagnon&rsquo; par exemple<\/em>\u00ab\u00a0, avait-il confi\u00e9 \u00e0 <em>Ici Paris<\/em>.<\/p>\n<\/p><\/div>\n<p>[ad_2]<br \/>\n<br \/><a href=\"https:\/\/www.journaldesfemmes.fr\/people\/actus\/2779265-dave-hospitalise-chute-sante-age-patrick-loiseau\/\">Source link <\/a><\/p>\n","protected":false},"excerpt":{"rendered":"<p>[ad_1] Dave est hospitalis\u00e9 dans un \u00e9tablissement de la r\u00e9gion parisienne. Son mari, Patrick Loiseau, est \u00e0 ses c\u00f4t\u00e9s&#8230; Dave &hellip; <a href=\"http:\/\/www.affinite.fr\/index.php\/2022\/01\/28\/dave-hospitalise-apres-une-lourde-chute\/\" class=\"more-link\">Plus <span class=\"screen-reader-text\">Dave, hospitalis\u00e9 apr\u00e8s une \u00ab\u00a0lourde chute\u00a0\u00bb<\/span> <span class=\"meta-nav\">&rarr;<\/span><\/a><\/p>\n","protected":false},"author":1,"featured_media":7398,"comment_status":"","ping_status":"open","sticky":false,"template":"","format":"standard","meta":{"_sitemap_exclude":false,"_sitemap_priority":"","_sitemap_frequency":"","footnotes":""},"categories":[1],"tags":[],"class_list":["post-7397","post","type-post","status-publish","format-standard","has-post-thumbnail","hentry","category-tous"],"_links":{"self":[{"href":"http:\/\/www.affinite.fr\/index.php\/wp-json\/wp\/v2\/posts\/7397"}],"collection":[{"href":"http:\/\/www.affinite.fr\/index.php\/wp-json\/wp\/v2\/posts"}],"about":[{"href":"http:\/\/www.affinite.fr\/index.php\/wp-json\/wp\/v2\/types\/post"}],"author":[{"embeddable":true,"href":"http:\/\/www.affinite.fr\/index.php\/wp-json\/wp\/v2\/users\/1"}],"replies":[{"embeddable":true,"href":"http:\/\/www.affinite.fr\/index.php\/wp-json\/wp\/v2\/comments?post=7397"}],"version-history":[{"count":0,"href":"http:\/\/www.affinite.fr\/index.php\/wp-json\/wp\/v2\/posts\/7397\/revisions"}],"wp:featuredmedia":[{"embeddable":true,"href":"http:\/\/www.affinite.fr\/index.php\/wp-json\/wp\/v2\/media\/7398"}],"wp:attachment":[{"href":"http:\/\/www.affinite.fr\/index.php\/wp-json\/wp\/v2\/media?parent=7397"}],"wp:term":[{"taxonomy":"category","embeddable":true,"href":"http:\/\/www.affinite.fr\/index.php\/wp-json\/wp\/v2\/categories?post=7397"},{"taxonomy":"post_tag","embeddable":true,"href":"http:\/\/www.affinite.fr\/index.php\/wp-json\/wp\/v2\/tags?post=7397"}],"curies":[{"name":"wp","href":"https:\/\/api.w.org\/{rel}","templated":true}]}}