{"id":7388,"date":"2022-01-26T20:25:22","date_gmt":"2022-01-26T20:25:22","guid":{"rendered":"https:\/\/www.affinite.fr\/index.php\/2022\/01\/26\/deuil-terrible-fausses-couches-derniers-instants-avec-sa-fille\/"},"modified":"2022-01-26T20:25:22","modified_gmt":"2022-01-26T20:25:22","slug":"deuil-terrible-fausses-couches-derniers-instants-avec-sa-fille","status":"publish","type":"post","link":"http:\/\/www.affinite.fr\/index.php\/2022\/01\/26\/deuil-terrible-fausses-couches-derniers-instants-avec-sa-fille\/","title":{"rendered":"Deuil terrible, Fausses couches, Derniers instants avec sa fille"},"content":{"rendered":"<p> [ad_1]<br \/>\n<br \/><img decoding=\"async\" src=\"https:\/\/img-3.journaldesfemmes.fr\/IH5OxNkM9_NXyT8AsGDptlv3ktE=\/1280x\/smart\/e452f225ad1a4e3397046515fbef075c\/ccmcms-jdf\/31377310.jpg\" \/><\/p>\n<p>\n                A quelques jours du proc\u00e8s de Nordahl Lelandais, la m\u00e8re de la petite Ma\u00eblys a fait de bouleversantes confidences au Parisien. Ses derniers instants avec sa fille, les obs\u00e8ques, ses fausses couches apr\u00e8s le drame&#8230;            <\/p>\n<div>\n<p>Apr\u00e8s la trag\u00e9die de la mort de sa fille <strong>Ma\u00eblys<\/strong>, Jennifer de Araujo a v\u00e9cu d&rsquo;autres \u00e9preuves. \u00ab\u00a0<em>Ni mon travail ni mon couple n&rsquo;ont surv\u00e9cu<\/em>\u00ab\u00a0, a-t-elle confi\u00e9 au <a href=\"https:\/\/www.leparisien.fr\/faits-divers\/meurtre-de-maelys-je-continue-de-parler-a-ma-fille-tous-les-jours-confie-sa-mere-jennifer-de-araujo-25-01-2022-YU7JJAKUI5EQ3BG65JYRUKPYXI.php?ts=1643210323479\" target=\"_blank\" rel=\"noopener\"><em>Parisien<\/em><\/a>. La m\u00e8re de la petite fille tu\u00e9e par Nordahl Lelandais, apr\u00e8s avoir \u00e9t\u00e9 enlev\u00e9e lors d&rsquo;un mariage d&rsquo;ao\u00fbt 2017, a divorc\u00e9 de son conjoint Joachim de Araujo: \u00ab\u00a0<em>Le climat \u00e9tait devenu <strong>trop lourd, trop pesant<\/strong>. On \u00e9tait tellement tristes! On ne traversait pas les phrases de <a href=\"https:\/\/sante.journaldesfemmes.fr\/fiches-sante-du-quotidien\/2680165-deuil-definition-etapes-phase-duree-complique-pathologique-comment-surmonter\/\" title=\"Deuil\">deuil<\/a> au m\u00eame moment, on \u00e9tait en d\u00e9calage<\/em>\u00ab\u00a0.\u00a0<\/p>\n<h2>Jennifer de Araujo\u00a0: ses fausses couches apr\u00e8s la mort de Ma\u00eblys<\/h2>\n<p>Pourtant, le <strong>couple bris\u00e9 par le deuil<\/strong> a tent\u00e9 d&rsquo;avoir un autre enfant, en vain. \u00ab\u00a0<em>J&rsquo;ai <strong>fait deux <a href=\"https:\/\/www.journaldesfemmes.fr\/maman\/guide-grossesse\/2388798-fausse-couche\/\" title=\"Fausse couche\">fausses couches<\/a><\/strong>, en 2018\u00a0et 2019. A chaque fois, le b\u00e9b\u00e9 aurait d\u00fb na\u00eetre en novembre, comme Ma\u00eblys. Il y a des hasards dans la vie<\/em>\u00ab\u00a0, a r\u00e9v\u00e9l\u00e9 Jennifer de Araujo. \u00ab\u00a0<em>Cela nous a encore plus \u00e9loign\u00e9s l&rsquo;un de l&rsquo;autre, on avait l&rsquo;impression de <strong>n&rsquo;attirer que la mort autour de nous<\/strong>. Alors j&rsquo;ai d\u00e9cid\u00e9 de partir. Je m&rsquo;en voulais par rapport \u00e0 Colleen<\/em> (son autre fille de 17\u00a0ans, ndlr) <em>et Ma\u00eblys, mais <strong>j&rsquo;\u00e9touffais<\/strong><\/em>\u00ab\u00a0, a-t-elle poursuivi.<\/p>\n<h2>Pourquoi la m\u00e8re de Ma\u00eblys a chang\u00e9 de travail<\/h2>\n<p>Quant \u00e0 son <strong>travail d&rsquo;infirmi\u00e8re en h\u00f4pital<\/strong>, la m\u00e8re de la d\u00e9funte fillette a d\u00fb se r\u00e9soudre \u00e0 le quitter, apr\u00e8s avoir repris sa fonction en octobre 2018, quelques mois apr\u00e8s les <strong>obs\u00e8ques de sa fille<\/strong> et plus d&rsquo;un an apr\u00e8s sa disparition. \u00ab\u00a0<em>J&rsquo;avais du mal \u00e0 \u00eatre <strong>confront\u00e9e \u00e0 la mort<\/strong>. Je voyais des gens partir seuls, un peu comme Ma\u00eblys, et <strong>\u00e7a faisait \u00e9cho \u00e0 ma douleur<\/strong>. Je supportais moins les plaintes des gens pour un oui ou pour un non, aussi. J&rsquo;ai demand\u00e9 ma mutation en maternit\u00e9, mais on m&rsquo;en a dissuad\u00e9e: cela n&rsquo;aurait pas \u00e9t\u00e9 plus facile d&rsquo;\u00eatre avec des enfants<\/em>\u00ab\u00a0, s&rsquo;est-elle souvenue. Alors, elle a quitt\u00e9 son poste pour <strong>devenir infirmi\u00e8re lib\u00e9rale<\/strong>.<\/p>\n<p><iframe loading=\"lazy\" allow=\"accelerometer; autoplay; clipboard-write; encrypted-media; gyroscope; picture-in-picture\" allowfullscreen=\"\" frameborder=\"0\" height=\"315\" src=\"https:\/\/www.youtube.com\/embed\/7yVusOImLlw\" title=\"YouTube video player\" width=\"560\"><\/iframe><\/p>\n<h2>Jennifer de Araujo\u00a0: son dernier moment avec sa fille<\/h2>\n<p>Aujourd&rsquo;hui, Jennifer de Araujo a recommenc\u00e9 une nouvelle vie, dans un nouveau pavillon. Mais le vide est toujours abyssal, et le manque, insoutenable. La m\u00e8re de Ma\u00eblys garde une <strong>image de sa fille, joyeuse et affectueuse<\/strong>.<\/p>\n<p>\u00ab\u00a0<em><strong>Le dernier moment que nous avons partag\u00e9<\/strong>, c&rsquo;\u00e9tait vers 2\u00a0heures du matin. Elle est venue s&rsquo;asseoir sur mes genoux pour go\u00fbter le dessert<\/em> (&#8230;)<em> Je lui ai fait un bisou, <strong>sans savoir que ce serait le dernier<\/strong><\/em>\u00ab\u00a0, s&rsquo;est-elle \u00e9mue dans <em>Le Parisien<\/em>. \u00ab\u00a0<em>Je lui parle tous les jours, je lui dis que j&rsquo;esp\u00e8re qu&rsquo;elle est bien l\u00e0-haut, qu&rsquo;elle me manque. <strong>Elle me manquera toujours<\/strong><\/em>\u00ab\u00a0, a-t-elle ajout\u00e9.<\/p>\n<h2>Jennifer de Araujo pensait que sa fille \u00e9tait vivante<\/h2>\n<p>Les mois qui ont suivi le mariage, la m\u00e8re de Ma\u00eblys a gard\u00e9 l&rsquo;espoir de revoir sa fille vivante\u2026 jusqu&rsquo;en f\u00e9vrier 2018, lorsque la juge d&rsquo;instruction lui a apport\u00e9 une preuve significative. \u00ab\u00a0<em>Elle nous a appris qu&rsquo;une<strong> goutte du sang de Ma\u00eblys<\/strong> avait \u00e9t\u00e9 d\u00e9couverte dans la voiture de l&rsquo;Autre<\/em> (Nordahl Lelandais, ndlr<em>). L\u00e0, j&rsquo;ai compris que c&rsquo;\u00e9tait fini, que <strong>je ne la reverrais pas vivante<\/strong>. \u00c7a m&rsquo;a fait un <strong>\u00e9lectrochoc<\/strong>, j&rsquo;ai eu envie de hurler ma col\u00e8re<\/em>\u00ab\u00a0, s&rsquo;est-elle rem\u00e9mor\u00e9e. Une semaine plus tard, Jennifer de Araujo a appris la mort de sa fille.\u00a0<\/p>\n<h2>Jennifer de Araujo a eu \u00ab\u00a0la sensation de retrouver\u00a0\u00bb Ma\u00eblys<\/h2>\n<p>En juin 2018, apr\u00e8s une <a href=\"https:\/\/sante.journaldesfemmes.fr\/fiches-anatomie-et-examens\/2571653-autopsie-examens-delais-resultats\/\" title=\"Examen post-mortem\">autopsie<\/a> qui n&rsquo;a pas permis d&rsquo;en savoir davantage sur les circonstances de sa mort, Ma\u00eblys a \u00e9t\u00e9 <strong>enterr\u00e9e <\/strong>\u00e0 La Tour-du-Pin, dans l&rsquo;Is\u00e8re. \u00ab\u00a0<em>Quand on m&rsquo;a rendu ma fille <strong>dans son petit cercueil blanc<\/strong>, ferm\u00e9, j&rsquo;ai eu <strong>la sensation de la retrouver<\/strong>. Je savais qu&rsquo;elle \u00e9tait l\u00e0, m\u00eame si je ne pouvais pas voir son visage. On nous avait montr\u00e9 des photos dans le dossier, il ne restait que son squelette. <strong>J&rsquo;ai enfin pu lui parler<\/strong>, plus de neuf mois apr\u00e8s sa disparition<\/em>\u00ab\u00a0, a racont\u00e9 la m\u00e8re endeuill\u00e9e.<\/p>\n<h2>Ma\u00eblys\u00a0: sa m\u00e8re se pr\u00e9pare au proc\u00e8s<\/h2>\n<p>D\u00e9sormais, Jennifer de Araujo attend avec appr\u00e9hension et combativit\u00e9 le <strong>proc\u00e8s de Nordahl Lelandais<\/strong>, qui doit s&rsquo;ouvrir le 31\u00a0janvier: \u00ab\u00a0<em>On a des doutes sur tout: on ne sait pas <strong>s&rsquo;il l&rsquo;a <a href=\"https:\/\/www.journaldesfemmes.fr\/societe\/guide-pratique\/2681991-viol-que-dit-la-loi-comment-porter-plainte-quels-sont-les-chiffres\/\" title=\"Viol\">viol\u00e9e<\/a><\/strong>, de quoi elle est d\u00e9c\u00e9d\u00e9e, quels ont <strong>\u00e9t\u00e9 les derniers mots<\/strong> qu&rsquo;elle a prononc\u00e9s\u2026 J&rsquo;aimerais qu&rsquo;il m&rsquo;explique aussi comment il l&rsquo;a convaincue de monter dans sa voiture. Le probl\u00e8me, c&rsquo;est que, depuis le d\u00e9but, il nous balade. Il donnera <strong>sa version des faits<\/strong> et il faudra qu&rsquo;on fasse avec<\/em>\u00ab\u00a0.<\/p>\n<\/p><\/div>\n<p>[ad_2]<br \/>\n<br \/><a href=\"https:\/\/www.journaldesfemmes.fr\/societe\/actu\/2778523-maelys-mere-jennifer-de-araujo-mort-nordahl-lelandais-proces-deuil-obseques\/\">Source link <\/a><\/p>\n","protected":false},"excerpt":{"rendered":"<p>[ad_1] A quelques jours du proc\u00e8s de Nordahl Lelandais, la m\u00e8re de la petite Ma\u00eblys a fait de bouleversantes confidences &hellip; <a href=\"http:\/\/www.affinite.fr\/index.php\/2022\/01\/26\/deuil-terrible-fausses-couches-derniers-instants-avec-sa-fille\/\" class=\"more-link\">Plus <span class=\"screen-reader-text\">Deuil terrible, Fausses couches, Derniers instants avec sa fille<\/span> <span class=\"meta-nav\">&rarr;<\/span><\/a><\/p>\n","protected":false},"author":1,"featured_media":7389,"comment_status":"","ping_status":"open","sticky":false,"template":"","format":"standard","meta":{"_sitemap_exclude":false,"_sitemap_priority":"","_sitemap_frequency":"","footnotes":""},"categories":[1],"tags":[],"class_list":["post-7388","post","type-post","status-publish","format-standard","has-post-thumbnail","hentry","category-tous"],"_links":{"self":[{"href":"http:\/\/www.affinite.fr\/index.php\/wp-json\/wp\/v2\/posts\/7388"}],"collection":[{"href":"http:\/\/www.affinite.fr\/index.php\/wp-json\/wp\/v2\/posts"}],"about":[{"href":"http:\/\/www.affinite.fr\/index.php\/wp-json\/wp\/v2\/types\/post"}],"author":[{"embeddable":true,"href":"http:\/\/www.affinite.fr\/index.php\/wp-json\/wp\/v2\/users\/1"}],"replies":[{"embeddable":true,"href":"http:\/\/www.affinite.fr\/index.php\/wp-json\/wp\/v2\/comments?post=7388"}],"version-history":[{"count":0,"href":"http:\/\/www.affinite.fr\/index.php\/wp-json\/wp\/v2\/posts\/7388\/revisions"}],"wp:featuredmedia":[{"embeddable":true,"href":"http:\/\/www.affinite.fr\/index.php\/wp-json\/wp\/v2\/media\/7389"}],"wp:attachment":[{"href":"http:\/\/www.affinite.fr\/index.php\/wp-json\/wp\/v2\/media?parent=7388"}],"wp:term":[{"taxonomy":"category","embeddable":true,"href":"http:\/\/www.affinite.fr\/index.php\/wp-json\/wp\/v2\/categories?post=7388"},{"taxonomy":"post_tag","embeddable":true,"href":"http:\/\/www.affinite.fr\/index.php\/wp-json\/wp\/v2\/tags?post=7388"}],"curies":[{"name":"wp","href":"https:\/\/api.w.org\/{rel}","templated":true}]}}