{"id":7379,"date":"2022-01-24T20:22:37","date_gmt":"2022-01-24T20:22:37","guid":{"rendered":"https:\/\/www.affinite.fr\/index.php\/2022\/01\/24\/cette-gaterie-quil-etale-au-marche-de-cannes\/"},"modified":"2022-01-24T20:22:37","modified_gmt":"2022-01-24T20:22:37","slug":"cette-gaterie-quil-etale-au-marche-de-cannes","status":"publish","type":"post","link":"http:\/\/www.affinite.fr\/index.php\/2022\/01\/24\/cette-gaterie-quil-etale-au-marche-de-cannes\/","title":{"rendered":"cette g\u00e2terie qu&rsquo;il \u00e9tale au march\u00e9 de Cannes"},"content":{"rendered":"<p> [ad_1]<br \/>\n<br \/><img decoding=\"async\" src=\"https:\/\/img-3.journaldesfemmes.fr\/tPzPpuAPM_fhxmWlJtaL6ha6qJU=\/1280x\/smart\/e358b9fbc62b455abe29cccd6c5f4b66\/ccmcms-jdf\/31334003.jpg\" \/><\/p>\n<p>\n                Ami du petit-d\u00e9jeuner, Eric Zemmour a d\u00e9voil\u00e9 son p\u00e9ch\u00e9 mignon et sa douceur pr\u00e9f\u00e9r\u00e9e d\u00e8s potron-minet, dans les all\u00e9es du march\u00e9 Forville \u00e0 Cannes. Le pol\u00e9miste s&rsquo;est \u00e9galement piqu\u00e9 d&rsquo;aller p\u00eacher des oursins \u00e0 5h de matin&#8230;            <\/p>\n<div>\n<p><strong>Eric Zemmour\u00a0<\/strong>a fait son\u00a0festival, \u00e0\u00a0Cannes le 22 janvier.\u00a0Pr\u00e9sent dans la ville de C\u00f4te d&rsquo;Azur pour son meeting, le candidat de\u00a0 \u00ab\u00a0Reconqu\u00eate\u00a0\u00bb\u00a0en a profit\u00e9 pour d\u00e9ambuler entre les all\u00e9es du <strong>march\u00e9 Forville<\/strong>.\u00a0Et le pol\u00e9miste de 63 ans a pu montrer son go\u00fbt pour les sucreries. Pass\u00e9 devant un stand de <a href=\"https:\/\/cuisine.journaldesfemmes.fr\/recette-confiture\" title=\"Confiture\">confitures<\/a>, Eric Zemmour a pratiquement saut\u00e9 de joie en <strong>s&rsquo;offrant un pot de confiture \u00e0 la cerise<\/strong>, son <strong>p\u00each\u00e9 mignon<\/strong>.\u00a0\u00ab\u00a0<em>C&rsquo;est combien?\u00a0C&rsquo;est bon? G\u00e9nial!<\/em>\u00ab\u00a0, s&rsquo;est-il exclam\u00e9 avec une allure presque enfantine.\u00a0\u00ab\u00a0<em>Je la mangerai demain au petit-d\u00e9j&rsquo;, \u00e7a vous va?\u00a0<strong>J&rsquo;adore mettre un peu de confiture de cerises<\/strong>, j&rsquo;adore<\/em>\u00ab\u00a0, a-t-il ajout\u00e9 en versant sa\u00a0mixture\u00a0sur une tartine de beurre. Une pens\u00e9e pour\u00a0Monsieur de Bretagne, mon professeur d&rsquo;histoire-g\u00e9o au coll\u00e8ge La Providence \u00e0 Amiens (oui, un coll\u00e8gue de Brigitte Macron et ex-enseignant de l&rsquo;actuel Pr\u00e9sident) qui disait souvent:<em> \u00ab\u00a0la culture c&rsquo;est comme la confiture, moins on en a, plus on l&rsquo;\u00e9tale\u00a0\u00bb&#8230;<\/em><\/p>\n<h2>Zemmour, \u00ab\u00a0un poisson hors de l&rsquo;eau\u00a0\u00bb<\/h2>\n<p>Une s\u00e9quence qui a \u00e9t\u00e9 film\u00e9e et repost\u00e9e par un journaliste de <em>L&rsquo;Obs. <\/em>Et les r\u00e9actions n&rsquo;ont pas manqu\u00e9 de pleuvoir dans les commentaires.\u00a0\u00a0\u00ab\u00a0<strong><em>Il n&rsquo;a jamais fait ses courses de sa vie<\/em><\/strong>\u00ab\u00a0, \u00ab\u00a0<em>Il n&rsquo;y a pas de <a href=\"https:\/\/sante.journaldesfemmes.fr\/fiches-maladies\/2771815-chiffres-covid-france-coronavirus-cas-reanimation-24-janvier-vaccination-hospitalisation-info\/\" title=\"Covid-19\">Covid<\/a> l\u00e0-bas? Personne n&rsquo;a de masque alors qu&rsquo;ils sont entass\u00e9s. Tout va bien\u2026<\/em>\u00ab\u00a0, \u00ab\u00a0<em><strong>La vraie vie n&rsquo;est pas son terrain de jeu, on dirait un intrus<\/strong>. \u00c0 l&rsquo;aise avec les vraies gens comme un poisson hors de l&rsquo;eau<\/em>\u00ab\u00a0, lit-on parmi les commentaires.\u00a0<\/p>\n<h2>Zemmour, fan d&rsquo;oursins ?\u00a0<\/h2>\n<p>Eric Zemmour ne s&rsquo;est d&rsquo;ailleurs pas extasi\u00e9 seulement devant les petits pots de confitures. Selon<em> Nice-Matin<\/em>, celui qui se qualifie comme le compagnon de Sarah Knafo s&rsquo;est exclam\u00e9 devant le <strong>p\u00eacheur\u00a0d&rsquo;oursins<\/strong>.\u00a0\u00ab\u00a0<em>Oh mais comment faites-vous, il n&rsquo;y en a plus? Vous me donnerez votre secret&#8230; <strong>Je nage tous les matins, je viendrai les p\u00eacher avec vous \u00e0 5h du matin<\/strong><\/em>\u00ab\u00a0, a-t-il l\u00e2ch\u00e9. Politique en eaux troubles: qui s&rsquo;y frotte&#8230; ?<\/p>\n<\/p><\/div>\n<p>[ad_2]<br \/>\n<br \/><a href=\"https:\/\/www.journaldesfemmes.fr\/societe\/actu\/2777385-zemmour-eric-confiture-cannes-marche\/\">Source link <\/a><\/p>\n","protected":false},"excerpt":{"rendered":"<p>[ad_1] Ami du petit-d\u00e9jeuner, Eric Zemmour a d\u00e9voil\u00e9 son p\u00e9ch\u00e9 mignon et sa douceur pr\u00e9f\u00e9r\u00e9e d\u00e8s potron-minet, dans les all\u00e9es &hellip; <a href=\"http:\/\/www.affinite.fr\/index.php\/2022\/01\/24\/cette-gaterie-quil-etale-au-marche-de-cannes\/\" class=\"more-link\">Plus <span class=\"screen-reader-text\">cette g\u00e2terie qu&rsquo;il \u00e9tale au march\u00e9 de Cannes<\/span> <span class=\"meta-nav\">&rarr;<\/span><\/a><\/p>\n","protected":false},"author":1,"featured_media":7380,"comment_status":"","ping_status":"open","sticky":false,"template":"","format":"standard","meta":{"_sitemap_exclude":false,"_sitemap_priority":"","_sitemap_frequency":"","footnotes":""},"categories":[1],"tags":[],"class_list":["post-7379","post","type-post","status-publish","format-standard","has-post-thumbnail","hentry","category-tous"],"_links":{"self":[{"href":"http:\/\/www.affinite.fr\/index.php\/wp-json\/wp\/v2\/posts\/7379"}],"collection":[{"href":"http:\/\/www.affinite.fr\/index.php\/wp-json\/wp\/v2\/posts"}],"about":[{"href":"http:\/\/www.affinite.fr\/index.php\/wp-json\/wp\/v2\/types\/post"}],"author":[{"embeddable":true,"href":"http:\/\/www.affinite.fr\/index.php\/wp-json\/wp\/v2\/users\/1"}],"replies":[{"embeddable":true,"href":"http:\/\/www.affinite.fr\/index.php\/wp-json\/wp\/v2\/comments?post=7379"}],"version-history":[{"count":0,"href":"http:\/\/www.affinite.fr\/index.php\/wp-json\/wp\/v2\/posts\/7379\/revisions"}],"wp:featuredmedia":[{"embeddable":true,"href":"http:\/\/www.affinite.fr\/index.php\/wp-json\/wp\/v2\/media\/7380"}],"wp:attachment":[{"href":"http:\/\/www.affinite.fr\/index.php\/wp-json\/wp\/v2\/media?parent=7379"}],"wp:term":[{"taxonomy":"category","embeddable":true,"href":"http:\/\/www.affinite.fr\/index.php\/wp-json\/wp\/v2\/categories?post=7379"},{"taxonomy":"post_tag","embeddable":true,"href":"http:\/\/www.affinite.fr\/index.php\/wp-json\/wp\/v2\/tags?post=7379"}],"curies":[{"name":"wp","href":"https:\/\/api.w.org\/{rel}","templated":true}]}}