{"id":7372,"date":"2022-01-22T18:43:53","date_gmt":"2022-01-22T18:43:53","guid":{"rendered":"https:\/\/www.affinite.fr\/index.php\/2022\/01\/22\/kaamelott-thomas-pesquet-pourrait-il-jouer-dans-le-prochain-film-actus-cine\/"},"modified":"2022-01-22T18:43:53","modified_gmt":"2022-01-22T18:43:53","slug":"kaamelott-thomas-pesquet-pourrait-il-jouer-dans-le-prochain-film-actus-cine","status":"publish","type":"post","link":"http:\/\/www.affinite.fr\/index.php\/2022\/01\/22\/kaamelott-thomas-pesquet-pourrait-il-jouer-dans-le-prochain-film-actus-cine\/","title":{"rendered":"Kaamelott : Thomas Pesquet pourrait-il jouer dans le prochain film ? &#8211; Actus Cin\u00e9"},"content":{"rendered":"<p> [ad_1]<br \/>\n<\/p>\n<p>L&rsquo;astronaute fran\u00e7ais Thomas Pesquet, fan de Kaamelott, a eu la chance de pouvoir d\u00e9couvrir le film en direct de la Station Spatiale Internationale. Mais Alexandre Astier pourrait-il lui faire une place dans la suite de la saga ?<\/p>\n<div id=\"article-content\">\n<figure class=\"player player-auto-play js-player\" data-model=\"{&quot;videos&quot;:[{&quot;id&quot;:19587422,&quot;sources&quot;:{&quot;high&quot;:&quot;https:\/\/fr.vid.web.acsta.net\/nmedia\/33\/21\/06\/21\/17\/19587422_hd_013.mp4&quot;,&quot;low&quot;:&quot;https:\/\/fr.vid.web.acsta.net\/nmedia\/33\/21\/06\/21\/17\/19587422_l_013.mp4&quot;,&quot;medium&quot;:&quot;https:\/\/fr.vid.web.acsta.net\/nmedia\/33\/21\/06\/21\/17\/19587422_m_013.mp4&quot;,&quot;standard&quot;:&quot;https:\/\/fr.vid.web.acsta.net\/nmedia\/33\/21\/06\/21\/17\/19587422_sd_013.mp4&quot;},&quot;image&quot;:&quot;\/videothumbnails\/21\/06\/21\/17\/07\/4391998.jpg&quot;,&quot;title&quot;:&quot;Kaamelott u2013 Premier volet Bande-annonce VF&quot;,&quot;trackingIdentifier&quot;:&quot;19587422-kaamelott_premier_volet_bande_annonce_vf&quot;,&quot;embedUrl&quot;:&quot;ACraHRACr0cHM6Ly9wbGF5ZXIuYWxsb2NpbmUuZnIvMTk1ODc0MjIuaHRtbA==&quot;,&quot;file_type&quot;:&quot;TRAILER&quot;,&quot;description&quot;:&quot;Kaamelott u2013 Premier volet Bande-annonce VF&quot;,&quot;duration&quot;:119,&quot;view_count&quot;:688643,&quot;added_at&quot;:{&quot;date&quot;:&quot;2020-01-28 12:52:00.000000&quot;,&quot;timezone_type&quot;:3,&quot;timezone&quot;:&quot;Europe\/Paris&quot;},&quot;metas&quot;:{&quot;id_main_show&quot;:null,&quot;name_main_show&quot;:null,&quot;image_main_show&quot;:null,&quot;id_main_movie&quot;:248191,&quot;name_main_movie&quot;:&quot;Kaamelott u2013 Premier volet&quot;,&quot;image_main_movie&quot;:&quot;\/pictures\/21\/06\/29\/12\/45\/0400641.jpg&quot;,&quot;id_main_series&quot;:null,&quot;name_main_series&quot;:null,&quot;image_main_series&quot;:null,&quot;id_main_season&quot;:null,&quot;name_main_season&quot;:null,&quot;image_main_season&quot;:null,&quot;main_season_number&quot;:null,&quot;id_main_person&quot;:null,&quot;name_main_person&quot;:null,&quot;image_main_person&quot;:null,&quot;use_portal&quot;:null,&quot;release_date_main_movie&quot;:null,&quot;nb_days_release_main_movie&quot;:null,&quot;id_meta_category&quot;:null,&quot;name_meta_category&quot;:null,&quot;localized_file_type&quot;:null,&quot;trans_file_type&quot;:null,&quot;main_movie_type&quot;:null,&quot;main_season_rating&quot;:null,&quot;main_series_rating&quot;:null,&quot;main_season_user_note_count&quot;:null,&quot;genre_main_movie&quot;:null,&quot;genre_main_series&quot;:null,&quot;release_status_movie&quot;:null,&quot;release_status_series&quot;:null},&quot;relatedEntityType&quot;:&quot;movie&quot;,&quot;relatedEntityId&quot;:248191,&quot;relatedEntityTitle&quot;:&quot;Kaamelott u2013 Premier volet&quot;,&quot;relatedEntityUrl&quot;:&quot;ACraHRACr0cHM6Ly93d3cuYWxsb2NpbmUuZnIvZmlsbS9maWNoZWZpbG1fZ2VuX2NmaWxtPTI0ODE5MS5odG1s&quot;,&quot;mediaUrl&quot;:&quot;ACraHRACr0cHM6Ly93d3cuYWxsb2NpbmUuZnIvdmlkZW8vcGxheWVyX2dlbl9jbWVkaWE9MTk1ODc0MjImY2ZpbG09MjQ4MTkxLmh0bWw=&quot;,&quot;relatedEntityTrackingIdentifier&quot;:&quot;248191-kaamelott_premier_volet&quot;,&quot;genres&quot;:[&quot;ADVENTURE&quot;,&quot;COMEDY&quot;,&quot;HISTORICAL&quot;],&quot;relatedEntityDistributor&quot;:null,&quot;relatedEntityDistributorId&quot;:null,&quot;entityStatus&quot;:null}],&quot;disablePreroll&quot;:false,&quot;disablePostroll&quot;:false,&quot;endScreen&quot;:true,&quot;context&quot;:&quot;newspage_news&quot;,&quot;launch&quot;:&quot;auto-play&quot;,&quot;followScroll&quot;:true,&quot;editorialContent&quot;:&quot;18705911-kaamelott_thomas_pesquet_pourrait_il_jouer_dans_le_prochain_film&quot;,&quot;disableAutoPause&quot;:true,&quot;player_position&quot;:&quot;playertop&quot;}\" data-thumb=\"https:\/\/fr.web.img3.acsta.net\/r_640_360\/videothumbnails\/21\/06\/21\/17\/07\/4391998.jpg\">\n<\/figure>\n<p>En juillet dernier, alors que le public fran\u00e7ais d\u00e9couvrait enfin la suite de\u00a0<a title=\"Kaamelott (France) (Com\u00e9die,Historique)\" href=\"http:\/\/www.allocine.fr\/series\/ficheserie_gen_cserie=334.html\">Kaamelott<\/a> sur grand \u00e9cran, Arthur, Perceval, Karadoc et leurs compagnons devenaient \u00e9galement les tout premiers chevaliers \u00e0 partir dans l&rsquo;espace.<\/p>\n<p>En effet, ainsi qu&rsquo;il l&rsquo;avait promis \u00e0\u00a0<a title=\"Thomas Pesquet (France) (Acteur)\" href=\"http:\/\/www.allocine.fr\/personne\/fichepersonne_gen_cpersonne=848698.html\">Thomas Pesquet<\/a> (fan de la s\u00e9rie),\u00a0<a title=\"Alexandre Astier (France) (R\u00e9alisateur,Acteur,Sc\u00e9nariste)\" href=\"http:\/\/www.allocine.fr\/personne\/fichepersonne_gen_cpersonne=128589.html\">Alexandre Astier<\/a> lui a fait parvenir une copie de son long m\u00e9trage, que l&rsquo;astronaute a donc pu d\u00e9couvrir en direct de l&rsquo;ISS (Station Spatiale Internationale).<\/p>\n<p>Suite \u00e0 cette projection exceptionnelle, la prochaine \u00e9tape pour Thomas Pesquet ne serait-elle pas de venir jouer un petit r\u00f4le dans le second volet de\u00a0<a title=\"Kaamelott \u2013 Premier volet (France) - 2019 (Com\u00e9die,Aventure,Historique)\" href=\"http:\/\/www.allocine.fr\/film\/fichefilm_gen_cfilm=248191.html\">Kaamelott<\/a> ? En r\u00e9ponse \u00e0 l&rsquo;une de ses fans, lors d&rsquo;une rencontre digitale organis\u00e9e par la <span class=\"ACraHRACr0cHM6Ly93d3cueW91dHViZS5jb20vd2F0Y2g\/dj1CenpEN3NCUnJRcw==\" target=\"_blank\">Fnac<\/span>, Astier a d\u00e9clar\u00e9 que cela n&rsquo;\u00e9tait pas dans ses plans, et ce pour une raison tr\u00e8s simple :<\/p>\n<p><i>\u00ab\u00a0Thomas Pesquet n&rsquo;est pas com\u00e9dien <\/i>(&#8230;)<i>\u00ab\u00a0<\/i>, a-t-il rappel\u00e9.<i> \u00ab\u00a0Thomas Pesquet sait faire tellement de choses sans \u00eatre acteur ! Il est commandant de bord d&rsquo;un vaisseau spatial, le gars. <\/i>(&#8230;)<i> J&rsquo;adore Thomas Pesquet, mais Kaamelott n&rsquo;est pas un endroit pour cam\u00e9os people. C&rsquo;est pas \u00e7a qui se passe. Dans Kaamelott, j&rsquo;aime faire jouer des gens, et souvent des gens de th\u00e9\u00e2tre.\u00a0\u00bb<\/i><\/p>\n<p>Pas de r\u00f4le important ou secondaire pour Thomas Pesquet dans la suite de Kaamelott, donc. Mais s&rsquo;agissant d&rsquo;une petite apparition, Astier ne <a href=\"http:\/\/www.affinite.fr\/index.php\/2022\/10\/22\/la-creme-glacee-la-nouvelle-culture-commerciale\/\">ferme<\/a> pas totalement la porte :<\/p>\n<div class=\"article-figure-holder\">\n<figure class=\"article-figure mceNonEditable\">\n<img loading=\"lazy\" decoding=\"async\" class=\"article-figure-img\" src=\"data:image\/gif;base64,R0lGODlhAgABAPAAAAAAAAAAACH5BAEAAAAAIf8LSW1hZ2VNYWdpY2sNZ2FtbWE9MC40NTQ1NQAsAAAAAAIAAQAAAgIECgA7\" data-src=\"https:\/\/fr.web.img2.acsta.net\/newsv7\/22\/01\/21\/14\/34\/1531652.jpg\" width=\"640\" height=\"320\"\/><br \/>\n<span class=\"article-figcaption-copy\">SND<\/span><br \/>\n<\/figure>\n<\/div>\n<p><i>\u00ab\u00a0On peut trouver une exception ici et l\u00e0\u00a0\u00bb<\/i>, a-t-il ajout\u00e9.<i> \u00ab\u00a0Apr\u00e8s, si il veut venir faire une apparition, on peut trouver quelque chose avec grand plaisir. Mais avant tout, Kaamelott est une histoire de com\u00e9diens et d&rsquo;acteurs. Et j&rsquo;ai beaucoup trop de respect pour ce m\u00e9tier-l\u00e0 &#8211; j&rsquo;ai \u00e9t\u00e9 \u00e9lev\u00e9 par des gens qui le faisaient &#8211; pour penser que tout le monde peut le faire comme \u00e7a, si simplement.\u00a0\u00bb<\/i><\/p>\n<p>Alexandre Astier a conclu sa r\u00e9ponse en rappelant qu&rsquo;avant toute chose, il devait surtout <i>\u00ab\u00a0payer une pizza\u00a0\u00bb<\/i> \u00e0 l&rsquo;astronaute, qui avait tent\u00e9 de lui t\u00e9l\u00e9phoner depuis l&rsquo;ISS sans parvenir \u00e0 le joindre, au grand regret du r\u00e9alisateur :<\/p>\n<p><i>\u00ab\u00a0Je pense qu&rsquo;une quatre fromages pourra r\u00e9parer tout \u00e7a, j&rsquo;esp\u00e8re\u00a0\u00bb<\/i>, a-t-il ainsi plaisant\u00e9.<\/p>\n<p><span><strong>(Re)d\u00e9couvrez notre interview d&rsquo;Alexandre Astier pour \u00ab\u00a0Kaamelott &#8211; Premier Volet\u00a0\u00bb&#8230;<\/strong><\/span><\/p>\n<p>\u00a0<\/p>\n<\/div>\n<p>[ad_2]<br \/>\n<br \/><a href=\"http:\/\/www.allocine.fr\/article\/fichearticle_gen_carticle=18705911.html\">Source link <\/a><\/p>\n","protected":false},"excerpt":{"rendered":"<p>[ad_1] L&rsquo;astronaute fran\u00e7ais Thomas Pesquet, fan de Kaamelott, a eu la chance de pouvoir d\u00e9couvrir le film en direct de &hellip; <a href=\"http:\/\/www.affinite.fr\/index.php\/2022\/01\/22\/kaamelott-thomas-pesquet-pourrait-il-jouer-dans-le-prochain-film-actus-cine\/\" class=\"more-link\">Plus <span class=\"screen-reader-text\">Kaamelott : Thomas Pesquet pourrait-il jouer dans le prochain film ? &#8211; Actus Cin\u00e9<\/span> <span class=\"meta-nav\">&rarr;<\/span><\/a><\/p>\n","protected":false},"author":1,"featured_media":7373,"comment_status":"","ping_status":"open","sticky":false,"template":"","format":"standard","meta":{"_sitemap_exclude":false,"_sitemap_priority":"","_sitemap_frequency":"","footnotes":""},"categories":[1],"tags":[],"class_list":["post-7372","post","type-post","status-publish","format-standard","has-post-thumbnail","hentry","category-tous"],"_links":{"self":[{"href":"http:\/\/www.affinite.fr\/index.php\/wp-json\/wp\/v2\/posts\/7372"}],"collection":[{"href":"http:\/\/www.affinite.fr\/index.php\/wp-json\/wp\/v2\/posts"}],"about":[{"href":"http:\/\/www.affinite.fr\/index.php\/wp-json\/wp\/v2\/types\/post"}],"author":[{"embeddable":true,"href":"http:\/\/www.affinite.fr\/index.php\/wp-json\/wp\/v2\/users\/1"}],"replies":[{"embeddable":true,"href":"http:\/\/www.affinite.fr\/index.php\/wp-json\/wp\/v2\/comments?post=7372"}],"version-history":[{"count":0,"href":"http:\/\/www.affinite.fr\/index.php\/wp-json\/wp\/v2\/posts\/7372\/revisions"}],"wp:featuredmedia":[{"embeddable":true,"href":"http:\/\/www.affinite.fr\/index.php\/wp-json\/wp\/v2\/media\/7373"}],"wp:attachment":[{"href":"http:\/\/www.affinite.fr\/index.php\/wp-json\/wp\/v2\/media?parent=7372"}],"wp:term":[{"taxonomy":"category","embeddable":true,"href":"http:\/\/www.affinite.fr\/index.php\/wp-json\/wp\/v2\/categories?post=7372"},{"taxonomy":"post_tag","embeddable":true,"href":"http:\/\/www.affinite.fr\/index.php\/wp-json\/wp\/v2\/tags?post=7372"}],"curies":[{"name":"wp","href":"https:\/\/api.w.org\/{rel}","templated":true}]}}