{"id":7348,"date":"2022-01-15T20:09:52","date_gmt":"2022-01-15T20:09:52","guid":{"rendered":"https:\/\/www.affinite.fr\/index.php\/2022\/01\/15\/le-createur-nino-cerruti-a-disparu-a-lage-de-91-ans\/"},"modified":"2022-01-15T20:09:52","modified_gmt":"2022-01-15T20:09:52","slug":"le-createur-nino-cerruti-a-disparu-a-lage-de-91-ans","status":"publish","type":"post","link":"http:\/\/www.affinite.fr\/index.php\/2022\/01\/15\/le-createur-nino-cerruti-a-disparu-a-lage-de-91-ans\/","title":{"rendered":"Le cr\u00e9ateur Nino Cerruti a disparu \u00e0 l&rsquo;\u00e2ge de 91\u00a0ans"},"content":{"rendered":"<p> [ad_1]<br \/>\n<br \/><img decoding=\"async\" src=\"https:\/\/img-3.journaldesfemmes.fr\/z5bIfM243qKpAIvm70dTjrK1pDU=\/1280x\/smart\/08fa377044954f37b40080977fd0c3d3\/ccmcms-jdf\/27564703.jpg\" \/><\/p>\n<p>\n                Cr\u00e9ateur de mode, Nino Cerruti a lanc\u00e9 sa marque de pr\u00eat-\u00e0-porter en 1957, devenue un label incontournable de la sc\u00e8ne mode des 60&rsquo;s. Il est d\u00e9c\u00e9d\u00e9 le samedi 15\u00a0janvier 2022\u00a0\u00e0 l&rsquo;\u00e2ge de 91\u00a0ans.            <\/p>\n<div>\n<aside class=\"ccmsummary marqueur_module ccmcss_cms_summary ccmcss_cms_summary--right\">\n<p>Sommaire<\/p>\n<\/aside>\n<p>Alors que la <strong><a href=\"https:\/\/www.journaldesfemmes.fr\/mode\/conseils-mode\/1371237-debut-fashion-week-homme-automne-hiver-2022-2023-milan-paris-14-janvier\/\" title=\"Semaine de la mode\">Fashion week<\/a> de Milan<\/strong> bat son plein, la mode vient d&rsquo;apprendre une triste nouvelle. Selon l&rsquo;agence de presse italienne, l&rsquo;Agenzia Nazionale Stampa Associata (ANSA), le cr\u00e9ateur italien <strong>Nino <a href=\"https:\/\/www.journaldesfemmes.fr\/mode\/cerruti\/\" title=\"Cerruti\">Cerruti<\/a> s&rsquo;est \u00e9teint \u00e0 l&rsquo;\u00e2ge de 91 ans<\/strong> en Italie, dans la ville pi\u00e9montaise de Vercelli. Retour sur la carri\u00e8re d&rsquo;une figure de la mode.<\/p>\n<p><span style=\"font-size: 1rem;\">C&rsquo;est \u00e0 Biella, une petite ville au nord de l&rsquo;Italie, que <strong>Nino Cerruti<\/strong> voit le jour le 25\u00a0septembre 1930. Avec pour ambition de devenir journaliste, il entreprend des \u00e9tudes de philosophie. Mais son h\u00e9ritage le force \u00e0 changer\u00a0de cap. En 1950, il se reconvertit dans le tissu et reprend l&rsquo;entreprise familiale, fond\u00e9e par son grand-p\u00e8re en 1881. Sp\u00e9cialis\u00e9e<\/span> dans le filage et le tissage, la <strong>Lanificio Fratelli Cerruti<\/strong> jouit d&rsquo;une situation g\u00e9ographique \u2014 le pied des Alpes \u2014 id\u00e9ale\u00a0: la puret\u00e9 de l&rsquo;eau permet de laver et de teindre la laine sans l&rsquo;ab\u00eemer. On y cr\u00e9e \u00e0 l&rsquo;\u00e9poque de la flanelle, du tweed, du cachemire ou encore de l&rsquo;\u00e9tamine, \u00e0 partir de laine tout droit venue d&rsquo;Australie et d&rsquo;Afrique du Sud. Entrepreneur dans l&rsquo;\u00e2me, Nino Cerruti transforme l&rsquo;usine en v\u00e9ritable laboratoire de recherche et permet la mise au point de nouveaux fils \u2014 le super 100, le super 120, 150, 180\u00a0et 210. Pour comprendre ces chiffres, le calcul est simple\u00a0: quand 1\u00a0kilo de laine \u00e9quivaut \u00e0 100\u00a0km de fil, il donne le fil 100;\u00a0quand 1\u00a0kilo de laine \u00e9quivaut \u00e0\u00a0120\u00a0km de fil, il donne le super 120, et ainsi de suite. Le but de ces nouvelles techniques\u00a0? Cr\u00e9er des pi\u00e8ces dans lesquelles on se sent \u00e0 l&rsquo;aise. Plus de confort, donc.<\/p>\n<p>Il faudra attendre 1957\u00a0pour voir appara\u00eetre la premi\u00e8re ligne masculine de Nino Cerruti\u00a0: celle-ci est fabriqu\u00e9e dans les deux usines milanaises inaugur\u00e9es par le cr\u00e9ateur. Baptis\u00e9e <em>Hitman<\/em>, cette\u00a0collection inaugurale a donn\u00e9 son nom \u00e0 l&rsquo;une des montres les plus iconiques de la marque, toujours vendue aujourd&rsquo;hui. Dix ans plus tard, en 1967, sont lanc\u00e9es \u00e0 Paris les marques\u00a0<strong>Cerruti 1881\u00a0<\/strong>(clin d&rsquo;\u0153il \u00e0 l&rsquo;ann\u00e9e de cr\u00e9ation de l&rsquo;entreprise de tissage familiale), et <strong>Cerruti<\/strong>. Un bon en avant, et de quoi mettre un premier pied au c\u0153ur de la capitale internationale de la mode\u00a0avec l&rsquo;ouverture d&rsquo;une boutique embl\u00e9matique place de la Madeleine. Nino Cerruti s&rsquo;entoure des meilleurs, notamment <strong>Giorgio Armani<\/strong>, qui a fait ses armes au sein de la maison italienne\u00a0avant de voler de ses propres ailes.<\/p>\n<p>Tr\u00e8s vite adul\u00e9 par le monde de la mode, Cerruti se retrouve \u00e9galement sur grand \u00e9cran, dans des films comme<em> Bonnie and Clyde<\/em>, <em>Pretty Woman<\/em> ou encore <em>Basic Instinct<\/em>. Le cr\u00e9ateur habille d\u00e9sormais les stars du monde entier, de Michael Douglas \u00e0 Sharon Stone, en passant par Jean-Paul Belmondo ou encore Harrison Ford qui se baladent tous en <strong>costumes Nino Cerruti\u00a0<\/strong>sur tapis rouge. Le cr\u00e9ateur s&rsquo;int\u00e9resse \u00e9galement au milieu de la parfumerie\u00a0et sort d&rsquo;ailleurs sa premi\u00e8re fragrance en 1978, sobrement appel\u00e9e <strong>Nino Cerruti pour homme<\/strong>. Il d\u00e9veloppe ensuite\u00a0\u00e9galement des jus <strong>Nino Cerruti pour femmes<\/strong>.\u00a0En 2000, Nino Cerruti vend sa maison \u00e0 un groupe d&rsquo;investisseurs italiens\u00a0avant de rejoindre l&rsquo;entreprise familiale, Lanificio Fratelli Cerruti, \u00e0 Biella et Milan \u2014 cela ne l&#8217;emp\u00eache pas d&rsquo;\u00eatre toujours invit\u00e9 aux d\u00e9fil\u00e9s. Quatre ans plus tard, Lanificio Fratelli Cerruti rach\u00e8te Baleri, une entreprise italienne sp\u00e9cialis\u00e9e dans le mobilier et le design. Depuis, celui que l&rsquo;on surnommait \u00ab\u00a0le philosophe des v\u00eatements\u00a0\u00bb se faisait discret, donnant quelques interviews et apparaissant parfois \u00e0 des \u00e9v\u00e9nements mondains en compagnie de c\u00e9l\u00e9brit\u00e9s.<\/p>\n<\/p><\/div>\n<p>[ad_2]<br \/>\n<br \/><a href=\"https:\/\/www.journaldesfemmes.fr\/mode\/conseils-mode\/2734139-nino-cerruti-mort-createur-15-janvier-2022\/\">Source link <\/a><\/p>\n","protected":false},"excerpt":{"rendered":"<p>[ad_1] Cr\u00e9ateur de mode, Nino Cerruti a lanc\u00e9 sa marque de pr\u00eat-\u00e0-porter en 1957, devenue un label incontournable de la &hellip; <a href=\"http:\/\/www.affinite.fr\/index.php\/2022\/01\/15\/le-createur-nino-cerruti-a-disparu-a-lage-de-91-ans\/\" class=\"more-link\">Plus <span class=\"screen-reader-text\">Le cr\u00e9ateur Nino Cerruti a disparu \u00e0 l&rsquo;\u00e2ge de 91\u00a0ans<\/span> <span class=\"meta-nav\">&rarr;<\/span><\/a><\/p>\n","protected":false},"author":1,"featured_media":7349,"comment_status":"","ping_status":"open","sticky":false,"template":"","format":"standard","meta":{"_sitemap_exclude":false,"_sitemap_priority":"","_sitemap_frequency":"","footnotes":""},"categories":[1],"tags":[],"class_list":["post-7348","post","type-post","status-publish","format-standard","has-post-thumbnail","hentry","category-tous"],"_links":{"self":[{"href":"http:\/\/www.affinite.fr\/index.php\/wp-json\/wp\/v2\/posts\/7348"}],"collection":[{"href":"http:\/\/www.affinite.fr\/index.php\/wp-json\/wp\/v2\/posts"}],"about":[{"href":"http:\/\/www.affinite.fr\/index.php\/wp-json\/wp\/v2\/types\/post"}],"author":[{"embeddable":true,"href":"http:\/\/www.affinite.fr\/index.php\/wp-json\/wp\/v2\/users\/1"}],"replies":[{"embeddable":true,"href":"http:\/\/www.affinite.fr\/index.php\/wp-json\/wp\/v2\/comments?post=7348"}],"version-history":[{"count":0,"href":"http:\/\/www.affinite.fr\/index.php\/wp-json\/wp\/v2\/posts\/7348\/revisions"}],"wp:featuredmedia":[{"embeddable":true,"href":"http:\/\/www.affinite.fr\/index.php\/wp-json\/wp\/v2\/media\/7349"}],"wp:attachment":[{"href":"http:\/\/www.affinite.fr\/index.php\/wp-json\/wp\/v2\/media?parent=7348"}],"wp:term":[{"taxonomy":"category","embeddable":true,"href":"http:\/\/www.affinite.fr\/index.php\/wp-json\/wp\/v2\/categories?post=7348"},{"taxonomy":"post_tag","embeddable":true,"href":"http:\/\/www.affinite.fr\/index.php\/wp-json\/wp\/v2\/tags?post=7348"}],"curies":[{"name":"wp","href":"https:\/\/api.w.org\/{rel}","templated":true}]}}