{"id":7337,"date":"2022-01-12T18:34:15","date_gmt":"2022-01-12T18:34:15","guid":{"rendered":"https:\/\/www.affinite.fr\/index.php\/2022\/01\/12\/scream-dou-vient-le-masque-du-celebre-tueur-actus-cine\/"},"modified":"2022-01-12T18:34:15","modified_gmt":"2022-01-12T18:34:15","slug":"scream-dou-vient-le-masque-du-celebre-tueur-actus-cine","status":"publish","type":"post","link":"http:\/\/www.affinite.fr\/index.php\/2022\/01\/12\/scream-dou-vient-le-masque-du-celebre-tueur-actus-cine\/","title":{"rendered":"Scream : d&rsquo;o\u00f9 vient le masque du c\u00e9l\u00e8bre tueur ? &#8211; Actus Cin\u00e9"},"content":{"rendered":"<p> [ad_1]<br \/>\n<\/p>\n<p>C&rsquo;est un masque connu de tous et devenu un visage incontournable du cin\u00e9ma d&rsquo;horreur. Pour la sortie de \u00ab\u00a0Scream\u00a0\u00bb, retour sur les origines de la \u00ab\u00a0t\u00eate blanche\u00a0\u00bb de celui que l&rsquo;on surnomme Ghostface.<\/p>\n<div id=\"article-content\">\n<p>Vous connaissez ce visage et ses contours, indissociables du film qui l\u2019a fait conna\u00eetre. Vingt-cinq ans apr\u00e8s la sortie de <a title=\"Scream (U.S.A.) - 1996 (Epouvante-horreur)\" href=\"http:\/\/www.allocine.fr\/film\/fichefilm_gen_cfilm=11091.html\">Scream<\/a>, le masque de Ghostface &#8211; c\u2019est le nom attribu\u00e9 au tueur &#8211; est devenu l\u2019objet culte des f\u00eates d\u2019Halloween. Aux \u00c9tats-Unis comme en France, il tr\u00f4ne au milieu des rayons de d\u00e9guisements, avant d\u2019\u00eatre port\u00e9 par les petits monstres qui parcourent les rues.<\/p>\n<p>Dans le classique de <a title=\"Wes Craven (U.S.A.) (R\u00e9alisateur,Sc\u00e9nariste,Acteur)\" href=\"http:\/\/www.allocine.fr\/personne\/fichepersonne_gen_cpersonne=4830.html\">Wes Craven<\/a>, le masque n\u2019a pourtant rien d\u2019un simple accessoire pour enfants. Il symbolise la menace qui p\u00e8se lourdement sur les habitants de Woodsboro. Pour l\u2019\u00e9quipe du film, il fallait trouver le visage parfait qui allait incarner la peur. Son origine et sa fabrication sont tout aussi surprenantes que le ph\u00e9nom\u00e8ne culturel qu\u2019il a engendr\u00e9.<\/p>\n<p>1996. \u00c0 quelques semaines du d\u00e9but du tournage, toute l\u2019\u00e9quipe du film parcourt plusieurs villes de Californie pour rep\u00e9rer les futurs d\u00e9cors. Pr\u00e8s d\u2019une maison abandonn\u00e9e, le r\u00e9alisateur Wes Craven trouve un carton rempli d\u2019objets, pos\u00e9 pr\u00e8s d\u2019un garage. C\u2019est dans ce d\u00e9barras qu\u2019il d\u00e9couvre le visage iconique du tueur de son film.<\/p>\n<p>Inspir\u00e9 par la c\u00e9l\u00e8bre peinture du Norv\u00e9gien Edvard Munch, <i>Le Cri<\/i>, le masque est fabriqu\u00e9 par une soci\u00e9t\u00e9 sp\u00e9cialis\u00e9e dans les d\u00e9guisements, Fun World. Il porte m\u00eame un nom : le Peanut-Eyed Ghost &#8211; le fant\u00f4me avec des yeux en forme de cacahu\u00e8tes. Le cin\u00e9aste est persuad\u00e9 d\u2019avoir d\u00e9nich\u00e9 la perle rare et souhaite en acheter les droits.<\/p>\n<div class=\"article-figure-holder\">\n<figure class=\"article-figure mceNonEditable\">\n<img loading=\"lazy\" decoding=\"async\" class=\"article-figure-img\" src=\"data:image\/gif;base64,R0lGODlhAgABAPAAAAAAAAAAACH5BAEAAAAAIf8LSW1hZ2VNYWdpY2sNZ2FtbWE9MC40NTQ1NQAsAAAAAAIAAQAAAgIECgA7\" data-src=\"https:\/\/fr.web.img6.acsta.net\/r_640_256\/newsv7\/22\/01\/12\/18\/26\/3623347.png\" width=\"640\" height=\"320\"\/><br \/>\n<span class=\"article-figcaption-copy\">Dimension Films<\/span><figcaption class=\"article-figcaption\">\nDans quelques plans de \u00ab\u00a0Scream\u00a0\u00bb, premier du nom, il est possible d&rsquo;apercevoir le premier masque qui a \u00e9t\u00e9 utilis\u00e9 au d\u00e9but du tournage, bien diff\u00e9rent du mod\u00e8le final et connu de tous.<br \/>\n<\/figcaption><\/figure>\n<\/div>\n<p>Malheureusement, l\u2019entreprise demande beaucoup d\u2019argent au studio Dimension Films qui refuse de c\u00e9der. Pour trouver une alternative, Wes Craven demande \u00e0 la soci\u00e9t\u00e9 des effets sp\u00e9ciaux KNB EFX de cr\u00e9er des variantes qui se rapprochent le plus possible de l\u2019original. Au total, plus d\u2019une vingtaine de mod\u00e8les sont r\u00e9alis\u00e9s et tous sont rejet\u00e9s par le studio.\u00a0Le tournage commence et un masque, semblable \u00e0 la version finale, est choisi pour le tueur. Finalement, la soci\u00e9t\u00e9 Fun World et le studio hollywoodien trouvent un arrangement. Les droits sont c\u00e9d\u00e9s \u00e0 l\u2019\u00e9quipe du film.<\/p>\n<p>Quelques sc\u00e8nes avaient d\u00e9j\u00e0 \u00e9t\u00e9 tourn\u00e9es, mais plusieurs s\u00e9quences ont \u00e9t\u00e9 refilm\u00e9es avec le nouveau costume pour uniformiser le look du tueur. Il est possible d&rsquo;apercevoir quelques plans avec le premier masque, notamment lors de l\u2019ouverture avec Drew Barrymore ou lors de la mort du principal. Pour le reconna\u00eetre, c&rsquo;est simple : la forme des yeux et de la bouche est plus petite, le visage, lui, plus aplati.<\/p>\n<p>Pour d\u00e9couvrir les croquis des diff\u00e9rentes propositions du masque finalement rejet\u00e9es, <span class=\"ACraHRACr0cHM6Ly9ibG9vZHktZGlzZ3VzdGluZy5jb20vbmV3cy8zNDE4NjMyL29yaWdpbmFsLXNjcmVhbS1naG9zdGZhY2UtbWFzay1jb25jZXB0cy13YXktZGlmZmVyZW50Lw==\" target=\"_blank\">cliquez ici<\/span>.<\/p>\n<p><strong><i>Scream<\/i> est actuellement au cin\u00e9ma.<\/strong><\/p>\n<\/div>\n<p>[ad_2]<br \/>\n<br \/><a href=\"http:\/\/www.allocine.fr\/article\/fichearticle_gen_carticle=18705930.html\">Source link <\/a><\/p>\n","protected":false},"excerpt":{"rendered":"<p>[ad_1] C&rsquo;est un masque connu de tous et devenu un visage incontournable du cin\u00e9ma d&rsquo;horreur. Pour la sortie de \u00ab\u00a0Scream\u00a0\u00bb, &hellip; <a href=\"http:\/\/www.affinite.fr\/index.php\/2022\/01\/12\/scream-dou-vient-le-masque-du-celebre-tueur-actus-cine\/\" class=\"more-link\">Plus <span class=\"screen-reader-text\">Scream : d&rsquo;o\u00f9 vient le masque du c\u00e9l\u00e8bre tueur ? &#8211; Actus Cin\u00e9<\/span> <span class=\"meta-nav\">&rarr;<\/span><\/a><\/p>\n","protected":false},"author":1,"featured_media":7338,"comment_status":"","ping_status":"open","sticky":false,"template":"","format":"standard","meta":{"_sitemap_exclude":false,"_sitemap_priority":"","_sitemap_frequency":"","footnotes":""},"categories":[1],"tags":[],"class_list":["post-7337","post","type-post","status-publish","format-standard","has-post-thumbnail","hentry","category-tous"],"_links":{"self":[{"href":"http:\/\/www.affinite.fr\/index.php\/wp-json\/wp\/v2\/posts\/7337"}],"collection":[{"href":"http:\/\/www.affinite.fr\/index.php\/wp-json\/wp\/v2\/posts"}],"about":[{"href":"http:\/\/www.affinite.fr\/index.php\/wp-json\/wp\/v2\/types\/post"}],"author":[{"embeddable":true,"href":"http:\/\/www.affinite.fr\/index.php\/wp-json\/wp\/v2\/users\/1"}],"replies":[{"embeddable":true,"href":"http:\/\/www.affinite.fr\/index.php\/wp-json\/wp\/v2\/comments?post=7337"}],"version-history":[{"count":0,"href":"http:\/\/www.affinite.fr\/index.php\/wp-json\/wp\/v2\/posts\/7337\/revisions"}],"wp:featuredmedia":[{"embeddable":true,"href":"http:\/\/www.affinite.fr\/index.php\/wp-json\/wp\/v2\/media\/7338"}],"wp:attachment":[{"href":"http:\/\/www.affinite.fr\/index.php\/wp-json\/wp\/v2\/media?parent=7337"}],"wp:term":[{"taxonomy":"category","embeddable":true,"href":"http:\/\/www.affinite.fr\/index.php\/wp-json\/wp\/v2\/categories?post=7337"},{"taxonomy":"post_tag","embeddable":true,"href":"http:\/\/www.affinite.fr\/index.php\/wp-json\/wp\/v2\/tags?post=7337"}],"curies":[{"name":"wp","href":"https:\/\/api.w.org\/{rel}","templated":true}]}}