{"id":7335,"date":"2022-01-11T20:01:16","date_gmt":"2022-01-11T20:01:16","guid":{"rendered":"https:\/\/www.affinite.fr\/index.php\/2022\/01\/11\/nouvelles-regles-vaccines-cas-contact\/"},"modified":"2022-01-11T20:01:16","modified_gmt":"2022-01-11T20:01:16","slug":"nouvelles-regles-vaccines-cas-contact","status":"publish","type":"post","link":"http:\/\/www.affinite.fr\/index.php\/2022\/01\/11\/nouvelles-regles-vaccines-cas-contact\/","title":{"rendered":"nouvelles r\u00e8gles, vaccin\u00e9s, cas contact"},"content":{"rendered":"<p> [ad_1]<br \/>\n<\/p>\n<p>\n                Les r\u00e8gles d&rsquo;isolement ont \u00e9volu\u00e9 depuis le lundi 3\u00a0janvier 2022\u00a0et ont \u00e9t\u00e9 d\u00e9voil\u00e9es par le gouvernement. Quelles sont les nouvelles consignes en cas de sch\u00e9ma vaccinal complet\u00a0? Pour les non vaccin\u00e9s\u00a0? Les cas contacts\u00a0? Positifs\u00a0? Les enfants\u00a0? 7\u00a0ou 10\u00a0jours d&rsquo;isolement\u00a0?            <\/p>\n<div>\n<aside class=\"ccmsummary marqueur_module ccmcss_cms_summary ccmcss_cms_summary--right\">\n<p>Sommaire<\/p>\n<\/aside>\n<p><strong>[Mis\u00a0\u00e0 jour le 11\u00a0janvier 2022 \u00e0 19h47]\u00a0<\/strong>L&rsquo;\u00e9pid\u00e9mie de Covid bat son plein. La vaccination contre le Covid n&rsquo;\u00e9tant pas efficace \u00e0 100%, il est possible d&rsquo;\u00eatre contamin\u00e9 par le virus et positif apr\u00e8s avoir \u00e9t\u00e9 vaccin\u00e9. S&rsquo;isoler au moindre doute et d\u00e8s les premiers sympt\u00f4mes \u00e9vocateurs de Covid reste primordial\u00a0pour r\u00e9duire la transmission du virus. Les r\u00e8gles d&rsquo;isolement ont chang\u00e9 depuis le 3 janvier 2022.\u00a0La <strong>dur\u00e9e <\/strong>de l&rsquo;isolement varie selon la situation (personnes positives vaccin\u00e9es, non vaccin\u00e9e, cas contact, enfant&#8230;). <strong>Quelles sont<\/strong>\u00a0<strong>les r\u00e8gles d&rsquo;isolement ? 7 ou 10 jours ? Pour qui ?\u00a0<\/strong>\u200b\u200b\u200b\u200b\u200b\u200b<strong>Quand se mettre en quarantaine ?\u00a0Apr\u00e8s un test positif ?\u00a0N\u00e9gatif ? Pour un enfant \u00e0 l&rsquo;\u00e9cole ?\u00a0<\/strong>Comment \u00e7a se passe concr\u00e8tement pendant cet isolement ? O\u00f9 s&rsquo;isoler ? Guide.<\/p>\n<h2 id=\"quelles-sont-les-nouvelles-regles-disolement-\">Quelles sont les nouvelles r\u00e8gles d&rsquo;isolement ?<\/h2>\n<p><strong>Depuis le 3\u00a0janvier 2022,<\/strong>\u00a0les r\u00e8gles d&rsquo;isolement sont les m\u00eames pour les personnes positives quel que soit le variant (Delta ou <a href=\"https:\/\/sante.journaldesfemmes.fr\/fiches-maladies\/2761129-nouveau-variant-omicron-covid-france-symptomes-duree-incubation-dangerosite-isolement-cas-contact\/\" title=\"Variant omicron\">Omicron<\/a>).\u00a0La dur\u00e9e de l&rsquo;isolement d\u00e9pend de la situation de la personne (positive au Covid ou cas contact) et de son statut vaccinal.<\/p>\n<table border=\"1\" cellpadding=\"1\" cellspacing=\"1\" style=\"width:100%;\">\n<thead>\n<tr>\n<th scope=\"col\">Situations<\/th>\n<th scope=\"col\">Consignes d&rsquo;isolement<\/th>\n<\/tr>\n<\/thead>\n<tbody>\n<tr>\n<td>\n<p><strong>Personnes positives ayant un sch\u00e9ma vaccinal <u>complet<\/u><\/strong><\/p>\n<\/td>\n<td>\n<p>L&rsquo;isolement est\u00a0d&rsquo;une <strong>dur\u00e9e de 7\u00a0jours (pleins)<\/strong> apr\u00e8s la date du d\u00e9but des signes ou la date du pr\u00e9l\u00e8vement du test positif. Toutefois, au bout de 5\u00a0jours, la personne positive peut sortir d&rsquo;isolement \u00e0 deux conditions\u00a0:<\/p>\n<ul>\n<li>elle effectue un test antig\u00e9nique ou RT-PCR et celui-ci est n\u00e9gatif<\/li>\n<li>elle n&rsquo;a plus de signes cliniques d&rsquo;infection depuis 48h<\/li>\n<\/ul>\n<p>Si le test r\u00e9alis\u00e9 est positif ou si la personne ne r\u00e9alise pas de test, son isolement est maintenu \u00e0 7\u00a0jours. Elle ne r\u00e9alise pas un second test \u00e0 J7.\u00a0(J signifie\u00a0: le jour o\u00f9 vous apprenez que vous \u00eates cas contact)<\/p>\n<\/td>\n<\/tr>\n<tr>\n<td><strong>Enfants de moins de 12 ans<\/strong><\/td>\n<td>\n<p>L&rsquo;isolement est\u00a0d&rsquo;une <strong>dur\u00e9e de 7\u00a0jours (pleins)<\/strong> apr\u00e8s la date du d\u00e9but des signes ou la date du pr\u00e9l\u00e8vement du test positif. Toutefois, au bout de 5\u00a0jours, la personne positive peut sortir d&rsquo;isolement \u00e0 deux conditions\u00a0:<\/p>\n<ul>\n<li>elle effectue un test antig\u00e9nique ou RT-PCR et celui-ci est n\u00e9gatif<\/li>\n<li>elle n&rsquo;a plus de signes cliniques d&rsquo;infection depuis 48h<\/li>\n<\/ul>\n<p>Si le test r\u00e9alis\u00e9 est positif ou si la personne ne r\u00e9alise pas de test, son isolement est maintenu \u00e0 7\u00a0jours. Elle ne r\u00e9alise pas un second test \u00e0 J7.\u00a0(J signifie\u00a0: le jour o\u00f9 vous apprenez que vous \u00eates cas contact)<\/p>\n<\/td>\n<\/tr>\n<tr>\n<td><strong>Personnes positives avec sch\u00e9ma vaccinal <u>incomplet<\/u><\/strong><\/td>\n<td>\n<p>L&rsquo;isolement est <strong>de 10\u00a0jours (pleins)<\/strong> apr\u00e8s la date du d\u00e9but des signes ou la date du pr\u00e9l\u00e8vement du test positif. Toutefois, au bout de 7\u00a0jours, la personne positive peut sortir d&rsquo;isolement \u00e0 deux conditions\u00a0:<\/p>\n<ul>\n<li>elle effectue un test antig\u00e9nique ou RTPCR et celui-ci est n\u00e9gatif<\/li>\n<li>elle n&rsquo;a plus de signes cliniques d&rsquo;infection depuis 48h<\/li>\n<\/ul>\n<p>Si le test est positif ou si la personne ne r\u00e9alise pas de test,<strong> l&rsquo;isolement est de 10\u00a0jours.<\/strong><\/p>\n<\/td>\n<\/tr>\n<tr>\n<td><strong>Personnes non vaccin\u00e9es<\/strong><\/td>\n<td>\n<p>L&rsquo;isolement est <strong>de 10\u00a0jours (pleins)<\/strong> apr\u00e8s la date du d\u00e9but des signes ou la date du pr\u00e9l\u00e8vement du test positif. Toutefois, au bout de 7\u00a0jours, la personne positive peut sortir d&rsquo;isolement \u00e0 deux conditions\u00a0:<\/p>\n<ul>\n<li>elle effectue un test antig\u00e9nique ou RTPCR et celui-ci est n\u00e9gatif<\/li>\n<li>elle n&rsquo;a plus de signes cliniques d&rsquo;infection depuis 48h<\/li>\n<\/ul>\n<p>Si le test est positif ou si la personne ne r\u00e9alise pas de test,<strong> l&rsquo;isolement est de 10\u00a0jours.<\/strong><\/p>\n<\/td>\n<\/tr>\n<\/tbody>\n<\/table>\n<h2 id=\"quelles-regles-disolement-en-cas-deschema-vaccinal-complet-\">Quelles r\u00e8gles d&rsquo;isolement en cas de\u00a0sch\u00e9ma vaccinal complet (avec rappel) ?<\/h2>\n<p><strong>Est consid\u00e9r\u00e9e comme ayant un sch\u00e9ma vaccinal complet, une personne ayant re\u00e7u les deux doses (ou une dose en cas d&rsquo;infection pr\u00e9alable au Covid) + une dose de rappel r\u00e9alis\u00e9e conform\u00e9ment aux exigences du pass sanitaire.\u00a0<\/strong>L&rsquo;isolement est d&rsquo;une dur\u00e9e de<strong> 7\u00a0jours (pleins)<\/strong> <strong>apr\u00e8s la date du d\u00e9but des signes ou la date du pr\u00e9l\u00e8vement du test positif. <\/strong>Toutefois, au bout de 5\u00a0jours, la personne positive peut sortir d&rsquo;isolement \u00e0 deux conditions\u00a0:<\/p>\n<ul>\n<li>elle effectue un test antig\u00e9nique ou RTPCR et celui-ci est n\u00e9gatif<\/li>\n<li>elle n&rsquo;a plus de signes cliniques d&rsquo;infection depuis 48h<\/li>\n<\/ul>\n<p>Si le test r\u00e9alis\u00e9 est positif ou si la personne ne r\u00e9alise pas de test, son isolement est maintenu \u00e0 7\u00a0jours. Elle ne r\u00e9alise pas un second test \u00e0 J7.<\/p>\n<h2 id=\"quelles-regles-disolement-en-cas-deschema-vaccinal-incomplet\">Quelles r\u00e8gles d&rsquo;isolement en cas de\u00a0sch\u00e9ma vaccinal incomplet\u00a0?<\/h2>\n<p>L&rsquo;isolement est <strong>de 10\u00a0jours (pleins)<\/strong> apr\u00e8s la date du d\u00e9but des signes ou la date du pr\u00e9l\u00e8vement du test positif. Toutefois, au bout de 7\u00a0jours, la personne positive peut sortir d&rsquo;isolement \u00e0 deux conditions\u00a0:<\/p>\n<ul>\n<li>elle effectue un test antig\u00e9nique ou RTPCR et celui-ci est n\u00e9gatif<\/li>\n<li>elle n&rsquo;a plus de signes cliniques d&rsquo;infection depuis 48h<\/li>\n<\/ul>\n<p>Si le test est positif ou si la personne ne r\u00e9alise pas de test,<strong> l&rsquo;isolement est de 10\u00a0jours.<\/strong><\/p>\n<p>Les consignes d&rsquo;isolement ne sont pas les m\u00eames selon le sch\u00e9ma vaccinal.\u00a0<\/p>\n<p>\u25ba <strong>Pour les\u00a0cas contact ayant un sch\u00e9ma vaccinal complet<\/strong> (rappel r\u00e9alis\u00e9 conform\u00e9ment aux exigences du pass sanitaire) et les enfants de moins de 12 ans\u00a0:\u00a0<\/p>\n<ul>\n<li><strong>Il n&rsquo;y a plus de quarantaine<\/strong>, n\u00e9anmoins les personnes cas contact doivent appliquer de mani\u00e8re stricte les mesures barri\u00e8res, et notamment le port du masque en int\u00e9rieur et en ext\u00e9rieur, limiter leurs contacts, \u00e9viter tout contact avec des personnes \u00e0 risque de forme grave de Covid, et t\u00e9l\u00e9travailler quand c&rsquo;est possible.<\/li>\n<li>Elles doivent r\u00e9aliser un test antig\u00e9nique ou PCR (autotests pour les <a href=\"https:\/\/sante.journaldesfemmes.fr\/fiches-maladies\/2661027-cas-contact-covid-omicron-definition-isolement-vaccine-arret-de-travail-que-faire-famille-nouveau-protocole\/\" title=\"Cas contact\">cas contacts<\/a> \u00e0 l&rsquo;\u00e9cole) d\u00e8s qu&rsquo;elles apprennent qu&rsquo;elles sont cas contacts, puis effectuer des autotests \u00e0 J2\u00a0et J4\u00a0apr\u00e8s le dernier contact avec la personne positive.\u00a0<strong>En cas d&rsquo;autotest positif, il convient de confirmer le r\u00e9sultat par un TAG ou un <a href=\"https:\/\/sante.journaldesfemmes.fr\/fiches-maladies\/2635621-test-pcr-covid-resultat-prix-fiabilite-ou-faire-signification-remboursement-payant-pharmacie-laboratoire\/\" title=\"Test PCR\">test RT-PCR<\/a>. Si le test est positif, la personne devient un cas et d\u00e9marre un isolement.<\/strong><\/li>\n<\/ul>\n<p>\u25ba <strong>Pour les personnes cas contact ayant un sch\u00e9ma vaccinal incomplet <\/strong>et pour les personnes cas contacts non-vaccin\u00e9s :\u00a0<\/p>\n<ul>\n<li>Il faut respecter un isolement d&rsquo;une dur\u00e9e de 7\u00a0jours (pleins) \u00e0 compter de la date du dernier contact.<\/li>\n<li>Pour sortir de l&rsquo;isolement, il faut\u00a0r\u00e9aliser un test antig\u00e9nique ou RT-PCR et avoir un r\u00e9sultat n\u00e9gatif.\u00a0<strong>Si le test est positif, la personne devient un cas et d\u00e9marre un isolement.<\/strong><\/li>\n<\/ul>\n<h2 id=\"isolement-a-lecole--quelles-sont-les-nouvelles-regles-\">Isolement \u00e0 l&rsquo;\u00e9cole : quelles sont les nouvelles r\u00e8gles ?<\/h2>\n<p>\u25ba <strong>Pour les\u00a0personnels et \u00e9l\u00e8ves de plus de 12\u00a0ans :<\/strong><\/p>\n<table align=\"center\" border=\"1\" cellpadding=\"1\" cellspacing=\"1\" style=\"width:100%;\">\n<thead>\n<tr>\n<th scope=\"row\" style=\"width: 93px;\">\u00a0<\/th>\n<th scope=\"col\" style=\"width: 385px;\">Avec un sch\u00e9ma vaccin complet<\/th>\n<th scope=\"col\">Non vaccin\u00e9 ou avec un sch\u00e9ma vaccinal incomplet<\/th>\n<\/tr>\n<\/thead>\n<tbody>\n<tr>\n<th scope=\"row\" style=\"width: 93px;\">Cas positif<\/th>\n<td style=\"width: 385px;\">\n<ul>\n<li>Isolement de 5 jours si le test antig\u00e9nique ou PCR r\u00e9alis\u00e9 le 5e jour est n\u00e9gatif et en l&rsquo;absence de sympt\u00f4mes depuis 48 heures<\/li>\n<li>Isolement de 7 jours dans le cas contraire<\/li>\n<\/ul>\n<\/td>\n<td>\n<ul>\n<li>Isolement de 7\u00a0jours si le test antig\u00e9nique ou PCR r\u00e9alis\u00e9 le 7e jour est n\u00e9gatif et en l&rsquo;absence de sympt\u00f4mes depuis 48\u00a0heures<\/li>\n<li>Isolement de 10 jours dans le cas contraire<\/li>\n<\/ul>\n<\/td>\n<\/tr>\n<tr>\n<th scope=\"row\" style=\"width: 93px;\">Cas contact<\/th>\n<td style=\"width: 385px;\">\n<ul>\n<li>Pas d&rsquo;isolement<\/li>\n<li>Autotest \u00e0 J0, J+2, J+4 (J signifie : le jour o\u00f9 vous apprenez que vous \u00eates cas contact)<\/li>\n<\/ul>\n<\/td>\n<td>\n<ul>\n<li>Isolement de 7 jours<\/li>\n<li>Autotest \u00e0 J0, J+2, J+4\u00a0(J signifie\u00a0: le jour o\u00f9 vous apprenez que vous \u00eates cas contact)<\/li>\n<\/ul>\n<\/td>\n<\/tr>\n<\/tbody>\n<\/table>\n<p>\u25ba<strong> Pour les \u00e9l\u00e8ves de moins\u00a0de 12\u00a0ans\u00a0:<\/strong><\/p>\n<table align=\"center\" border=\"1\" cellpadding=\"1\" cellspacing=\"1\" style=\"width: 719.375px;\">\n<thead>\n<tr>\n<th scope=\"row\" style=\"width: 78px;\">\u00a0<\/th>\n<th scope=\"col\" style=\"width: 212.375px;\">Quel que soit le statut vaccinal<\/th>\n<\/tr>\n<\/thead>\n<tbody>\n<tr>\n<th scope=\"row\" style=\"width: 78px;\">Cas positif<\/th>\n<td style=\"width: 212.375px;\">\n<ul>\n<li>Isolement de 5\u00a0jours si le test antig\u00e9nique ou PCR r\u00e9alis\u00e9 le 5e jour est n\u00e9gatif et en l&rsquo;absence de sympt\u00f4mes depuis 48\u00a0heures<\/li>\n<li>Isolement de 7\u00a0jours dans le cas contraire<\/li>\n<\/ul>\n<\/td>\n<\/tr>\n<tr>\n<th scope=\"row\" style=\"width: 78px;\">Cas contact<\/th>\n<td style=\"width: 212.375px;\">\n<p>L&rsquo;\u00e9l\u00e8ve pourra rester en classe :<\/p>\n<ul>\n<li>Si l&rsquo;autotest\u00a0fait \u00e0 J+O est bien n\u00e9gatif\u00a0(J signifie\u00a0: le jour o\u00f9 vous apprenez que vous \u00eates cas contact)<\/li>\n<li>Et si les autotests r\u00e9alis\u00e9s \u00e0 J+2 et J+4 sont n\u00e9gatifs (attestation sur l&rsquo;honneur des parents)<\/li>\n<\/ul>\n<\/td>\n<\/tr>\n<\/tbody>\n<\/table>\n<h2 id=\"ou-sisoler-\">O\u00f9 s&rsquo;isoler ?<\/h2>\n<ul>\n<li>Chez soi si les conditions mat\u00e9rielles s&rsquo;y pr\u00eatent et apr\u00e8s en avoir discut\u00e9 avec son m\u00e9decin. Pendant la p\u00e9riode d&rsquo;isolement, il convient de prendre un certain nombre de pr\u00e9cautions et de respecter des\u00a0<strong>r\u00e8gles d&rsquo;hygi\u00e8ne strictes.<\/strong><\/li>\n<li>Si l&rsquo;on ne peut pas rester chez soi, d&rsquo;autres solutions peuvent \u00eatre propos\u00e9es tels qu&rsquo;un centre de vacances, un h\u00f4tel, un lieu d&rsquo;h\u00e9bergement collectif. Dans ce cas, il convient de suivre les consignes donn\u00e9es par le lieu d&rsquo;h\u00e9bergement.\u00a0Par ailleurs, une solution d&rsquo;h\u00e9bergement peut \u00eatre propos\u00e9e via la Cellule territoriale d&rsquo;appui \u00e0 l&rsquo;isolement (CTAI).<\/li>\n<\/ul>\n<h2 id=\"quand-se-termine-lisolement-\">Quelles r\u00e8gles apr\u00e8s un isolement ?\u00a0<\/h2>\n<p><strong>Pendant les 7\u00a0jours suivant la fin de l&rsquo;isolement<\/strong>, il est recommand\u00e9 \u00e0 la personne gu\u00e9rie de <strong>continuer \u00e0 observer les gestes barri\u00e8res et de porter le masque<\/strong>, y compris dans la sph\u00e8re priv\u00e9e, d&rsquo;\u00e9viter de fr\u00e9quenter des personnes \u00e0 risque de d\u00e9velopper une forme grave de COVID-19, d&rsquo;\u00e9viter de fr\u00e9quenter les transports en commun, de respecter une r\u00e9duction volontaire des interactions sociales, et de privil\u00e9gier le t\u00e9l\u00e9travail.\u00a0<\/p>\n<div class=\"ccminsert\">\n<aside class=\"app_widget_fo app_widget_fo--call\">\n<ul>\n<li>\n                <a href=\"https:\/\/sante.journaldesfemmes.fr\/fiches-maladies\/2623965-test-covid-depistage-payant-gratuit-coronavirus-prix-pcr-antigenique-autotest-resultat-pharmacie-positif\/\" class=\"jGTMWidgetGAEventClick\" data-gtmwidgetgaeventaction=\"clickWidgetCall\" data-gtmwidgetgaeventlabel=\"Test Covid\u00a0: antig\u00e9nique, PCR, pharmacie, positif, que faire\u00a0?\"><\/p>\n<figure>\n                                                                        <picture><source media=\"(max-width: 480px)\" srcset=\"https:\/\/img-3.journaldesfemmes.fr\/hLlTPToVnD6Tbp2NDOO3PdNUc2k=\/160x105\/smart\/8831da67c48e4f0ba9d2d0b0312fc58b\/ccmcms-jdf\/30973772.jpg\" width=\"160\" height=\"105\"><img decoding=\"async\" src=\"https:\/\/img-3.journaldesfemmes.fr\/R968mhvsXV4USiZb6DG8wcr-EHo=\/200x132\/smart\/8831da67c48e4f0ba9d2d0b0312fc58b\/ccmcms-jdf\/30973772.jpg\" alt=\"\" width=\"200\" height=\"132\" loading=\"lazy\"\/><br \/>\n                            <\/source><\/picture><figcaption>\n<h3>Test Covid\u00a0: antig\u00e9nique, PCR, pharmacie, positif, que faire\u00a0?<\/h3>\n<p>Les Fran\u00e7ais se ruent sur les tests de d\u00e9pistage face \u00e0 la flamb\u00e9e des contaminations li\u00e9es \u00e0 Omicron et au nouveau protocole pour les cas contacts. Test PCR, antig\u00e9nique, autotest, gratuit, payant, pour les enfants, d\u00e9lai de r\u00e9sultat, fiabilit\u00e9, positif, n\u00e9gatif&#8230; Guide pratique du d\u00e9pistage du coronavirus.<\/p>\n<\/figcaption><\/figure>\n<p>                <\/a>\n            <\/li>\n<\/ul>\n<\/aside>\n<\/div>\n<p>Les salari\u00e9s symptomatiques ou cas contact, en attente d&rsquo;un test au Covid-19, peuvent b\u00e9n\u00e9ficier d&rsquo;arr\u00eats maladie indemnis\u00e9s sans jour de carence et d\u00e9livr\u00e9s automatiquement en ligne sur le site de l&rsquo;Assurance Maladie. Les indemnit\u00e9s journali\u00e8res d\u00e8s le premier jour d&rsquo;arr\u00eat pour les salari\u00e9s et les agents publics malades du Covid-19\u00a0sont vers\u00e9es jusqu&rsquo;au 30\u00a0d\u00e9cembre 2021, conform\u00e9ment au d\u00e9cret paru le 30 octobre au <a href=\"https:\/\/www.legifrance.gouv.fr\/jorf\/id\/JORFTEXT000042895712\" target=\"_blank\" rel=\"noopener\">Journal Officiel<\/a>. Pour que votre isolement soit plus facile \u00e0 vivre, il convient de s&rsquo;organiser, y compris au travail. Pour cela :<\/p>\n<ul>\n<li>Je pr\u00e9viens imm\u00e9diatement mon employeur que je dois m&rsquo;isoler.<\/li>\n<li>Si je peux t\u00e9l\u00e9travailler, je le fais dans la pi\u00e8ce o\u00f9 je m&rsquo;isole.<\/li>\n<li>Si je ne peux pas t\u00e9l\u00e9travailler, je peux me procurer un <a href=\"https:\/\/declare.ameli.fr\/\" target=\"_blank\" rel=\"noopener\">arr\u00eat de travail sur le site Ameli<\/a>. Vous devez vous engager \u00e0 r\u00e9aliser un test antig\u00e9nique ou RT-PCR dans les 2\u00a0jours qui suivent votre d\u00e9claration.\u00a0Votre arr\u00eat de travail est \u00e9tabli \u00e0 compter du jour de votre d\u00e9claration y compris donc avant la r\u00e9alisation du test et se d\u00e9roule jusqu&rsquo;\u00e0 l&rsquo;indication dans ce t\u00e9l\u00e9service de la date d&rsquo;obtention du r\u00e9sultat du test. Une dur\u00e9e maximale de 4\u00a0jours est fix\u00e9e pour couvrir la p\u00e9riode de r\u00e9alisation du test.\u00a0La prise en charge d\u00e9finitive par l&rsquo;Assurance maladie ou la MSA a lieu seulement si vous avez bien effectu\u00e9 le test mais quels que soient les r\u00e9sultats de ce test (positif ou n\u00e9gatif).\u00a0<\/li>\n<li>Votre arr\u00eat doit \u00eatre de 7\u00a0jours minimum. Il d\u00e9bute \u00e0 compter de la date de l&rsquo;appel ou du courriel de l&rsquo;Assurance maladie. Si vous vous \u00eates isol\u00e9 spontan\u00e9ment avant d&rsquo;avoir \u00e9t\u00e9 contact\u00e9 par l&rsquo;Assurance maladie, l&rsquo;arr\u00eat peut \u00eatre r\u00e9troactif dans la limite de 4\u00a0jours.\u00a0<\/li>\n<\/ul>\n<p><strong>Si les r\u00e9sultats du test ne sont pas connus \u00e0 la fin de l&rsquo;arr\u00eat, il est possible de demander une prolongation de l&rsquo;arr\u00eat dans la limite de 7\u00a0jours suppl\u00e9mentaires\u00a0:<\/strong><\/p>\n<ul>\n<li>pendant la dur\u00e9e de l&rsquo;isolement, l&rsquo;Assurance maladie proc\u00e8de \u00e0 un suivi syst\u00e9matique avec 2\u00a0\u00e0 3\u00a0appels t\u00e9l\u00e9phoniques sur 7\u00a0jours.<\/li>\n<li>chaque personne d\u00e9clar\u00e9e positive peut se voir proposer (depuis le 20\u00a0janvier 2021) une visite \u00e0 domicile par un infirmier.<\/li>\n<\/ul>\n<p>Les cas positifs ou contact qui doivent \u00eatre isol\u00e9s peuvent b\u00e9n\u00e9ficier d&rsquo;<strong>une attestation d&rsquo;isolement<\/strong>\u00a0ou \u00ab\u00a0d\u00e9claration de maintien \u00e0 domicile\u00a0\u00bb s&rsquo;ils ont\u00a0besoin d&rsquo;un arr\u00eat de travail et ne peuvent pas t\u00e9l\u00e9travailler.\u00a0Pour simplifier leurs d\u00e9marches, l&rsquo;Assurance Maladie a ouvert depuis le 3\u00a0octobre 2020 le t\u00e9l\u00e9service\u00a0<a href=\"https:\/\/declare.ameli.fr\/\" target=\"_blank\" rel=\"noopener\">declare.ameli.fr<\/a>.\u00a0Les cas contacts sont contact\u00e9s par l&rsquo;Assurance maladie et peuvent recevoir une attestation d&rsquo;isolement \u00e0 transmettre \u00e0 leur employeur s&rsquo;ils ne sont pas vaccin\u00e9s. <strong>Avant de verser vos indemnit\u00e9s journali\u00e8res,<\/strong> l&rsquo;Assurance maladie v\u00e9rifiera que vous \u00eates bien identifi\u00e9 comme cas contact.\u00a0<\/p>\n<p><strong>Cette attestation d&rsquo;isolement est d\u00e9livr\u00e9e\u00a0<\/strong><\/p>\n<ul>\n<li>sur le compte ameli au minimum 3\u00a0jours apr\u00e8s la demande d&rsquo;arr\u00eat de travail sur le site\u00a0<a href=\"https:\/\/declare.ameli.fr\/\" lang=\"fr\" target=\"_blank\" title=\"Site declare.ameli.fr (nouvelle fen\u00eatre)\" xml:lang=\"fr\" rel=\"noopener\">declare.ameli.fr<\/a>\u00a0;<\/li>\n<li>par courrier postal au minimum 7\u00a0jours apr\u00e8s la demande sur le site pour les personnes n&rsquo;ayant pas de compte.<\/li>\n<\/ul>\n<p>Si la demande n&rsquo;est pas justifi\u00e9e, l&rsquo;Assurance Maladie envoie un courrier de refus sur le compte ou par voie postale.<\/p>\n<p>\u25ba Pour en savoir plus : <a href=\"https:\/\/www.service-public.fr\/particuliers\/actualites\/A14577\" target=\"_blank\" rel=\"noopener\">Service-Public.fr<\/a><\/p>\n<p>L&rsquo;isolement est effectu\u00e9 id\u00e9alement \u00e0 domicile si les conditions le permettent :\u00a0<\/p>\n<ul>\n<li>il faut rester, si possible, dans une pi\u00e8ce s\u00e9par\u00e9e de ses proches, avec la porte ferm\u00e9e. Il est important de dormir et de prendre ses repas seul, dans sa chambre ;<\/li>\n<li>les contacts avec les autres personnes de la maison, de l&rsquo;appartement ou du lieu d&rsquo;accueil sont \u00e0 \u00e9viter au maximum. On ne doit pas les toucher, ni les embrasser ;<\/li>\n<li>en pr\u00e9sence d&rsquo;une personne, <strong>le port d&rsquo;un <a href=\"https:\/\/sante.journaldesfemmes.fr\/fiches-maladies\/2609189-masque-covid-19-coronavirus-transparent-enfant-chirurgical-lavable-tissu-ffp2-achat-afnor-prix\/\" title=\"Masque anti-virus\">masque chirurgical<\/a> est obligatoire<\/strong> (m\u00eame si c&rsquo;est un proche), une distance de plus de 2\u00a0m\u00e8tres doit \u00eatre respect\u00e9e et les discussions doivent \u00eatre limit\u00e9es \u00e0 15\u00a0minutes ;<\/li>\n<li>il faut \u00e9viter tout contact avec des personnes fragiles, c&rsquo;est-\u00e0-dire les personnes \u00e2g\u00e9es de plus de 65\u00a0ans ou avec des maladies chroniques (hypertension, diab\u00e8te, maladies cardiaques, etc.), les personnes avec une ob\u00e9sit\u00e9 importante et les femmes enceintes au 3e trimestre de grossesse ;<\/li>\n<li>si possible, il faut utiliser une salle de bain et des toilettes s\u00e9par\u00e9es, que l&rsquo;on ne partage pas avec les autres personnes de son domicile. Si on n&rsquo;a pas le choix, les pi\u00e8ces que l&rsquo;on partage avec les autres doivent \u00eatre nettoy\u00e9es r\u00e9guli\u00e8rement. Les personnes qui les utilisent se lavent les mains avant et apr\u00e8s utilisation ;<\/li>\n<li>il ne faut pas partager les objets de tous les jours\u00a0: serviette de toilette, savon, t\u00e9l\u00e9phone\u2026<\/li>\n<\/ul>\n<p><strong>Sources :<\/strong><\/p>\n<p>&#8211;\u00a0Infection ou cas contact\u00a0: les nouvelles r\u00e8gles d&rsquo;isolement face au Covid-19\u00a0\u00e0 partir du 3\u00a0janvier 2022<\/p>\n<p>&#8211;\u00a0Covid-19\u00a0: les personnes vuln\u00e9rables doivent demander un nouveau certificat d&rsquo;isolement. Ameli.fr 15\/09\/2021<\/p>\n<p>&#8211;\u00a0Personnes vuln\u00e9rables\u00a0:\u00a0la nouvelle liste de crit\u00e8res depuis le 9\u00a0septembre. 9 septembre 2021. Service-Public.fr<\/p>\n<p>&#8211; Conduite \u00e0 tenir devant un cas d&rsquo;infection par le SARS-CoV-2\u00a0(COVID-19) 22\/07\/2021. Sant\u00e9 Publique France.<\/p>\n<p>&#8211; <a href=\"https:\/\/sante.journaldesfemmes.fr\/fiches-maladies\/2605417-covid-19-france-coronavirus-info-direct-protocole-ecole-senat-pass-vaccinal-castex\/\" title=\"Covid-19\">Coronavirus<\/a> SARS-CoV-2\u00a0: crit\u00e8res cliniques de sortie d&rsquo;isolement des patients infect\u00e9s, Haut Conseil de la Sant\u00e9 Publique<\/p>\n<p>&#8211; Coronavirus COVID-19\u00a0: informations et recommandations sanitaires, ARS\u00a0Occitanie et \u00cele-de-France<\/p>\n<p>&#8211; Syndicat national des jeunes m\u00e9decins g\u00e9n\u00e9ralistes.\u00a0<\/p>\n<p>&#8211;\u00a0Fiche patient Covid-19, Sant\u00e9 Publique France.<\/p>\n<p>&#8211; Fiche : Isolement, principes et r\u00e8gles \u00e0 respecter du site Ameli.fr<\/p>\n<p>&#8211; Fiche Personne contact, gouvernement.fr<\/p>\n<\/p><\/div>\n<p>[ad_2]<br \/>\n<br \/><a href=\"https:\/\/sante.journaldesfemmes.fr\/fiches-maladies\/2621211-isolement-covid-nouvelles-regles-gouvernement-schema-vaccinal-complet-cas-contact\/\">Source link <\/a><\/p>\n","protected":false},"excerpt":{"rendered":"<p>[ad_1] Les r\u00e8gles d&rsquo;isolement ont \u00e9volu\u00e9 depuis le lundi 3\u00a0janvier 2022\u00a0et ont \u00e9t\u00e9 d\u00e9voil\u00e9es par le gouvernement. Quelles sont les &hellip; <a href=\"http:\/\/www.affinite.fr\/index.php\/2022\/01\/11\/nouvelles-regles-vaccines-cas-contact\/\" class=\"more-link\">Plus <span class=\"screen-reader-text\">nouvelles r\u00e8gles, vaccin\u00e9s, cas contact<\/span> <span class=\"meta-nav\">&rarr;<\/span><\/a><\/p>\n","protected":false},"author":1,"featured_media":7336,"comment_status":"","ping_status":"open","sticky":false,"template":"","format":"standard","meta":{"_sitemap_exclude":false,"_sitemap_priority":"","_sitemap_frequency":"","footnotes":""},"categories":[1],"tags":[],"class_list":["post-7335","post","type-post","status-publish","format-standard","has-post-thumbnail","hentry","category-tous"],"_links":{"self":[{"href":"http:\/\/www.affinite.fr\/index.php\/wp-json\/wp\/v2\/posts\/7335"}],"collection":[{"href":"http:\/\/www.affinite.fr\/index.php\/wp-json\/wp\/v2\/posts"}],"about":[{"href":"http:\/\/www.affinite.fr\/index.php\/wp-json\/wp\/v2\/types\/post"}],"author":[{"embeddable":true,"href":"http:\/\/www.affinite.fr\/index.php\/wp-json\/wp\/v2\/users\/1"}],"replies":[{"embeddable":true,"href":"http:\/\/www.affinite.fr\/index.php\/wp-json\/wp\/v2\/comments?post=7335"}],"version-history":[{"count":0,"href":"http:\/\/www.affinite.fr\/index.php\/wp-json\/wp\/v2\/posts\/7335\/revisions"}],"wp:featuredmedia":[{"embeddable":true,"href":"http:\/\/www.affinite.fr\/index.php\/wp-json\/wp\/v2\/media\/7336"}],"wp:attachment":[{"href":"http:\/\/www.affinite.fr\/index.php\/wp-json\/wp\/v2\/media?parent=7335"}],"wp:term":[{"taxonomy":"category","embeddable":true,"href":"http:\/\/www.affinite.fr\/index.php\/wp-json\/wp\/v2\/categories?post=7335"},{"taxonomy":"post_tag","embeddable":true,"href":"http:\/\/www.affinite.fr\/index.php\/wp-json\/wp\/v2\/tags?post=7335"}],"curies":[{"name":"wp","href":"https:\/\/api.w.org\/{rel}","templated":true}]}}