{"id":7316,"date":"2022-01-07T19:54:45","date_gmt":"2022-01-07T19:54:45","guid":{"rendered":"https:\/\/www.affinite.fr\/index.php\/2022\/01\/07\/achat-prix-positif-comment-lutiliser\/"},"modified":"2022-01-07T19:54:45","modified_gmt":"2022-01-07T19:54:45","slug":"achat-prix-positif-comment-lutiliser","status":"publish","type":"post","link":"http:\/\/www.affinite.fr\/index.php\/2022\/01\/07\/achat-prix-positif-comment-lutiliser\/","title":{"rendered":"achat, prix, positif, comment l&rsquo;utiliser\u00a0?"},"content":{"rendered":"<p> [ad_1]<br \/>\n<\/p>\n<p>\n                Les autotest de d\u00e9pistage du coronavirus peuvent d\u00e9sormais \u00eatre utilis\u00e9s par les cas contacts, adultes et enfants, et sont disponibles dans les supermarch\u00e9s Carrefour, Intermarch\u00e9 et Leclerc en plus des pharmacies. Fiabilit\u00e9, prix, gratuit\u00e9, positif, achat&#8230; Mode d&#8217;emploi en vid\u00e9o et conseils.            <\/p>\n<div>\n<aside class=\"ccmsummary marqueur_module ccmcss_cms_summary ccmcss_cms_summary--right\">\n<p>Sommaire<\/p>\n<\/aside>\n<p><strong>[Mise \u00e0 jour le 7 janvier\u00a02022\u00a0\u00e0 17h49] <\/strong>C&rsquo;est le boom des autotests. Boud\u00e9s\u00a0jusqu&rsquo;\u00e0 la fin de l&rsquo;ann\u00e9e 2021, ces\u00a0<strong>tests<\/strong> de d\u00e9pistage du <strong>coronavirus \u00e0 faire soi-m\u00eame<\/strong> se <strong>d\u00e9ploient massivement<\/strong> en France depuis les f\u00eates et plus encore avec le<strong> nouveau protocole destin\u00e9 aux cas contacts vaccin\u00e9s et aux enfants de moins de 12 ans <\/strong>qui ne sont plus tenus de s&rsquo;isoler s&rsquo;ils se testent tout de suite par PCR ou antig\u00e9nique puis <strong>\u00e0 J+2 et J+4 par autotest.\u00a0<\/strong>En plus d&rsquo;\u00eatre disponibles en <strong>pharmacie<\/strong>, on peut les trouver en grandes surfaces comme chez <strong>Carrefour, Intermach\u00e9\u00a0<\/strong>ou <strong>Leclerc<\/strong> jusqu&rsquo;\u00e0 la<strong> fin du mois de janvier<\/strong>. Les <strong>autotests ne doivent pas \u00eatre utilis\u00e9s si on pr\u00e9sente des sympt\u00f4mes <\/strong>\u00e9vocateurs de Covid. Ils sont recommand\u00e9s aux personnes <strong>asymptomatiques <\/strong>et depuis l&rsquo;avis de la <a href=\"http:\/\/www.has-sante.fr\/jcms\/p_3307279\/fr\/avis-n-2021-0089\/ac\/seap-du-30-decembre-2021-du-college-de-la-haute-autorite-de-sante-relatif-a-l-extension-de-l-utilisation-des-autotests-de-detection-antigenique-du-sars-cov-2-sur-prelevement-nasal-chez-les-personnes-contacts\" target=\"_blank\" rel=\"noopener\">HAS<\/a> du 2 janvier 2022, ils sont aussi r\u00e9alisables par les\u00a0<strong>cas contacts<\/strong><em><strong>.\u00a0<\/strong><\/em>Quelle est la <strong>fiabilit\u00e9 <\/strong>des autotests ? Que faire s&rsquo;il est <strong>positif<\/strong> ? <strong>Combien \u00e7a co\u00fbte<\/strong> en pharmacie ? Chez Carrefour ou Leclerc ? <strong>Comment le faire \u00e0 son enfant ? <\/strong>Informations et mode d&#8217;emploi.<\/p>\n<div class=\"ccminsert\">\n<aside class=\"app_widget_fo app_widget_fo--call\">\n<ul>\n<li>\n                <a href=\"https:\/\/sante.journaldesfemmes.fr\/fiches-maladies\/2623965-test-covid-depistage-payant-gratuit-coronavirus-prix-pcr-antigenique-autotest-resultat-pharmacie\/\" class=\"jGTMWidgetGAEventClick\" data-gtmwidgetgaeventaction=\"clickWidgetCall\" data-gtmwidgetgaeventlabel=\"Tests Covid\u00a0: antig\u00e9nique, PCR, pharmacie, prix, positif, n\u00e9gatif...\"><\/p>\n<figure>\n                                                                        <picture><source media=\"(max-width: 480px)\" srcset=\"https:\/\/img-3.journaldesfemmes.fr\/sgPcxWJ_c7KwtUQqHVgnthHEAT4=\/160x105\/smart\/72755be450e14d0b95c46cbe7841de96\/ccmcms-jdf\/30778231.jpg\" width=\"160\" height=\"105\"><img decoding=\"async\" src=\"https:\/\/img-3.journaldesfemmes.fr\/9WKjWJbW4fBkg4Phg8RNe21cWcA=\/200x132\/smart\/72755be450e14d0b95c46cbe7841de96\/ccmcms-jdf\/30778231.jpg\" alt=\"\" width=\"200\" height=\"132\" loading=\"lazy\"\/><br \/>\n                            <\/source><\/picture><figcaption>\n<h3>Tests Covid\u00a0: antig\u00e9nique, PCR, pharmacie, prix, positif, n\u00e9gatif&#8230;<\/h3>\n<p>PCR, antig\u00e9nique, autotest&#8230; Les Fran\u00e7ais se ruent sur les tests face \u00e0 la flamb\u00e9e des contaminations li\u00e9es \u00e0 Omicron et au nouveau protocole pour les cas contacts. Gratuit, payant, quand on est vaccin\u00e9 ou pas, pour les enfants, d\u00e9lai de r\u00e9sultat, fiabilit\u00e9, positif, n\u00e9gatif&#8230; Guide pratique du d\u00e9pistage du coronavirus.<\/p>\n<\/figcaption><\/figure>\n<p>                <\/a>\n            <\/li>\n<\/ul>\n<\/aside>\n<\/div>\n<h2 id=\"cest-quoi-un-autotest-\">D\u00e9finition : c&rsquo;est quoi un autotest ?<\/h2>\n<p>L&rsquo;autotest est\u00a0<strong>un test de d\u00e9pistage<\/strong> dont le pr\u00e9l\u00e8vement (<strong>nasal et non nasopharyng\u00e9 <\/strong>donc moins profond), la r\u00e9alisation et l&rsquo;interpr\u00e9tation sont <strong>effectu\u00e9s par la personne elle-m\u00eame<\/strong>. Il n&rsquo;y a pas d&rsquo;intervention d&rsquo;un professionnel de sant\u00e9.\u00a0Dans le cadre du d\u00e9pistage de la Covid-19, les<strong> autotests valid\u00e9s par la Haute Autorit\u00e9 de Sant\u00e9 le 16\u00a0mars 2021<\/strong> et disponibles depuis le 12 avril sont des autotests antig\u00e9niques nasaux. Les autotests antig\u00e9niques<strong> recherchent la pr\u00e9sence d&rsquo;ADN du coronavirus <\/strong>dans l&rsquo;organisme pour indiquer si la personne est infect\u00e9e au moment o\u00f9 elle fait son test. Plus pr\u00e9cis\u00e9ment, ils doivent permettre la <strong>d\u00e9tection de la prot\u00e9ine N du virus SARS-CoV-2<\/strong>. C&rsquo;est le m\u00eame principe que les tests antig\u00e9niques nasopharyng\u00e9s.<\/p>\n<h2 id=\"quelle-est-sa-duree-de-validite-\">Quelle est la fiabilit\u00e9 du r\u00e9sultat\u00a0?<\/h2>\n<p>La fiabilit\u00e9 des autotests antig\u00e9niques a \u00e9t\u00e9<em>\u00a0\u00ab\u00a0extrapol\u00e9e\u00a0\u00bb <\/em>\u00e0 partir des r\u00e9sultats de performances observ\u00e9s pour les tests rapides TDR et TROD antig\u00e9niques nasaux dans le cadre du\u00a0d\u00e9pistage de la\u00a0Covid-19. Selon les donn\u00e9es analys\u00e9es par la HAS, ces tests ont des sensibilit\u00e9s cliniques de l&rsquo;ordre de <strong>74\u00a0\u00e0 82% chez les patients symptomatiques\u00a0<\/strong>et de\u00a0<strong>50\u00a0\u00e0 60% chez les personnes asymptomatiques<\/strong>. Il y a <strong>moins d&rsquo;1% de faux positifs<\/strong> selon le <a href=\"https:\/\/solidarites-sante.gouv.fr\/soins-et-maladies\/maladies\/maladies-infectieuses\/coronavirus\/tout-savoir-sur-le-covid-19\/autotests-covid-19\" target=\"_blank\" rel=\"noopener\">minist\u00e8re de la Sant\u00e9<\/a>.<\/p>\n<h2 id=\"a-qui-sont-ils-recommandes-\">Pour qui sont-ils recommand\u00e9s\u00a0?<\/h2>\n<p>Dans son avis du 23\u00a0avril 2021, la Haute Autorit\u00e9 de sant\u00e9 (HAS) s&rsquo;est prononc\u00e9e en faveur de l&rsquo;utilisation des autotests de d\u00e9tection antig\u00e9nique du SARS-CoV-2\u00a0sur pr\u00e9l\u00e8vement nasal dans les indications suivantes\u00a0:<\/p>\n<ul>\n<li><strong>Indication m\u00e9dicale\u00a0: chez les personnes asymptomatiques, <\/strong>dans le cadre d&rsquo;un d\u00e9pistage it\u00e9ratif cibl\u00e9 \u00e0 large \u00e9chelle en alternative aux TDR\/TROD antig\u00e9niques sur pr\u00e9l\u00e8vement nasopharyng\u00e9 ou nasal ;<\/li>\n<li>Indication soci\u00e9tale\u00a0: chez les<strong> personnes asymptomatiques dans le cadre d&rsquo;une utilisation dans la sph\u00e8re priv\u00e9e<\/strong>.\u00a0L&rsquo;autotest doit<strong>\u00a0id\u00e9alement \u00eatre r\u00e9alis\u00e9 le jour m\u00eame<\/strong> ou \u00e0 d\u00e9faut la veille de la rencontre\/activit\u00e9s.<\/li>\n<\/ul>\n<p>En janvier 2022, face \u00e0 la hausse des contaminations par Omicron, la <a href=\"http:\/\/www.has-sante.fr\/jcms\/p_3307279\/fr\/avis-n-2021-0089\/ac\/seap-du-30-decembre-2021-du-college-de-la-haute-autorite-de-sante-relatif-a-l-extension-de-l-utilisation-des-autotests-de-detection-antigenique-du-sars-cov-2-sur-prelevement-nasal-chez-les-personnes-contacts\" target=\"_blank\" rel=\"noopener\">HAS<\/a> a s&rsquo;est dite favorable \u00e0 l&rsquo;utilisation des autotests \u00ab\u00a0<em><strong>pour toutes les personnes-contacts avec sch\u00e9ma vaccinal complet,<\/strong> qu&rsquo;elles soient ou non \u00e0 risque de d\u00e9velopper une forme s\u00e9v\u00e8re de Covid-19\u00a0ou que les contacts aient eu lieu au sein du domicile ou en dehors du domicile\u00a0\u00bb.\u00a0<\/em><strong>En cas d&rsquo;apparition de sympt\u00f4mes \u00e9vocateurs du Covid-19, il ne faut pas utiliser\u00a0un autotest mais faire un test PCR ou antig\u00e9nique (plus fiables) et s&rsquo;isoler.<\/strong><\/p>\n<h2 id=\"ou-trouver-desautotests-covid-\">O\u00f9 acheter un\u00a0autotest\u00a0Covid\u00a0?<\/h2>\n<p>Les autotests Covid sont <strong>en vente libre en pharmacie <\/strong>depuis le 12\u00a0avril 2021 et exceptionnellement\u00a0<strong>disponibles dans les grandes surfaces comme Leclerc ou Carrefour jusqu&rsquo;au 31\u00a0janvier 2022<\/strong>. On peut aussi trouver dans certains <strong>Intermarch\u00e9<\/strong>.<\/p>\n<p>Les autotests du Covid sont disponibles, en vente libre pour le grand public, dans les pharmacies fran\u00e7aises depuis le 12\u00a0avril 2021. <strong>En pharmacie\u00a0:<\/strong><\/p>\n<p>\u25ba la personne peut <strong>acheter un autotest et le faire \u00e0 la maison (il faut compter 5 euros pour un autotest)<\/strong><\/p>\n<p>\u25ba ou demander \u00e0 <strong>le faire sur place sous la supervision du pharmacien (il faut alors compter entre 12 et 13 euros mais il peut \u00eatre pris en charge pour les personnes vaccin\u00e9es, mineures&#8230;)<\/strong>.<\/p>\n<p>\u25baLes<strong> cas contacts peuvent r\u00e9cup\u00e9rer leurs 2\u00a0 autotests <\/strong>\u00e0 faire \u00e0 j+2 et j+4 en pharmacie gratuitement avec le r\u00e9sultat n\u00e9gatif de leur premier test.<\/p>\n<h2 id=\"autotest-en-supermarche--chez-carrefour-leclerc\">Autotest en supermarch\u00e9 : chez Carrefour, Leclerc, Intermarch\u00e9<\/h2>\n<p>Limit\u00e9e aux pharmacies, la vente d&rsquo;autotests est \u00e9tendue aux supermarch\u00e9s depuis le 29\u00a0d\u00e9cembre 2021 et<strong> jusqu&rsquo;au 31\u00a0janvier\u00a02022<\/strong>. On les trouve dans les enseignes comme Carrefour, Leclerc ou encore <strong>Intermarch\u00e9<\/strong>.\u00a0Cette autorisation<strong> \u00ab\u00a0exceptionnelle\u00a0\u00bb <\/strong>a \u00e9t\u00e9 accord\u00e9e par le gouvernement face \u00e0 la diffusion tr\u00e8s rapide du variant Omicron et au nombre exponentielle de nouvelles contaminations. Cette d\u00e9cision a \u00e9t\u00e9 notifi\u00e9e dans un <a href=\"https:\/\/www.legifrance.gouv.fr\/jorf\/id\/JORFTEXT000044572520\" target=\"_blank\" rel=\"noopener\">arr\u00eat\u00e9 du 27 d\u00e9cembre<\/a>. <em>\u00ab\u00a0Comme cela s&rsquo;\u00e9tait pass\u00e9 avec les masques, l&rsquo;ouverture du march\u00e9 \u00e0 la concurrence est en train de faire baisser les prix des autotests. Nos acheteurs obtiennent des prix de plus en plus comp\u00e9titifs. Nous les vendons aujourd&rsquo;hui \u00e0<strong> 1,24\u00a0euro l&rsquo;unit\u00e9 <\/strong>dans nos magasins. C&rsquo;est \u00e0 prix co\u00fbtant et donc sans marge. Pas d&rsquo;inqui\u00e9tude sur les stocks, les volumes sont au rendez-vous\u00a0\u00bb <\/em>a r\u00e9agi\u00a0Michel-Edouard <strong>Leclerc<\/strong>, Pr\u00e9sident du Comit\u00e9 Strat\u00e9gique des Centres E.Leclerc dans un communiqu\u00e9 du 30 d\u00e9cembre.<\/p>\n<h2 id=\"peut-on-en-acheter-en-ligne-\">Peut-on en acheter en ligne\u00a0?<\/h2>\n<p>Conform\u00e9ment au d\u00e9cret du 11\u00a0avril, la vente d&rsquo;autotests de la Covid-19\u00a0est<strong> interdite sur Internet<\/strong> par le minist\u00e8re de la Sant\u00e9 en France.<\/p>\n<h2 id=\"quel-prix-\">Quel prix\u00a0?<\/h2>\n<p>Selon le d\u00e9cret paru au Journal Officiel le 11\u00a0avril, les prix de vente des autotests ne peuvent exc\u00e9der,<strong> par test <\/strong>et toutes taxes comprises, <strong>5,20\u00a0euros (en pharmacie). R\u00e9alis\u00e9 sous la supervision d&rsquo;un pharmacien<\/strong> (en pharmacie ou sur le lieu d&rsquo;un \u00e9v\u00e8nement soumis au pass sanitaire), l&rsquo;autotest est factur\u00e9<strong> 12,90\u00a0euros.\u00a0<\/strong>En grandes surfaces, les autotest co\u00fbtent moins chers :<b>\u00a0les centres E.Leclerc proposent l&rsquo;autotest \u00e0 l&rsquo;unit\u00e9 au prix de 1,24 euros\u00a0et la bo\u00eete de 5\u00a0\u00e0 6,20 euros<\/b>. M\u00eame chose chez Intermarch\u00e9.<\/p>\n<h2 id=\"ou-faire-unautotest-supervise\">Quel est le prix d&rsquo;un\u00a0autotest supervis\u00e9\u00a0?<\/h2>\n<p>L&rsquo;autotest supervis\u00e9 est reconnu comme preuve du <strong>pass sanitaire en France<\/strong>. Conform\u00e9ment aux pr\u00e9cisions de la DGS du 12\u00a0novembre<strong>, l&rsquo;autotest supervis\u00e9 peut \u00eatre r\u00e9alis\u00e9 par le pharmacien au sein de la pharmacie ou\u00a0dans le cadre de l&rsquo;acc\u00e8s aux \u00e9tablissements, lieux et \u00e9v\u00e8nements soumis au passe sanitaire. <\/strong>Dans ce cas,\u00a0le repr\u00e9sentant l\u00e9gal de l&rsquo;\u00e9tablissement, du lieu ou de l&rsquo;\u00e9v\u00e8nement\u00a0sollicite\u00a0un pharmacien afin d&rsquo;assurer sur place la supervision de la r\u00e9alisation des autotests.\u00a0<\/p>\n<p>\u25ba<strong> Les autotests sous supervision font l&rsquo;objet d&rsquo;une prise en charge par l&rsquo;Assurance maladie dans les m\u00eames conditions que pour les RT-PCR et les tests antig\u00e9niques <\/strong>(personnes vaccin\u00e9es, personnes ayant une contre-indication m\u00e9dicale ou un certificat de r\u00e9tablissement, mineurs, ordonnance de moins de 48\u00a0heures, etc.). Le tarif de la prise en charge par l&rsquo;Assurance maladie est fix\u00e9 \u00e0 <strong>12,90\u00a0euros\u00a0par personne test\u00e9e<\/strong>. Ce prix comprend l&rsquo;autotest (prix maximum de 4,20\u20ac), la supervision des op\u00e9rations et la saisie dans SI-DEP (8,70\u20ac).<\/p>\n<p>\u25baLes autotests supervis\u00e9s non pris en charge sont factur\u00e9s par le pharmacien directement \u00e0 l&rsquo;int\u00e9ress\u00e9 au m\u00eame prix que le tarif pris en charge par l&rsquo;Assurance maladie, soit 12,90\u00a0euros. Pour rappel, comme pour les tests antig\u00e9niques, les autotests sous supervision r\u00e9alis\u00e9s dans le cadre de l&rsquo;acc\u00e8s aux \u00e9tablissements, lieux et \u00e9v\u00e8nements soumis au passe sanitaire <strong>sont exclusivement payants.<\/strong><\/p>\n<h2 id=\"lautotest-est-il-gratuit-pour-les-vaccines-\">Pour qui est-il gratuit ?<\/h2>\n<p>L&rsquo;autotest est <strong>gratuit sous certaines conditions<\/strong> :<\/p>\n<ul>\n<li><strong>s&rsquo;il est supervis\u00e9 par un professionnel de sant\u00e9<\/strong> -comme le pharmacien- et r\u00e9alis\u00e9 chez une personne ayant un <strong>sch\u00e9ma vaccinal complet<\/strong>, pour les\u00a0<strong>mineures <\/strong>(sur pr\u00e9sentation d&rsquo;une pi\u00e8ce d&rsquo;identit\u00e9), les personnes ayant une contre-indication \u00e0 la vaccination (sur pr\u00e9sentation du certificat de contre-indication) ; identifi\u00e9s comme<strong> cas contact<\/strong>&#8230;<\/li>\n<li><strong>s&rsquo;il est r\u00e9alis\u00e9 par les parents dont l&rsquo;enfant est cas contact <\/strong>\u00e0 l&rsquo;\u00e9cole.\u00a0Lors de la r\u00e9alisation du premier test en pharmacie de l&rsquo;enfant, les repr\u00e9sentants l\u00e9gaux de l&rsquo;\u00e9l\u00e8ve se verront remettre gratuitement 2\u00a0autotests \u00e0 r\u00e9aliser le deuxi\u00e8me et le quatri\u00e8me jour \u00e0 compter du premier test (J2\u00a0et J4). Si le premier test est r\u00e9alis\u00e9 en laboratoire, les repr\u00e9sentants l\u00e9gaux de l&rsquo;\u00e9l\u00e8ve se verront remettre un bon permettant de se faire d\u00e9livrer gratuitement les autotests en pharmacie.<\/li>\n<\/ul>\n<blockquote>\n<p>En cas d&rsquo;apparition de sympt\u00f4mes \u00e9vocateurs du Covid-19, n&rsquo;utilisez en aucun cas un autotest.\u00a0<\/p>\n<\/blockquote>\n<h2 id=\"sont-ils-pris-en-charge-\">Sont-ils rembours\u00e9s\u00a0?<\/h2>\n<p>\u25ba Les <strong>autotests utilis\u00e9s dans la sph\u00e8re priv\u00e9e ne sont pas\u00a0pris en charge par l&rsquo;Assurance Maladie<\/strong> sauf pour les salari\u00e9s de services \u00e0 domicile intervenant aupr\u00e8s de personnes \u00e2g\u00e9es ou en situation de handicap (SAAD, SPASAD, SSIAD, SAVS, SAMSAH, SESSAD) ; les salari\u00e9s de particuliers employeurs intervenant aupr\u00e8s de personnes \u00e2g\u00e9es ou en situation de handicap pour des actes essentiels de la vie ; les accueillants familiaux mentionn\u00e9s \u00e0 l&rsquo;<a action=\"\" art.=\"\" des=\"\" et=\"\" familles=\"\" href=\"https:\/\/www.legifrance.gouv.fr\/codes\/id\/LEGITEXT000006074069\/\" l441-1=\"\" sociale=\"\" target=\"_blank\" title=\"Code de l\" rel=\"noopener\">article L. 441-1\u00a0du code de l&rsquo;action sociale et des familles<\/a>\u00a0accompagnant des personnes \u00e2g\u00e9es ou en situation de handicap.\u00a0<\/p>\n<p>\u25ba <strong>Les autotests sous supervision font l&rsquo;objet d&rsquo;une prise en charge par l&rsquo;Assurance maladie dans les m\u00eames conditions que pour les RT-PCR et les tests antig\u00e9niques <\/strong>(personnes vaccin\u00e9es, personnes ayant une contre-indication m\u00e9dicale ou un certificat de r\u00e9tablissement, mineurs, ordonnance de moins de 48\u00a0heures, etc.). Le tarif de la prise en charge par l&rsquo;Assurance maladie est fix\u00e9 \u00e0 <strong>12,90\u00a0euros\u00a0par personne test\u00e9e<\/strong>. Ce prix comprend l&rsquo;autotest (prix maximum de 4,20\u20ac), la supervision des op\u00e9rations et la saisie dans SI-DEP (8,70\u20ac).<\/p>\n<p>\u25ba<strong>Les autotests supervis\u00e9s non pris en charge sont factur\u00e9s par le pharmacien<\/strong> directement \u00e0 l&rsquo;int\u00e9ress\u00e9 au m\u00eame prix que le tarif pris en charge par l&rsquo;Assurance maladie, soit 12,90\u00a0euros. Pour rappel, comme pour les tests antig\u00e9niques, les autotests sous supervision r\u00e9alis\u00e9s dans le cadre de l&rsquo;acc\u00e8s aux \u00e9tablissements, lieux et \u00e9v\u00e8nements soumis au passe sanitaire <strong>sont exclusivement payants et non remboursables.<\/strong><\/p>\n<h2 id=\"les-enfants-peuvent-ils-faire-un-autotest-\">Vid\u00e9o : comment faire un autotest \u00e0 l&rsquo;enfant ?<\/h2>\n<figure class=\"image\" style=\"float:right\"><a class=\"fancy\" href=\"https:\/\/img-3.journaldesfemmes.fr\/uZdZmhzLYB1xEFiBhkJOtALtU6w=\/1080x\/smart\/be14dba2be004f95ac7a42dc18d62bf7\/ccmcms-jdf\/30504211.jpg\"><img decoding=\"async\" alt=\"AUTOTEST COVID ENFANT\" src=\"https:\/\/img-3.journaldesfemmes.fr\/0F1Td-I3a6TTpHi9LWjA9f1WQA0=\/300x\/smart\/be14dba2be004f95ac7a42dc18d62bf7\/ccmcms-jdf\/30504211.jpg\"\/><\/a><figcaption data-credit=\"Minist\u00e8re de la Sant\u00e9\" data-legend=\"Utilisation d'un autotest Covid chez l'enfant.\">Utilisation d&rsquo;un autotest Covid chez l&rsquo;enfant. <small>\u00a9\u00a0Minist\u00e8re de la Sant\u00e9<\/small><\/figcaption><\/figure>\n<p>Les autotests peuvent \u00eatre r\u00e9alis\u00e9s chez les <strong>enfants de 3 \u00e0 15 ans <\/strong>conform\u00e9ment \u00e0 l&rsquo;avis favorable rendu par la Haute Autorit\u00e9 de sant\u00e9 (<a href=\"https:\/\/www.has-sante.fr\/jcms\/p_3263435\/fr\/covid-19-la-has-leve-la-limite-d-age-pour-l-utilisation-des-tests-antigeniques-sur-prelevement-nasal\" target=\"_blank\" rel=\"noopener\">HAS<\/a>) en avril 2021. Ils ne sont pas autoris\u00e9s chez les moins de 3 ans. Chez les enfants uniquement, l&rsquo;utilisation est possible en cas de sympt\u00f4mes mineurs compatibles avec la Covid\u00a0(nez qui coule, toux, fi\u00e8vre mod\u00e9r\u00e9e&#8230;). Ils sont aussi autoris\u00e9s chez les enfants cas contacts (\u00e0 l&rsquo;\u00e9cole notamment). Comme le rappelle le <a href=\"https:\/\/solidarites-sante.gouv.fr\/IMG\/pdf\/guide_auto-test_enfants.pdf\" target=\"_blank\" rel=\"noopener\">minist\u00e8re de la Sant\u00e9<\/a> :\u00a0<\/p>\n<ul>\n<li><strong>De\u00a03\u00a0\u00e0 10\u00a0ans,<\/strong> le pr\u00e9l\u00e8vement et la lecture du r\u00e9sultat sont r\u00e9alis\u00e9s par un adulte.<\/li>\n<li><strong>De 11\u00a0\u00e0 15\u00a0ans, <\/strong>le pr\u00e9l\u00e8vement est r\u00e9alis\u00e9 par l&rsquo;enfant, mais la lecture du r\u00e9sultat doit \u00eatre supervis\u00e9e par un adulte.\u00a0<\/li>\n<li>La r\u00e9alisation de l&rsquo;autotest s&rsquo;effectue apr\u00e8s lecture de la notice d&rsquo;utilisation fournie par le fabricant.<\/li>\n<li>Le pr\u00e9l\u00e8vement est <strong>plus facile lorsque l&rsquo;enfant est assis<\/strong>, dans un lieu calme. Il est recommand\u00e9 d&rsquo;expliquer le d\u00e9roulement du test et les diff\u00e9rentes \u00e9tapes \u00e0 l&rsquo;enfant, afin de le rassurer.<\/li>\n<li>Introduire l&rsquo;\u00e9couvillon horizontalement et d\u00e9licatement dans une narine sur 2\u00a0\u00e0 3\u00a0cm, sans forcer, jusqu&rsquo;\u00e0 sentir une l\u00e9g\u00e8re r\u00e9sistance (A). Effectuer 2-3\u00a0rotations, et si possible maintenir l&rsquo;\u00e9couvillon en place pendant 5\u00a0secondes.<\/li>\n<li>Si l&rsquo;autotest est positif, l&rsquo;enfant s&rsquo;isole et doit faire un test PCR pour confirmer le r\u00e9sultat.\u00a0 Si le test PCR confirme la positivit\u00e9, les cas contacts doivent se tester et s&rsquo;isoler. L&rsquo;enfant doit s&rsquo;isoler pendant 10 jours \u00e0 partir du jour du pr\u00e9l\u00e8vement ou de la date de d\u00e9but des sympt\u00f4mes s&rsquo;il en a.<\/li>\n<li>Si l&rsquo;autotest est n\u00e9gatif, l&rsquo;enfant continue de respecter les gestes barri\u00e8res.<\/li>\n<\/ul>\n<p><em>(Contrairement \u00e0 ce qui est indiqu\u00e9 dans la vid\u00e9o ci-dessus, les autotests sont bien autoris\u00e9s aux personnes contacts, depuis le 3 janvier 2022).<\/em><\/p>\n<h2 id=\"lautotest-est-il-autorisepour-le-pass-sanitaire-\">Combien de temps est-il valable pour le pass sanitaire ?<\/h2>\n<p>L&rsquo;autotest <strong>supervis\u00e9 par un pharmacien\u00a0<\/strong>(pas celui r\u00e9alis\u00e9 soi-m\u00eame \u00e0 la maison) est autoris\u00e9 comme pass sanitaire<strong> pendant 24 heures<\/strong>\u00a0mais uniquement pour les activit\u00e9s en France, pas pour <a href=\"http:\/\/www.affinite.fr\/index.php\/2023\/07\/29\/changer-de-vie-voyager-complement-de-retraite-devenez-vendeur-de-glace-a-litalienne\/\">voyager<\/a>.\u00a0<\/p>\n<div class=\"ccminsert\">\n<aside class=\"app_widget_fo app_widget_fo--call\">\n<ul>\n<li>\n                <a href=\"https:\/\/sante.journaldesfemmes.fr\/fiches-maladies\/2700095-pass-sanitaire-covid-validite-france-3eme-dose-obligatoire-mineur-ameli-obtenir\/\" class=\"jGTMWidgetGAEventClick\" data-gtmwidgetgaeventaction=\"clickWidgetCall\" data-gtmwidgetgaeventlabel=\"Pass sanitaire\u00a0: validit\u00e9, r\u00e9activation apr\u00e8s la 3e dose\"><\/p>\n<figure>\n                                                                        <picture><source media=\"(max-width: 480px)\" srcset=\"https:\/\/img-3.journaldesfemmes.fr\/4J8u7y_vDFyutHhA8R0WIwwPUpc=\/160x105\/smart\/2863134a6d094cf1b550e8545f67a3aa\/ccmcms-jdf\/30828436.jpg\" width=\"160\" height=\"105\"><img decoding=\"async\" src=\"https:\/\/img-3.journaldesfemmes.fr\/Etl5daN1-nFMkAgN5ZqC-_YVOaA=\/200x132\/smart\/2863134a6d094cf1b550e8545f67a3aa\/ccmcms-jdf\/30828436.jpg\" alt=\"\" width=\"200\" height=\"132\" loading=\"lazy\"\/><br \/>\n                            <\/source><\/picture><figcaption>\n<h3>Pass sanitaire\u00a0: validit\u00e9, r\u00e9activation apr\u00e8s la 3e dose<\/h3>\n<p>PASSE SANITAIRE COVID. Le pass sanitaire pourrait bient\u00f4t \u00eatre remplac\u00e9 par un pass vaccinal, valid\u00e9 en premi\u00e8re lecture \u00e0 l&rsquo;Assembl\u00e9e. Mais en attendant, il reste obligatoire pour acc\u00e9der \u00e0 certains lieux en France (cin\u00e9mas, restaurants&#8230;). Validit\u00e9, mineur, 3\u00e8me dose, comment l&rsquo;obtenir, le r\u00e9cup\u00e9rer, l&rsquo;imprimer, avec quelles preuves\u00a0? Sur Ameli\u00a0?<\/p>\n<\/figcaption><\/figure>\n<p>                <\/a>\n            <\/li>\n<\/ul>\n<\/aside>\n<\/div>\n<h2 id=\"quelle-est-sa-duree-de-validite-\">\u00a0<\/h2>\n<blockquote>\n<p><strong>Le r\u00e9sultat est POSITIF si deux bandes color\u00e9es apparaissent <\/strong>au niveau des zones (C) et (T).<\/p>\n<\/blockquote>\n<h2 id=\"quand-faire-un-autotest-\">Quand faire un autotest ?<\/h2>\n<p><strong>\u25ba Pour les cas contacts vaccin\u00e9s et les enfants cas contacts \u00e0 l&rsquo;\u00e9cole de moins de 12 ans\u00a0<\/strong>: un test antig\u00e9nique ou PCR doit \u00eatre fait imm\u00e9diatement puis un autotest doit \u00eatre r\u00e9alis\u00e9 \u00e0 J+2 et J+4 apr\u00e8s le dernier contact (ou apr\u00e8s le premier test pour les enfants \u00e0 l&rsquo;\u00e9cole).<\/p>\n<p><strong>\u25ba Dans la sph\u00e8re priv\u00e9e,<\/strong> le\u00a0test doit\u00a0id\u00e9alement \u00eatre<strong> r\u00e9alis\u00e9 le jour m\u00eame<\/strong> ou \u00e0 d\u00e9faut la veille de la visite \u00e0 un proche (ou d&rsquo;une sortie au cin\u00e9ma, au restaurant&#8230;). <em>\u00ab\u00a0En r\u00e9p\u00e9tant le pr\u00e9l\u00e8vement, par exemple 1\u00a0\u00e0 2\u00a0fois par semaine, on augmente les chances de d\u00e9tecter le virus au d\u00e9but de la maladie,<\/em> indique le minist\u00e8re de la Sant\u00e9.\u00a0<\/p>\n<p><strong>\u25ba En cas d&rsquo;apparition de sympt\u00f4mes \u00e9vocateurs du Covid-19, n&rsquo;utilisez en aucun cas un autotest.\u00a0R\u00e9alisez imm\u00e9diatement un test PCR ou antig\u00e9nique et isolez-vous. Consultez votre m\u00e9decin traitant.<\/strong><\/p>\n<p>Un autotest de d\u00e9pistage de la Covid-19 doit \u00eatre r\u00e9alis\u00e9 par un pr\u00e9l\u00e8vement nasal. Conform\u00e9ment \u00e0 la notice d&rsquo;utilisation indiqu\u00e9e sur le site du <a href=\"https:\/\/solidarites-sante.gouv.fr\/IMG\/pdf\/guide_auto-test.pdf\" target=\"_blank\" rel=\"noopener\">minist\u00e8re de la Sant\u00e9<\/a> :\u00a0<\/p>\n<figure class=\"image\" style=\"float:right\"><a class=\"fancy\" href=\"https:\/\/img-3.journaldesfemmes.fr\/sBB7ihiY3p6argI_y8x-lgnIT3Q=\/1080x\/smart\/c84c9a95f9d748f58ea2f6948dc2a59f\/ccmcms-jdf\/23818851.jpg\" target=\"_blank\" rel=\"noopener\"><img decoding=\"async\" alt=\"sch\u00e9ma autotest covid\" src=\"https:\/\/img-3.journaldesfemmes.fr\/Lrsff50RWiiTBesfo6bKVSo9AFE=\/300x\/smart\/c84c9a95f9d748f58ea2f6948dc2a59f\/ccmcms-jdf\/23818851.jpg\"\/><\/a><figcaption data-credit=\"Minist\u00e8re de la Sant\u00e9\" data-legend=\"Sch\u00e9ma pour r\u00e9aliser un autotest Covid-19.\">Sch\u00e9ma pour r\u00e9aliser un autotest Covid-19. <small>\u00a9\u00a0Minist\u00e8re de la Sant\u00e9<\/small><\/figcaption><\/figure>\n<ul>\n<li>Se laver les mains avec de l&rsquo;eau et du savon ou avec du gel hydroalcoolique.<\/li>\n<li>Sortir tous les \u00e9l\u00e9ments de la bo\u00eete du test et les poser sur une surface plane bien nettoy\u00e9e. Identifier chaque \u00e9l\u00e9ment du kit de test.<\/li>\n<li>Il faut <strong>introduire l&rsquo;\u00e9couvillon verticalement<\/strong> dans une narine <strong>sur 2\u00a0\u00e0 3\u00a0cm<\/strong>\u00a0<strong>sans forcer<\/strong>, puis le <strong>basculer doucement horizontalement<\/strong> et l&rsquo;introduire un peu jusqu&rsquo;\u00e0 rencontrer une l\u00e9g\u00e8re r\u00e9sistance.\u00a0Certains \u00e9couvillons pr\u00e9sentent une collerette pour aider \u00e0 appr\u00e9cier la profondeur de leur introduction.\u00a0<\/li>\n<li>Puis<strong> r\u00e9aliser un mouvement de rotation \u00e0 l&rsquo;int\u00e9rieur de la narine<\/strong>.<\/li>\n<li>Pour certains tests, le pr\u00e9l\u00e8vement d&rsquo;une seconde narine est n\u00e9cessaire. Si tel est le cas, il faut proc\u00e9der de la m\u00eame fa\u00e7on dans l&rsquo;autre narine avec le m\u00eame \u00e9couvillon.<\/li>\n<li>Puis <strong>suivre les indications d&#8217;emploi pour l&rsquo;extraction et la lecture du r\u00e9sultat du test <\/strong>sur la cassette.<\/li>\n<\/ul>\n<p>\u2192\u00a0Le test et l&rsquo;interpr\u00e9tation du test doivent \u00eatre r\u00e9alis\u00e9s selon les conditions d\u00e9finies par le fabricant dans sa notice utilisation.<\/p>\n<h2 id=\"quel-est-le-delai-du-resultat-\">Quel est le d\u00e9lai du r\u00e9sultat ?<\/h2>\n<p>Les autotests d\u00e9livrent leur r\u00e9sultat <strong>en 15 \u00e0 30 minutes.<\/strong><\/p>\n<figure class=\"image\" style=\"float:right\"><a class=\"fancy\" href=\"https:\/\/img-3.journaldesfemmes.fr\/VjOIP_qkOVqfHXmd8jjiIjuuZE4=\/1080x\/smart\/7f857bf81fdf459e9714e6a2a290e287\/ccmcms-jdf\/23818853.jpg\" target=\"_blank\" rel=\"noopener\"><img decoding=\"async\" alt=\"r\u00e9sultat autotest covid\" src=\"https:\/\/img-3.journaldesfemmes.fr\/daSoj_LaDQP9oUP6NWgz-ZzMjB4=\/450x\/smart\/7f857bf81fdf459e9714e6a2a290e287\/ccmcms-jdf\/23818853.jpg\"\/><\/a><figcaption data-credit=\"Minist\u00e8re de la Sant\u00e9\" data-legend=\"R\u00e9sultats autotest Covid-19\">R\u00e9sultats autotest Covid-19 <small>\u00a9\u00a0Minist\u00e8re de la Sant\u00e9<\/small><\/figcaption><\/figure>\n<p>La lecture du r\u00e9sultat se fait en quelques minutes :<\/p>\n<ul>\n<li>(+)<strong> Le r\u00e9sultat est POSITIF si deux bandes color\u00e9es apparaissent <\/strong>au niveau des zones (C) et (T).<\/li>\n<li>(-) Le r\u00e9sultat du test est N\u00c9GATIF si une bande color\u00e9e apparait uniquement dans la zone contr\u00f4le (C).<\/li>\n<li>(X) Si la ligne contr\u00f4le (C) n&rsquo;apparait pas, le r\u00e9sultat est INVALIDE. Il faut refaire un autotest. En cas de doute sur le r\u00e9sultat, consulter son pharmacien.<\/li>\n<li>Jeter les articles du kit dans un sac plastique pour \u00e9viter toute contamination. Fermer le sac et le placer dans un deuxi\u00e8me sac plastique. Jeter le tout dans sa poubelle habituelle. Se laver les mains apr\u00e8s la manipulation.<\/li>\n<\/ul>\n<h2 id=\"resultat-positif--que-faire-\">Que faire en cas de r\u00e9sultat positif ?<\/h2>\n<p>Le r\u00e9sultat est positif\u00a0si deux bandes color\u00e9es apparaissent au niveau des zones (C) et (T). Le <strong>r\u00e9sultat positif \u00e0 un autotest doit \u00eatre<\/strong> <strong>confirm\u00e9 par\u00a0un test RT-PCR <\/strong>nasopharyng\u00e9 \u00e0 r\u00e9aliser en laboratoire.\u00a0La r\u00e9alisation d&rsquo;un test PCR de confirmation\u00a0permet l&rsquo;entr\u00e9e de son r\u00e9sultat dans SI-DEP ;\u00a0au patient de b\u00e9n\u00e9ficier de la prise en charge par l&rsquo;Assurance maladie (<strong>d\u00e9livrance d&rsquo;un arr\u00eat de travail,<\/strong> aide \u00e0 l&rsquo;isolement)\u00a0;\u00a0\u00e0 l&rsquo;Assurance maladie de <strong>mettre en \u0153uvre le contact-tracing <\/strong>pour identifier les cas contact et casser les cha\u00eenes de contamination et de r\u00e9aliser la <strong>d\u00e9termination du variant <\/strong>par criblage.\u00a0Il faut cependant <strong>s&rsquo;isoler d\u00e8s le r\u00e9sultat positif de l&rsquo;autotest<\/strong> pendant <strong>7 \u00e0 10 jours selon le statut vaccinal <\/strong>et informer les cas contacts de se faire tester aussi. Le risque de \u00ab\u00a0faux positif\u00a0\u00bb est estim\u00e9 \u00e0 moins de\u00a01%.\u00a0Les 7\u00a0jours qui suivent la lev\u00e9e de mon isolement, il faut\u00a0respecter strictement les gestes barri\u00e8res et le port du masque chirurgical, et\u00a0limiter les contacts avec les personnes fragiles.<\/p>\n<h2 id=\"resultat-negatif--que-faire-\">Que faire en cas de r\u00e9sultat n\u00e9gatif ?<\/h2>\n<p>Le r\u00e9sultat du test est n\u00e9gatif<strong>\u00a0si une bande color\u00e9e apparait uniquement dans la zone contr\u00f4le (C). <\/strong>Si un autotest est n\u00e9gatif, il<strong> ne faut pas\u00a0abandonner les gestes barri\u00e8res\u00a0<\/strong>et la\u00a0distanciation sociale, notamment lors des visites \u00e0 des proches <em>\u00ab\u00a0car le risque de faux-n\u00e9gatif existe et qui est un peu plus \u00e9lev\u00e9 qu&rsquo;avec les autres tests\u00a0\u00bb<\/em> a pr\u00e9venu Olivier V\u00e9ran lors d&rsquo;une\u00a0conf\u00e9rence en\u00a0avril 2021. Pour les enfants\u00a0cas contacts \u00e0 l&rsquo;\u00e9cole, deux autotests n\u00e9gatifs leur permet de rester en classe. Au moindre doute ou si des sympt\u00f4mes de Covid-19 surviennent, je fais un test PCR ou antig\u00e9nique nasopharyng\u00e9.<\/p>\n<h2 id=\"les-autotests-salivaires-sont-ils-autorises-en-france-\">Les autotests salivaires sont-ils autoris\u00e9s en France\u00a0?<\/h2>\n<p>A ce jour,<strong>\u00a0les autotests salivaires ne sont pas autoris\u00e9s en France par la HAS. <\/strong>Seuls les<strong> autotests avec pr\u00e9l\u00e8vement dans le nez<\/strong> sont commercialis\u00e9s.<\/p>\n<p><u>Sources\u00a0<\/u>:\u00a0<\/p>\n<p>Les tests RT-PCR, antig\u00e9niques et salivaires. Minist\u00e8re de la Sant\u00e9. 4 f\u00e9vrier 2021.<\/p>\n<p>Covid-19\u00a0: la HAS l\u00e8ve la limite d&rsquo;\u00e2ge pour l&rsquo;utilisation des tests antig\u00e9niques sur pr\u00e9l\u00e8vement nasal. Communiqu\u00e9 de presse mis en ligne le 26 avril 2021.<\/p>\n<p>Avis du Conseil scientifique COVID-19\u00a019\u00a0avril 2021\u00a0Les autotests : une opportunit\u00e9 de sant\u00e9 publique.\u00a0<\/p>\n<p>Les autotests. Minist\u00e8re de la Sant\u00e9. 30 mars 2021, mis \u00e0 jour le 2 janvier 2022.<\/p>\n<p>Covid-19\u00a0: quelle place pour les tests antig\u00e9niques nasaux dans la strat\u00e9gie de d\u00e9pistage\u00a0? Communiqu\u00e9 de presse HAS 16 mars 2021.<\/p>\n<p>Avis n\u00b0 2021.0015\/AC\/SEAP du 15\u00a0mars 2021\u00a0du coll\u00e8ge de la Haute Autorit\u00e9 de sant\u00e9 relatif \u00e0 la d\u00e9tection antig\u00e9nique rapide du virus SARS-CoV-2\u00a0sur pr\u00e9l\u00e8vement nasal (TDR, TROD et autotest)<\/p>\n<\/p><\/div>\n<p>[ad_2]<br \/>\n<br \/><a href=\"https:\/\/sante.journaldesfemmes.fr\/fiches-maladies\/2703769-autotest-covid-france-supermarche-leclerc-pharmacie-prix-fiabilite-positif-intermarche-utiliser-achat\/\">Source link <\/a><\/p>\n","protected":false},"excerpt":{"rendered":"<p>[ad_1] Les autotest de d\u00e9pistage du coronavirus peuvent d\u00e9sormais \u00eatre utilis\u00e9s par les cas contacts, adultes et enfants, et sont &hellip; <a href=\"http:\/\/www.affinite.fr\/index.php\/2022\/01\/07\/achat-prix-positif-comment-lutiliser\/\" class=\"more-link\">Plus <span class=\"screen-reader-text\">achat, prix, positif, comment l&rsquo;utiliser\u00a0?<\/span> <span class=\"meta-nav\">&rarr;<\/span><\/a><\/p>\n","protected":false},"author":1,"featured_media":7317,"comment_status":"","ping_status":"open","sticky":false,"template":"","format":"standard","meta":{"_sitemap_exclude":false,"_sitemap_priority":"","_sitemap_frequency":"","footnotes":""},"categories":[1],"tags":[],"class_list":["post-7316","post","type-post","status-publish","format-standard","has-post-thumbnail","hentry","category-tous"],"_links":{"self":[{"href":"http:\/\/www.affinite.fr\/index.php\/wp-json\/wp\/v2\/posts\/7316"}],"collection":[{"href":"http:\/\/www.affinite.fr\/index.php\/wp-json\/wp\/v2\/posts"}],"about":[{"href":"http:\/\/www.affinite.fr\/index.php\/wp-json\/wp\/v2\/types\/post"}],"author":[{"embeddable":true,"href":"http:\/\/www.affinite.fr\/index.php\/wp-json\/wp\/v2\/users\/1"}],"replies":[{"embeddable":true,"href":"http:\/\/www.affinite.fr\/index.php\/wp-json\/wp\/v2\/comments?post=7316"}],"version-history":[{"count":0,"href":"http:\/\/www.affinite.fr\/index.php\/wp-json\/wp\/v2\/posts\/7316\/revisions"}],"wp:featuredmedia":[{"embeddable":true,"href":"http:\/\/www.affinite.fr\/index.php\/wp-json\/wp\/v2\/media\/7317"}],"wp:attachment":[{"href":"http:\/\/www.affinite.fr\/index.php\/wp-json\/wp\/v2\/media?parent=7316"}],"wp:term":[{"taxonomy":"category","embeddable":true,"href":"http:\/\/www.affinite.fr\/index.php\/wp-json\/wp\/v2\/categories?post=7316"},{"taxonomy":"post_tag","embeddable":true,"href":"http:\/\/www.affinite.fr\/index.php\/wp-json\/wp\/v2\/tags?post=7316"}],"curies":[{"name":"wp","href":"https:\/\/api.w.org\/{rel}","templated":true}]}}