{"id":7312,"date":"2022-01-06T19:53:56","date_gmt":"2022-01-06T19:53:56","guid":{"rendered":"https:\/\/www.affinite.fr\/index.php\/2022\/01\/06\/5-bonnes-raisons-de-regarder-les-hautes-herbes-sur-arte\/"},"modified":"2022-01-06T19:53:56","modified_gmt":"2022-01-06T19:53:56","slug":"5-bonnes-raisons-de-regarder-les-hautes-herbes-sur-arte","status":"publish","type":"post","link":"http:\/\/www.affinite.fr\/index.php\/2022\/01\/06\/5-bonnes-raisons-de-regarder-les-hautes-herbes-sur-arte\/","title":{"rendered":"5\u00a0bonnes raisons de regarder LES HAUTES HERBES sur ARTE"},"content":{"rendered":"<p> [ad_1]<br \/>\n<br \/><img decoding=\"async\" src=\"https:\/\/img-3.journaldesfemmes.fr\/9MB5fnRs9xT_w5BwSohgZYqqYFY=\/1280x\/smart\/e4ed2d68c0f54454a5f0f2396965cc3a\/ccmcms-jdf\/30856967.jpg\" \/><\/p>\n<p>\n                Ne manquez pas notre coup de  c\u0153ur TV, la mini-s\u00e9rie \u00ab\u00a0Les Hautes Herbes\u00a0\u00bb, avec Emmanuelle Devos, ce jeudi 6\u00a0janvier \u00e0 20h55\u00a0sur Arte.\u00a0Une enqu\u00eate haletante que l&rsquo;on suit \u00e0 travers les yeux d&rsquo;un enfant. Cinq bonnes raisons de se laisser \u00e9mouvoir par la derni\u00e8re cr\u00e9ation de J\u00e9r\u00f4me Bonnell&#8230;            <\/p>\n<div>\n<p>J\u00e9r\u00f4me Bonnell, r\u00e9alisateur \u00e9m\u00e9rite de <em>Ch\u00e8re L\u00e9a<\/em>,\u00a0nous transporte dans sa nouvelle cr\u00e9ation, la mini-s\u00e9rie <strong><em>Les Hautes Herbes<\/em>, diffus\u00e9e le 6\u00a0janvier \u00e0 20h55 sur Arte<\/strong>.\u00a0En relatant une enqu\u00eate, vue \u00e0 travers les yeux d&rsquo;un enfant,\u00a0sur de myst\u00e9rieuses disparitions qui surviennent au sein d&rsquo;un village en apparence paisible, le cin\u00e9aste raconte des personnages, leur psychologie, leurs liens. Un film port\u00e9 par <strong>Emmanuelle Devos, Louise Chevillotte, Jonathan Couzini\u00e9, India Hair<\/strong> ou encore le jeune (et non moins talentueux) <strong>Antonin Chaussoy<\/strong>. Voici cinq bonnes raisons de ne pas manquer cette s\u00e9rie palpitante.\u00a0<\/p>\n<p>&#8211; Parce que<strong> l&rsquo;enqu\u00eate nous tient en haleine<\/strong> tout au long des trois \u00e9pisodes pour finir en apoth\u00e9ose.<\/p>\n<p>&#8211; Parce que l&rsquo;on suit une <strong>enqu\u00eate haletante<\/strong> \u00e0 travers le regard d&rsquo;un enfant. Un moyen de nous reconnecter avec notre \u00e2me d&rsquo;enfant, de se souvenir de ces soir\u00e9es pass\u00e9es \u00e0 \u00e9couter aux portes, \u00e0 essayer de surprendre les conversations des adultes&#8230;<\/p>\n<p>&#8211; Parce que les <strong>acteurs<\/strong> sont tous particuli\u00e8rement talentueux, qu&rsquo;ils soient plus ou moins connus du grand public. L&rsquo;alchimie est palpable. Mention sp\u00e9ciale au trio Jonathan Couzini\u00e9 (Glenn), Louise Chevillotte (Lucille) et Antonin Chaussoy (Jules).<\/p>\n<p>&#8211; Parce que la <strong>mise en sc\u00e8ne est ing\u00e9nieuse<\/strong>. Le cin\u00e9aste a cr\u00e9\u00e9 une mini-s\u00e9rie dont la qualit\u00e9 n&rsquo;a rien \u00e0 envier \u00e0 certains grands films du cin\u00e9ma.<\/p>\n<p>&#8211; Parce que la <strong>psychologie des personnages<\/strong> est trait\u00e9e de mani\u00e8re intelligente, juste et profonde avec des r\u00e9sonnances sociologiques. L&rsquo;intrigue est un moyen de nous raconter ces personnages, tous complexes et multidimensionnels.<\/p>\n<p><strong>A voir sur ARTE jeudi 6\u00a0janvier 2022\u00a0\u00e0 20h55<br \/>Disponible en int\u00e9gralit\u00e9 sur arte.tv jusqu&rsquo;au 4\u00a0f\u00e9vrier 2022<\/strong><\/p>\n<\/p><\/div>\n<p>[ad_2]<br \/>\n<br \/><a href=\"https:\/\/www.journaldesfemmes.fr\/loisirs\/tv\/2772061-les-hautes-herbes-arte-jerome-bonnell-serie\/\">Source link <\/a><\/p>\n","protected":false},"excerpt":{"rendered":"<p>[ad_1] Ne manquez pas notre coup de c\u0153ur TV, la mini-s\u00e9rie \u00ab\u00a0Les Hautes Herbes\u00a0\u00bb, avec Emmanuelle Devos, ce jeudi 6\u00a0janvier &hellip; <a href=\"http:\/\/www.affinite.fr\/index.php\/2022\/01\/06\/5-bonnes-raisons-de-regarder-les-hautes-herbes-sur-arte\/\" class=\"more-link\">Plus <span class=\"screen-reader-text\">5\u00a0bonnes raisons de regarder LES HAUTES HERBES sur ARTE<\/span> <span class=\"meta-nav\">&rarr;<\/span><\/a><\/p>\n","protected":false},"author":1,"featured_media":7313,"comment_status":"","ping_status":"open","sticky":false,"template":"","format":"standard","meta":{"_sitemap_exclude":false,"_sitemap_priority":"","_sitemap_frequency":"","footnotes":""},"categories":[1],"tags":[],"class_list":["post-7312","post","type-post","status-publish","format-standard","has-post-thumbnail","hentry","category-tous"],"_links":{"self":[{"href":"http:\/\/www.affinite.fr\/index.php\/wp-json\/wp\/v2\/posts\/7312"}],"collection":[{"href":"http:\/\/www.affinite.fr\/index.php\/wp-json\/wp\/v2\/posts"}],"about":[{"href":"http:\/\/www.affinite.fr\/index.php\/wp-json\/wp\/v2\/types\/post"}],"author":[{"embeddable":true,"href":"http:\/\/www.affinite.fr\/index.php\/wp-json\/wp\/v2\/users\/1"}],"replies":[{"embeddable":true,"href":"http:\/\/www.affinite.fr\/index.php\/wp-json\/wp\/v2\/comments?post=7312"}],"version-history":[{"count":0,"href":"http:\/\/www.affinite.fr\/index.php\/wp-json\/wp\/v2\/posts\/7312\/revisions"}],"wp:featuredmedia":[{"embeddable":true,"href":"http:\/\/www.affinite.fr\/index.php\/wp-json\/wp\/v2\/media\/7313"}],"wp:attachment":[{"href":"http:\/\/www.affinite.fr\/index.php\/wp-json\/wp\/v2\/media?parent=7312"}],"wp:term":[{"taxonomy":"category","embeddable":true,"href":"http:\/\/www.affinite.fr\/index.php\/wp-json\/wp\/v2\/categories?post=7312"},{"taxonomy":"post_tag","embeddable":true,"href":"http:\/\/www.affinite.fr\/index.php\/wp-json\/wp\/v2\/tags?post=7312"}],"curies":[{"name":"wp","href":"https:\/\/api.w.org\/{rel}","templated":true}]}}