{"id":7301,"date":"2022-01-03T19:46:52","date_gmt":"2022-01-03T19:46:52","guid":{"rendered":"https:\/\/www.affinite.fr\/index.php\/2022\/01\/03\/amour-mariages-enfants-et-enterrement\/"},"modified":"2022-01-03T19:46:52","modified_gmt":"2022-01-03T19:46:52","slug":"amour-mariages-enfants-et-enterrement","status":"publish","type":"post","link":"http:\/\/www.affinite.fr\/index.php\/2022\/01\/03\/amour-mariages-enfants-et-enterrement\/","title":{"rendered":"Amour, Mariages, Enfants et Enterrement"},"content":{"rendered":"<p> [ad_1]<br \/>\n<\/p>\n<p>\n                Igor Bodganov, 72\u00a0ans, retrouve les \u00e9toiles&#8230; et son fr\u00e8re Grichka Bodganoff, dont il \u00e9tait assez diff\u00e9rent. D\u00e9c\u00e9d\u00e9 de la Covid-19\u00a0six jours apr\u00e8s son jumeau, le scientifique \u00e9tait p\u00e8re de six enfants de 3\u00a0m\u00e8res diff\u00e9rentes et ne sera pas s\u00e9par\u00e9 de sa moiti\u00e9 dans l&rsquo;\u00e9ternit\u00e9&#8230;            <\/p>\n<div>\n<p><strong>Igor Bogdanov <\/strong>a rejoint son fr\u00e8re. Le<strong> scientifique non-vaccin\u00e9 est d\u00e9c\u00e9d\u00e9 des suites du coronavirus<\/strong>, quelques jours <strong>apr\u00e8s son jumeau<\/strong>, le 3\u00a0janvier, \u00e0 l&rsquo;\u00e2ge de 72\u00a0ans. \u00ab\u00a0<em>Dans la paix et l&rsquo;amour, entour\u00e9 de ses enfants et de sa famille, <strong>Igor Bogdanov est parti vers la lumi\u00e8re lundi 3\u00a0janvier 2022<\/strong><\/em>\u00ab\u00a0, a d\u00e9clar\u00e9 sa famille par le biais de son agent.\u00a0<\/p>\n<p>Igor Bogdanov na\u00eet en 1949. Il est le fils du <strong>peintre d&rsquo;origine russe Youra Mikha\u00eflovitch Ostasenko-Bogdanoff<\/strong> et de <strong>Maya Dolores Franzyska Kolowrat-Krakowsk\u00e1<\/strong>, elle m\u00eame n\u00e9e d&rsquo;une liaison entre une aristocrate autrichienne et Roland Hayes, chanteur d&rsquo;op\u00e9ra afro-am\u00e9ricain. Tandis que leur m\u00e8re avait \u00e9t\u00e9 <strong>\u00e9lev\u00e9e au ch\u00e2teau de Saint-Lary<\/strong>, dans le Gers, les jumeaux h\u00e9ritent du <strong>ch\u00e2teau d&rsquo;Esclignac \u00e0 Monfort<\/strong>, \u00e9galement situ\u00e9 dans le Gers.<\/p>\n<h2>Igor et Grichka Bogdanov : passion et r\u00e9silience<\/h2>\n<p>F\u00e9rus de <strong>sciences et de fantastique<\/strong>, les jumeaux souhaitent plus que tout communiquer leur passion aupr\u00e8s du grand public. C&rsquo;est ainsi que, dans les ann\u00e9es 70, <strong>Grichka Bogdanoff appelle sans rel\u00e2che la r\u00e9daction de TF1<\/strong>\u00a0afin de pouvoir contacter le pr\u00e9sentateur du JT de 13h de l&rsquo;\u00e9poque, <strong>Yves Mourousi<\/strong>. Celui-ci est finalement emball\u00e9 par le discours des jumeaux, qui avaient d\u00e9j\u00e0 publi\u00e9 leur <a href=\"http:\/\/www.affinite.fr\/index.php\/2023\/08\/24\/lart-de-la-glace-transforme-en-business-la-vision-unique-de-fabien-gris\/\">livre<\/a> <em>Clefs pour la science-fiction<\/em>. Sur le plateau du JT, le pr\u00e9sentateur leur propose de <strong>pr\u00e9senter leur ouvrage<\/strong> et leur offre m\u00eame une opportunit\u00e9 en or: animer une <strong>s\u00e9quence consacr\u00e9e aux extraterrestres pendant son \u00e9mission du dimanche<\/strong>, <em>Bon app\u00e9tit. <\/em>Le d\u00e9but de la gloire pour les jumeaux (litt\u00e9ralement) lunaires\u2026<\/p>\n<p><iframe loading=\"lazy\" allow=\"accelerometer; autoplay; clipboard-write; encrypted-media; gyroscope; picture-in-picture\" allowfullscreen=\"\" frameborder=\"0\" height=\"315\" src=\"https:\/\/www.youtube.com\/embed\/Tze3QK7MEEo\" title=\"YouTube video player\" width=\"560\"><\/iframe><\/p>\n<h2>Igor et Grichka Bogdanov : comment ils sont devenus stars de t\u00e9l\u00e9<\/h2>\n<p>Quelques ann\u00e9es plus tard, les Bogdanov d\u00e9crochent <strong>leur propre \u00e9mission t\u00e9l\u00e9vis\u00e9e<\/strong> d\u00e8s 1979, baptis\u00e9e <strong><em>Temps X<\/em><\/strong> et diffus\u00e9e sur TF1. Un programme de vulgarisation scientifique \u00e0 l&rsquo;image des passionn\u00e9s de science-fiction. Dans un <strong>d\u00e9cor de vaisseau spatial<\/strong>, les jumeaux font d\u00e9couvrir leur passion au grand public et interrogent de futures stars, telles que<strong> Franck Dubosc ou Fr\u00e9d\u00e9ric Beigbeder<\/strong>, sur le sujet. Rapidement, le programme devient culte et les Bogdanov deviennent de v\u00e9ritables stars du petit \u00e9cran, jusqu&rsquo;\u00e0 participer aux<em> <strong>Grosses T\u00eates<\/strong><\/em> d\u00e8s 2015\u00a0et au t\u00e9l\u00e9-crochet <strong><em>Mask Singer<\/em><\/strong> en 2020. Souvent critiqu\u00e9s pour la \u00ab\u00a0faiblesse\u00a0\u00bb de leurs travaux scientifiques ou la particularit\u00e9 de leur physique, les jumeaux ne se sont jamais pr\u00e9occup\u00e9s du qu&rsquo;en dira-t-on.<\/p>\n<h2>Igor Bogdanov : Femmes et enfants<\/h2>\n<figure class=\"image\" style=\"float:left\"><a class=\"fancy\" href=\"https:\/\/img-3.journaldesfemmes.fr\/gIKuCEgYitFY3A1f9DI2nAN6TWM=\/1080x\/smart\/8c71a8d853ee4bfc94cd992d6d9e2daf\/ccmcms-jdf\/30779745.jpg\"><img decoding=\"async\" alt=\"\" src=\"https:\/\/img-3.journaldesfemmes.fr\/oi4ZQ7rhBhqAcgvRhCCX4IagKjc=\/300x\/smart\/8c71a8d853ee4bfc94cd992d6d9e2daf\/ccmcms-jdf\/30779745.jpg\"\/><\/a><figcaption data-credit=\"LAURENT BENHAMOU\/SIPA\" data-legend=\"Igor Bogdanoff et Julie Jardon,Vernissage de Sylvie Malys, La Garde R\u00e9publicaine, 14\/09\/2018, Paris,\">Igor Bogdanoff et Julie Jardon,Vernissage de Sylvie Malys, La Garde R\u00e9publicaine, 14\/09\/2018, Paris, <small>\u00a9\u00a0LAURENT BENHAMOU\/SIPA<\/small><\/figcaption><\/figure>\n<p>Si son fr\u00e8re <strong>Grichka Bogdanoff ne s&rsquo;est jamais mari\u00e9<\/strong>, Igor Bogdanov, lui, \u00e9tait <strong>en couple avec la chercheuse en neurosciences\u00a0Julie Jardon<\/strong>, de 44 ans sa cadette, durant les derni\u00e8res ann\u00e9es de sa vie. \u00ab\u00a0<em>Il y a eu un moment o\u00f9 l&rsquo;on a pu pens\u00e9 que l&rsquo;on \u00e9tait s\u00e9par\u00e9, alors que <strong>l&rsquo;on ne l&rsquo;a jamais \u00e9t\u00e9<\/strong> (&#8230;) Une <strong>histoire d&rsquo;amour qui est solide dans le temps<\/strong> doit toujours passer par des moments plus compliqu\u00e9s<\/em>\u00ab\u00a0. avait-il confi\u00e9 \u00e0 son sujet en ao\u00fbt dernier.<\/p>\n<p>Il \u00e9tait <strong>p\u00e8re de six enfants<\/strong>, n\u00e9s de trois m\u00e8res diff\u00e9rentes. Il a notamment \u00e9t\u00e9 en couple avec l&rsquo;actrice <strong>Genevi\u00e8ve Gard<\/strong>, avec qui il a eu un gar\u00e7on, <strong>Dimitri<\/strong>, d\u00e9sormais \u00e2g\u00e9 de 45\u00a0ans. Puis il a \u00e9pous\u00e9 <strong>Ludmilla d&rsquo;Oultremont<\/strong> en 1989, avec qui il a eu trois enfants, <strong>Sasha Maria, Anna Claria et Wenceslas<\/strong>. Enfin, il s&rsquo;\u00e9tait mari\u00e9 avec l&rsquo;\u00e9crivaine <strong>Am\u00e9lie de Bourbon-Parme<\/strong>. De leur union, sont n\u00e9s deux enfants, <strong>Alexandre, dix ans, et Constantin, sept ans<\/strong>.\u00a0<\/p>\n<div style=\"text-align:center\">\n<figure class=\"image\" style=\"display:inline-block\"><a class=\"fancy\" href=\"https:\/\/img-3.journaldesfemmes.fr\/3jFP9MXiRpniRbnoAQOuhL7Tnp4=\/1080x\/smart\/3b6e5c9d3e7b43de82875393fb93c81e\/ccmcms-jdf\/30779746.jpg\"><img decoding=\"async\" alt=\"\" src=\"https:\/\/img-3.journaldesfemmes.fr\/jMvkw9AzvKh6bftoswIUvABlHPY=\/600x\/smart\/3b6e5c9d3e7b43de82875393fb93c81e\/ccmcms-jdf\/30779746.jpg\"\/><\/a><figcaption data-credit=\" J.E.E.\/SIPA\" data-legend=\"Igor Bogdanov et son \u00e9pouse Am\u00e9lie de Bourbon-Parme, Roland Garros, 2015\">Igor Bogdanov et son \u00e9pouse Am\u00e9lie de Bourbon-Parme, Roland Garros, 2015 <small>\u00a9\u00a0 J.E.E.\/SIPA<\/small><\/figcaption><\/figure>\n<\/div>\n<p>R\u00e9cemment, Igor Bodganov s&rsquo;\u00e9tait confi\u00e9 aupr\u00e8s de <em>Ici Paris<\/em> sur <strong>sa relation avec son fils a\u00een\u00e9<\/strong>: \u00ab\u00a0<em>Je le vois peu, mais je l&rsquo;aime beaucoup. Il me ressemble, de m\u00eame qu&rsquo;\u00e0 son petit fr\u00e8re Alexandre. Je suis tr\u00e8s proche des trois grands et des petits<\/em>\u00ab\u00a0. Ce sont d\u00e9sormais <strong>six enfants<\/strong> qui pleurent la perte de leur p\u00e8re.<\/p>\n<h2>Les jumeaux, enterr\u00e9s ensemble ?<\/h2>\n<p>Quant \u00e0 la derni\u00e8re demeure\u00a0<strong>des jumeaux<\/strong>, l&rsquo;avocat de Grichka Bodganoff s&rsquo;est exprim\u00e9 sur le sujet, sur le plateau de BFMTV, peu apr\u00e8s l&rsquo;annonce de la mort d&rsquo;Igor Bogdanov. \u00ab\u00a0<em><strong>Vous pensez bien qu&rsquo;ils vont certainement \u00eatre enterr\u00e9s ensemble<\/strong>. La vie ne les s\u00e9parait pas, la mort ne va pas les s\u00e9parer<\/em>\u00ab\u00a0, a d\u00e9clar\u00e9 ma\u00eetre Edouard de Lamaze, sans donner davantage de pr\u00e9cisions.<\/p>\n<\/p><\/div>\n<p>[ad_2]<br \/>\n<br \/><a href=\"https:\/\/www.journaldesfemmes.fr\/people\/actus\/2771155-igor-bogdanov-mort-covid-vaccin-enterrement-enfants-frere-grichka-femme\/\">Source link <\/a><\/p>\n","protected":false},"excerpt":{"rendered":"<p>[ad_1] Igor Bodganov, 72\u00a0ans, retrouve les \u00e9toiles&#8230; et son fr\u00e8re Grichka Bodganoff, dont il \u00e9tait assez diff\u00e9rent. D\u00e9c\u00e9d\u00e9 de la &hellip; <a href=\"http:\/\/www.affinite.fr\/index.php\/2022\/01\/03\/amour-mariages-enfants-et-enterrement\/\" class=\"more-link\">Plus <span class=\"screen-reader-text\">Amour, Mariages, Enfants et Enterrement<\/span> <span class=\"meta-nav\">&rarr;<\/span><\/a><\/p>\n","protected":false},"author":1,"featured_media":7302,"comment_status":"","ping_status":"open","sticky":false,"template":"","format":"standard","meta":{"_sitemap_exclude":false,"_sitemap_priority":"","_sitemap_frequency":"","footnotes":""},"categories":[1],"tags":[],"class_list":["post-7301","post","type-post","status-publish","format-standard","has-post-thumbnail","hentry","category-tous"],"_links":{"self":[{"href":"http:\/\/www.affinite.fr\/index.php\/wp-json\/wp\/v2\/posts\/7301"}],"collection":[{"href":"http:\/\/www.affinite.fr\/index.php\/wp-json\/wp\/v2\/posts"}],"about":[{"href":"http:\/\/www.affinite.fr\/index.php\/wp-json\/wp\/v2\/types\/post"}],"author":[{"embeddable":true,"href":"http:\/\/www.affinite.fr\/index.php\/wp-json\/wp\/v2\/users\/1"}],"replies":[{"embeddable":true,"href":"http:\/\/www.affinite.fr\/index.php\/wp-json\/wp\/v2\/comments?post=7301"}],"version-history":[{"count":0,"href":"http:\/\/www.affinite.fr\/index.php\/wp-json\/wp\/v2\/posts\/7301\/revisions"}],"wp:featuredmedia":[{"embeddable":true,"href":"http:\/\/www.affinite.fr\/index.php\/wp-json\/wp\/v2\/media\/7302"}],"wp:attachment":[{"href":"http:\/\/www.affinite.fr\/index.php\/wp-json\/wp\/v2\/media?parent=7301"}],"wp:term":[{"taxonomy":"category","embeddable":true,"href":"http:\/\/www.affinite.fr\/index.php\/wp-json\/wp\/v2\/categories?post=7301"},{"taxonomy":"post_tag","embeddable":true,"href":"http:\/\/www.affinite.fr\/index.php\/wp-json\/wp\/v2\/tags?post=7301"}],"curies":[{"name":"wp","href":"https:\/\/api.w.org\/{rel}","templated":true}]}}