{"id":730,"date":"2020-03-17T05:57:34","date_gmt":"2020-03-17T05:57:34","guid":{"rendered":"https:\/\/www.affinite.fr\/index.php\/2020\/03\/17\/les-commerces-informatiques-peuvent-rester-ouverts-en-theorie\/"},"modified":"2020-03-17T05:57:34","modified_gmt":"2020-03-17T05:57:34","slug":"les-commerces-informatiques-peuvent-rester-ouverts-en-theorie","status":"publish","type":"post","link":"http:\/\/www.affinite.fr\/index.php\/2020\/03\/17\/les-commerces-informatiques-peuvent-rester-ouverts-en-theorie\/","title":{"rendered":"les commerces informatiques peuvent rester ouverts\u2026 en th\u00e9orie"},"content":{"rendered":"<p> [ad_1]<br \/>\n<\/p>\n<div itemprop=\"articleBody\">\n<p>Samedi dernier, le gouvernement fran\u00e7ais a annonc\u00e9 la fermeture des lieux \u00ab\u00a0non essentiels\u00a0\u00bb \u00e0 la vie de la Nation, comme les bars, les restaurants ou les discoth\u00e8ques. L\u2019<a href=\"https:\/\/www.legifrance.gouv.fr\/affichTexte.do?cidTexte=JORFTEXT000041722917&amp;categorieLien=id\" target=\"_blank\" rel=\"noopener noreferrer\">arr\u00eat\u00e9 <\/a>diffus\u00e9 dans la foul\u00e9e le 14\u00a0mars ne citait qu\u2019une poign\u00e9e d\u2019exceptions, \u00e0 savoir les commerces alimentaires, les pharmacies, les banques, les stations-service ou la distribution de la presse. Un second arr\u00eat\u00e9, <a href=\"https:\/\/www.legifrance.gouv.fr\/affichTexte.do;jsessionid=0988773243DDED4434CBFE85C9B0A44A.tplgfr36s_2?cidTexte=JORFTEXT000041723302&amp;dateTexte=&amp;oldAction=rechJO&amp;categorieLien=id&amp;idJO=JORFCONT000041723291\" target=\"_blank\" rel=\"noopener noreferrer\">diffus\u00e9 le 15\u00a0mars<\/a>, donne davantage de pr\u00e9cisions sur les commerces qui peuvent rester ouverts. Et finalement, il y en a beaucoup.<\/p>\n<h3 style=\"color:#333; font-family:arial,helvetica,sans-serif; font-size:23px; font-weight:700\">Une longue liste d&rsquo;exceptions<\/h3>\n<p>En effet, l\u2019arr\u00eat\u00e9 liste 45\u00a0domaines d\u2019activit\u00e9s qui ne sont pas touch\u00e9s par la fermeture g\u00e9n\u00e9rale. On retrouve, par exemple, les \u00ab\u00a0activit\u00e9s financi\u00e8res et d\u2019assurance\u00a0\u00bb et le \u00ab\u00a0commerce de d\u00e9tail de journaux et de papeterie\u00a0\u00bb. Mais les commerces sp\u00e9cialis\u00e9s en informatique ou en t\u00e9l\u00e9communications y figurent \u00e9galement. \u00c0 savoir\u00a0:<\/p>\n<ul>\n<li><em>Commerce de d\u00e9tail d\u2019\u00e9quipements de l\u2019information et de la communication en magasin sp\u00e9cialis\u00e9<\/em><\/li>\n<li><em>Commerce de d\u00e9tail d\u2019ordinateurs, d\u2019unit\u00e9s p\u00e9riph\u00e9riques et de logiciels en magasin sp\u00e9cialis\u00e9<\/em><\/li>\n<li><em>Commerce de d\u00e9tail de mat\u00e9riels de t\u00e9l\u00e9communication en magasin sp\u00e9cialis\u00e9<\/em><\/li>\n<li><em>R\u00e9paration d\u2019ordinateurs et de biens personnels et domestiques<\/em><\/li>\n<li><em>R\u00e9paration d\u2019ordinateurs et d\u2019\u00e9quipements de communication<\/em><\/li>\n<li><em>R\u00e9paration d\u2019ordinateurs et d\u2019\u00e9quipements p\u00e9riph\u00e9riques<\/em><\/li>\n<li><em>R\u00e9paration d\u2019\u00e9quipements de communication<\/em><\/li>\n<\/ul>\n<p>Pour autant, cela ne veut pas dire que vous allez pouvoir rendre visite \u00e0 votre revendeur informatique favori. En r\u00e9alit\u00e9, la plupart des grandes enseignes ont baiss\u00e9 leur store. <a href=\"https:\/\/www.01net.com\/actualites\/coronavirus-apple-ferme-ses-magasins-partout-dans-le-monde-sauf-en-chine-ou-il-les-rouvre-1875777.html\" target=\"_blank\" rel=\"noopener noreferrer\">Apple<\/a>, par exemple, a d\u00e9cid\u00e9 de fermer toutes ses boutiques en dehors de la Chine. <a href=\"https:\/\/www.01net.com\/actualites\/coronavirus-la-fnac-et-darty-ferment-leurs-magasins-mais-continuent-a-livrer-1875790.html\" target=\"_blank\" rel=\"noopener noreferrer\">Fnac et Darty<\/a> ont \u00e9galement ferm\u00e9 leurs lieux de vente <em>\u00ab\u00a0jusqu\u2019\u00e0 nouvel ordre\u00a0\u00bb<\/em>.<\/p>\n<p>Chez SFR, toutes les boutiques sont \u00e9galement ferm\u00e9es. Il suffit de se connecter <a data-cke-saved-href=\"https:\/\/boutique.sfr.fr\" href=\"https:\/\/boutique.sfr.fr\" target=\"_blank\" rel=\"noopener noreferrer\">sur le site de l\u2019op\u00e9rateur<\/a> pour s\u2019en rendre compte.<\/p>\n<figure class=\"figure text-center\"><img decoding=\"async\" class=\"article-img img-responsive-l\" src=\"https:\/\/img.bfmtv.com\/c\/0\/708\/29b\/933cfd0f288d972ccd5536a433748.jpg\" alt=\"\"\/><figcaption class=\"figure-caption figcaption color-txt-0 title-xs hidden-xs\"\/><\/figure>\n<p>Le r\u00e9seau LDLC a \u00e9galement ferm\u00e9 ses lieux de vente. Toutefois, au regard du second arr\u00eat\u00e9, l&rsquo;enseigne n&rsquo;exclut pas des r\u00e9ouvertures partielles plus tard, pour certaines activit\u00e9s. C&rsquo;est <em>\u00ab en cours d&rsquo;\u00e9tude \u00bb, <\/em>peut-on lire sur <a href=\"https:\/\/twitter.com\/LDLC\/status\/1239467609034231808\" target=\"_blank\" rel=\"noopener noreferrer\">Twitter<\/a><em>.<\/em><\/p>\n<div data-force-click=\"true\" class=\"bloc\">\n<blockquote class=\"twitter-tweet\" data-partner=\"tweetdeck\">\n<p dir=\"ltr\" lang=\"fr\">Chers clients, nos boutiques seront ferm\u00e9es d\u00e8s lundi.<br \/>Pour les SAV &amp; commandes en cours, on vous informera d\u00e8s que possible.<\/p>\n<p>Merci de votre compr\u00e9hension et prenez soin de vous. Pour une fois que les parents ne disent pas d\u2019aller jouer dehors &#8230;<\/p>\n<p>Commandes en ligne : OK <a href=\"https:\/\/t.co\/yNLbIKYFk5\">pic.twitter.com\/yNLbIKYFk5<\/a><\/p>\n<p>\u2014 LDLC (@LDLC) <a href=\"https:\/\/twitter.com\/LDLC\/status\/1239139746439446529?ref_src=twsrc%5Etfw\">March 15, 2020<\/a><\/p><\/blockquote><\/div>\n<p>En revanche, la situation est plus floue chez Orange. Selon la <a href=\"https:\/\/m.facebook.com\/story.php?story_fbid=3383946238288141&amp;id=1060466760636112\" target=\"_blank\" rel=\"noopener noreferrer\">CFDT<\/a>, Orange compte ouvrir certaines boutiques, mais pas toutes. Ce qui fait d\u2019ailleurs grincer des dents au sein du syndicat. Compte tenu du niveau d\u2019inqui\u00e9tude des salari\u00e9s, il n\u2019est pas certain que ces magasins resteront ouverts longtemps.<\/p>\n<p>Au final, seules les boutiques ind\u00e9pendantes prendront peut-\u00eatre le risque d&rsquo;accueillir leur client\u00e8le, m\u00eame si cela n&rsquo;est franchement pas conseill\u00e9 par les experts scientifiques.<\/p>\n<\/p><\/div>\n<p><script async src=\"http:\/\/platform.twitter.com\/widgets.js\" charset=\"utf-8\"><\/script><script>\n         !function(f,b,e,v,n,t,s){if(f.fbq)return;n=f.fbq=function()\n         {n.callMethod? n.callMethod.apply(n,arguments):n.queue.push(arguments)}\n         ;if(!f._fbq)f._fbq=n;\n             n.push=n;n.loaded=!0;n.version='2.0';n.queue=[];t=b.createElement(e);t.async=!0;\n             t.src=v;s=b.getElementsByTagName(e)[0];s.parentNode.insertBefore(t,s)}(window,\n                 document,'script','https:\/\/connect.facebook.net\/en_US\/fbevents.js');\n         fbq('init', '1065890633454496');\n         fbq('track', 'PageView');\n     <\/script><br \/>\n<br \/>[ad_2]<br \/>\n<br \/><a href=\"https:\/\/www.01net.com\/actualites\/coronavirus-les-commerces-informatiques-peuvent-rester-ouverts-en-theorie-1875852.html\">Source link <\/a><\/p>\n","protected":false},"excerpt":{"rendered":"<p>[ad_1] Samedi dernier, le gouvernement fran\u00e7ais a annonc\u00e9 la fermeture des lieux \u00ab\u00a0non essentiels\u00a0\u00bb \u00e0 la vie de la Nation, &hellip; <a href=\"http:\/\/www.affinite.fr\/index.php\/2020\/03\/17\/les-commerces-informatiques-peuvent-rester-ouverts-en-theorie\/\" class=\"more-link\">Plus <span class=\"screen-reader-text\">les commerces informatiques peuvent rester ouverts\u2026 en th\u00e9orie<\/span> <span class=\"meta-nav\">&rarr;<\/span><\/a><\/p>\n","protected":false},"author":1,"featured_media":731,"comment_status":"open","ping_status":"open","sticky":false,"template":"","format":"standard","meta":{"_sitemap_exclude":false,"_sitemap_priority":"","_sitemap_frequency":"","footnotes":""},"categories":[1],"tags":[],"class_list":["post-730","post","type-post","status-publish","format-standard","has-post-thumbnail","hentry","category-tous"],"_links":{"self":[{"href":"http:\/\/www.affinite.fr\/index.php\/wp-json\/wp\/v2\/posts\/730"}],"collection":[{"href":"http:\/\/www.affinite.fr\/index.php\/wp-json\/wp\/v2\/posts"}],"about":[{"href":"http:\/\/www.affinite.fr\/index.php\/wp-json\/wp\/v2\/types\/post"}],"author":[{"embeddable":true,"href":"http:\/\/www.affinite.fr\/index.php\/wp-json\/wp\/v2\/users\/1"}],"replies":[{"embeddable":true,"href":"http:\/\/www.affinite.fr\/index.php\/wp-json\/wp\/v2\/comments?post=730"}],"version-history":[{"count":0,"href":"http:\/\/www.affinite.fr\/index.php\/wp-json\/wp\/v2\/posts\/730\/revisions"}],"wp:featuredmedia":[{"embeddable":true,"href":"http:\/\/www.affinite.fr\/index.php\/wp-json\/wp\/v2\/media\/731"}],"wp:attachment":[{"href":"http:\/\/www.affinite.fr\/index.php\/wp-json\/wp\/v2\/media?parent=730"}],"wp:term":[{"taxonomy":"category","embeddable":true,"href":"http:\/\/www.affinite.fr\/index.php\/wp-json\/wp\/v2\/categories?post=730"},{"taxonomy":"post_tag","embeddable":true,"href":"http:\/\/www.affinite.fr\/index.php\/wp-json\/wp\/v2\/tags?post=730"}],"curies":[{"name":"wp","href":"https:\/\/api.w.org\/{rel}","templated":true}]}}