{"id":7293,"date":"2022-01-02T18:27:27","date_gmt":"2022-01-02T18:27:27","guid":{"rendered":"https:\/\/www.affinite.fr\/index.php\/2022\/01\/02\/vod-quels-sont-les-films-a-voir-cette-semaine-du-2-au-8-janvier-actus-cine\/"},"modified":"2022-01-02T18:27:27","modified_gmt":"2022-01-02T18:27:27","slug":"vod-quels-sont-les-films-a-voir-cette-semaine-du-2-au-8-janvier-actus-cine","status":"publish","type":"post","link":"http:\/\/www.affinite.fr\/index.php\/2022\/01\/02\/vod-quels-sont-les-films-a-voir-cette-semaine-du-2-au-8-janvier-actus-cine\/","title":{"rendered":"VOD : quels sont les films \u00e0 voir cette semaine du 2 au 8 janvier ? &#8211; Actus Cin\u00e9"},"content":{"rendered":"<p> [ad_1]<br \/>\n<br \/><img decoding=\"async\" src=\"http:\/\/fr.web.img1.acsta.net\/newsv7\/21\/12\/31\/13\/00\/1835197.jpg\" \/><\/p>\n<p>Quelles sont les derni\u00e8res sorties VOD ? La r\u00e9ponse dans notre r\u00e9capitulatif hebdomadaire.<\/p>\n<div id=\"article-content\">\n<figure class=\"player player-auto-play js-player\" data-model=\"{&quot;videos&quot;:[{&quot;id&quot;:19589634,&quot;sources&quot;:{&quot;high&quot;:&quot;https:\/\/fr.vid.web.acsta.net\/nmedia\/33\/21\/04\/19\/15\/19589634_hd_013.mp4&quot;,&quot;low&quot;:&quot;https:\/\/fr.vid.web.acsta.net\/nmedia\/33\/21\/04\/19\/15\/19589634_l_013.mp4&quot;,&quot;medium&quot;:&quot;https:\/\/fr.vid.web.acsta.net\/nmedia\/33\/21\/04\/19\/15\/19589634_m_013.mp4&quot;,&quot;standard&quot;:&quot;https:\/\/fr.vid.web.acsta.net\/nmedia\/33\/21\/04\/19\/15\/19589634_sd_013.mp4&quot;},&quot;image&quot;:&quot;\/videothumbnails\/21\/04\/19\/15\/48\/3514554.jpg&quot;,&quot;title&quot;:&quot;Shang-Chi et la Lu00e9gende des Dix Anneaux Bande-annonce VO&quot;,&quot;trackingIdentifier&quot;:&quot;19589634-shang_chi_et_la_legende_des_dix_anneaux_bande_annonce_vo&quot;,&quot;embedUrl&quot;:&quot;ACraHRACr0cHM6Ly9wbGF5ZXIuYWxsb2NpbmUuZnIvMTk1ODk2MzQuaHRtbA==&quot;,&quot;file_type&quot;:&quot;TRAILER&quot;,&quot;description&quot;:&quot;Shang-Chi et la Lu00e9gende des Dix Anneaux Bande-annonce VO&quot;,&quot;duration&quot;:133,&quot;view_count&quot;:185389,&quot;added_at&quot;:{&quot;date&quot;:&quot;2020-08-24 15:31:00.000000&quot;,&quot;timezone_type&quot;:3,&quot;timezone&quot;:&quot;Europe\/Paris&quot;},&quot;metas&quot;:{&quot;id_main_show&quot;:null,&quot;name_main_show&quot;:null,&quot;image_main_show&quot;:null,&quot;id_main_movie&quot;:270144,&quot;name_main_movie&quot;:&quot;Shang-Chi et la Lu00e9gende des Dix Anneaux&quot;,&quot;image_main_movie&quot;:&quot;\/pictures\/21\/08\/25\/11\/54\/3128925.jpg&quot;,&quot;id_main_series&quot;:null,&quot;name_main_series&quot;:null,&quot;image_main_series&quot;:null,&quot;id_main_season&quot;:null,&quot;name_main_season&quot;:null,&quot;image_main_season&quot;:null,&quot;main_season_number&quot;:null,&quot;id_main_person&quot;:null,&quot;name_main_person&quot;:null,&quot;image_main_person&quot;:null,&quot;use_portal&quot;:null,&quot;release_date_main_movie&quot;:null,&quot;nb_days_release_main_movie&quot;:null,&quot;id_meta_category&quot;:null,&quot;name_meta_category&quot;:null,&quot;localized_file_type&quot;:null,&quot;trans_file_type&quot;:null,&quot;main_movie_type&quot;:null,&quot;main_season_rating&quot;:null,&quot;main_series_rating&quot;:null,&quot;main_season_user_note_count&quot;:null,&quot;genre_main_movie&quot;:null,&quot;genre_main_series&quot;:null,&quot;release_status_movie&quot;:null,&quot;release_status_series&quot;:null},&quot;relatedEntityType&quot;:&quot;movie&quot;,&quot;relatedEntityId&quot;:270144,&quot;relatedEntityTitle&quot;:&quot;Shang-Chi et la Lu00e9gende des Dix Anneaux&quot;,&quot;relatedEntityUrl&quot;:&quot;ACraHRACr0cHM6Ly93d3cuYWxsb2NpbmUuZnIvZmlsbS9maWNoZWZpbG1fZ2VuX2NmaWxtPTI3MDE0NC5odG1s&quot;,&quot;mediaUrl&quot;:&quot;ACraHRACr0cHM6Ly93d3cuYWxsb2NpbmUuZnIvdmlkZW8vcGxheWVyX2dlbl9jbWVkaWE9MTk1ODk2MzQmY2ZpbG09MjcwMTQ0Lmh0bWw=&quot;,&quot;relatedEntityTrackingIdentifier&quot;:&quot;270144-shang_chi_et_la_legende_des_dix_anneaux&quot;,&quot;genres&quot;:[&quot;ACTION&quot;,&quot;FANTASY&quot;],&quot;relatedEntityDistributor&quot;:null,&quot;relatedEntityDistributorId&quot;:null,&quot;entityStatus&quot;:null}],&quot;disablePreroll&quot;:false,&quot;disablePostroll&quot;:false,&quot;endScreen&quot;:true,&quot;context&quot;:&quot;newspage_news&quot;,&quot;launch&quot;:&quot;auto-play&quot;,&quot;followScroll&quot;:true,&quot;editorialContent&quot;:&quot;18705638-vod_quels_sont_les_films_a_voir_cette_semaine_du_2_au_8_janvier&quot;,&quot;disableAutoPause&quot;:true,&quot;player_position&quot;:&quot;playertop&quot;}\" data-thumb=\"https:\/\/fr.web.img6.acsta.net\/r_640_360\/videothumbnails\/21\/04\/19\/15\/48\/3514554.jpg\">\n<\/figure>\n<p>9 jours \u00e0 Raqqa<\/p>\n<p><strong>Disponible en VOD le 4 janvier 2022<\/strong><\/p>\n<p>Leila Mustapha, 30 ans, ing\u00e9nieure en g\u00e9nie civil, trois fois major de sa promotion, est la jeune maire de Raqqa, l\u2019ancienne capitale autoproclam\u00e9e de l\u2019\u00e9tat islamique en Syrie. Plong\u00e9e dans un monde d\u2019hommes, elle a pour mission de reconstruire sa ville en ruines apr\u00e8s la guerre, de r\u00e9concilier et d\u2019y instaurer la d\u00e9mocratie. Une mission hors normes. Une \u00e9crivaine fran\u00e7aise traverse l\u2019Irak et la Syrie pour venir \u00e0 sa rencontre. Dans cette ville encore dangereuse, elle a 9 jours pour vivre avec Leila et d\u00e9couvrir son histoire.<\/p>\n<p>D&rsquo;Artagnan et les trois mousquetaires<\/p>\n<p><strong>Disponible en VOD le 5 janvier 2022<\/strong><\/p>\n<p>Le jeune D\u2019Artagnan quitte sa Gascogne natale pour se rendre \u00e0 Paris avec pour ambition de devenir Mousquetaire du Roi. \u00c0 peine arriv\u00e9, il tombe sous le charme de la douce Constance, la dame de confiance de la Reine\u2026 Intr\u00e9pide et ne refusant aucun combat, il se rend vite indispensable aupr\u00e8s des trois mousquetaires, Athos, Porthos et Aramis qui l\u2019int\u00e8grent dans la c\u00e9l\u00e8bre garde du Roi. Ensemble ils vont devoir d\u00e9jouer un complot imagin\u00e9 par le Cardinal de Richelieu et retrouver le collier de la Reine !<\/p>\n<p>Mon ann\u00e9e \u00e0 New York<\/p>\n<p><strong>Disponible en VOD le 6 janvier 2022<\/strong><\/p>\n<p>Joanna d\u00e9barque \u00e0 Manhattan des r\u00eaves plein la t\u00eate : elle esp\u00e8re devenir une grande romanci\u00e8re. Pour son premier job elle devient l\u2019assistante de la redoutable Margaret, l\u2019agent de J.D. Salinger, l\u2019auteur l\u00e9gendaire qui m\u00e8ne une vie recluse loin de New York. En voulant bien faire, Joanna va cependant se mettre dans une situation qui pourrait bouleverser tout ce qu\u2019elle a accompli\u2026<\/p>\n<p>Shang-Chi et la L\u00e9gende des Dix Anneaux<\/p>\n<p><strong>Disponible en achat digital le 6 janvier 2022<\/strong><\/p>\n<p>Shang-Chi va devoir affronter un pass\u00e9 qu\u2019il pensait avoir laiss\u00e9 derri\u00e8re lui lorsqu\u2019il est pris dans la toile de la myst\u00e9rieuse organisation des dix anneaux.<\/p>\n<p>Les M\u00e9chants<\/p>\n<p><strong>Disponible en VOD le 8 janvier 2022<\/strong><\/p>\n<p>Patrick et Sebastien passent la pire journ\u00e9e de leur vie. En quelques heures, ils deviennent les m\u00e9chants les plus recherch\u00e9s de France. La raison ? Une fake news mont\u00e9e de toutes pi\u00e8ces par Virginie Arioule, pr\u00e9sentatrice d\u2019une chaine de d\u00e9bat pr\u00eate \u00e0 tout pour faire de l\u2019audience, quitte \u00e0 pactiser avec des trafiquants de clics.<\/p>\n<p>D\u00e9licieux<\/p>\n<p><strong>Disponible en VOD le 8 janvier 2022<\/strong><\/p>\n<p>A l\u2019aube de la R\u00e9volution Fran\u00e7aise, Pierre Manceron, cuisinier audacieux mais orgueilleux, est limog\u00e9 par son ma\u00eetre le duc de Chamfort. La rencontre d\u2019une femme \u00e9tonnante, qui souhaite <a href=\"http:\/\/www.affinite.fr\/index.php\/2022\/11\/09\/formation-de-glacier-apprenez-le-metier-de-glacier-et-changez-votre-vie\/\">apprendre<\/a> l\u2019art culinaire \u00e0 ses c\u00f4t\u00e9s, lui redonne confiance en lui et le pousse \u00e0 s\u2019\u00e9manciper de sa condition de domestique pour entreprendre sa propre r\u00e9volution. Ensemble, ils vont inventer un lieu de plaisir et de partage ouvert \u00e0 tous : le premier restaurant. Une id\u00e9e qui leur vaudra clients\u2026 et ennemis.<\/p>\n<\/p><\/div>\n<p>[ad_2]<br \/>\n<br \/><a href=\"http:\/\/www.allocine.fr\/article\/fichearticle_gen_carticle=18705638.html\">Source link <\/a><\/p>\n","protected":false},"excerpt":{"rendered":"<p>[ad_1] Quelles sont les derni\u00e8res sorties VOD ? La r\u00e9ponse dans notre r\u00e9capitulatif hebdomadaire. 9 jours \u00e0 Raqqa Disponible en &hellip; <a href=\"http:\/\/www.affinite.fr\/index.php\/2022\/01\/02\/vod-quels-sont-les-films-a-voir-cette-semaine-du-2-au-8-janvier-actus-cine\/\" class=\"more-link\">Plus <span class=\"screen-reader-text\">VOD : quels sont les films \u00e0 voir cette semaine du 2 au 8 janvier ? &#8211; Actus Cin\u00e9<\/span> <span class=\"meta-nav\">&rarr;<\/span><\/a><\/p>\n","protected":false},"author":1,"featured_media":7294,"comment_status":"","ping_status":"open","sticky":false,"template":"","format":"standard","meta":{"_sitemap_exclude":false,"_sitemap_priority":"","_sitemap_frequency":"","footnotes":""},"categories":[1],"tags":[],"class_list":["post-7293","post","type-post","status-publish","format-standard","has-post-thumbnail","hentry","category-tous"],"_links":{"self":[{"href":"http:\/\/www.affinite.fr\/index.php\/wp-json\/wp\/v2\/posts\/7293"}],"collection":[{"href":"http:\/\/www.affinite.fr\/index.php\/wp-json\/wp\/v2\/posts"}],"about":[{"href":"http:\/\/www.affinite.fr\/index.php\/wp-json\/wp\/v2\/types\/post"}],"author":[{"embeddable":true,"href":"http:\/\/www.affinite.fr\/index.php\/wp-json\/wp\/v2\/users\/1"}],"replies":[{"embeddable":true,"href":"http:\/\/www.affinite.fr\/index.php\/wp-json\/wp\/v2\/comments?post=7293"}],"version-history":[{"count":0,"href":"http:\/\/www.affinite.fr\/index.php\/wp-json\/wp\/v2\/posts\/7293\/revisions"}],"wp:featuredmedia":[{"embeddable":true,"href":"http:\/\/www.affinite.fr\/index.php\/wp-json\/wp\/v2\/media\/7294"}],"wp:attachment":[{"href":"http:\/\/www.affinite.fr\/index.php\/wp-json\/wp\/v2\/media?parent=7293"}],"wp:term":[{"taxonomy":"category","embeddable":true,"href":"http:\/\/www.affinite.fr\/index.php\/wp-json\/wp\/v2\/categories?post=7293"},{"taxonomy":"post_tag","embeddable":true,"href":"http:\/\/www.affinite.fr\/index.php\/wp-json\/wp\/v2\/tags?post=7293"}],"curies":[{"name":"wp","href":"https:\/\/api.w.org\/{rel}","templated":true}]}}