{"id":7289,"date":"2021-12-31T19:33:27","date_gmt":"2021-12-31T19:33:27","guid":{"rendered":"https:\/\/www.affinite.fr\/index.php\/2021\/12\/31\/delai-pass-sanitaire-positif-au-covid\/"},"modified":"2021-12-31T19:33:27","modified_gmt":"2021-12-31T19:33:27","slug":"delai-pass-sanitaire-positif-au-covid","status":"publish","type":"post","link":"http:\/\/www.affinite.fr\/index.php\/2021\/12\/31\/delai-pass-sanitaire-positif-au-covid\/","title":{"rendered":"d\u00e9lai, pass sanitaire, positif au Covid\u00a0?"},"content":{"rendered":"<p> [ad_1]<br \/>\n<\/p>\n<p>\n                DOSE DE RAPPEL. Depuis le 28\u00a0d\u00e9cembre, le d\u00e9lai d&rsquo;\u00e9ligibilit\u00e9 de la dose de rappel a \u00e9t\u00e9 r\u00e9duit \u00e0 3\u00a0mois pour tous. La 3eme dose est n\u00e9cessaire pour garder son pass sanitaire valide. Quelle efficacit\u00e9\u00a0de la 3e dose\u00a0? Positif au Covid que faire\u00a0? Peut-on faire Moderna\u00a0apr\u00e8s Pfizer\u00a0? Quels sympt\u00f4mes\u00a0?            <\/p>\n<div>\n<aside class=\"ccmsummary marqueur_module ccmcss_cms_summary ccmcss_cms_summary--right\">\n<p>Sommaire<\/p>\n<\/aside>\n<p><strong><strong>[Mis\u00a0\u00e0 jour le 31 d\u00e9cembre 2021 \u00e0 18h21] <\/strong><\/strong>Le vaccin, et ses rappels,\u00a0continuent d&rsquo;\u00eatre au coeur de la strat\u00e9gie sanitaire du gouvernement. Lors de la conf\u00e9rence de presse de lundi 27\u00a0d\u00e9cembre\u00a0suivant le conseil de d\u00e9fense consacr\u00e9 \u00e0 la progression de la 5e vague, <strong>Jean Castex vient d&rsquo;annoncer que le d\u00e9lai pour recevoir la 3e injection serait r\u00e9duit \u00e0 3 mois,<\/strong> au lieu de 5 initialement (le d\u00e9lai avait d\u00e9j\u00e0 \u00e9t\u00e9 r\u00e9duit \u00e0 4 mois il y a seulement 3 jours). Cette mesure a pris effet d\u00e8s le lendemain, 28 d\u00e9cembre.<\/p>\n<div class=\"ccminsert\">\n<blockquote class=\"twitter-tweet\">\n<p dir=\"ltr\" lang=\"fr\">D\u00e8s demain, il suffira de 3 mois apr\u00e8s votre deuxi\u00e8me injection (ou votre premi\u00e8re si vous avez \u00e9t\u00e9 atteint par la <a href=\"https:\/\/twitter.com\/hashtag\/COVID19?src=hash&amp;ref_src=twsrc%5Etfw\">#COVID19<\/a>) pour pouvoir b\u00e9n\u00e9ficier de votre rappel.<br \/>Des doses sont disponibles partout en France.<br \/><a href=\"https:\/\/www.sante.fr\/\">https:\/\/t.co\/sGpUtk5csy<\/a><\/p>\n<p>\u2014 Jean Castex (@JeanCASTEX) <a href=\"https:\/\/twitter.com\/JeanCASTEX\/status\/1475537115022872588?ref_src=twsrc%5Etfw\">December 27, 2021<\/a><\/p><\/blockquote>\n<\/div>\n<p>Pourtant, il y a quelques jours, le 22 d\u00e9cembre,\u00a0Tedros Adhanom Ghebreyesus, le directeur g\u00e9n\u00e9ral de l&rsquo;OMS, d\u00e9clarait : \u00ab\u00a0<em>Aucun pays ne pourra se sortir de la pand\u00e9mie \u00e0 coups de doses de rappel et les rappels ne sont pas un feu vert pour c\u00e9l\u00e9brer comme on l&rsquo;avait pr\u00e9vu<\/em>\u00ab\u00a0.\u00a0<strong>120 pays ont commenc\u00e9 leur campagne de rappel vaccinale<\/strong>. Dont la France.\u00a0Le 30\u00a0d\u00e9cembre,\u00a0<strong>\u00a024\u00a0119\u00a0798<\/strong>\u00a0personnes avaient d\u00e9j\u00e0 re\u00e7u une dose de rappel en France. Pour lutter contre Omicron, la HAS a \u00e9galement recommand\u00e9\u00a0la vaccination des adolescents fragiles de 12\u00a0\u00e0 17\u00a0ans.\u00a0Ce nouveau variant venu d&rsquo;Afrique du Sud est d\u00e9sormais\u00a0<strong>dominant <\/strong>en France et celui-ci semble trois plus contagieux que le variant Delta bien que ses sympt\u00f4mes soient plus l\u00e9gers.\u00a0A la mi d\u00e9cembre, Jean Castex avait ainsi indiqu\u00e9\u00a0:\u00a0<em>\u00ab\u00a0Les premi\u00e8res donn\u00e9es scientifiques dont nous disposons montrent qu&rsquo;avec deux doses, le vaccin semble efficace \u00e0 70% contre les formes graves de Omicron, ce qui est d\u00e9j\u00e0 tr\u00e8s important. Avec trois doses ou l&rsquo;\u00e9quivalent, cette barri\u00e8re de protection augmente fortement et d\u00e9passe de nouveau les 90%\u00a0\u00bb.<\/em>\u00a0Quoi qu&rsquo;il en soit, <strong>\u00e0\u00a0compter du 15\u00a0janvier 2022, les personnes de plus de 18\u00a0ans devront justifier d&rsquo;un rappel vaccinal, sept mois apr\u00e8s leur derni\u00e8re injection ou infection, pour que leur\u00a0\u00a0\u00bb pass sanitaire \u00a0\u00bb soit prolong\u00e9.<\/strong>\u00a0Le pass sanitaire, sera par ailleurs transform\u00e9 en pass vaccinal afin d&rsquo;accentuer encore la vaccination contre le coronavirus en France. Pour faire le rappel, la prise de RDV est possible\u00a0sur Doctolib, Maiia, Keldoc, Vite ma Dose. <strong>Les plus de\u00a0de 65\u00a0ans peuvent\u00a0se faire vacciner sans rendez-vous<\/strong> <strong>dans n&rsquo;importe quel centre de vaccination<\/strong>.\u00a0Qui doit faire 3\u00a0doses\u00a0?<strong> Combien de temps apr\u00e8s la seconde injection<\/strong> ? Avec quel vaccin\u00a0?\u00a0Pfizer ou Moderna\u00a0?\u00a0Quels sont les potentiels effets secondaires\u00a0?<\/p>\n<h2 id=\"quelle-est-efficacite-de-la-3e-dose\">Quelle est l&rsquo;efficacit\u00e9 de la 3e dose\u00a0? Contre Omicron ?<\/h2>\n<blockquote>\n<p style=\"text-align: right;\">La dose de rappel\u00a0permet de r\u00e9tablir une r\u00e9ponse immunitaire vis-\u00e0-vis du variant Omicron.<\/p>\n<\/blockquote>\n<p>Selon <a href=\"https:\/\/solidarites-sante.gouv.fr\/actualites\/presse\/dossiers-de-presse\/article\/conseil-scientifique-covid-19\" target=\"_blank\" rel=\"noopener\">l&rsquo;avis du Conseil scientifique du 16\u00a0d\u00e9cembre 2021<\/a>, la dose de rappel (3\u00e8me dose) permet de r\u00e9tablir une r\u00e9ponse immunitaire vis-\u00e0-vis du variant Omicron. <strong>Elle prot\u00e8ge, probablement \u00e0 un bon niveau, contre la survenue de formes s\u00e9v\u00e8res et graves mais ne prot\u00e8ge que partiellement contre l&rsquo;infection au variant Omicron.\u00a0<\/strong>Les premi\u00e8res estimations d&rsquo;efficacit\u00e9 vaccinale en vie r\u00e9elle\u00a0ont document\u00e9 une protection contre les formes symptomatiques d&rsquo;infection au variant Omicron du SARS-CoV-2\u00a0passant de 80% 1-2\u00a0mois \u00e0 34% 4\u00a0mois apr\u00e8s la deuxi\u00e8me dose d&rsquo;un vaccin Pfizer, pour remonter \u00e0 75% deux semaines apr\u00e8s une dose de rappel. Selon la Haute Autorit\u00e9 de Sant\u00e9, la dose de rappel permet de<strong> relever l&rsquo;efficacit\u00e9 vaccinale sur les cas d&rsquo;infection et les formes s\u00e9v\u00e8res<\/strong>. <em>\u00ab\u00a0Les donn\u00e9es d&rsquo;efficacit\u00e9 observ\u00e9es en vie r\u00e9elle\u00a0concernant une dose de rappel du vaccin Comirnaty\u00ae administr\u00e9e tout d&rsquo;abord chez les personnes de 60\u00a0ans ou plus vaccin\u00e9es avec deux doses au moins cinq mois auparavant montrent\u00a0une <strong>diminution <\/strong>du risque d&rsquo;infection par la Covid-19\u00a0(&#8230;),<strong> des cas d&rsquo;infections 11,3\u00a0fois moins \u00e9lev\u00e9s <\/strong>et des<strong> cas de formes graves 19,5\u00a0fois moins \u00e9lev\u00e9s <\/strong>parmi les personnes ayant eu une dose de rappel que chez celles n&rsquo;en ayant pas b\u00e9n\u00e9fici\u00e9\u00a0\u00bb.\u00a0<\/em>L&rsquo;efficacit\u00e9 de la 3e dose est observ\u00e9e dans <strong>un court d\u00e9lai<\/strong> (r\u00e9ponse immunologique tr\u00e8s forte en quelques jours, <strong>protection clinique significative clairement montr\u00e9e \u00e0 partir du 7e jour<\/strong>)\u00a0a pr\u00e9cis\u00e9 le Conseil scientifique du Covid dans un Avis du 22\u00a0novembre.\u00a0L&rsquo;administration d&rsquo;une dose de rappel <strong>diminuerait \u00e9galement la charge virale <\/strong>et de fait, probablement la <strong>contagiosit\u00e9 <\/strong>des personnes d\u00e9veloppant une infection par le SARS-CoV-2.<\/p>\n<div class=\"ccminsert\">\n<blockquote class=\"twitter-tweet\">\n<p dir=\"ltr\" lang=\"fr\">Voici les premi\u00e8res donn\u00e9es fran\u00e7aises sur l&rsquo;effet protecteur du rappel de la vaccination. Moins de cas graves, moins d&rsquo;hospitalisations, quel que soit l&rsquo;\u00e2ge. Tous vaccin\u00e9s, tous prot\u00e9g\u00e9s. <a href=\"https:\/\/twitter.com\/olivierveran\/status\/1465659973912961025\/photo\/1\">pic.twitter.com\/JCYwDRtDPY<\/a><\/p>\n<p>\u2014 Olivier V\u00e9ran (@olivierveran) <a href=\"https:\/\/twitter.com\/olivierveran\/status\/1465659973912961025?ref_src=twsrc%5Etfw\">November 30, 2021<\/a><\/p><\/blockquote>\n<\/div>\n<div style=\"text-align:center\">\n<figure class=\"image\" style=\"display:inline-block\"><a class=\"fancy\" href=\"https:\/\/img-3.journaldesfemmes.fr\/U4uM0hWtkiOv2lxKbmxLOJqBMS4=\/1080x\/smart\/2902a557b5fa4c099b3c534a230c08df\/ccmcms-jdf\/29765086.jpg\" target=\"_blank\" rel=\"noopener\"><img decoding=\"async\" alt=\"Efficacit\u00e9 vaccinale covid\" src=\"https:\/\/img-3.journaldesfemmes.fr\/elR6JdgEwgSxwUuDSRKMr7xQs00=\/450x\/smart\/2902a557b5fa4c099b3c534a230c08df\/ccmcms-jdf\/29765086.jpg\"\/><\/a><figcaption data-credit=\"Capture FranceInfo\" data-legend=\"Courbe de la baisse de l'efficacit\u00e9 vaccinale\">Courbe de la baisse de l&rsquo;efficacit\u00e9 vaccinale <small>\u00a9\u00a0Capture FranceInfo<\/small><\/figcaption><\/figure>\n<\/div>\n<h2 id=\"quel-delai-entre-la-2e-et-la-3e-dose\">Quel d\u00e9lai entre la 2e et la 3e dose\u00a0?<\/h2>\n<p>Le ministre des Solidarit\u00e9s de la Sant\u00e9 Olivier V\u00e9ran et le Premier ministre Jean Castex ont\u00a0annonc\u00e9 le\u00a027\u00a0d\u00e9cembre <strong>la r\u00e9duction du d\u00e9lai d&rsquo;\u00e9ligibilit\u00e9 \u00e0 la dose de rappel \u00e0 3<\/strong>\u00a0<strong>mois<\/strong>.\u00a0Le d\u00e9lai \u00e9tait initialement de 5 mois puis 4\u00a0mois.\u00a0La\u00a0<strong>Haute autorit\u00e9 de sant\u00e9 avait recommand\u00e9 que le d\u00e9lai entre la 2eme et la 3eme dose soit r\u00e9duit \u00e0 seulement 3\u00a0mois<\/strong>.\u00a0Une acc\u00e9l\u00e9ration de la campagne vaccinale due \u00e0\u00a0la lutte contre la propagation du variant Omicron.\u00a0<\/p>\n<p>Cette dose de rappel du vaccin contre le Covid-19\u00a0sera n\u00e9cessaire pour activer son pass sanitaire \u00e0 compter du 15\u00a0janvier. Avancer l&rsquo;\u00e9ligibilit\u00e9 du rappel \u00e0 3\u00a0mois fait suite \u00e0 une recommandation de la Haute autorit\u00e9 de Sant\u00e9 qui s&rsquo;est bas\u00e9e sur les estimations d\u00e9taill\u00e9es ci-dessus.\u00a0Elle avait \u00e9galement pris en compte des travaux sugg\u00e9rant que l&rsquo;administration tr\u00e8s rapide d&rsquo;une dose de rappel \u00e0 la majorit\u00e9 de la population adulte pourrait r\u00e9duire de\u00a015\u00a0% la mortalit\u00e9 associ\u00e9e au variant Omicron.<\/p>\n<p>\u25ba<strong> Est consid\u00e9r\u00e9e comme compl\u00e8tement vaccin\u00e9e : une personne ayant re\u00e7u sa derni\u00e8re dose depuis plus de 7 jours (avec Pfizer, Moderna ou AstraZeneca) ou plus de 28\u00a0jours avec Janssen<\/strong>, indique le gouvernement sur son site <a href=\"https:\/\/mesconseilscovid.sante.gouv.fr\/cas-contact-a-risque.html\" target=\"_blank\" rel=\"noopener\">MesConseilsCovid.<\/a><\/p>\n<table align=\"center\" border=\"1\" cellpadding=\"1\" cellspacing=\"1\" style=\"width:100%;\">\n<thead>\n<tr>\n<th scope=\"col\" style=\"width: 543px;\">Au moins 3 mois apr\u00e8s la derni\u00e8re injection du sch\u00e9ma initial (depuis le 28 d\u00e9cembre 2021)<\/th>\n<th scope=\"col\" style=\"width: 452px;\">Au moins 4 semaines apr\u00e8s la derni\u00e8re injection du sch\u00e9ma initial et jusqu&rsquo;\u00e0 2 mois pour conserver le pass sanitaire<\/th>\n<\/tr>\n<\/thead>\n<tbody>\n<tr>\n<td style=\"width: 543px;\">\n<ul>\n<li>Les personnes de plus de 18 ans<\/li>\n<li>Les r\u00e9sidents des EHPAD et des USLD\u00a0;<\/li>\n<li>Les personnes \u00e0 tr\u00e8s haut risque de forme grave\u00a0;<\/li>\n<li>Les personnes atteintes de comorbidit\u00e9(s)\u00a0;<\/li>\n<li>Les personnes s\u00e9v\u00e8rement immunod\u00e9prim\u00e9es. \u00c0 noter que pour cette derni\u00e8re cat\u00e9gorie, l&rsquo;administration de la dose de rappel peut \u00eatre r\u00e9alis\u00e9e dans un d\u00e9lai inf\u00e9rieur \u00e0 6\u00a0mois (mais d&rsquo;au moins 3\u00a0mois), d\u00e8s lors qu&rsquo;il est jug\u00e9 par l&rsquo;\u00e9quipe m\u00e9dicale qu&rsquo;elle permettrait d&rsquo;am\u00e9liorer la r\u00e9ponse immunitaire.<\/li>\n<li>Les professionnels de sant\u00e9\u00a0;<\/li>\n<li>L&rsquo;ensemble des salari\u00e9s du secteur de la sant\u00e9 et du secteur m\u00e9dico-social\u00a0;<\/li>\n<li>Les aides \u00e0 domicile intervenant aupr\u00e8s de personnes vuln\u00e9rables\u00a0;<\/li>\n<li>Les professionnels du transport sanitaire, ainsi que les pompiers\u00a0;<\/li>\n<li>Les personnes de l&rsquo;entourage des immunod\u00e9prim\u00e9s, uniquement chez les adultes \u00e2g\u00e9s de plus de 18\u00a0ans.<\/li>\n<\/ul>\n<\/td>\n<td style=\"width: 452px;\">\n<p>Les personnes ayant re\u00e7u le vaccin Janssen. (La dose de vaccin \u00e0 ARNm recommand\u00e9e pour les personnes ayant re\u00e7u une dose de vaccin Janssen est ainsi comptabilis\u00e9e dans les doses de rappel, indique Sant\u00e9 publique France)<\/p>\n<\/td>\n<\/tr>\n<\/tbody>\n<\/table>\n<h2>D\u00e9sactivation du pass sanitaire : quand et pour qui ?<\/h2>\n<p>Face au rebond \u00e9pid\u00e9mique en France, <strong>le gouvernement a annonc\u00e9 la g\u00e9n\u00e9ralisation de la dose de rappel \u00e0 tous les adultes \u00e0 partir de 18\u00a0ans depuis le samedi 27 novembre. Le maintien du pass sanitaire sera conditionn\u00e9 \u00e0 la dose de rappel pour tous les adultes d\u00e8s le 15 janvier 2022. Et pour les plus de 65 ans et ceux vaccin\u00e9s avec Janssen c&rsquo;est depuis le 15 d\u00e9cembre.\u00a0<\/strong>En th\u00e9orie, il n&rsquo;y a pas d&rsquo;obligation vaccinale concernant la 3e dose du vaccin contre le Covid. Mais une forte incitation \u00e0 la r\u00e9aliser<strong> pour les personnes qui veulent conserver leur pass sanitaire<\/strong>.<em>\u00a0<\/em><\/p>\n<ul>\n<li><strong>Apr\u00e8s le 15 d\u00e9cembre 2021 : -&gt;\u00a0<\/strong>si vous avez\u00a0<strong>65\u00a0ans ou plus<\/strong>\u00a0et que votre derni\u00e8re\u00a0<strong>injection<\/strong>\u00a0(ou votre derni\u00e8re\u00a0<strong>infection<\/strong>\u00a0\u00e0 la Covid) date de plus de\u00a0<strong>7\u00a0mois<\/strong>, alors votre pass sanitaire sera d\u00e9sactiv\u00e9. Pour prolonger sa validit\u00e9, vous devrez recevoir votre rappel vaccinal (dit 3<sup>e<\/sup>\u00a0dose).<br \/><strong>-&gt;\u00a0<\/strong>quel que soit votre \u00e2ge, si vous avez re\u00e7u le\u00a0<strong>vaccin Janssen<\/strong>\u00a0depuis plus de\u00a0<strong>1\u00a0mois et 4\u00a0semaines,<\/strong>\u00a0alors votre pass sanitaire sera d\u00e9sactiv\u00e9. Pour prolonger sa validit\u00e9, vous devrez recevoir votre rappel vaccinal.<\/li>\n<li><strong>Apr\u00e8s le 15 janvier 2022 :\u00a0<\/strong>si vous avez entre\u00a0<strong>18\u00a0et 64\u00a0ans<\/strong>\u00a0et que votre derni\u00e8re\u00a0<strong>injection<\/strong>\u00a0(ou votre derni\u00e8re\u00a0<strong>infection<\/strong>\u00a0\u00e0 la Covid) date de plus de\u00a0<strong>7\u00a0mois<\/strong>, alors votre pass sanitaire sera d\u00e9sactiv\u00e9. Pour prolonger sa validit\u00e9, vous devrez recevoir votre rappel vaccinal (dit 3<sup>e<\/sup>\u00a0dose).<\/li>\n<\/ul>\n<figure class=\"image\" style=\"float:right\"><a class=\"fancy\" href=\"https:\/\/img-3.journaldesfemmes.fr\/rhByVy-EPi4yTz198FjaV9JtBdM=\/1080x\/smart\/a91c7664401247c0b5f9699efaa18cf4\/ccmcms-jdf\/29762846.jpg\" target=\"_blank\" rel=\"noopener\"><img decoding=\"async\" alt=\"Capture Doctolib\" src=\"https:\/\/img-3.journaldesfemmes.fr\/-dWhUbwYDpRMAkQCGZdZlOEcSkk=\/450x\/smart\/a91c7664401247c0b5f9699efaa18cf4\/ccmcms-jdf\/29762846.jpg\"\/><\/a><figcaption data-credit=\"Capture Doctolib\" data-legend=\"Date de rappel \">Date de rappel <small>\u00a9\u00a0Capture Doctolib<\/small><\/figcaption><\/figure>\n<h2 id=\"ou-trouver-la-date-de-sa-derniere-injection-\">O\u00f9 trouver la date de sa derni\u00e8re injection ?<\/h2>\n<p>La date de votre derni\u00e8re injection est visible sur votre pass sanitaire, que ce soit en version papier ou sur TousAntiCovid, dans l&rsquo;onglet <strong>\u00ab\u00a0Carnet\u00a0\u00bb.<\/strong> Sous le QR code (en mode fronti\u00e8re), il y a \u00e9crit <strong>la date des injections<\/strong> (en dessous de la date de naissance). Par exemple, une personne qui a re\u00e7u sa derni\u00e8re injection le 23 juillet 2021 pourra recevoir sa dose de rappel \u00e0 partir du 23 d\u00e9cembre 2021.\u00a0<\/p>\n<p><strong>Toutes les personnes qui font leur rappel disposent d&rsquo;un nouveau QR Code, qui devient valide 7\u00a0jours apr\u00e8s leur injection s&rsquo;il s&rsquo;agit d&rsquo;une deuxi\u00e8me dose, ou imm\u00e9diatement s&rsquo;il s&rsquo;agit d&rsquo;une 3e dose ou plus.\u00a0Vous recevrez une notification le jour o\u00f9 il devient valide.\u00a0<\/strong>Pour les personnes qui font leur rappel dans les d\u00e9lais, le QR code g\u00e9n\u00e9r\u00e9 au moment de leur pr\u00e9c\u00e9dente vaccination restera actif pendant 7\u00a0jours de fa\u00e7on \u00e0 garantir qu&rsquo;elles disposent \u00e0 tout moment d&rsquo;un\u00a0pass\u00a0valide.\u00a0Pour les personnes qui ne font pas leur rappel dans les d\u00e9lais requis, leur QR code sera d\u00e9sactiv\u00e9 automatiquement et leur passe sanitaire ne sera plus valable.\u00a0<\/p>\n<h2 id=\"qui-sont-les-personnes-concernees-par-la-3e-dose-\">Qui doit faire une 3e dose de vaccin\u00a0?<\/h2>\n<figure class=\"image\" style=\"float:right\"><a class=\"fancy\" href=\"https:\/\/img-3.journaldesfemmes.fr\/37xYMUrI6XtlAa9uk1FqY-1wyf0=\/1080x\/smart\/92f923a03b9f434893a26aea0643b6cb\/ccmcms-jdf\/29764672.png\"><img decoding=\"async\" alt=\"3e dose : pour qui\" src=\"https:\/\/img-3.journaldesfemmes.fr\/-vlwnzIpHkCAuU556T91ip7RUzo=\/600x\/smart\/92f923a03b9f434893a26aea0643b6cb\/ccmcms-jdf\/29764672.png\"\/><\/a><figcaption data-credit=\"Capture FranceInfo\" data-legend=\"Pour qui est la dose de rappel ?\">Pour qui est la dose de rappel ? <small>\u00a9\u00a0Capture FranceInfo<\/small><\/figcaption><\/figure>\n<p><strong>Les populations \u00e9ligibles \u00e0 un rappel vaccinal sont :<\/strong><\/p>\n<ul>\n<li>Les personnes de plus de 18 ans<\/li>\n<li>Les r\u00e9sidents des EHPAD et des USLD\u00a0;<\/li>\n<li>Les personnes \u00e0 tr\u00e8s haut risque de forme grave\u00a0;<\/li>\n<li>Les personnes pr\u00e9sentant des pathologies facteurs de risque de forme grave, selon la classification \u00e9tablie par la Haute Autorit\u00e9 de sant\u00e9\u00a0;<\/li>\n<li>Les personnes s\u00e9v\u00e8rement immunod\u00e9prim\u00e9es\u00a0;<\/li>\n<li>Les personnes ayant re\u00e7u le vaccin Covid-19\u00a0Janssen.<\/li>\n<li>les professionnels de sant\u00e9, l&rsquo;ensemble des salari\u00e9s du secteur de la sant\u00e9 et du secteur m\u00e9dico-social, les aides \u00e0 domicile intervenant aupr\u00e8s de personnes vuln\u00e9rables, les professionnels du transport sanitaire et les pompiers, quel que soit leur \u00e2ge\u00a0;<\/li>\n<li>les proches (de plus de 18\u00a0ans) de personnes immunod\u00e9prim\u00e9es.<\/li>\n<\/ul>\n<h2 id=\"quelles-sont-les-regles-pour-les-personnes-de-65-ans-\">Obligatoire pour les personnes de 65 ans ?<\/h2>\n<p>Le 15\u00a0d\u00e9cembre, les personnes \u00e2g\u00e9es de 65 ans et plus\u00a0<strong>ayant re\u00e7u une deuxi\u00e8me dose, depuis plus de six mois et cinq semaines<\/strong>, doivent avoir fait leur rappel pour conserver leur pass sanitaire. Concr\u00e8tement :<\/p>\n<ul>\n<li><strong>les personnes de 65\u00a0ans et plus\u00a0ayant eu leur derni\u00e8re dose de vaccin avant le 17\u00a0mai <\/strong>doivent avoir fait leur rappel au 15\u00a0d\u00e9cembre pour que leur\u00a0\u00ab\u00a0pass\u00a0\u00bb\u00a0ne soit pas d\u00e9sactiv\u00e9, puisqu&rsquo;elles auront pass\u00e9 \u00e0 cette date les d\u00e9lais de 6\u00a0mois pour \u00eatre \u00e9ligibles au rappel et de 4\u00a0semaines pour r\u00e9aliser ce rappel.<\/li>\n<li><strong>Celles ayant eu leur derni\u00e8re dose de vaccin apr\u00e8s le 18\u00a0mai <\/strong>doivent avoir fait leur rappel dans un d\u00e9lai de 6\u00a0mois minimum et 4\u00a0semaines au-del\u00e0 maximum, sauf \u00e0 perdre le b\u00e9n\u00e9fice de leur certificat de vaccination.<\/li>\n<li><strong>Les personnes vaccin\u00e9es avec le Janssen ayant eu leur monodose avant le 17\u00a0octobre<\/strong>, doivent avoir fait leur injection additionnelle au 15\u00a0d\u00e9cembre pour que leur certificat de vaccination ne soit pas d\u00e9sactiv\u00e9, puisqu&rsquo;elles ont pass\u00e9 \u00e0 cette date le d\u00e9lai de 1\u00a0mois pour \u00eatre \u00e9ligibles au rappel et de 4\u00a0semaines pour r\u00e9aliser ce rappel.<\/li>\n<\/ul>\n<p><strong>Les personnes qui pr\u00e9sentent une contre-indication \u00e0 la vaccination<\/strong> doivent faire \u00e9tablir <strong>un certificat de contre-indication par leur m\u00e9decin traitant ou par un m\u00e9decin sp\u00e9cialiste<\/strong>, valable pour b\u00e9n\u00e9ficier d&rsquo;un pass\u00a0sanitaire valide. Seules les personnes ayant b\u00e9n\u00e9fici\u00e9 d&rsquo;une contre-indication reconnue pour l&rsquo;administration des deux premi\u00e8res doses peuvent faire valoir une contre-indication pour la dose de rappel si elles y sont \u00e9ligibles. Leur passe sanitaire restera valable apr\u00e8s le 15\u00a0d\u00e9cembre\u00a02021.<\/p>\n<h2 id=\"est-elle-obligatoire-pour-les-soignants-et-professionnels-de-sante\">Obligatoire pour les soignants et professionnels de sant\u00e9\u00a0?<\/h2>\n<p>Lors d&rsquo;une interview\u00a0sur France Inter le 18 d\u00e9cembre 2021, Olivier V\u00e9ran, ministre de la Sant\u00e9, a\u00a0annonc\u00e9 le <em>\u00ab\u00a0renforcement de l&rsquo;obligation vaccinale des soignants et des pompiers en int\u00e9grant la troisi\u00e8me dose \u00e0 partir du 30\u00a0janvier\u00a0\u00bb.\u00a0\u00ab\u00a0Nous ne voulons pas comme en \u00c9cosse avoir 25\u00a0% \u00e0 30\u00a0% des soignants qui ne pourraient pas travailler parce qu&rsquo;ils seraient tous cas contacts et donc en quarantaine\u00a0\u00bb<\/em>, a-t-il justifi\u00e9 en expliquant que <em>\u00ab\u00a0plusieurs clusters hospitaliers du variant Omicron\u00a0\u00a0\u00bb ont \u00e9t\u00e9 d\u00e9tect\u00e9s en r\u00e9gion parisienne.\u00a0\u00bb\u00a0<\/em>Dans un\u00a0<a href=\"https:\/\/www.has-sante.fr\/jcms\/p_3290677\/fr\/covid-19-la-has-elargit-le-perimetre-de-la-dose-de-rappel\" rel=\"noopener\" target=\"_blank\" title=\"Covid-19 : la HAS \u00e9largit le p\u00e9rim\u00e8tre de la dose de rappel - Haute Autorit\u00e9 de sant\u00e9 (HAS) - Nouvelle fen\u00eatre\">communiqu\u00e9 du 6\u00a0octobre 2021\u00a0concernant la dose de rappel du vaccin anti-Covid<\/a>, la Haute Autorit\u00e9 de sant\u00e9 (HAS) recommandait <strong>d&rsquo;\u00e9tendre\u00a0ce\u00a0rappel\u00a0\u00e0 l&rsquo;ensemble des\u00a0professionnels\u00a0<\/strong>prenant en charge ou accompagnant des personnes vuln\u00e9rables\u00a0<strong>(soignants, transports sanitaires et professionnels du secteur m\u00e9dico-social)<\/strong>.<\/p>\n<h2 id=\"est-elle-obligatoire-pour-les-femmes-enceintes-\">Obligatoire pour les femmes enceintes ?<\/h2>\n<p>Non, la dose de rappel n&rsquo;est pas obligatoire pour les femmes enceintes. N\u00e9anmoins, le Coll\u00e8ge national des gyn\u00e9cologues et obst\u00e9triciens fran\u00e7ais et le Groupe de recherche sur les infections pendant la grossesse recommandent, ce mercredi 17\u00a0novembre, une dose de rappel <strong>pour les femmes enceintes<\/strong>, notamment en raison de \u00ab\u00a0<strong>leur vuln\u00e9rabilit\u00e9<\/strong>\u00ab\u00a0.\u00a0Et ce,\u00a0<em>\u00ab\u00a0quel que soit le terme de la grossesse, lorsque le sch\u00e9ma initial date de plus de 6\u00a0mois\u00a0\u00bb<\/em>,<em>\u00a0<\/em>ont-ils pr\u00e9cis\u00e9.<\/p>\n<h2 id=\"avec-le-vaccin-pfizer-ou-moderna\">Quel vaccin pour la 3e dose\u00a0?<\/h2>\n<p>Les vaccins de Pfizer et Moderna ont re\u00e7u une extension de leur autorisation de mise sur le march\u00e9 pour le rappel, de l&rsquo;Agence europ\u00e9enne des m\u00e9dicaments (EMA). Moderna a obtenu une extension d&rsquo;indication\u00a0le 25\u00a0octobre\u00a0pour l&rsquo;administration d&rsquo;une dose de rappel \u00e0 50\u00a0\u00b5g (demi-dose) chez les personnes \u00e2g\u00e9es de 18\u00a0ans et plus.\u00a0<em>\u00ab\u00a0Spikevax\u00ae (Moderna) et Comirnaty\u00ae\u00a0de Pfizer sont deux vaccins s\u00fbrs et efficaces mais les \u00e9tudes montrent une l\u00e9g\u00e8re sup\u00e9riorit\u00e9 de Spikevax\u00ae en termes d&rsquo;efficacit\u00e9 et des<strong> risques plus faibles de myocardite pour Comirnaty<\/strong>\u00ae, en particulier pour les personnes de moins de 30\u00a0ans\u00a0\u00bb<\/em> indique la <a href=\"https:\/\/www.has-sante.fr\/jcms\/p_3297260\/fr\/covid-19-la-has-precise-la-place-de-spikevax-dans-la-strategie-vaccinale\" target=\"_blank\" rel=\"noopener\">HAS<\/a>\u00a0dans un Avis du 8\u00a0novembre 2021. La HAS recommande ainsi\u00a0:<\/p>\n<p>\u25ba <strong>Pour les\u00a0moins de 30\u00a0ans\u00a0:<\/strong>\u00a0de faire sa dose de rappel avec le<strong>\u00a0vaccin Comirnaty\u00ae (Pfizer)<\/strong>. \u00ab\u00a0<em>Dans la population de moins de 30\u00a0ans, le risque de myocardite appara\u00eet environ 5\u00a0fois moindre pour le vaccin Comirnaty\u00ae de Pfizer comparativement au vaccin Spikevax\u00ae de Moderna (100\u00a0\u00b5g) chez les 12-29\u00a0ans<\/em>\u00ab\u00a0, pr\u00e9cise la HAS dans son communiqu\u00e9.\u00a0<\/p>\n<p>\u25ba <strong>Pour les\u00a0plus de 30\u00a0ans\u00a0: de faire sa dose de rappel avec le vaccin de Pfizer ou de Moderna. <\/strong><em>\u00ab\u00a0Celui-ci se r\u00e9v\u00e8le particuli\u00e8rement int\u00e9ressant pour les personnes \u00e0 risque de forme grave de Covid-19\u00a0\u00bb <\/em>note la HAS qui recommande l&rsquo;administration d&rsquo;une demi-dose\u00a0 pour le rappel\u00a0(<strong>50\u00a0\u00b5g d&rsquo;ARN au lieu de 100\u00a0en primo-vaccination<\/strong>).\u00a0<\/p>\n<h2 id=\"peut-on-melanger-pfizer-et-moderna\">Peut-on m\u00e9langer Pfizer et Moderna\u00a0?\u00a0<\/h2>\n<p>Il est tout \u00e0 fait possible de recevoir une dose de rappel diff\u00e9rente du parcours vaccinal initial. En France, \u00ab\u00a0<em><strong>les rappels vaccinaux sont effectu\u00e9s uniquement avec des vaccins \u00e0 ARNm (Pfizer-BioNTech ou Moderna).<\/strong>\u00a0Ces deux vaccins peuvent \u00eatre utilis\u00e9s quel que soit le vaccin utilis\u00e9 dans le cadre du premier sch\u00e9ma vaccinal, mais le vaccin Pfizer est recommand\u00e9 pour les personnes de moins de 30\u00a0ans<\/em>\u00ab\u00a0, d\u00e9taille <a href=\"https:\/\/www.gouvernement.fr\/tout-savoir-sur-le-rappel-vaccinal-contre-la-covid-19\" target=\"_blank\" rel=\"noopener\">le gouvernement<\/a>. Autrement dit, si vous avez eu deux doses de Pfizer, vous pouvez faire votre vaccin avec Moderna (non recommand\u00e9 chez les moins de 30\u00a0ans). <strong>Et inversement.<\/strong> En effet, ces deux vaccins reposent sur la m\u00eame technique\u00a0: celle de l&rsquo;ARN messager.\u00a0\u00ab\u00a0<em>Les preuves provenant d&rsquo;\u00e9tudes sur la vaccination h\u00e9t\u00e9rologue sugg\u00e8rent que <strong>la combinaison de vaccins \u00e0 vecteur viral et de vaccins \u00e0 ARNm produit de bons niveaux d&rsquo;anticorps contre le virus COVID-19\u00a0<\/strong>(SARS-CoV-2) et une r\u00e9ponse des lymphocytes T plus \u00e9lev\u00e9e que l&rsquo;utilisation du m\u00eame vaccin (vaccination homologue) que ce soit dans un sch\u00e9ma primaire ou de rappel. Les r\u00e9gimes h\u00e9t\u00e9rologues ont \u00e9t\u00e9 g\u00e9n\u00e9ralement bien tol\u00e9r\u00e9s<\/em>\u00ab\u00a0, indique l&rsquo;Agence europ\u00e9enne du m\u00e9dicament (EMA) dans <a href=\"https:\/\/www.ema.europa.eu\/en\/news\/ema-ecdc-recommendations-heterologous-vaccination-courses-against-covid-19-mix-match-approach-can-be\" target=\"_blank\" rel=\"noopener\">un communiqu\u00e9 du 7\u00a0d\u00e9cembre 2021<\/a>.\u00a0<\/p>\n<h2 id=\"peut-on-faire-la-3e-dose-avant-6-mois-\">Peut-on faire la 3e dose avant 5 mois ?<\/h2>\n<p><strong>Depuis le 28\u00a0d\u00e9cembre 2021, le rappel vaccinal peut \u00eatre r\u00e9alis\u00e9 d\u00e8s 3\u00a0mois au lieu de 5\u00a0mois apr\u00e8s la deuxi\u00e8me injection, ont<\/strong>\u00a0annonc\u00e9\u00a0Olivier V\u00e9ran et Jean Castex le 27 d\u00e9cembre \u00e0 la suite d&rsquo;un Conseil de d\u00e9fense sanitaire.\u00a0L&rsquo;abaissement du d\u00e9lai fait suite aux recommandations de\u00a0la\u00a0Haute Autorit\u00e9 de Sant\u00e9.\u00a0<strong>La dose de rappel concerne toutes les personnes de 18\u00a0ans et plus, et ayant un sch\u00e9ma vaccinal initial complet.<\/strong><\/p>\n<ul>\n<li>D\u00e8s 3\u00a0mois apr\u00e8s la derni\u00e8re dose du sch\u00e9ma initial ou apr\u00e8s une infection au Covid-19\u00a0si celle-ci a eu lieu apr\u00e8s la vaccination.\u00a0<\/li>\n<li>D\u00e8s 1\u00a0mois pour les personnes vaccin\u00e9es avec Janssen (5\u00a0mois si elles ont d\u00e9j\u00e0 re\u00e7u une dose additionnelle d&rsquo;ARN messager).<\/li>\n<li>D\u00e8s 3\u00a0mois apr\u00e8s la derni\u00e8re injection pour les personnes s\u00e9v\u00e8rement immunod\u00e9prim\u00e9es, sur avis m\u00e9dical.<\/li>\n<\/ul>\n<table border=\"1\" cellpadding=\"1\" cellspacing=\"1\" style=\"width: 1613px;\">\n<thead>\n<tr>\n<th scope=\"col\" style=\"width: 239px;\">Situation<\/th>\n<th scope=\"col\" style=\"width: 650px;\">D\u00e9lai du rappel depuis le 28 d\u00e9cembre<\/th>\n<\/tr>\n<\/thead>\n<tbody>\n<tr>\n<td style=\"width: 239px;\">65\u00a0ans et plus<\/td>\n<td style=\"width: 650px;\">Au bout de 3 mois<\/td>\n<\/tr>\n<tr>\n<td style=\"width: 239px;\">Vaccin\u00e9 avec Janssen<\/td>\n<td style=\"width: 650px;\">\n<p>Les personnes vaccin\u00e9es avec Janssen doivent recevoir une injection additionnelle d\u00e8s 4\u00a0semaines apr\u00e8s leur vaccination, puis une dose de rappel d\u00e8s 3\u00a0mois apr\u00e8s cette derni\u00e8re.<br \/>En cas d&rsquo;infection survenue apr\u00e8s une premi\u00e8re injection Janssen\u00a0:<br \/><img loading=\"lazy\" decoding=\"async\" alt=\"-\" height=\"11\" src=\"https:\/\/solidarites-sante.gouv.fr\/plugins\/site\/themes\/mass_theme_sante\/v1\/puce.gif\" width=\"8\"\/><strong>moins de 15\u00a0jours apr\u00e8s<\/strong>\u00a0: les personnes re\u00e7oivent une dose additionnelle d\u00e8s 4\u00a0semaines puis une dose de rappel \u00e0 partir de 4\u00a0mois apr\u00e8s l&rsquo;infection.<br \/><img loading=\"lazy\" decoding=\"async\" alt=\"-\" height=\"11\" src=\"https:\/\/solidarites-sante.gouv.fr\/plugins\/site\/themes\/mass_theme_sante\/v1\/puce.gif\" width=\"8\"\/>\u00a0<strong>plus de 15\u00a0jours apr\u00e8s<\/strong>\u00a0: les personnes n&rsquo;ont pas besoin de recevoir une dose additionnelle et ne re\u00e7oivent qu&rsquo;une dose de rappel \u00e0 partir de 4\u00a0mois apr\u00e8s l&rsquo;infection.<br \/>Les personnes ayant eu le Covid-19\u00a0avant leur vaccination avec Janssen re\u00e7oivent une dose de rappel d\u00e8s 4\u00a0semaines apr\u00e8s leur injection.<\/p>\n<\/td>\n<\/tr>\n<tr>\n<td style=\"width: 239px;\">Comorbidit\u00e9, entourage de personnes immunod\u00e9prim\u00e9es (18\u00a0\u00e0 64\u00a0ans)<\/td>\n<td style=\"width: 650px;\">Au bout de 3 mois\u00a0<\/td>\n<\/tr>\n<tr>\n<td style=\"width: 239px;\">Professionnels de sant\u00e9, du m\u00e9dico-social, du transport sanitaire, de l&rsquo;aide \u00e0 domicile, ou pompier<\/td>\n<td style=\"width: 650px;\">Au bout de 3\u00a0mois\u00a0<\/td>\n<\/tr>\n<tr>\n<td style=\"width: 239px;\">Personne s\u00e9v\u00e8rement immunod\u00e9prim\u00e9e (+ de 12\u00a0ans)<\/td>\n<td style=\"width: 650px;\">Au moins 3\u00a0mois apr\u00e8s la pr\u00e9c\u00e9dente injection et dans un d\u00e9lai inf\u00e9rieur \u00e0 quatre mois\u00a0<\/td>\n<\/tr>\n<\/tbody>\n<\/table>\n<p>Les vaccins Pfizer et Moderna sont tous les deux bas\u00e9s sur la<strong> technologie de l&rsquo;ARN messager<\/strong>. Mais ils ne sont pas concentr\u00e9s de la m\u00eame mani\u00e8re :\u00a0<\/p>\n<ul>\n<li><strong>Pfizer\u00a0:<\/strong> <strong>30\u00a0\u00b5g<\/strong>\u00a0<strong>d&rsquo;ARNm\u00a0dans 0,3\u00a0ml de solution saline<\/strong> (0,1\u00a0mg\/ml) utilis\u00e9 en dose de rappel.<\/li>\n<li><strong>Moderna :<\/strong>\u00a0la dose de rappel correspond \u00e0 <strong>la moiti\u00e9 de la dose utilis\u00e9e pour le sch\u00e9ma de primovaccination\u00a0<\/strong>soit<strong>\u00a050\u00a0\u00b5g d&rsquo;ARNm\u00a0dans 0,25ml de solution sauf pour les personnes primo-vaccin\u00e9es avec Janssen qui re\u00e7oivent une dose pleine.<\/strong><\/li>\n<\/ul>\n<h2 id=\"qui-sont-les-personnes-concernees-par-la-3e-dose-\">Quels sont les effets secondaires et r\u00e9actions de la 3e dose\u00a0?<\/h2>\n<p>Une \u00e9tude publi\u00e9e par les autorit\u00e9s sanitaires am\u00e9ricaines en septembre 2021 a montr\u00e9 que\u00a0les effets secondaires observ\u00e9s apr\u00e8s une troisi\u00e8me dose de rappel des vaccins anti-Covid de Pfizer et Moderna. Pour le moment, \u00ab\u00a0<strong><em>les doses de rappel sont bien tol\u00e9r\u00e9es<\/em><\/strong>\u00ab\u00a0, indique\u00a0Rochelle Walensky, directrice des CDC am\u00e9ricains\u00a0lors d&rsquo;une conf\u00e9rence de presse.<em>La fr\u00e9quence et le type d&rsquo;effets secondaires \u00e9taient similaires \u00e0 ceux observ\u00e9s apr\u00e8s les deuxi\u00e8mes doses de vaccins, et ils \u00e9taient la plupart du temps l\u00e9gers ou mod\u00e9r\u00e9s, et de courte dur\u00e9e\u00a0\u00bb. <\/em>Parmi les effets secondaires recens\u00e9s par les CDC (plus de 268 000\u00a0participants) :<\/p>\n<ul>\n<li>R\u00e9action au site d&rsquo;injection (pour 79% des r\u00e9pondants) :\u00a0douleur, rougeur, gonflement<\/li>\n<li>Fatigue (pour 74%)<\/li>\n<li>Maux de t\u00eate et douleurs musculaires (pour 55%)<\/li>\n<\/ul>\n<h2 id=\"quelle-est-efficacite-de-la-3e-dose\">Ceux qui ont eu le Covid doivent-ils faire la 3e dose ?<\/h2>\n<p>\u00ab\u00a0<strong><em>Pour ceux qui ont \u00e9t\u00e9 infect\u00e9s, la r\u00e8gle est simple\u00a0: une infection = une injection. Si vous avez \u00e9t\u00e9 infect\u00e9 et que \u00e7a fait plus de 5\u00a0mois\u00a0[3\u00a0mois depuis le 28<\/em><\/strong>\u00a0<strong>d\u00e9cembre<em>] que vous avez eu votre derni\u00e8re injection, faites-vous vacciner\u00a0avec le rappel\u00a0\u00bb<\/em><\/strong>, a indiqu\u00e9\u00a0le ministre Olivier V\u00e9ran le 25 novembre 2021. La<a href=\"https:\/\/www.has-sante.fr\/jcms\/p_3300204\/fr\/covid-19-quel-schema-vaccinal-pour-les-personnes-infectees-avant-ou-apres-une-vaccination\" target=\"_blank\" rel=\"noopener\"> HAS<\/a> avait pourtant inform\u00e9 le\u00a019 novembre\u00a0qu&rsquo;\u00e0 ce stade <strong><em>\u00ab\u00a0quand on a \u00e9t\u00e9 infect\u00e9 (par le covid, ndlr), c&rsquo;est une seule dose apr\u00e8s l&rsquo;infection et pas besoin de rappel\u00a0\u00bb<\/em><\/strong><strong>.<\/strong>\u00a0Et l&rsquo;autorit\u00e9 de pr\u00e9ciser : <em>\u00ab\u00a0Les donn\u00e9es disponibles confirment que<strong> l&rsquo;infection naturelle prot\u00e8ge contre la r\u00e9infection.<\/strong> En cas d&rsquo;infection pr\u00e9alable, une dose de vaccin permet d&rsquo;augmenter le taux d&rsquo;anticorps neutralisants tout en diversifiant la r\u00e9ponse contre les variants, notamment contre le variant Delta. Cet effet est d&rsquo;ailleurs sup\u00e9rieur \u00e0 celui observ\u00e9 apr\u00e8s deux doses de vaccins chez les personnes non pr\u00e9alablement infect\u00e9es. Cette vaccination post-infection est assimilable immunologiquement \u00e0 un rappel vaccinal tardif.\u00a0\u00bb\u00a0<\/em><\/p>\n<p><em>\u25ba\u00a0<\/em><strong>Si vous avez \u00e9t\u00e9 infect\u00e9 par le Covid apr\u00e8s avoir re\u00e7u une ou deux doses de vaccins<\/strong>, la HAS recommande\u00a0:<\/p>\n<ul>\n<li>L&rsquo;administration d&rsquo;une <strong>dose additionnelle 6\u00a0mois apr\u00e8s l&rsquo;infection <\/strong>pour les personnes \u00e9ligibles au rappel et chez qui l&rsquo;infection est survenue apr\u00e8s un sch\u00e9ma vaccinal complet.<\/li>\n<li>L&rsquo;administration d&rsquo;une seconde dose 6\u00a0mois apr\u00e8s l&rsquo;infection pour toutes les personnes chez qui une infection est survenue apr\u00e8s avoir re\u00e7u une premi\u00e8re dose de vaccin (sch\u00e9ma vaccinal incomplet). Cette recommandation est valable quel que soit leur \u00e2ge et quel que soit le d\u00e9lai de survenue de l&rsquo;infection apr\u00e8s cette premi\u00e8re dose.<\/li>\n<\/ul>\n<h2 id=\"peut-on-avoir-la-3e-dose-en-meme-temps-que-le-vaccin-contre-la-grippe\">Peut-on avoir la 3e dose en m\u00eame temps que le vaccin contre la grippe\u00a0?<\/h2>\n<p>La HAS propose, pour \u00e9viter tout retard \u00e0 la vaccination antigrippale et simplifier le parcours vaccinal, de r\u00e9aliser <strong>l&rsquo;administration concomitante des vaccins contre la Covid-19\u00a0<\/strong>et contre la grippe saisonni\u00e8re.\u00a0<\/p>\n<figure class=\"image\" style=\"float:right\"><a class=\"fancy\" href=\"https:\/\/img-3.journaldesfemmes.fr\/crZJJWjddN1pcX4VryKlQWTAkdg=\/1080x\/smart\/974039878e344e11bae7cceed243d65d\/ccmcms-jdf\/27596454.jpg\" target=\"_blank\" rel=\"noopener\"><img decoding=\"async\" alt=\"Inscription 3e dose Doctolib\" src=\"https:\/\/img-3.journaldesfemmes.fr\/3vejhzdntVh7hsVDFI3mT2Tnh8M=\/450x\/smart\/974039878e344e11bae7cceed243d65d\/ccmcms-jdf\/27596454.jpg\"\/><\/a><figcaption data-credit=\"Doctolib\" data-legend=\"Inscription 3e dose \">Inscription 3e dose <small>\u00a9\u00a0Doctolib<\/small><\/figcaption><\/figure>\n<p>Si vous remplissez les crit\u00e8res, vous pouvez prendre rendez-vous d\u00e8s \u00e0 pr\u00e9sent pour une dose de rappel sur les plateformes <strong>Doctolib, Keldoc ou Maiia<\/strong>. Des cr\u00e9neaux vous seront propos\u00e9s en fonction des lieux de vaccination. Il faudra cliquer sur le bouton \u00ab\u00a0<strong>Vous souhaitez r\u00e9server uniquement une troisi\u00e8me injection ou dose de rappel<\/strong>\u00ab\u00a0. Ensuite, il faudra choisir votre vaccin : Pfizer, Moderna ou \u00ab\u00a0sans pr\u00e9f\u00e9rence\u00a0\u00bb.\u00a0Il est \u00e9galement possible de prendre rendez-vous directement chez son m\u00e9decin ou en pharmacie. Depuis\u00a0le\u00a013\u00a0septembre,\u00a0une campagne de rappel cible sp\u00e9cifiquement\u00a0les Ehpad et les USLD. Les r\u00e9sidents n&rsquo;ont pas besoin de prendre RDV. <a href=\"https:\/\/solidarites-sante.gouv.fr\/IMG\/pdf\/questionnaire_vaccination_contre_la_covid-19.pdf\" target=\"_blank\" rel=\"noopener\">Un questionnaire<\/a>\u00a0est\u00a0\u00e0 remplir avant de recevoir l&rsquo;injection de rappel (combien de doses avez-vous re\u00e7ues ? Date de la derni\u00e8re injection ?\u00a0Si vous avez \u00e9t\u00e9 infect\u00e9, si vous avez eu des effets ind\u00e9sirables apr\u00e8s le vaccin&#8230;).<\/p>\n<h2 id=\"ou-faire-la-3e-dose-\">O\u00f9 faire la 3e dose ?<\/h2>\n<p>La dose de rappel est \u00e0 faire au moins 5\u00a0mois apr\u00e8s la derni\u00e8re injection de vaccin. D\u00e8s maintenant, et si ce d\u00e9lai de 5\u00a0mois est respect\u00e9, les personnes concern\u00e9es peuvent prendre le rendez-vous vaccinal\u00a0:<\/p>\n<ul>\n<li>chez le m\u00e9decin traitant (g\u00e9n\u00e9raliste ou sp\u00e9cialiste)<\/li>\n<li>chez le m\u00e9decin du travail<\/li>\n<li>dans une pharmacie<\/li>\n<li>dans un cabinet infirmier ou sage-femme<\/li>\n<li>en centre de vaccination<\/li>\n<li>chez le chirurgien-dentiste<\/li>\n<li>dans un laboratoire de biologie m\u00e9dicale<\/li>\n<li>Pour les personnes r\u00e9sidents dans les \u00e9tablissements pour personnes \u00e2g\u00e9es, la dose de rappel s&rsquo;administre sur place, <strong>pas besoin de se d\u00e9placer<\/strong>.<\/li>\n<\/ul>\n<p>L&rsquo;Assurance Maladie a lanc\u00e9\u00a0une campagne d&rsquo;envoi postal en septembre \u00e0 l&rsquo;ensemble des personnes \u00e2g\u00e9es de 80\u00a0ans et plus leur indiquant la marche \u00e0 suivre pour b\u00e9n\u00e9ficier d&rsquo;une dose de rappel ou d&rsquo;une premi\u00e8re injection. Est \u00e9galement communiqu\u00e9 dans le courrier le num\u00e9ro coupe-file pour obtenir facilement un rendez-vous dans un centre de vaccination. Ce message sera ensuite d\u00e9clin\u00e9 pour les 65-79\u00a0ans et envoy\u00e9 sur leur\u00a0<a href=\"https:\/\/assure.ameli.fr\/PortailAS\/appmanager\/PortailAS\/assure?_somtc=true\" lang=\"fr\" target=\"_blank\" title=\"compte ameli (nouvelle fen\u00eatre)\" xml:lang=\"fr\" rel=\"noopener\">compte Ameli<\/a>.<\/p>\n<h2 id=\"qui-doit-faire-une-4eme-dose-\">Qui doit faire une 4\u00e8me dose ?<\/h2>\n<p>Une quatri\u00e8me dose pour\u00a0<strong>les personnes s\u00e9v\u00e8rement immunod\u00e9prim\u00e9es ayant d\u00e9j\u00e0 re\u00e7u trois doses<\/strong>\u00a0sur avis m\u00e9dical au cours de leur sch\u00e9ma vaccinal initial, indique le <a href=\"https:\/\/solidarites-sante.gouv.fr\/grands-dossiers\/vaccin-covid-19\/je-suis-un-particulier\/dose-de-rappel-covid19\" target=\"_blank\" rel=\"noopener\">minist\u00e8re de la Sant\u00e9<\/a> sur son site internet.\u00a0<\/p>\n<p>Sources :<\/p>\n<div>\n<p>Avis du Conseil scientifique COVID-19\u00a0du 20\u00a0novembre 2021\u00a0&#8211; Modalit\u00e9s d&rsquo;int\u00e9gration du rappel \/ 3e dose dans le passe sanitaire<\/p>\n<\/div>\n<p>Saciuk Y, et al. J Infect Dis. 202\u00a0; 2:jiab556. Effectiveness of a third dose of BNT162b2\u00a0mRNA vaccine<\/p>\n<p>Barda N, et al. Lancet. 2021,29: S0140. Effectiveness of a third dose of the BNT162b2\u00a0mRNA COVID-19\u00a0vaccine for preventing severe outcomes in Israel: an observational study<\/p>\n<p>Hause AM, et al. MMWR Morb Mortal Wkly Rep. 2021\u00a0; 70(39):1379-1384. Safety Monitoring of an Additional Dose of COVID-19\u00a0Vaccine &#8211; United States, August 12-September 19, 2021<\/p>\n<p>Tout savoir sur le rappel vaccinal contre la Covid-19. Gouvernement.fr. 10 novembre 2021.<\/p>\n<p>Communiqu\u00e9 de presse de la Haute autorit\u00e9 de Sant\u00e9, 24 ao\u00fbt 2021.\u00a0<\/p>\n<\/p><\/div>\n<p><script async src=\"http:\/\/platform.twitter.com\/widgets.js\" charset=\"utf-8\"><\/script><br \/>\n<br \/>[ad_2]<br \/>\n<br \/><a href=\"https:\/\/sante.journaldesfemmes.fr\/fiches-maladies\/2738153-3eme-dose-vaccin-delai-3-mois-positif-covid-19-symptomes-pass-sanitaire-efficacite\/\">Source link <\/a><\/p>\n","protected":false},"excerpt":{"rendered":"<p>[ad_1] DOSE DE RAPPEL. Depuis le 28\u00a0d\u00e9cembre, le d\u00e9lai d&rsquo;\u00e9ligibilit\u00e9 de la dose de rappel a \u00e9t\u00e9 r\u00e9duit \u00e0 3\u00a0mois &hellip; <a href=\"http:\/\/www.affinite.fr\/index.php\/2021\/12\/31\/delai-pass-sanitaire-positif-au-covid\/\" class=\"more-link\">Plus <span class=\"screen-reader-text\">d\u00e9lai, pass sanitaire, positif au Covid\u00a0?<\/span> <span class=\"meta-nav\">&rarr;<\/span><\/a><\/p>\n","protected":false},"author":1,"featured_media":7290,"comment_status":"","ping_status":"open","sticky":false,"template":"","format":"standard","meta":{"_sitemap_exclude":false,"_sitemap_priority":"","_sitemap_frequency":"","footnotes":""},"categories":[1],"tags":[],"class_list":["post-7289","post","type-post","status-publish","format-standard","has-post-thumbnail","hentry","category-tous"],"_links":{"self":[{"href":"http:\/\/www.affinite.fr\/index.php\/wp-json\/wp\/v2\/posts\/7289"}],"collection":[{"href":"http:\/\/www.affinite.fr\/index.php\/wp-json\/wp\/v2\/posts"}],"about":[{"href":"http:\/\/www.affinite.fr\/index.php\/wp-json\/wp\/v2\/types\/post"}],"author":[{"embeddable":true,"href":"http:\/\/www.affinite.fr\/index.php\/wp-json\/wp\/v2\/users\/1"}],"replies":[{"embeddable":true,"href":"http:\/\/www.affinite.fr\/index.php\/wp-json\/wp\/v2\/comments?post=7289"}],"version-history":[{"count":0,"href":"http:\/\/www.affinite.fr\/index.php\/wp-json\/wp\/v2\/posts\/7289\/revisions"}],"wp:featuredmedia":[{"embeddable":true,"href":"http:\/\/www.affinite.fr\/index.php\/wp-json\/wp\/v2\/media\/7290"}],"wp:attachment":[{"href":"http:\/\/www.affinite.fr\/index.php\/wp-json\/wp\/v2\/media?parent=7289"}],"wp:term":[{"taxonomy":"category","embeddable":true,"href":"http:\/\/www.affinite.fr\/index.php\/wp-json\/wp\/v2\/categories?post=7289"},{"taxonomy":"post_tag","embeddable":true,"href":"http:\/\/www.affinite.fr\/index.php\/wp-json\/wp\/v2\/tags?post=7289"}],"curies":[{"name":"wp","href":"https:\/\/api.w.org\/{rel}","templated":true}]}}