{"id":7282,"date":"2021-12-29T19:30:34","date_gmt":"2021-12-29T19:30:34","guid":{"rendered":"https:\/\/www.affinite.fr\/index.php\/2021\/12\/29\/benoit-paire-positif-pour-la-250e-fois-a-votre-covid-de-merde\/"},"modified":"2021-12-29T19:30:34","modified_gmt":"2021-12-29T19:30:34","slug":"benoit-paire-positif-pour-la-250e-fois-a-votre-covid-de-merde","status":"publish","type":"post","link":"http:\/\/www.affinite.fr\/index.php\/2021\/12\/29\/benoit-paire-positif-pour-la-250e-fois-a-votre-covid-de-merde\/","title":{"rendered":"Beno\u00eet Paire, positif \u00ab\u00a0pour la 250e fois\u00a0\u00bb \u00e0 \u00ab\u00a0votre Covid de merde\u00a0\u00bb"},"content":{"rendered":"<p> [ad_1]<br \/>\n<br \/><img decoding=\"async\" src=\"https:\/\/img-3.journaldesfemmes.fr\/aerv8HR8adEfWsFUaoJbB-jdK-k=\/1280x\/smart\/173a67b238344292acbce163f5a93c0b\/ccmcms-jdf\/30662783.jpg\" \/><\/p>\n<p>\n                Beno\u00eet Paire a une nouvelle fois \u00e9t\u00e9 contamin\u00e9 au coronavirus et pourrait \u00eatre oblig\u00e9 de renoncer \u00e0 l&rsquo;Open d&rsquo;Australie au mois de janvier. Un nouveau forfait qui a mis en rogne le tennisman&#8230;            <\/p>\n<div>\n<p>La pand\u00e9mie,<strong> Beno\u00eet Paire <\/strong>en a ras-la-raquette. Le tennisman fran\u00e7ais, connu pour ses diff\u00e9rents coups de sang, ne retient jamais longtemps ses \u00e9tats d&rsquo;\u00e2me sur les courts comme sur\u00a0les r\u00e9seaux sociaux&#8230; Il s&rsquo;est donc saisi de son compte Twitter pour \u00e9crire tout ce qu&rsquo;il pensait de la crise sanitaire ce mercredi 29 d\u00e9cembre:<strong>\u00a0\u00ab\u00a0<\/strong><em><strong>Bonjour je m&rsquo;appelle Benoit Paire et pour la 250e fois je suis positif au Covid\u00a0!! Franchement j&rsquo;en peux plus de votre Covid de merde!!\u00a0\u00bb<\/strong>. <\/em>D\u00e9j\u00e0 priv\u00e9 de l&rsquo;US Open\u00a0\u00e0 New York \u00e0 l&rsquo;\u00e9t\u00e9 2020 \u00e0 cause du virus, le sportif de 32 ans voit de nouveau sa pr\u00e9sence compromise \u00e0 l&rsquo;Open d&rsquo;Australie, qui se d\u00e9roule\u00a0du 17 au 30 janvier 2022.\u00a0<\/p>\n<h2>Beno\u00eet Paire, pro-vaccin, ne se sent<em> \u00ab\u00a0pas tr\u00e8s bien\u00a0\u00bb<\/em><\/h2>\n<p>Ulc\u00e9r\u00e9 face\u00a0\u00e0 la crise du <a href=\"https:\/\/sante.journaldesfemmes.fr\/fiches-maladies\/2605417-covid-19-france-coronavirus-chiffres-cas-jauge-bogdanoff-teletravail-autotest-grande-surface\/\" title=\"Covid-19\">coronavirus<\/a>, qui s&rsquo;\u00e9ternise, Beno\u00eet Paire ne supporte plus les p\u00e9riodes de quarantaines impos\u00e9es d&rsquo;un pays \u00e0 l&rsquo;autre. \u00ab\u00a0<em>Comment je vais? \u00c0 cause du Covid<strong> j&rsquo;ai le nez qui coule<\/strong>, mais \u00e0 cause de toutes <strong>ces quarantaines<\/strong> pass\u00e9es<strong> dans une chambre \u00e0 l&rsquo;autre bout du monde,\u00a0je ne me sens pas tr\u00e8s bien dans ma t\u00eate!\u00a0\u00bb,<\/strong><\/em> a \u00e9crit\u00a0l&rsquo;ex-compagnon de Shy&rsquo;m.<\/p>\n<p>Positif \u00e0 la Covid-19, le trentenaire, actuel 46e joueur mondial, doit encore se <a href=\"https:\/\/www.journaldesfemmes.fr\/societe\/actu\/2670599-confinement-nouvelle-vague-corvid-mesures-sanitaires-vaccin-couvre-feu-attal-veran-macron\/\" title=\"Confinement\">confiner<\/a> et vit visiblement plut\u00f4t mal la situation:\u00a0\u00ab\u00a0<em><strong>L&rsquo;ann\u00e9e derni\u00e8re a \u00e9t\u00e9 difficile et cette ann\u00e9e commence de la m\u00eame fa\u00e7on!<\/strong> Ps\u00a0: juste une chose, <strong>le <a href=\"https:\/\/sante.journaldesfemmes.fr\/fiches-sante-du-quotidien\/2503446-vaccin-definition-principe-calendrier-vaccination-obligatoire-rappel-bebe-enfant-adulte-liste\/\" title=\"Vaccins\">vaccin<\/a> je suis pour \u00e0 100%,\u00a0<\/strong>mais dans ce cas revivons comme avant, sinon je ne vois pas l&rsquo;int\u00e9r\u00eat\u00a0\u00bb. <\/em>\u00c7&rsquo;est dit<i>!<\/i><\/p>\n<\/p><\/div>\n<p>[ad_2]<br \/>\n<br \/><a href=\"https:\/\/www.journaldesfemmes.fr\/people\/actus\/2770413-benoit-paire-positif-250e-covid-19-de-merde-coup-de-gueule-twitter\/\">Source link <\/a><\/p>\n","protected":false},"excerpt":{"rendered":"<p>[ad_1] Beno\u00eet Paire a une nouvelle fois \u00e9t\u00e9 contamin\u00e9 au coronavirus et pourrait \u00eatre oblig\u00e9 de renoncer \u00e0 l&rsquo;Open d&rsquo;Australie &hellip; <a href=\"http:\/\/www.affinite.fr\/index.php\/2021\/12\/29\/benoit-paire-positif-pour-la-250e-fois-a-votre-covid-de-merde\/\" class=\"more-link\">Plus <span class=\"screen-reader-text\">Beno\u00eet Paire, positif \u00ab\u00a0pour la 250e fois\u00a0\u00bb \u00e0 \u00ab\u00a0votre Covid de merde\u00a0\u00bb<\/span> <span class=\"meta-nav\">&rarr;<\/span><\/a><\/p>\n","protected":false},"author":1,"featured_media":7283,"comment_status":"","ping_status":"open","sticky":false,"template":"","format":"standard","meta":{"_sitemap_exclude":false,"_sitemap_priority":"","_sitemap_frequency":"","footnotes":""},"categories":[1],"tags":[],"class_list":["post-7282","post","type-post","status-publish","format-standard","has-post-thumbnail","hentry","category-tous"],"_links":{"self":[{"href":"http:\/\/www.affinite.fr\/index.php\/wp-json\/wp\/v2\/posts\/7282"}],"collection":[{"href":"http:\/\/www.affinite.fr\/index.php\/wp-json\/wp\/v2\/posts"}],"about":[{"href":"http:\/\/www.affinite.fr\/index.php\/wp-json\/wp\/v2\/types\/post"}],"author":[{"embeddable":true,"href":"http:\/\/www.affinite.fr\/index.php\/wp-json\/wp\/v2\/users\/1"}],"replies":[{"embeddable":true,"href":"http:\/\/www.affinite.fr\/index.php\/wp-json\/wp\/v2\/comments?post=7282"}],"version-history":[{"count":0,"href":"http:\/\/www.affinite.fr\/index.php\/wp-json\/wp\/v2\/posts\/7282\/revisions"}],"wp:featuredmedia":[{"embeddable":true,"href":"http:\/\/www.affinite.fr\/index.php\/wp-json\/wp\/v2\/media\/7283"}],"wp:attachment":[{"href":"http:\/\/www.affinite.fr\/index.php\/wp-json\/wp\/v2\/media?parent=7282"}],"wp:term":[{"taxonomy":"category","embeddable":true,"href":"http:\/\/www.affinite.fr\/index.php\/wp-json\/wp\/v2\/categories?post=7282"},{"taxonomy":"post_tag","embeddable":true,"href":"http:\/\/www.affinite.fr\/index.php\/wp-json\/wp\/v2\/tags?post=7282"}],"curies":[{"name":"wp","href":"https:\/\/api.w.org\/{rel}","templated":true}]}}