{"id":7266,"date":"2021-12-26T06:23:30","date_gmt":"2021-12-26T06:23:30","guid":{"rendered":"https:\/\/www.affinite.fr\/index.php\/2021\/12\/26\/un-si-grand-soleil-en-avance-resume-de-lepisode-du-lundi-27-decembre-2021-spoilers-news-series-a-la-tv\/"},"modified":"2021-12-26T06:23:30","modified_gmt":"2021-12-26T06:23:30","slug":"un-si-grand-soleil-en-avance-resume-de-lepisode-du-lundi-27-decembre-2021-spoilers-news-series-a-la-tv","status":"publish","type":"post","link":"http:\/\/www.affinite.fr\/index.php\/2021\/12\/26\/un-si-grand-soleil-en-avance-resume-de-lepisode-du-lundi-27-decembre-2021-spoilers-news-series-a-la-tv\/","title":{"rendered":"Un Si Grand Soleil en avance : r\u00e9sum\u00e9 de l\u2019\u00e9pisode du lundi 27 d\u00e9cembre 2021 [SPOILERS] &#8211; News S\u00e9ries \u00e0 la TV"},"content":{"rendered":"<p> [ad_1]<br \/>\n<\/p>\n<p>Dans le prochain \u00e9pisode de \u00ab\u00a0Un Si Grand Soleil\u00a0\u00bb\u2026 Tandis qu&rsquo;Eliott d\u00e9couvre o\u00f9 sont cach\u00e9s les tableaux vol\u00e9s, Maryline d\u00e9cide de boycotter les pr\u00e9paratifs de No\u00ebl cette ann\u00e9e. De leur c\u00f4t\u00e9, Camille et Manu font la paix.<\/p>\n<div id=\"article-content\">\n<figure class=\"article-figure article-main-figure\">\n<img loading=\"lazy\" decoding=\"async\" class=\"article-figure-img\" width=\"654\" height=\"368\" src=\"https:\/\/fr.web.img6.acsta.net\/r_654_368\/newsv7\/21\/12\/24\/16\/57\/2824398.jpg\"\/><figcaption class=\"article-figcaption-copy\">Capture d&rsquo;\u00e9cran\/FTV<\/figcaption><\/figure>\n<p><strong>Attention, les paragraphes qui suivent contiennent des spoilers sur l\u2019\u00e9pisode d\u2019Un Si Grand Soleil diffus\u00e9 lundi soir sur France 2 ! Si vous ne voulez rien savoir, ne lisez pas ce qui suit !<\/strong><\/p>\n<p>Lundi 27 d\u00e9cembre dans\u00a0<a title=\"Un Si Grand Soleil (France) (Soap,Drame)\" href=\"http:\/\/www.allocine.fr\/series\/ficheserie_gen_cserie=23331.html\">Un si grand soleil<\/a>\u2026<\/p>\n<p>Eliott d\u00e9couvre la planque des tableaux<\/p>\n<p>Jos\u00e9 est interrog\u00e9 par Manu. Le policier lui demande qu&rsquo;il connaissait le propri\u00e9taire de la maison cambriol\u00e9e, et Jos\u00e9 admet lui avoir d\u00e9j\u00e0 vendu plusieurs toiles, mais pr\u00e9tend n&rsquo;avoir aucune id\u00e9e de l&rsquo;identit\u00e9 de celui qui aurait pu vouloir s&rsquo;en emparer.\u00a0<\/p>\n<p>Au commissariat, Becker fait le point sur l&rsquo;enqu\u00eate : hormis le fait que la victime a \u00e9t\u00e9 tu\u00e9e d&rsquo;un seul coup de couteau par ce qui semble \u00eatre un professionnel, aucune trace n&rsquo;a \u00e9t\u00e9 trouv\u00e9e dans la maison. Elise, qui a expertis\u00e9 les toiles vol\u00e9es, pr\u00e9cise que ces tableaux sont de petites oeuvres faciles \u00e0 revendre sur le march\u00e9 de l&rsquo;art.<\/p>\n<p>Jos\u00e9 re\u00e7oit la visite de Manu. Il lui demande s\u2019il connait la proprio de la maison cambriol\u00e9e. Il reconnait qu\u2019il lui a vendu des toiles. Manu lui demande s\u2019il a une id\u00e9e de qui a pu lui voler les toiles. Jos\u00e9 ne voit pas et lui propose de lister les toiles pour qu\u2019il cherche. Manu agac\u00e9 lui demande de le tenir au courant.<\/p>\n<p>Alors que Virgile dissimule la voiture de Jos\u00e9 au camping, Eliott l&rsquo;observe. Il appelle ensuite Bertier, et lui annonce qu&rsquo;il n&rsquo;a trouv\u00e9 aucune trace des tableaux vol\u00e9s. Il attend ensuite\u00a0qu&rsquo;Eve soit partie pour p\u00e9n\u00e9trer dans la caravane de Virgile et l&rsquo;assomme&#8230;<\/p>\n<p>Maryline ne veut pas organiser No\u00ebl\u00a0<\/p>\n<p><span>A la coloc, Maryline d\u00e9clare \u00e0 Bilal qu&rsquo;elle a refus\u00e9 d&rsquo;organiser le r\u00e9veillon de No\u00ebl cette ann\u00e9e, lasse d&rsquo;organiser le repas. Cette ann\u00e9e c&rsquo;est d\u00e9cid\u00e9 : elle va s&rsquo;occuper d&rsquo;elle et zapper les festivit\u00e9s.<\/span><\/p>\n<p><span>Bilal, qui s&rsquo;appr\u00eate \u00e0 se rendre chez Lucille et Akim, lui propose de se joindre \u00e0 eux si elle venait \u00e0 changer d&rsquo;avis, mais Maryline d\u00e9cline poliment.\u00a0<\/span><\/p>\n<p><span>Alors que Gary d\u00e9barque chez elle \u00e0 l&rsquo;improviste avec les chocolats et des fleurs, il d\u00e9couvre que sa m\u00e8re a d\u00e9cid\u00e9 de faire gr\u00e8ve, et celle-ci lui rappelle qu&rsquo;elle l&rsquo;avait bien pr\u00e9venu de sa d\u00e9cision. Gary la fait alors culpabiliser d&rsquo;abandonner son fils le soir de No\u00ebl, et elle accepte de pr\u00e9parer un ap\u00e9ro.<\/span><\/p>\n<p><span>Gary\u00a0<\/span>d\u00e9cide d\u2019appeler In\u00e8s, qui devait passer le r\u00e9veillon chez Anissa en l&rsquo;absence d&rsquo;Enric et Mo, partis f\u00eater No\u00ebl chez un cousin. Il lui propose alors de venir chez sa grand-m\u00e8re, ce qui \u00e9tonne In\u00e8s car sa grand-m\u00e8re lui avait dit qu&rsquo;elle ne ferait rien pour le r\u00e9veillon. Gary insiste pour passer la chercher avec Anissa, en lui assurant que Maryline sera ravie.<\/p>\n<p>Alors qu&rsquo;elle se pr\u00e9parait \u00e0 passer une soir\u00e9e paisible, Maryline voit soudain d\u00e9barquer Gary, In\u00e8s et Anissa, suivi par Bilal, Lucille, et Akim, contraints de rentrer \u00e0 la coloc car le couple a eu une panne de courant chez eux. Pour se faire pardonner, ils ont apport\u00e9 la dinde qu&rsquo;ils devaient manger.<\/p>\n<p><span>Au m\u00eame moment, Davia se pr\u00e9sente \u00e0 la coloc avec des hu\u00eetres, expliquant que son petit ami Quentin est tomb\u00e9 en panne. Elle est suivie par Ludo et Alice, qui a rat\u00e9 son train pour Gen\u00e8ve. R\u00e9sign\u00e9e, Maryline change d&rsquo;avis et d\u00e9cide d&rsquo;accueillir tout le monde \u00e0 l&rsquo;appartemen pour un joyeux r\u00e9veillon.<\/span><\/p>\n<p>Camille fait la paix avec son p\u00e8re\u00a0<\/p>\n<p><span>Camille passe le r\u00e9veillon de No\u00ebl chez son p\u00e8re. Tandis que Manu se r\u00e9jouit de passer le r\u00e9veillon avec elle, Camille se montre maussade, pr\u00e9tendant toujours que Steve a rompu avec elle. Voyant la contrari\u00e9t\u00e9 de sa fille, Manu tente de changer de sujet et <\/span>lui propose de faire une tr\u00eave.<\/p>\n<p>Il se dit d\u00e9sol\u00e9 car il comprend qu\u2019elle tenait vraiment Steve, et souhaite que les choses s\u2019arrangent entre eux. Touch\u00e9e, Camille d\u00e9cide de faire un effort, et passe un r\u00e9veillon agr\u00e9able avec son p\u00e8re.<\/p>\n<p>\u00a0<span\/><\/p>\n<p><span>\u00a0<\/span><\/p>\n<p><strong><span>\u00a0<\/span><\/strong><\/p>\n<\/div>\n<p>[ad_2]<br \/>\n<br \/><a href=\"http:\/\/www.allocine.fr\/article\/fichearticle_gen_carticle=18705529.html\">Source link <\/a><\/p>\n","protected":false},"excerpt":{"rendered":"<p>[ad_1] Dans le prochain \u00e9pisode de \u00ab\u00a0Un Si Grand Soleil\u00a0\u00bb\u2026 Tandis qu&rsquo;Eliott d\u00e9couvre o\u00f9 sont cach\u00e9s les tableaux vol\u00e9s, Maryline &hellip; <a href=\"http:\/\/www.affinite.fr\/index.php\/2021\/12\/26\/un-si-grand-soleil-en-avance-resume-de-lepisode-du-lundi-27-decembre-2021-spoilers-news-series-a-la-tv\/\" class=\"more-link\">Plus <span class=\"screen-reader-text\">Un Si Grand Soleil en avance : r\u00e9sum\u00e9 de l\u2019\u00e9pisode du lundi 27 d\u00e9cembre 2021 [SPOILERS] &#8211; News S\u00e9ries \u00e0 la TV<\/span> <span class=\"meta-nav\">&rarr;<\/span><\/a><\/p>\n","protected":false},"author":1,"featured_media":7267,"comment_status":"","ping_status":"open","sticky":false,"template":"","format":"standard","meta":{"_sitemap_exclude":false,"_sitemap_priority":"","_sitemap_frequency":"","footnotes":""},"categories":[1],"tags":[],"class_list":["post-7266","post","type-post","status-publish","format-standard","has-post-thumbnail","hentry","category-tous"],"_links":{"self":[{"href":"http:\/\/www.affinite.fr\/index.php\/wp-json\/wp\/v2\/posts\/7266"}],"collection":[{"href":"http:\/\/www.affinite.fr\/index.php\/wp-json\/wp\/v2\/posts"}],"about":[{"href":"http:\/\/www.affinite.fr\/index.php\/wp-json\/wp\/v2\/types\/post"}],"author":[{"embeddable":true,"href":"http:\/\/www.affinite.fr\/index.php\/wp-json\/wp\/v2\/users\/1"}],"replies":[{"embeddable":true,"href":"http:\/\/www.affinite.fr\/index.php\/wp-json\/wp\/v2\/comments?post=7266"}],"version-history":[{"count":0,"href":"http:\/\/www.affinite.fr\/index.php\/wp-json\/wp\/v2\/posts\/7266\/revisions"}],"wp:featuredmedia":[{"embeddable":true,"href":"http:\/\/www.affinite.fr\/index.php\/wp-json\/wp\/v2\/media\/7267"}],"wp:attachment":[{"href":"http:\/\/www.affinite.fr\/index.php\/wp-json\/wp\/v2\/media?parent=7266"}],"wp:term":[{"taxonomy":"category","embeddable":true,"href":"http:\/\/www.affinite.fr\/index.php\/wp-json\/wp\/v2\/categories?post=7266"},{"taxonomy":"post_tag","embeddable":true,"href":"http:\/\/www.affinite.fr\/index.php\/wp-json\/wp\/v2\/tags?post=7266"}],"curies":[{"name":"wp","href":"https:\/\/api.w.org\/{rel}","templated":true}]}}