{"id":7262,"date":"2021-12-24T19:23:45","date_gmt":"2021-12-24T19:23:45","guid":{"rendered":"https:\/\/www.affinite.fr\/index.php\/2021\/12\/24\/autotest-avant-noel-rappel-vaccinal-apres-3-mois\/"},"modified":"2021-12-24T19:23:45","modified_gmt":"2021-12-24T19:23:45","slug":"autotest-avant-noel-rappel-vaccinal-apres-3-mois","status":"publish","type":"post","link":"http:\/\/www.affinite.fr\/index.php\/2021\/12\/24\/autotest-avant-noel-rappel-vaccinal-apres-3-mois\/","title":{"rendered":"autotest avant No\u00ebl, rappel vaccinal apr\u00e8s 3\u00a0mois"},"content":{"rendered":"<p> [ad_1]<br \/>\n<\/p>\n<p>\n                CORONAVIRUS. Alors que l&rsquo;heure du R\u00e9veillon de No\u00ebl approche, les Fran\u00e7ais se sont pr\u00e9cipit\u00e9s en pharmacie pour se procurer des autotests. Le Conseil scientifique avait conseill\u00e9 d&rsquo;en pratiquer un avant une r\u00e9union familiale. En parall\u00e8le le d\u00e9lai entre la 2eme et la 3eme dose est d\u00e9sormais r\u00e9duit. Olivier V\u00e9ran a annonc\u00e9 que le rappel sera possible 4\u00a0mois apr\u00e8s le sch\u00e9ma vaccinal complet. Mais la Haute autorit\u00e9 de sant\u00e9 recommande 3\u00a0mois. Chiffres du jour et actualit\u00e9s.            <\/p>\n<div>\n<aside class=\"ccmsummary marqueur_module ccmcss_cms_summary ccmcss_cms_summary--right\">\n<p>Sommaire<\/p>\n<\/aside>\n<p><strong>[Mis\u00a0\u00e0 jour le 24<\/strong>\u00a0<strong>d\u00e9cembre 2021 \u00e0 16h20]<\/strong>\u00a0Le Covid-19, responsable d&rsquo;une pand\u00e9mie mondiale, est apparu il y a quasiment 2 ans. Le\u00a0<strong>31\u00a0d\u00e9cembre 2019,<\/strong> l&rsquo;Organisation mondiale de la Sant\u00e9 en Chine a \u00e9t\u00e9 inform\u00e9e\u00a0de plusieurs cas de pneumonies dans la ville de Wuhan. Aujourd&rsquo;hui, en <strong>France<\/strong>, pr\u00e8s de<strong> 8,8 millions de cas de Covid ont \u00e9t\u00e9 confirm\u00e9s. <\/strong>D&rsquo;apr\u00e8s le dernier <a href=\"https:\/\/www.santepubliquefrance.fr\/maladies-et-traumatismes\/maladies-et-infections-respiratoires\/infection-a-coronavirus\/documents\/bulletin-national\/covid-19-point-epidemiologique-du-23-decembre-2021\" target=\"_blank\" rel=\"noopener\">rapport hebdomadaire de Sant\u00e9 publique France<\/a> publi\u00e9 le 23 d\u00e9cembre, en\u00a0semaine 50, la circulation du SARS-CoV-2\u00a0s&rsquo;est maintenue \u00e0 un niveau \u00e9lev\u00e9, avec des disparit\u00e9s r\u00e9gionales, et la circulation du variant Omicron s&rsquo;est intensifi\u00e9e.\u00a0<strong>En France,\u00a020% des cas positifs rel\u00e8vent d\u00e9sormais du variant Omicron,<\/strong> selon Gabriel Attal.\u00a0<b data-original-fontsize=\"20px\" data-original-lineheight=\"30px\">Si les \u00e9pid\u00e9miologistes estiment que cette nouvelle variante sera \u00ab\u00a0majoritaire d&rsquo;ici fin d\u00e9cembre sur le territoire\u00a0\u00bb,<\/b><b data-original-fontsize=\"20px\" data-original-lineheight=\"30px\">\u00a0\u00ab\u00a0<em>il est d\u00e9j\u00e0 majoritaire en \u00cele-de-France<\/em>\u00ab\u00a0,<\/b><b data-original-fontsize=\"20px\" data-original-lineheight=\"30px\"> indique le Pr Arnaud Fontanet.<\/b><b data-original-fontsize=\"20px\" data-original-lineheight=\"30px\">\u00a0<\/b>Un conseil de D\u00e9fense sanitaire se tiendra lundi 27\u00a0d\u00e9cembre \u00e0 16 heures, une heure avant le Conseil des ministres, afin de r\u00e9\u00e9valuer la situation sanitaire et mettre en place de potentielles nouvelles mesures. A cette occasion, le projet de loi transformant le pass sanitaire en pass vaccinal sera pr\u00e9sent\u00e9.\u00a0L&rsquo;objectif\u00a0:\u00a0pousser les<strong>\u00a0Fran\u00e7ais non vaccin\u00e9s<\/strong> \u00e0 le faire. Depuis mercredi, la vaccination est ouverte chez les enfants de 5\u00a0\u00e0 11\u00a0ans.\u00a0<strong>L&rsquo;objectif n&rsquo;est plus l&rsquo;\u00e9limination du virus, qui continuera de circuler, mais celle des formes graves<\/strong>, qui fera que l&rsquo;impact soci\u00e9tal du virus deviendra moins important avec le temps. On peut s&rsquo;attendre \u00e0 terme \u00e0 ce que les doses de rappel, si elles sont n\u00e9cessaires, ne concernent que les plus fragiles, d\u00e9crit le <a href=\"https:\/\/solidarites-sante.gouv.fr\/IMG\/pdf\/avis-conseil-scientifique-16_decembre-2021-_modifie-_le-17-_decembre-2021.pdf\" target=\"_blank\" rel=\"noopener\">Conseil scientifique<\/a> le 16\u00a0d\u00e9cembre. Par ailleurs, la Haute autorit\u00e9 de Sant\u00e9 recommande de r\u00e9duire \u00e0 trois mois le d\u00e9lai pour recevoir la dose de rappel alors qu&rsquo;Olivier V\u00e9ran a annonc\u00e9\u00a0que \u00ab\u00a0les rappels sont d\u00e9sormais possible d\u00e8s 4\u00a0mois apr\u00e8s la derni\u00e8re injection\/infection\u00a0\u00bb \u00e0 partir de ce 24 d\u00e9cembre.\u00a0Ce nouveau d\u00e9lai devait entrer en vigueur le 3 janvier.\u00a0<\/p>\n<p>Dans le monde, le virus dicte \u00e9galement les r\u00e8gles et des restrictions ont \u00e9t\u00e9 mises en place :\u00a0<\/p>\n<p><strong>\u2192 La Belgique<\/strong>\u00a0<a href=\"http:\/\/www.affinite.fr\/index.php\/2022\/10\/22\/la-creme-glacee-la-nouvelle-culture-commerciale\/\">ferme<\/a> cin\u00e9mas, th\u00e9\u00e2tres, salles de concerts ou encore parcs d&rsquo;attractions en int\u00e9rieur, \u00e0 partir du dimanche 26 d\u00e9cembre.\u00a0Les caf\u00e9s et les restaurants\u00a0peuvent rester ouverts jusqu&rsquo;\u00e0 23\u00a0heures pendant les f\u00eates.<\/p>\n<p><strong>\u2192\u00a0 La Gr\u00e8ce<\/strong> a annonc\u00e9 ce 23 d\u00e9cembre que le port du masque serait obligatoire en int\u00e9rieur comme \u00e0 l&rsquo;ext\u00e9rieur pendant les f\u00eates de fin d&rsquo;ann\u00e9e et\u00a0jusqu&rsquo;au 2\u00a0janvier minimum.\u00a0Toutes les festivit\u00e9s publiques de No\u00ebl et du Nouvel An sont annul\u00e9es. Les voyageurs arrivant dans le pays sont invit\u00e9s \u00e0 se faire tester le deuxi\u00e8me et le quatri\u00e8me jour suivant leur arriv\u00e9e.\u00a0<\/p>\n<p><strong>\u2192\u00a0 En Espagne<\/strong>, le port du masque redevient obligatoire \u00e0 l&rsquo;ext\u00e9rieur.\u00a0La justice espagnole a autoris\u00e9 ce 23 d\u00e9cembre\u00a0l&rsquo;instauration d&rsquo;un couvre-feu entre 1h et 6h dans une grande partie de la r\u00e9gion de Catalogne.\u00a0<\/p>\n<p><strong>\u2192\u00a0 En Allemagne<\/strong>,\u00a0le chancelier Olaf Scholz a\u00a0 annonc\u00e9 une limitation des contacts pour les f\u00eates : limite\u00a0maximum de dix invit\u00e9s \u00e0 partir du 28\u00a0d\u00e9cembre pour toutes les r\u00e9unions priv\u00e9es comme pour le Nouvel An.\u00a0<\/p>\n<p><strong>\u2192 <\/strong>\u00a0<strong>Au Royaume-Uni<\/strong>, le nombre de cas\u00a0a maintenant d\u00e9pass\u00e9 celui du pic de janvier 2021, et le variant Omicron est devenu majoritaire \u00e0 Londres. Pour autant, le gouvernement britannique a r\u00e9duit de 10 \u00e0 7\u00a0jours la p\u00e9riode d&rsquo;isolement en Angleterre pour les personnes vaccin\u00e9es et contamin\u00e9es et a prolong\u00e9 l&rsquo;\u00e9tat d&rsquo;urgence sanitaire jusqu&rsquo;au 31\u00a0janvier 2022.\u00a0<\/p>\n<p><strong>\u2192 <\/strong>\u00a0En <strong>Ecosse,<\/strong>\u00a0les festivit\u00e9s du Nouvel An ont \u00e9t\u00e9 annul\u00e9es.\u00a0En<strong> Irlande, un couvre-feu<\/strong> est instaur\u00e9 dans les pubs et restaurants.\u00a0<\/p>\n<p><strong>\u2192 <\/strong>Le <strong>Danemark\u00a0ferme les\u00a0cin\u00e9mas, th\u00e9\u00e2tres,\u00a0salles de concert, <\/strong>parcs d&rsquo;attractions\u00a0et les <strong>mus\u00e9es.<\/strong><\/p>\n<h2 id=\"actualites-du-covid\">Actualit\u00e9s du Covid<\/h2>\n<ul>\n<li><strong>La course aux autotest avant No\u00ebl.<\/strong>\u00a0Depuis que le Conseil scientifique et le gouvernement ont recommande de pratiquer des autotests avant les r\u00e9unions familiales, c&rsquo;est la course dans les pharmacies \u00e0 l&rsquo;approche\u00a0du\u00a0r\u00e9veillon de No\u00ebl.\u00a0Combien co\u00fbte-t-il et quel est son efficacit\u00e9 ? Un autotest co\u00fbte seulement 5,20 euros contre 22 euros pour l&rsquo;antig\u00e9nique et 44 euros pour le PCR.\u00a0Concernant la fiabilit\u00e9,\u00a0Vincent\u00a0Enouf, responsable du centre national de r\u00e9f\u00e9rence virus et infections respiratoires, indique \u00e0 <a href=\"https:\/\/france3-regions.francetvinfo.fr\/paris-ile-de-france\/paris\/tests-de-depistage-covid-le-point-sur-la-fiabilite-la-disponibilite-et-le-prix-de-chaque-test-2389414.html\" target=\"_blank\" rel=\"noopener\">France 3<\/a>\u00a0qu'\u00a0\u00bbe<em>n\u00a0termes de\u00a0pourcentage de d\u00e9tection du virus, les PCR d\u00e9tectent \u00e0\u00a095%\u00a0le virus, vous retirez ensuite\u00a010%\u00a0de fiabilit\u00e9 pour les antig\u00e9niques et \u00e0 nouveau\u00a010%\u00a0pour les autotests<\/em>\u00ab\u00a0.\u00a0\u00a0<\/li>\n<li><strong>Campagne de rappel.\u00a0<\/strong>Olivier V\u00e9ran, le ministre de la Sant\u00e9, a annonc\u00e9 que l&rsquo;ouverture du <strong>rappel vaccinal\u00a04\u00a0mois apr\u00e8s la r\u00e9alisation de la 2eme dose<\/strong> entrait en vigueur d\u00e8s ce 24\u00a0d\u00e9cembre. Le rappel \u00e0 partir de 4\u00a0mois devait initialement entrer en vigueur en janvier 2022. <strong>La Haute autorit\u00e9 de Sant\u00e9 a recommand\u00e9 d&rsquo;ouvrir\u00a0la campagne de rappel d\u00e8s trois mois apr\u00e8s la r\u00e9alisation d&rsquo;un sch\u00e9ma vaccinal complet.<\/strong>\u00a0L&rsquo;ex\u00e9cutif devra en discuter \u00e0 l&rsquo;issue d&rsquo;un Conseil de D\u00e9fense sanitaire.\u00a0<\/li>\n<li><strong>Conseil de D\u00e9fense sanitaire. <\/strong>L&rsquo;Elys\u00e9e a annonc\u00e9 qu&rsquo;un Conseil de D\u00e9fense sanitaire aura lieu lundi 27 d\u00e9cembre \u00e0 16 heures, une heure avant le Conseil des ministres.\u00a0\u00ab\u00a0<em>Si nous consid\u00e9rions que des mesures de freinage suppl\u00e9mentaires \u00e9taient n\u00e9cessaires, nous les aurions d\u00e9j\u00e0 annonc\u00e9es aux Fran\u00e7ais. Il y a une r\u00e9\u00e9valuation r\u00e9guli\u00e8re de la situation.\u00a0A l&rsquo;occasion du Conseil des ministres lundi prochain (le 27\u00a0d\u00e9cembre), nous allons pr\u00e9senter<strong> le projet de loi qui transforme le pass sanitaire en pass vaccinal et nous r\u00e9\u00e9valuerons la situation sanitaire<\/strong> \u00e0 la lumi\u00e8re de ce qu&rsquo;on a pu constater chez un certain nombre de nos voisins qui font face \u00e0 la vague du variant Omicron\u00a0\u00bb<\/em>, a d\u00e9taill\u00e9 Gabriel Attal, \u00e0 la sortie d&rsquo;un Conseil de d\u00e9fense sanitaire le\u00a022\u00a0d\u00e9cembre.\u00a0<\/li>\n<li><strong>Test de moins de 24h obligatoire en Outre-mer.<\/strong> A partir de mardi 28 d\u00e9cembre, un test PCR ou antig\u00e9nique n\u00e9gatif de moins de 24h sera obligatoire pour se rendre en Outre-mer. Tout le monde est concern\u00e9, y compris les personnes vaccin\u00e9es.\u00a0<\/li>\n<li><strong>Le Maroc prolonge la fermeture de ses fronti\u00e8res a\u00e9riennes.<\/strong>\u00a0Le\u00a0Maroc a d\u00e9cid\u00e9 de prolonger\u00a0jusqu&rsquo;\u00e0 fin janvier la fermeture de ses fronti\u00e8res a\u00e9riennes.\u00a0Celles-ci sont closes depuis le 29\u00a0novembre et devaient initialement rouvrir le 31\u00a0d\u00e9cembre.\u00a0<\/li>\n<li><strong>Les <a href=\"http:\/\/www.affinite.fr\/index.php\/2021\/10\/06\/camion-de-glace-style-usa-made-in-france\/\">USA<\/a>\u00a0pr\u00eats \u00e0 lever certaines restrictions aux voyages.\u00a0<\/strong>Les Etats-Unis ont annonc\u00e9 qu&rsquo;ils\u00a0l\u00e8veraient, d\u00e8s\u00a0le 31\u00a0d\u00e9cembre, les restrictions aux voyages de\u00a0plusieurs pays africains. Actuellement, l&rsquo;entr\u00e9e aux Etats-Unis est interdite aux personnes provenant d&rsquo;Afrique du Sud, du Botswana, du Zimbabwe, de Namibie, du Lesotho, d&rsquo;Eswatini, du Mozambique et du Malawi.<\/li>\n<li><strong>Vaccination des enfants.\u00a0<\/strong>\u00ab\u00a0<em>Aujourd&rsquo;hui, suivant l&rsquo;avis de toutes nos autorit\u00e9s sanitaires, <strong>nous ouvrons la vaccination aux enfants de 5\u00a0\u00e0 11\u00a0ans. <\/strong>Les 1ers cr\u00e9neaux de vaccination d\u00e9di\u00e9s seront ouverts ce matin en centre. La semaine prochaine, ce sera \u00e9galement le cas en m\u00e9decine de ville<\/em>\u00ab\u00a0, a indiqu\u00e9 Olivier V\u00e9ran, ministre de la Sant\u00e9,\u00a0ce mercredi 22 d\u00e9cembre sur BFMTV. En d\u00e9but de semaine, la <a href=\"https:\/\/www.has-sante.fr\/jcms\/p_3306399\/fr\/covid-19-la-has-favorable-a-l-ouverture-de-la-vaccination-sans-obligation-aux-enfants-de-5-a-11-ans\" target=\"_blank\" rel=\"noopener\">Haute Autorit\u00e9 de Sant\u00e9<\/a> avait donn\u00e9 son feu vert sur l&rsquo;ouverture de la vaccination \u00e0 tous les enfants \u00e0 partir de 5 ans. \u00ab\u00a0Les formes s\u00e9v\u00e8res de Covid-19\u00a0affectent rarement les enfants mais lorsque c&rsquo;est le cas pr\u00e8s de 80\u00a0% d&rsquo;entre elles sont retrouv\u00e9es chez des enfants sans comorbidit\u00e9s. Par ailleurs, dans le contexte de l&rsquo;arriv\u00e9e du variant Omicron, plus contagieux que le variant Delta, on peut donc s&rsquo;attendre \u00e0 une augmentation des cas de formes s\u00e9v\u00e8res chez les enfants\u00a0\u00bb, avait-elle justifi\u00e9.\u00a0<\/li>\n<\/ul>\n<div class=\"ccminsert\">\n<blockquote class=\"twitter-tweet\">\n<p dir=\"ltr\" lang=\"fr\">Aujourd&rsquo;hui, suivant lavis de toutes nos autorit\u00e9s sanitaires, nous ouvrons la vaccination aux enfants de 5 \u00e0 11 ans. Les 1ers cr\u00e9neaux de vaccination d\u00e9di\u00e9s seront ouverts ce matin en centre. La semaine prochaine, ce sera \u00e9galement le cas en m\u00e9decine de ville. <a href=\"https:\/\/twitter.com\/olivierveran\/status\/1473581802489106435\/video\/1\">pic.twitter.com\/lR3zVSrXtU<\/a><\/p>\n<p>\u2014 Olivier V\u00e9ran (@olivierveran) <a href=\"https:\/\/twitter.com\/olivierveran\/status\/1473581802489106435?ref_src=twsrc%5Etfw\">December 22, 2021<\/a><\/p><\/blockquote>\n<\/div>\n<ul>\n<li><strong>Cas d&rsquo;Omicron en France.<\/strong>\u00a0Au 23 d\u00e9cembre 2021,\u00a0<strong>1440\u00a0cas confirm\u00e9s d&rsquo;infection par le VOC Omicron<\/strong> ont \u00e9t\u00e9 d\u00e9tect\u00e9s en France.<span style=\"display: none;\">\u00a0<\/span><\/li>\n<li><strong>Nouvel An : recommandations du Conseil scientifique. <\/strong>Dans <a href=\"https:\/\/solidarites-sante.gouv.fr\/actualites\/presse\/dossiers-de-presse\/article\/conseil-scientifique-covid-19\" style=\"font-size: 1rem; background-color: rgb(255, 255, 255);\" target=\"_blank\" rel=\"noopener\">un avis du 16\u00a0d\u00e9cembre 2021<\/a><span style=\"font-size: 1rem;\">, <\/span><strong style=\"font-size: 1rem;\">le Conseil scientifique\u00a0alerte, pour les festivit\u00e9s du Nouvel An<\/strong><span style=\"font-size: 1rem;\">,\u00a0<\/span><strong style=\"font-size: 1rem;\">sur un comportement des citoyens qui pourrait \u00eatre diff\u00e9rent avec une activit\u00e9 festive plus ou moins contr\u00f4l\u00e9e<\/strong><strong style=\"font-size: 1rem;\">.<\/strong><span style=\"font-size: 1rem;\"> Il\u00a0souhaiterait une d\u00e9marche pour \u00e9viter qu&rsquo;\u00e0 l&rsquo;occasion du jour de l&rsquo;an, se constitue une s\u00e9rie de mini-clusters \u00e0 Omicron. Il recommande de :<\/span><strong>\u00a0se faire tester largement le 31\u00a0d\u00e9cembre par test antig\u00e9nique ou autotest et 5\u00a0jours apr\u00e8s<\/strong> (m\u00eame s&rsquo;ils sont vaccin\u00e9s avec une dose de rappel),\u00a0<strong>ne pas multiplier les diff\u00e9rents lieux de sorties pour une m\u00eame personne<\/strong> qui, si elle est infect\u00e9e, serait \u00e0 l&rsquo;origine de plusieurs clusters ;\u00a0<strong>limiter la taille des \u00e9v\u00e8nements festifs<\/strong> ;\u00a0<strong>\u00e9viter de voir des personnes \u00e2g\u00e9es de plus de 65\u00a0ans durant la premi\u00e8re semaine de janvier<\/strong> pour \u00e9viter une transmission post-r\u00e9union festive du jour de l&rsquo;an.<\/li>\n<\/ul>\n<ul>\n<li><strong>Un 5e vaccin en France ? <\/strong>Le comit\u00e9 des m\u00e9dicaments \u00e0 usage humain de l&rsquo;Agence europ\u00e9enne des m\u00e9dicaments (EMA) doit se prononcer ce lundi sur la demande d&rsquo;autorisation du vaccin contre le Covid de <strong>Novavax<\/strong>. Ce vaccin pourrait \u00eatre le 5e vaccin contre le Covid autoris\u00e9 dans l&rsquo;Union europ\u00e9enne.\u00a0<\/li>\n<\/ul>\n<p><span style=\"font-size: 1.25rem; font-weight: 700;\">Quelles sont les derni\u00e8res mesures prises par le\u00a0gouvernement ?<\/span><\/p>\n<p>Le Premier ministre <strong>Jean Castex <\/strong>s&rsquo;est exprim\u00e9 le 17 d\u00e9cembre 2021 \u00e0 la suite du\u00a0Conseil de d\u00e9fense sanitaire.\u00a0<em>\u00ab\u00a0La cinqui\u00e8me vague Delta est l\u00e0 et bien l\u00e0 avec plus de 50\u00a0000\u00a0cas par jour,<\/em> a-t-il rappel\u00e9 au d\u00e9but de sa prise de parole. <strong><em>Le variant Omicron se diffuse \u00e0 une vitesse fulgurante\u00a0\u00bb.<\/em> Plusieurs centaines de cas sont recens\u00e9s en France<\/strong> et il devrait devenir<strong> dominant au d\u00e9but de l&rsquo;ann\u00e9e 2022<\/strong>.\u00a0Parmi les <strong>deux grandes annonces inattendues\u00a0<\/strong>:<\/p>\n<ul>\n<li>le<strong> raccourcissement du d\u00e9lai pour faire sa 3e dose <\/strong>de vaccin ramen\u00e9 \u00e0<strong> 4\u00a0mois<\/strong> contre 5\u00a0mois<\/li>\n<li>un<strong> projet de loi<\/strong> concernant la mise en place d&rsquo;un<strong> pass vaccinal <\/strong>au lieu d&rsquo;un pass sanitaire<\/li>\n<li><strong>Pour les f\u00eates, <\/strong>le Premier ministre a appel\u00e9 les Fran\u00e7ais \u00e0 limiter le <strong>nombre de convives, <\/strong>pas de nombre maximum \u00e0 6 ou 8 personnes autour de la table mais <em>\u00ab\u00a0du bon sens\u00a0\u00bb\u00a0:<\/em>\u00a0<em>\u00ab\u00a0Moins on est nombreux, moins on prend de risque, \u00e9vitons les grandes f\u00eates, les grands rassemblements ou les grands d\u00eeners\u00a0\u00bb <\/em>a-t-il indiqu\u00e9<\/li>\n<li><strong>Nouvel An\u00a0: <\/strong><em>\u00ab\u00a0Pour les grands rassemblements en ext\u00e9rieur, les pr\u00e9fets pourront interdire ou limiter les rassemblements festifs, la consommation d&rsquo;alcool sur la voie publique\u00a0\u00bb, <\/em>les feux d&rsquo;artifice et les concerts seront annul\u00e9s par les municipalit\u00e9s.\n<\/li>\n<\/ul>\n<table align=\"right\" border=\"1\" cellpadding=\"1\" cellspacing=\"1\" style=\"width:50%;\">\n<thead>\n<tr>\n<th scope=\"row\">\n<p id=\"y-a-t-il-un-risque-deconfinementen-france\">La France a connu 3\u00a0confinements \u00e0 cause de l&rsquo;\u00e9pid\u00e9mie de Covid\u00a0:\u00a0<\/p>\n<ul>\n<li>du\u00a017\u00a0mars 2020\u00a0au\u00a011\u00a0mai 2020\u00a0(1\u00a0mois\u00a0et 23\u00a0jours)<\/li>\n<li>du\u00a030\u00a0octobre\u00a0au\u00a015\u00a0d\u00e9cembre 2020\u00a0(1\u00a0mois\u00a0et 14\u00a0jours)<\/li>\n<li>du\u00a03\u00a0avril\u00a0au\u00a03\u00a0mai 2021\u00a0(28\u00a0jours).<\/li>\n<\/ul>\n<\/th>\n<\/tr>\n<\/thead>\n<tbody>\n\t<\/tbody>\n<\/table>\n<p id=\"y-a-t-il-un-risque-deconfinementen-france\"><span style=\"font-size: 1.25rem; font-weight: 700;\">Comment \u00e9volue l&rsquo;\u00e9pid\u00e9mie de Covid en France ?<\/span><\/p>\n<p>Toutes les semaines, <a href=\"https:\/\/www.santepubliquefrance.fr\/maladies-et-traumatismes\/maladies-et-infections-respiratoires\/infection-a-coronavirus\/documents\/bulletin-national\/covid-19-point-epidemiologique-du-23-decembre-2021\" target=\"_blank\" rel=\"noopener\">Sant\u00e9 publique France publie un point \u00e9pid\u00e9miologique<\/a> d\u00e9crivant l&rsquo;\u00e9volution de l&rsquo;\u00e9pid\u00e9mie.\u00a0En moyenne, pr\u00e8s de 50 000 cas sont diagnostiqu\u00e9s chaque jour. Le taux de reproduction effectif \u00e9tait toujours significativement sup\u00e9rieur \u00e0 1, indiquant une poursuite de <strong>l&rsquo;augmentation de la circulation virale.<\/strong> En semaine 50\u00a0(soit du 13\u00a0au 19\u00a0d\u00e9cembre 2021), la circulation du SARS-CoV-2\u00a0s&rsquo;est maintenue \u00e0 un niveau \u00e9lev\u00e9, avec des disparit\u00e9s r\u00e9gionales, et la circulation du variant Omicron s&rsquo;est intensifi\u00e9e.\u00a0<strong>Le taux d&rsquo;incidence a d\u00e9pass\u00e9 ceux des pics \u00e9pid\u00e9miques des trois vagues pr\u00e9c\u00e9dentes<\/strong>,\u00a0augmentant\u00a0de 8%, passant \u00e0 <strong>550\u00a0cas pour 100\u00a0000\u00a0habitants<\/strong>.\u00a0Il se stabilisait chez les 60\u00a0ans et plus, tandis qu&rsquo;il continuait \u00e0 augmenter \u00e0 un niveau \u00e9lev\u00e9 chez les plus jeunes, notamment les 20-29\u00a0ans (+42%) et les 30-39\u00a0ans (+14%).\u00a0<strong>Chez les enfants, le taux d&rsquo;incidence diminuait chez les 0-9\u00a0ans (578, -9%).<\/strong>\u00a0Les nouvelles hospitalisations et admissions en soins critiques se stabilisaient\u00a0apr\u00e8s plusieurs semaines de forte augmentation.\u00a0<strong>Le taux d&rsquo;incidence d\u00e9passe celui des pics des 3e et 4e vagues, comme en t\u00e9moigne la courbe ci-dessous.\u00a0<\/strong>\u00a0L&rsquo;impact diff\u00e9rent de cette 5e vague sur les admissions \u00e0 l&rsquo;h\u00f4pital et les d\u00e9c\u00e8s pourrait s&rsquo;expliquer par\u00a0:<\/p>\n<ul>\n<li>l&rsquo;efficacit\u00e9 du vaccin pour \u00e9viter les formes s\u00e9v\u00e8res qui reste tr\u00e8s importante<\/li>\n<li>une circulation du virus majoritairement chez les plus jeunes, qui pr\u00e9sentent un moindre risque d&rsquo;\u00eatre hospitalis\u00e9s<\/li>\n<li>le fait que les personnes plus \u00e2g\u00e9es respectent davantage les mesures barri\u00e8res et que la plupart d&rsquo;entre elles ont re\u00e7u leur dose de rappel, acqu\u00e9rant ainsi une meilleure protection contre l&rsquo;infection<\/li>\n<\/ul>\n<div style=\"text-align:center\">\n<figure class=\"image\" style=\"display:inline-block\"><a class=\"fancy\" href=\"https:\/\/img-3.journaldesfemmes.fr\/5S_IfGhoIIKnYMT0a2_hI--A_DE=\/1080x\/smart\/f1317bf432104a8e85f2468b41df6396\/ccmcms-jdf\/30532208.png\"><img decoding=\"async\" alt=\"Courbe du taux d'incidence en France au 20 d\u00e9cembre 2021\" src=\"https:\/\/img-3.journaldesfemmes.fr\/UfNlq6ZqBNzrppTzZ2QVqb6Q0sk=\/600x\/smart\/f1317bf432104a8e85f2468b41df6396\/ccmcms-jdf\/30532208.png\"\/><\/a><figcaption data-credit=\"Sant\u00e9 publique France\" data-legend=\"Courbe du taux d'incidence en France au 20 d\u00e9cembre 2021\">Courbe du taux d&rsquo;incidence en France au 20 d\u00e9cembre 2021 <small>\u00a9\u00a0Sant\u00e9 publique France<\/small><\/figcaption><\/figure>\n<\/div>\n<h2 id=\"quels-sont-les-chiffres-du-covid-ce-jour-\">Quels sont les chiffres du Covid aujourd&rsquo;hui ?<\/h2>\n<p>Les chiffres de l&rsquo;\u00e9pid\u00e9mie de Covid-19\u00a0en\u00a0France sont publi\u00e9s quotidiennement par le\u00a0site <a href=\"http:\/\/www.gouvernement.fr\/info-coronavirus\/carte-et-donnees\" target=\"_blank\" rel=\"noopener\">Carte-et-donn\u00e9es<\/a>\u00a0et <a href=\"https:\/\/dashboard.covid19.data.gouv.fr\/vue-d-ensemble?location=FRA\" target=\"_blank\" rel=\"noopener\">Dashboard<\/a> du gouvernement et par <a href=\"https:\/\/www.santepubliquefrance.fr\/dossiers\/coronavirus-covid-19\/coronavirus-chiffres-cles-et-evolution-de-la-covid-19-en-france-et-dans-le-monde\" target=\"_blank\" rel=\"noopener\">Sant\u00e9 Publique France<\/a>. Les chiffres de la vaccination sont publi\u00e9s quotidiennement par le <a href=\"https:\/\/solidarites-sante.gouv.fr\/actualites\/presse\/communiques-de-presse\/\" target=\"_blank\" rel=\"noopener\">minist\u00e8re de la Sant\u00e9<\/a>.<\/p>\n<section>\n<table border=\"1\" cellpadding=\"1\" cellspacing=\"1\" style=\"width:100%;\">\n<thead>\n<tr>\n<th scope=\"col\" style=\"width: 205px; text-align: center;\">Nombre de cas de Covid (23 d\u00e9cembre)<\/th>\n<th scope=\"col\" style=\"width: 229px; text-align: center;\">Nombre de morts du Covid\u00a0<\/th>\n<th scope=\"col\" style=\"width: 219px; text-align: center;\">Nombre de personnes en soins critiques (23 d\u00e9cembre)<\/th>\n<th scope=\"col\" style=\"width: 125px; text-align: center;\">R0 (18 d\u00e9cembre)<\/th>\n<th scope=\"col\" style=\"width: 125px; text-align: center;\">Pourcentage de Fran\u00e7ais compl\u00e8tement vaccin\u00e9s (23 d\u00e9cembre)\u00a0<\/th>\n<\/tr>\n<\/thead>\n<tbody>\n<tr>\n<td style=\"width: 205px; text-align: center;\">8\u00a0889\u00a0636<\/td>\n<td style=\"width: 229px; text-align: center;\">122\u00a0295 (+179 en 24h)<\/td>\n<td style=\"width: 219px; text-align: center;\">3\u00a0208<\/td>\n<td style=\"width: 125px; text-align: center;\">1.09 (<strong>-8.06%<\/strong>)<\/td>\n<td style=\"width: 125px; text-align: center;\">76,5%<\/td>\n<\/tr>\n<\/tbody>\n<\/table>\n<h2 id=\"combien-de-cas-de-coronavirus-en-france\">Combien de cas de coronavirus en France\u00a0?<\/h2>\n<table border=\"1\" cellpadding=\"1\" cellspacing=\"1\" style=\"width:100%;\">\n<thead>\n<tr>\n<th scope=\"col\" style=\"width: 205px; text-align: center;\">Nombre de cas de Covid (23 d\u00e9cembre)<\/th>\n<th scope=\"col\" style=\"width: 229px; text-align: center;\">Evolution sur 24\u00a0heures<\/th>\n<th scope=\"col\" style=\"width: 244px; text-align: center;\">Nombre moyen de nouveaux cas confirm\u00e9s quotidiens (20 d\u00e9cembre)<\/th>\n<th scope=\"col\" style=\"width: 244px; text-align: center;\">Taux d&rsquo;incidence (20 d\u00e9cembre)<\/th>\n<th scope=\"col\" style=\"width: 197px; text-align: center;\">Evolution du taux d&rsquo;incidence sur 7\u00a0jours\u00a0<\/th>\n<\/tr>\n<tr>\n<td style=\"width: 205px; text-align: center;\">8\u00a0889 636<\/td>\n<td style=\"width: 229px; text-align: center;\"><strong>+91\u00a0608<\/strong><\/td>\n<td style=\"width: 244px; text-align: center;\">+52\u00a0860<\/td>\n<td style=\"width: 244px; text-align: center;\">565.22<\/td>\n<td style=\"width: 197px; text-align: center;\">\n<p>+9.22<strong>%<\/strong><\/p>\n<\/td>\n<\/tr>\n<\/thead>\n<\/table>\n<h2 id=\"combien-de-nouveaux-cas-en-24-heures-\">Combien de nouveaux cas en 24\u00a0heures\u00a0?<\/h2>\n<p>Le jeudi 23 d\u00e9cembre 2021, selon le <a href=\"https:\/\/dashboard.covid19.data.gouv.fr\/vue-d-ensemble?location=FRA\" target=\"_blank\" rel=\"noopener\">Tableau de bord du gouvernement<\/a>,\u00a0le nombre de nouveaux cas confirm\u00e9s de Covid est de <strong>91\u00a0608\u00a0<\/strong>depuis la veille.\u00a0<\/p>\n<h2 id=\"quel-est-le-taux-dincidence-du-covid-en-france\">Quel est le taux d&rsquo;incidence du Covid en France\u00a0?<\/h2>\n<p>Le 20\u00a0d\u00e9cembre, selon les chiffres de Sant\u00e9 Publique France, le taux d&rsquo;incidence\u00a0est de <strong>565.22\u00a0cas pour 100\u00a0000\u00a0habitants, soit largement au-dessus du seuil d&rsquo;alerte<\/strong> qui est fix\u00e9 \u00e0 50. Il est\u00a0sup\u00e9rieur aux pics des 2e, 3e et 4e vagues \u00e0 cette p\u00e9riode.<em> \u00ab\u00a0<\/em>En semaine 50, l&rsquo;incidence de la COVID-19\u00a0s&rsquo;est maintenue \u00e0 un niveau tr\u00e8s \u00e9lev\u00e9 sur le territoire.\u00a0Les taux d&rsquo;incidence continuaient \u00e0 <strong>augmenter chez les adultes jeunes <\/strong>et restaient \u00e0 un <strong>niveau \u00e9lev\u00e9 chez les enfants\u00a0\u00bb, <\/strong>note <a href=\"https:\/\/www.santepubliquefrance.fr\/maladies-et-traumatismes\/maladies-et-infections-respiratoires\/infection-a-coronavirus\/documents\/bulletin-national\/covid-19-point-epidemiologique-du-23-decembre-2021\" target=\"_blank\" rel=\"noopener\">Sant\u00e9 Publique France<\/a> dans son rapport hebdomadaire du 23\u00a0d\u00e9cembre.<\/p>\n<h2 id=\"combien-de-cas-covid-en-reanimation\">Combien de cas Covid en r\u00e9animation\u00a0?<\/h2>\n<table border=\"1\" cellpadding=\"1\" cellspacing=\"1\" style=\"width:100%;\">\n<thead>\n<tr>\n<th scope=\"col\" style=\"width: 205px; text-align: center;\">\u00a0<\/th>\n<th scope=\"col\" style=\"width: 205px; text-align: center;\">Nombre de patients Covid hospitalis\u00e9s\u00a0\u00a0<\/th>\n<th scope=\"col\" style=\"width: 229px; text-align: center;\">Evolution sur les 7\u00a0derniers jours\u00a0<\/th>\n<th scope=\"col\" style=\"width: 244px; text-align: center;\">Nombre de patients Covid en soins critiques<\/th>\n<th scope=\"col\" style=\"width: 244px; text-align: center;\">Evolution sur les 7\u00a0derniers jours\u00a0<\/th>\n<th scope=\"col\" style=\"width: 244px; text-align: center;\">Taux d&rsquo;occupation des lits en\u00a0en r\u00e9animation ou en soins intensifs\u00a0\u00a0<\/th>\n<\/tr>\n<tr>\n<td style=\"width: 205px; text-align: center;\"><strong>Au 23 d\u00e9cembre 2021<\/strong><\/td>\n<td style=\"width: 205px; text-align: center;\">16 060<\/td>\n<td style=\"width: 229px; text-align: center;\">\n<p>+6,06%<\/p>\n<\/td>\n<td style=\"width: 244px; text-align: center;\">3 208<\/td>\n<td style=\"width: 244px; text-align: center;\">+13,28%<\/td>\n<td style=\"width: 244px; text-align: center;\">\n<p>63,42% (+13,28%)<\/p>\n<\/td>\n<\/tr>\n<\/thead>\n<\/table>\n<p><strong><u>Nombre de personnes actuellement hospitalis\u00e9es par r\u00e9gion au 23\u00a0d\u00e9cembre<\/u><u>\u00a02021\u00a0(source\u00a0: gouvernement.fr)<\/u><\/strong><\/p>\n<table align=\"center\" border=\"1\" cellpadding=\"1\" cellspacing=\"1\" style=\"width:100%;\">\n<thead>\n<tr>\n<th scope=\"col\" style=\"width: 260px;\">R\u00e9gion<\/th>\n<th scope=\"col\" style=\"width: 283px;\">Nombre de personnes actuellement hospitalis\u00e9es<\/th>\n<th scope=\"col\" style=\"width: 220px;\">Evolution en 7\u00a0jours<\/th>\n<\/tr>\n<\/thead>\n<tbody>\n<tr>\n<td style=\"width: 260px;\"><strong>Auvergne-Rh\u00f4ne-Alpes<\/strong><\/td>\n<td style=\"width: 283px;\">2\u00a0061<\/td>\n<td style=\"width: 220px;\">+10.69%<\/td>\n<\/tr>\n<tr>\n<td style=\"width: 260px;\"><strong>Hauts-de-France<\/strong><\/td>\n<td style=\"width: 283px;\">1\u00a0258<\/td>\n<td style=\"width: 220px;\">+4.83%<\/td>\n<\/tr>\n<tr>\n<td style=\"width: 260px;\"><strong>Provence-Alpes-C\u00f4te d&rsquo;Azur<\/strong><\/td>\n<td style=\"width: 283px;\">2\u00a0236<\/td>\n<td style=\"width: 220px;\">+12.82%<\/td>\n<\/tr>\n<tr>\n<td style=\"width: 260px;\"><strong>Grand Est<\/strong><\/td>\n<td style=\"width: 283px;\">1\u00a0422<\/td>\n<td style=\"width: 220px;\">+2.67%<\/td>\n<\/tr>\n<tr>\n<td style=\"width: 260px;\"><strong>Occitanie<\/strong><\/td>\n<td style=\"width: 283px;\">1\u00a0512<\/td>\n<td style=\"width: 220px;\">+10.53%<\/td>\n<\/tr>\n<tr>\n<td style=\"width: 260px;\"><strong><a href=\"http:\/\/www.affinite.fr\/index.php\/2024\/11\/21\/construire-votre-maison-en-normandie\/\">Normandie<\/a><\/strong><\/td>\n<td style=\"width: 283px;\">711<\/td>\n<td style=\"width: 220px;\">+8.22%<\/td>\n<\/tr>\n<tr>\n<td style=\"width: 260px;\"><strong>Nouvelle-Aquitaine<\/strong><\/td>\n<td style=\"width: 283px;\">1\u00a0041<\/td>\n<td style=\"width: 220px;\">+1.96\u00a0%<\/td>\n<\/tr>\n<tr>\n<td style=\"width: 260px;\"><strong>Centre-Val de Loire<\/strong><\/td>\n<td style=\"width: 283px;\">483<\/td>\n<td style=\"width: 220px;\"><strong>-6.21%<\/strong><\/td>\n<\/tr>\n<tr>\n<td style=\"width: 260px;\"><strong>Bourgogne-Franche-Comt\u00e9<\/strong><\/td>\n<td style=\"width: 283px;\">776<\/td>\n<td style=\"width: 220px;\">+3.05%<\/td>\n<\/tr>\n<tr>\n<td style=\"width: 260px;\"><strong>Bretagne<\/strong><\/td>\n<td style=\"width: 283px;\">446<\/td>\n<td style=\"width: 220px;\"><strong>-3.04%<\/strong><\/td>\n<\/tr>\n<tr>\n<td style=\"width: 260px;\"><strong>Corse<\/strong><\/td>\n<td style=\"width: 283px;\">107<\/td>\n<td style=\"width: 220px;\">+1.90%<\/td>\n<\/tr>\n<tr>\n<td style=\"width: 260px;\"><strong>Pays de la Loire<\/strong><\/td>\n<td style=\"width: 283px;\">478<\/td>\n<td style=\"width: 220px;\"><strong>-11.97%\u00a0<\/strong><\/td>\n<\/tr>\n<tr>\n<td style=\"width: 260px;\"><strong>\u00cele-de-France<\/strong><\/td>\n<td style=\"width: 283px;\">3\u00a0166<\/td>\n<td style=\"width: 220px;\">+7.58%<\/td>\n<\/tr>\n<tr>\n<td style=\"width: 260px;\"><strong>Guadeloupe<\/strong><\/td>\n<td style=\"width: 283px;\">56<\/td>\n<td style=\"width: 220px;\">+1.82%<\/td>\n<\/tr>\n<tr>\n<td style=\"width: 260px;\"><strong>Martinique<\/strong><\/td>\n<td style=\"width: 283px;\">146<\/td>\n<td style=\"width: 220px;\"><strong>-5.19%<\/strong><\/td>\n<\/tr>\n<tr>\n<td style=\"width: 260px;\"><strong>Guyane<\/strong><\/td>\n<td style=\"width: 283px;\">28<\/td>\n<td style=\"width: 220px;\">+3.70%<\/td>\n<\/tr>\n<tr>\n<td style=\"width: 260px;\"><strong>La R\u00e9union<\/strong><\/td>\n<td style=\"width: 283px;\">127<\/td>\n<td style=\"width: 220px;\">+18.69<strong>%<\/strong><\/td>\n<\/tr>\n<tr>\n<td style=\"width: 260px;\"><strong>Mayotte<\/strong><\/td>\n<td style=\"width: 283px;\">6<\/td>\n<td style=\"width: 220px;\">\n<p>+20%<\/p>\n<\/td>\n<\/tr>\n<\/tbody>\n<\/table>\n<div style=\"text-align:center\">\n<figure class=\"image\" style=\"display:inline-block\"><a class=\"fancy\" href=\"https:\/\/img-3.journaldesfemmes.fr\/7rD0eOOoKQBJGm9k3yFHeCsuYB0=\/1080x\/smart\/019715db40aa492fbadfc73545ace3d5\/ccmcms-jdf\/30505764.jpg\"><img decoding=\"async\" alt=\"Carte des hospitalisations par r\u00e9gion au 22 d\u00e9cembre 2021\" src=\"https:\/\/img-3.journaldesfemmes.fr\/LRtVZbzElJf9zM6Whx3KytDyB-c=\/600x\/smart\/019715db40aa492fbadfc73545ace3d5\/ccmcms-jdf\/30505764.jpg\"\/><\/a><figcaption data-credit=\"G\u00e9od\u00e8s - Gouvernement\" data-legend=\"Carte des hospitalisations par r\u00e9gion au 22 d\u00e9cembre 2021\">Carte des hospitalisations par r\u00e9gion au 22 d\u00e9cembre 2021 <small>\u00a9\u00a0G\u00e9od\u00e8s &#8211; Gouvernement<\/small><\/figcaption><\/figure>\n<\/div>\n<h2 id=\"quels-sont-les-chiffres-par-departement-\">Quels sont les chiffres par d\u00e9partement ?<\/h2>\n<p>La <a href=\"https:\/\/www.gouvernement.fr\/info-coronavirus\/carte-et-donnees\" target=\"_blank\" rel=\"noopener\">page Carte et Donn\u00e9es\u00a0du gouvernement<\/a> publie quotidiennement <strong>les chiffres de l&rsquo;\u00e9pid\u00e9mie par d\u00e9partement<\/strong> : les cas confirm\u00e9s, le taux d&rsquo;incidence, les nouvelles hospitalisations, les nouvelles entr\u00e9es en soins critiques, le nombre de personnes hospitalis\u00e9es ou en r\u00e9animation, le nombre de vaccin\u00e9s&#8230; <a href=\"https:\/\/www.education.gouv.fr\/covid19-mesures-pour-les-ecoles-colleges-et-lycees-modalites-pratiques-continuite-pedagogique-et-305467\" target=\"_blank\" rel=\"noopener\">Le minist\u00e8re de l&rsquo;Education nationale<\/a> publie \u00e9galement une carte des d\u00e9partements permettant de conna\u00eetre <strong>le protocole sanitaire applicable dans les \u00e9coles<\/strong>, coll\u00e8ges et lyc\u00e9es selon son d\u00e9partement.\u00a0Cette carte est mise \u00e0 jour chaque semaine,\u00a0en fonction de l&rsquo;\u00e9valuation de la circulation du virus.\u00a0Enfin, <a href=\"https:\/\/geodes.santepubliquefrance.fr\/#c=indicator&amp;i=sp_ti_tp_7j.tx_pe_gliss&amp;s=2021-10-29-2021-11-04&amp;t=a01&amp;view=map1\" target=\"_blank\" rel=\"noopener\">la plateforme G\u00e9odes de Sant\u00e9 publique France<\/a> met \u00e0 jour <strong>quotidiennement<\/strong> le taux d&rsquo;incidence par d\u00e9partement en France.\u00a0Le bleu le plus clair correspond aux taux d&rsquo;incidences les plus bas et le bleu fonc\u00e9 aux taux d&rsquo;incidence les plus \u00e9lev\u00e9s.\u00a0<\/p>\n<p><iframe loading=\"lazy\" height=\"600\" src=\"https:\/\/geodes.santepubliquefrance.fr\/?view=map2&amp;indics=sp_ti_tp_7j.tx_pe_gliss&amp;serie=2021-09-12-2021-09-18&amp;lang=fr&amp;iframe=1\" width=\"600\"><\/iframe><\/p>\n<h2 id=\"quel-est-le-taux-dincidence-du-covid-en-france\">Quel est le taux d&rsquo;incidence \u00e0 Paris ?<\/h2>\n<p>Le 20\u00a0d\u00e9cembre, selon les chiffres du gouvernement, le taux d&rsquo;incidence \u00e0 Paris est<strong> <\/strong><strong>1157.07\u200b\u200b\u200b\u200b\u200b\u200b\u200b<\/strong>\u00a0<strong>cas<\/strong> pour 100 000 habitants, soit\u00a0<strong>en hausse de 71.01<\/strong><strong>%<\/strong> sur les 7 jours pr\u00e9c\u00e9dents.\u00a0<\/p>\n<div style=\"text-align:center\">\n<figure class=\"image\" style=\"display:inline-block\"><a class=\"fancy\" href=\"https:\/\/img-3.journaldesfemmes.fr\/H-Giqfu6gWAm9vP6PcegJ9P1ym4=\/1080x\/smart\/25c72d8a0233423588c587f9a6e75387\/ccmcms-jdf\/30532015.png\"><img decoding=\"async\" alt=\"Courbe du taux d'incidence \u00e0 Paris au 20 d\u00e9cembre\" src=\"https:\/\/img-3.journaldesfemmes.fr\/UcUWY-a46KHbQtJwA1PC6Who3xc=\/600x\/smart\/25c72d8a0233423588c587f9a6e75387\/ccmcms-jdf\/30532015.png\"\/><\/a><figcaption data-credit=\"Gouvernement.fr\" data-legend=\"Courbe du taux d'incidence \u00e0 Paris au 19 d\u00e9cembre\">Courbe du taux d&rsquo;incidence \u00e0 Paris au 19 d\u00e9cembre <small>\u00a9\u00a0Gouvernement.fr<\/small><\/figcaption><\/figure>\n<\/div>\n<h2 id=\"combien-de-cas-du-variant-omicron-en-france-\">Combien de cas du variant Omicron en France ?<\/h2>\n<p>De nombreux variants du SARS-CoV-2\u00a0circulent en France et de nouveaux variants porteurs de mutations sont r\u00e9guli\u00e8rement identifi\u00e9s. Parmi eux, le variant <strong>Omicron<\/strong> d\u00e9clar\u00e9 en Afrique du Sud\u00a0le<strong> 24\u00a0novembre 2021\u00a0et class\u00e9 comme \u00ab\u00a0pr\u00e9occupant\u00a0\u00bb<\/strong> par l&rsquo;OMS deux jours plus tard.\u00a0 <strong><em>\u00ab\u00a0Le variant Omicron se diffuse \u00e0 une vitesse fulgurante\u00a0\u00bb,<\/em> plusieurs centaines de cas sont recens\u00e9s en France<\/strong> et il devrait devenir<strong> dominant au d\u00e9but de l&rsquo;ann\u00e9e 2022, <\/strong>a inform\u00e9 Jean Castex le 17 d\u00e9cembre.\u00a0En France, <strong>1440 cas de variants Omicron sont confirm\u00e9s au 23 d\u00e9cembre 2021<\/strong>, selon le <a href=\"https:\/\/www.santepubliquefrance.fr\/maladies-et-traumatismes\/maladies-et-infections-respiratoires\/infection-a-coronavirus\/documents\/bulletin-national\/covid-19-point-epidemiologique-du-23-decembre-2021\" target=\"_blank\" rel=\"noopener\">rapport hebdomadaire de Sant\u00e9 Publique France<\/a>. Le nombre r\u00e9el est probablement nettement sup\u00e9rieur.<\/p>\n<div class=\"ccminsert\">\n<aside class=\"app_widget_fo app_widget_fo--call\">\n<ul>\n<li>\n                <a href=\"https:\/\/sante.journaldesfemmes.fr\/fiches-maladies\/2761129-nouveau-variant-omicron-covid-france-symptomes-vaccin-danger-origine-contagion-cas-contact\/\" class=\"jGTMWidgetGAEventClick\" data-gtmwidgetgaeventaction=\"clickWidgetCall\" data-gtmwidgetgaeventlabel=\"Variant Omicron Covid\u00a0: en France, sympt\u00f4mes, vaccin, dangereux\u00a0?\"><\/p>\n<figure>\n                                                                        <picture><source media=\"(max-width: 480px)\" srcset=\"https:\/\/img-3.journaldesfemmes.fr\/gZZDehMSYDaonzoPWqJyVtpKDfY=\/160x105\/smart\/01548ca214a446d5bdd1722022eb81fa\/ccmcms-jdf\/30424252.jpg\" width=\"160\" height=\"105\"><img decoding=\"async\" src=\"https:\/\/img-3.journaldesfemmes.fr\/GEOgBWXx6FEaQeP7cgG7EfaEQgU=\/200x132\/smart\/01548ca214a446d5bdd1722022eb81fa\/ccmcms-jdf\/30424252.jpg\" alt=\"\" width=\"200\" height=\"132\" loading=\"lazy\"\/><br \/>\n                            <\/source><\/picture><figcaption>\n<h3>Variant Omicron Covid\u00a0: en France, sympt\u00f4mes, vaccin, dangereux\u00a0?<\/h3>\n<p>NOUVEAU VARIANT. Le variant Omicron repr\u00e9sente 20% des cas de Covid en France, a annonc\u00e9 Gabriel Attal mercredi. Il devrait \u00eatre majoritaire entre Noel et le Nouvel An. Efficacit\u00e9 des vaccins, contagion, origine, danger, sympt\u00f4mes, cas contacts, virulence&#8230; Tout savoir sur ce nouveau variant.<\/p>\n<\/figcaption><\/figure>\n<p>                <\/a>\n            <\/li>\n<\/ul>\n<\/aside>\n<\/div>\n<h2 id=\"quel-est-le-taux-dincidence-en-ile-de-france-\">Que montrent les cartes de suivi de l&rsquo;\u00e9pid\u00e9mie ?<\/h2>\n<p>Les cartes permettent de\u00a0voir en un clin d&rsquo;\u0153il la situation \u00e9pid\u00e9mique par d\u00e9partement ou par commune, mais aussi la classification des pays o\u00f9 on peut <a href=\"http:\/\/www.affinite.fr\/index.php\/2023\/07\/29\/changer-de-vie-voyager-complement-de-retraite-devenez-vendeur-de-glace-a-litalienne\/\">voyager<\/a> ou pas, la couverture vaccinale, le protocole sanitaire \u00e0 l&rsquo;\u00e9cole, les zones o\u00f9 le port du masque redevient obligatoire&#8230;\u00a0<\/p>\n<h2 id=\"combien-de-francais-sont-vaccines-contre-le-covid\">Quels sont les chiffres de la vaccination anti Covid\u00a0en France\u00a0?<\/h2>\n<p>La vaccination contre le Covid-19\u00a0continue de se poursuivre en France avec les vaccins <strong>Pfizer-BioNTech,\u00a0Moderna,\u00a0AstraZeneca et Janssen<\/strong>.\u00a0Depuis le d\u00e9but de la campagne de vaccination en France, 52\u00a0686\u00a0872\u00a0personnes ont re\u00e7u au moins une injection (soit 78,1\u00a0% de la population totale\u00a0<sup>1<\/sup>) et 51\u00a0585\u00a0838\u00a0personnes ont d\u00e9sormais un sch\u00e9ma vaccinal complet (soit <strong>76,5\u00a0%<\/strong> de la population totale).\u00a0<strong>Depuis le d\u00e9but de la campagne de rappel, 21\u00a0742\u00a0825\u00a0personnes ont re\u00e7u une dose de rappel.\u00a0<\/strong>La France atteint ainsi avec plusieurs jours d&rsquo;avance l&rsquo;objectif fix\u00e9 par le ministre des Solidarit\u00e9s et de la Sant\u00e9 de 20\u00a0millions de rappels vaccinaux r\u00e9alis\u00e9s \u00e0 No\u00ebl.<\/p>\n<\/section>\n<h2 id=\"combien-de-morts-de-lacovid-19en-france\">Combien de morts du\u00a0Covid-19\u00a0en France\u00a0?<\/h2>\n<p><strong>122 295 d\u00e9c\u00e8s<\/strong> du Covid sont recens\u00e9s en France au 23\u00a0d\u00e9cembre 2021 dont <strong>95 262\u00a0<\/strong>\u00e0 l&rsquo;h\u00f4pital\u00a0(+179 au cours des 24\u00a0derni\u00e8res heures), selon le <a href=\"https:\/\/dashboard.covid19.data.gouv.fr\/vue-d-ensemble?location=FRA\" target=\"_blank\" rel=\"noopener\">Tableau de bord du gouvernement<\/a>. Ce chiffre ne comprend\u00a0pas les d\u00e9c\u00e8s \u00e0 domicile.<\/p>\n<\/p><\/div>\n<p><script async src=\"http:\/\/platform.twitter.com\/widgets.js\" charset=\"utf-8\"><\/script><br \/>\n<br \/>[ad_2]<br \/>\n<br \/><a href=\"https:\/\/sante.journaldesfemmes.fr\/fiches-maladies\/2605417-covid-19-france-coronavirus-chiffres-aujourdhui-cas-restriction-autotest-oliver-veran-3eme-dose\/\">Source link <\/a><\/p>\n","protected":false},"excerpt":{"rendered":"<p>[ad_1] CORONAVIRUS. Alors que l&rsquo;heure du R\u00e9veillon de No\u00ebl approche, les Fran\u00e7ais se sont pr\u00e9cipit\u00e9s en pharmacie pour se procurer &hellip; <a href=\"http:\/\/www.affinite.fr\/index.php\/2021\/12\/24\/autotest-avant-noel-rappel-vaccinal-apres-3-mois\/\" class=\"more-link\">Plus <span class=\"screen-reader-text\">autotest avant No\u00ebl, rappel vaccinal apr\u00e8s 3\u00a0mois<\/span> <span class=\"meta-nav\">&rarr;<\/span><\/a><\/p>\n","protected":false},"author":1,"featured_media":7263,"comment_status":"","ping_status":"open","sticky":false,"template":"","format":"standard","meta":{"_sitemap_exclude":false,"_sitemap_priority":"","_sitemap_frequency":"","footnotes":""},"categories":[1],"tags":[],"class_list":["post-7262","post","type-post","status-publish","format-standard","has-post-thumbnail","hentry","category-tous"],"_links":{"self":[{"href":"http:\/\/www.affinite.fr\/index.php\/wp-json\/wp\/v2\/posts\/7262"}],"collection":[{"href":"http:\/\/www.affinite.fr\/index.php\/wp-json\/wp\/v2\/posts"}],"about":[{"href":"http:\/\/www.affinite.fr\/index.php\/wp-json\/wp\/v2\/types\/post"}],"author":[{"embeddable":true,"href":"http:\/\/www.affinite.fr\/index.php\/wp-json\/wp\/v2\/users\/1"}],"replies":[{"embeddable":true,"href":"http:\/\/www.affinite.fr\/index.php\/wp-json\/wp\/v2\/comments?post=7262"}],"version-history":[{"count":0,"href":"http:\/\/www.affinite.fr\/index.php\/wp-json\/wp\/v2\/posts\/7262\/revisions"}],"wp:featuredmedia":[{"embeddable":true,"href":"http:\/\/www.affinite.fr\/index.php\/wp-json\/wp\/v2\/media\/7263"}],"wp:attachment":[{"href":"http:\/\/www.affinite.fr\/index.php\/wp-json\/wp\/v2\/media?parent=7262"}],"wp:term":[{"taxonomy":"category","embeddable":true,"href":"http:\/\/www.affinite.fr\/index.php\/wp-json\/wp\/v2\/categories?post=7262"},{"taxonomy":"post_tag","embeddable":true,"href":"http:\/\/www.affinite.fr\/index.php\/wp-json\/wp\/v2\/tags?post=7262"}],"curies":[{"name":"wp","href":"https:\/\/api.w.org\/{rel}","templated":true}]}}