{"id":7252,"date":"2021-12-22T19:21:06","date_gmt":"2021-12-22T19:21:06","guid":{"rendered":"https:\/\/www.affinite.fr\/index.php\/2021\/12\/22\/ses-troublantes-confidences-a-un-codetenu\/"},"modified":"2021-12-22T19:21:06","modified_gmt":"2021-12-22T19:21:06","slug":"ses-troublantes-confidences-a-un-codetenu","status":"publish","type":"post","link":"http:\/\/www.affinite.fr\/index.php\/2021\/12\/22\/ses-troublantes-confidences-a-un-codetenu\/","title":{"rendered":"ses troublantes confidences \u00e0 un cod\u00e9tenu"},"content":{"rendered":"<p> [ad_1]<br \/>\n<br \/><img decoding=\"async\" src=\"https:\/\/img-3.journaldesfemmes.fr\/SbZJKgoFH36QraOd65uzfVYQLfA=\/1280x\/smart\/61a7d02bd5b248edb4ab5df2b68a3101\/ccmcms-jdf\/30486212.jpg\" \/><\/p>\n<p>\n                Un an a pass\u00e9 depuis la disparition de l&rsquo;infirmi\u00e8re Delphine Jubillar. Un ancien cod\u00e9tenu de C\u00e9dric Jubillar affirme avoir \u00e9cout\u00e9 les incroyables confidences de l&rsquo;artisan-plaquiste&#8230;            <\/p>\n<div>\n<p><strong>[Mis \u00e0 jour mercredi 22<\/strong>\u00a0<strong>d\u00e9cembre\u00a0\u00e0 19h39]<\/strong>\u00a0C\u00e9dric Jubillar aurait nou\u00e9 des<strong> liens d&rsquo;amiti\u00e9 avec des cod\u00e9tenus<\/strong> de la prison de Seysses, selon <a href=\"https:\/\/www.leparisien.fr\/faits-divers\/affaire-jubillar-les-incroyables-confidences-de-cedric-au-sujet-du-corps-de-sa-femme-disparue-17-12-2021-3TT7NZ6N2BFCHPRJNNB4OEEU6I.php?ts=1640198069081\" target=\"_blank\" rel=\"noopener\"><em>Le Parisien<\/em><\/a>. Le myst\u00e9rieux cod\u00e9tenu aurait d\u00e9clar\u00e9 aux enqu\u00eateurs, apr\u00e8s sa lib\u00e9ration, que\u00a0<strong>C\u00e9dric Jubillar<\/strong>\u00a0lui avait fait des confidences \u00e0 propos de sa nouvelle compagne S\u00e9verine. Celui-ci\u00a0lui aurait m\u00eame demand\u00e9 de d\u00e9placer le corps de Delphine Jubillar avec l&rsquo;aide de son actuelle partenaire. Il lui aurait confi\u00e9 avoir enterr\u00e9 le corps <strong>pr\u00e8s d&rsquo;une <a href=\"http:\/\/www.affinite.fr\/index.php\/2022\/10\/22\/la-creme-glacee-la-nouvelle-culture-commerciale\/\">ferme<\/a> qui aurait br\u00fbl\u00e9<\/strong>.\u00a0Si l&rsquo;on en croit le quotidien, les enqu\u00eateurs jugent ce t\u00e9moignage \u00ab\u00a0<em>cr\u00e9dible<\/em>\u00ab\u00a0.\u00a0<\/p>\n<h2>Comment C\u00e9dric Jubillar aurait-il parl\u00e9 avec un cod\u00e9tenu ?<\/h2>\n<p>Mais comment l&rsquo;artisan-plaquiste aurait-il pu <strong>entrer en contact avec un cod\u00e9tenu<\/strong> s&rsquo;il est <strong>plac\u00e9 \u00e0 l&rsquo;isolement<\/strong>?\u00a0\u00ab\u00a0<em>\u00c7a arrive (&#8230;) Les prisonniers crient, <strong>se passent des messages<\/strong> par les petites ouvertures, de jour comme de nuit<\/em>\u00ab\u00a0, a admis la prison de Seysses aupr\u00e8s de <em>France Bleu<\/em>.<\/p>\n<p>\u00ab\u00a0<em>Depuis six mois, <strong>il vit seul dans une cellule de neuf m\u00e8tres carr\u00e9s<\/strong> dont il ne sort que deux heures par jour. Il n&rsquo;adresse la parole \u00e0 personne, si ce n&rsquo;est \u00e0 des fant\u00f4mes de d\u00e9tenus qui hurlent dans les cellules \u00e0 c\u00f4t\u00e9 et au personnel de l&rsquo;administration p\u00e9nitentiaire dont le r\u00f4le et le travail n&rsquo;est pas d&rsquo;entretenir une discussion amicale avec les d\u00e9tenus. Les seules discussions v\u00e9ritables qu&rsquo;il a, c&rsquo;est une fois par semaine, avec ses avocats. Donc, cet homme commence \u00e0 <strong>\u00eatre psychologiquement atteint<\/strong> et c&rsquo;est normal. Je crois que c&rsquo;\u00e9tait d&rsquo;ailleurs le but de cet isolement-l\u00e0. Il faut que ces choses-l\u00e0 cessent au plus vite<\/em>\u00ab\u00a0, a d\u00e9plor\u00e9 son avocat Me Jean-Baptiste Alary.<\/p>\n<h2>Une marche blanche pour Delphine Jubillar<\/h2>\n<p>Une <strong>marche blanche<\/strong> a \u00e9t\u00e9 organis\u00e9e en l&rsquo;honneur de <strong>Delphine Jubillar<\/strong>, dans la nuit du 15 au 16 d\u00e9cembre 2021 \u00e0 Cagnac-les-Mines, pour marquer le triste premier anniversaire de la <strong>disparition de la m\u00e8re de famille<\/strong>. Environ 300\u00a0personnes ont particip\u00e9 \u00e0 l&rsquo;\u00e9v\u00e8nement et<strong> Sylvie<\/strong>, la tante de la disparue, a tenu \u00e0 prendre la parole. Elle a\u00a0trouv\u00e9 dans cette marche blanche un relatif r\u00e9confort.\u00a0\u00ab\u00a0<em>\u00c7a me permet de<strong> tenir le coup<\/strong> parce que nous sommes \u00e0 un an de sa disparition. C&rsquo;est un calvaire, c&rsquo;est tr\u00e8s difficile. On veut des r\u00e9ponses, on veut que la v\u00e9rit\u00e9 se fasse<\/em>\u00ab\u00a0, a-t-elle d\u00e9clar\u00e9 face aux cam\u00e9ras de <em>BFMTV<\/em>.<\/p>\n<p>\u00ab\u00a0<em>Il y a <strong>deux enfants qui n&rsquo;ont plus leur maman<\/strong>. Ils se sont couch\u00e9s avec le bisou et le c\u00e2lin de la maman, ils se l\u00e8vent le matin, et il n&rsquo;y a plus rien<\/em>\u00ab\u00a0, a-t-elle ajout\u00e9 en r\u00e9f\u00e9rence <strong>\u00e0 Louis, 7 ans, et Elyah, 2 ans<\/strong>, les enfants de Delphine Jubillar. \u00ab\u00a0<em>Delphine est d&rsquo;abord une s\u0153ur, une cousine, elle a des petits-cousins. Et puis il y a ses enfants. Il ne faut pas salire la m\u00e9moire, et puis dire des choses quand on ne sait pas&#8230; il vaut mieux se taire<\/em>\u00ab\u00a0, a-t-elle ajout\u00e9.<\/p>\n<h2>C\u00e9dric Jubillar, \u00ab\u00a0b\u00eate\u00a0\u00bb et \u00ab\u00a0bipolaire\u00a0\u00bb ?\u00a0<\/h2>\n<p>Lorsque <strong>S\u00e9verine, la compagne de C\u00e9dric Jubillar<\/strong>, a \u00e9t\u00e9 entendue par les enqu\u00eateurs en juin dernier, celle-ci avait d\u00e9clar\u00e9 \u00e0 plusieurs reprises qu&rsquo;il avait \u00ab\u00a0<em>un <strong>comportement un peu suspect<\/strong><\/em>\u00ab\u00a0, a expliqu\u00e9 le grand reporter du <em>Parisien<\/em> Ronan Folgoas, invit\u00e9 sur le plateau de <em>C \u00e0 Vous<\/em>.\u00a0\u00ab\u00a0<em>Il semble peu impliqu\u00e9 dans les recherches de sa femme, il la d\u00e9nigre assez r\u00e9guli\u00e8rement. Elle m\u00eame sent bien que le <strong>comportement de C\u00e9dric Jubillar est troublant<\/strong><\/em>\u00ab\u00a0, a-t-il ajout\u00e9.<\/p>\n<p><iframe loading=\"lazy\" allow=\"accelerometer; autoplay; clipboard-write; encrypted-media; gyroscope; picture-in-picture\" allowfullscreen=\"\" frameborder=\"0\" height=\"315\" src=\"https:\/\/www.youtube.com\/embed\/qIv2moOwMag\" title=\"YouTube video player\" width=\"560\"><\/iframe><\/p>\n<p>Et de d\u00e9tailler: \u00ab\u00a0<em>Elle le soup\u00e7onne d&rsquo;\u00eatre <strong>peut-\u00eatre bipolaire<\/strong>, c&rsquo;est son mot. Elle trouve aussi qu&rsquo;il peut avoir des airs peut-\u00eatre narcissiques, de <strong>pervers narcissique<\/strong>. C&rsquo;est comme cela qu&rsquo;elle le qualifie parce qu&rsquo;il a un comportement tr\u00e8s d\u00e9cal\u00e9, tr\u00e8s d\u00e9tach\u00e9, tr\u00e8s cool par moments. Ce sont ses mots, l\u00e0 encore. Et \u00e0 d&rsquo;autres s\u00e9quences il peut se montrer <strong>tr\u00e8s violent, tr\u00e8s agressif, tr\u00e8s irruptif, tr\u00e8s d\u00e9monstratif<\/strong><\/em>\u00ab\u00a0. Matthieu Belliard, chroniqueur de l&rsquo;\u00e9mission, a lui ajout\u00e9\u00a0que S\u00e9verine avait d\u00e9crit C\u00e9dric Jubillar comme un homme\u00a0\u00ab\u00a0<strong><em>un peu b\u00eate et un peu violent<\/em><\/strong>\u00ab\u00a0.<\/p>\n<h2>C\u00e9dric Jubillar : sa compagne, lib\u00e9r\u00e9e de garde \u00e0 vue\u00a0<\/h2>\n<p><strong>La compagne de C\u00e9dric Jubillar,\u00a0<\/strong>pr\u00e9nomm\u00e9e <strong>S\u00e9verine <\/strong>et \u00e2g\u00e9e de 44\u00a0ans, a \u00e9t\u00e9 lib\u00e9r\u00e9e de garde \u00e0 vue, le 16 d\u00e9cembre.\u00a0\u00ab\u00a0<em>La garde \u00e0 vue s&rsquo;est tr\u00e8s bien pass\u00e9e. La garde \u00e0 vue est termin\u00e9e. Les enqu\u00eateurs ont exploit\u00e9 tout le temps qui leur est offert par le code de proc\u00e9dure p\u00e9nale<\/em>\u00ab\u00a0, a comment\u00e9 son avocate. \u00ab\u00a0<em><strong>\u00c7a va mieux<\/strong>, je me sens mieux<\/em>\u00ab\u00a0. a d\u00e9clar\u00e9 la principale int\u00e9ress\u00e9e \u00e0 <em>RTL<\/em>, juste apr\u00e8s sa remise en libert\u00e9.\u00a0\u00ab\u00a0<em>Je ne peux pas vous en dire plus, les enqu\u00eateurs m&rsquo;ont dit que, d\u00e8s ce\u00a0soir, il fallait me laisser tranquille car j&rsquo;ai subi les questions, <strong>ce n&rsquo;est plus possible<\/strong><\/em>\u00ab\u00a0, a-t-elle ajout\u00e9.\u00a0<\/p>\n<h2>Delphine Jubillar : son corps enterr\u00e9 dans une ferme ?<\/h2>\n<p>Selon <em>Le Parisien<\/em>, la compagne de C\u00e9dric Jubillar aurait fait de troublantes r\u00e9v\u00e9lations au sujet de l&rsquo;artisan plaquiste et du <strong>corps de Delphine Jubillar<\/strong>.\u00a0\u00ab\u00a0<em>Je lui ai pos\u00e9 la question directement: &lsquo;Qu&rsquo;est-ce que tu en as fait?&rsquo; Et il me r\u00e9pond: &lsquo;Je <strong>l&rsquo;ai enterr\u00e9e <\/strong><\/em><strong><em>pr\u00e8s d&rsquo;un arbre \u00e0 proximit\u00e9 de<\/em><\/strong><em><strong>\u00a0la ferme qui a br\u00fbl\u00e9<\/strong><\/em>\u00ab\u00a0, aurait-elle d\u00e9clar\u00e9. Et de pr\u00e9ciser toutefois: \u00ab\u00a0<em>Il le dit en rigolant donc je pense qu&rsquo;il n&rsquo;est pas s\u00e9rieux. En fait, <strong>je n&rsquo;arrive pas vraiment \u00e0 le cerner. <\/strong>Je veux me convaincre qu&rsquo;il est innocent mais j&rsquo;ai toujours le doute<\/em>\u00ab\u00a0.<\/p>\n<p>Un\u00a0an apr\u00e8s la disparition de Delphine Jubillar, la <strong>compagne actuelle de C\u00e9dric Jubillar<\/strong><strong>\u00a0avait \u00e9t\u00e9 arr\u00eat\u00e9e et plac\u00e9e en garde \u00e0 vue pour <\/strong>\u00ab\u00a0<em>complicit\u00e9 de<\/em>\u00a0<em>recel de cadavre<\/em>\u00a0\u00bb \u00e0 Gaillac, dans le Tarn, dans la matin\u00e9e du 15\u00a0d\u00e9cembre, selon <a href=\"https:\/\/www.francetvinfo.fr\/faits-divers\/disparition-de-delphine-jubillar\/info-franceinfo-affaire-jubillar-la-compagne-de-cedric-jubillar-interpellee-ce-matin_4881747.html\" target=\"_blank\" rel=\"noopener\"><em>FranceInfo<\/em><\/a>.\u00a0Son domicile de Lescure d&rsquo;Albigeois.\u00a0situ\u00e9 entre Albi et Cagnac-Les-Mines, avait \u00e9t\u00e9 perquisitionn\u00e9, pr\u00e9cisait\u00a0<a href=\"https:\/\/www.ladepeche.fr\/2021\/12\/15\/affaire-jubillar-severine-lactuelle-compagne-de-cedric-jubillar-a-ete-interpellee-ce-mercredi-matin-9993873.php\" target=\"_blank\" rel=\"noopener\"><em>La D\u00e9p\u00eache du Midi<\/em><\/a>. D&rsquo;autres suspects ont \u00e9t\u00e9 <strong>plac\u00e9s en garde \u00e0 vue<\/strong>, indique <a href=\"https:\/\/www.leparisien.fr\/faits-divers\/disparition-de-delphine-jubillar-la-compagne-actuelle-de-cedric-jubillar-a-ete-interpellee-15-12-2021-SU4A75EJ7JHV3CK7FUBW56J6WE.php?ts=1639568939255\" target=\"_blank\" rel=\"noopener\"><em>Le Parisien<\/em><\/a>. \u00ab\u00a0<em>De ces auditions pourraient d\u00e9couler <strong>d&rsquo;autres op\u00e9rations dans l&rsquo;apr\u00e8s-midi<\/strong><\/em>\u00ab\u00a0, lit-on.<\/p>\n<h2>Des proches de C\u00e9dric Jubillar entendus<\/h2>\n<p>Les <strong>personnes entendues<\/strong> feraient partie de<strong> l&rsquo;entourage de C\u00e9dric Jubillar<\/strong>, mais le quotidien local pr\u00e9cise qu&rsquo;il ne s&rsquo;agit ni de sa m\u00e8re, ni de son beau-p\u00e8re et sa petite s\u0153ur.\u00a0Ces auditions \u00ab\u00a0<em>visent \u00e0 d\u00e9terminer si ces personnes ont pu <strong>recevoir des confidences de C\u00e9dric Jubillar<\/strong>, notamment sur les endroits o\u00f9 il aurait pu <strong>dissimuler le corps de son \u00e9pouse<\/strong><\/em>\u00ab\u00a0, pr\u00e9cise <em>Le Parisien<\/em>.<\/p>\n<p>Quelques mois plus t\u00f4t, <strong>S\u00e9verine<\/strong>, compagne de C\u00e9dric Jubillar, avait confi\u00e9\u00a0\u00e0 <em>Paris Match<\/em> qu&rsquo;elle<strong> croyait \u00ab\u00a0<em>en son innocence<\/em>\u00ab\u00a0<\/strong> et avait m\u00eame qualifi\u00e9 le p\u00e8re de famille de \u00ab\u00a0<em>touchant et adorable<\/em>\u00ab\u00a0. \u00ab\u00a0<strong><em>Je le soutiendrai jusqu&rsquo;au bout du monde<\/em><\/strong>\u00ab\u00a0, avait\u00a0conclu cette aide-soignante, qui a 11\u00a0ans de plus que lui.\u00a0<\/p>\n<h2>Delphine Jubillar : une \u00e9charpe rose retrouv\u00e9e<\/h2>\n<p>Une<strong> \u00e9charpe rose<\/strong> intrigue les enqu\u00eateurs, selon <a href=\"https:\/\/www.parismatch.com\/Actu\/Faits-divers\/Disparition-Delphine-Jubillar-pourquoi-les-avocats-de-Cedric-ont-depose-une-nouvelle-remise-en-liberte-1776097\"><em>Paris Match<\/em><\/a>. R\u00e9cemment, une client d&rsquo;un avocat de la partie civile aurait \u00e9t\u00e9 \u00ab\u00a0<em>convoqu\u00e9e \u00e0 la gendarmerie pour identifier<\/em>\u00a0\u00bb cette \u00e9charpe. Cette derni\u00e8re aurait <strong>offert l&rsquo;accessoire<\/strong> \u00e0 Delphine Jubillar avant sa disparition et il aurait \u00e9t\u00e9 <strong>retrouv\u00e9 par la suite en pleine nature<\/strong> par les enqu\u00eateurs. De nouvelles recherches, ainsi que des tests ADN, pourraient \u00eatre effectu\u00e9s.<\/p>\n<h2>230 personnes interrog\u00e9es<\/h2>\n<p>Pas moins de<strong>\u00a0230 personnes ont \u00e9t\u00e9 interrog\u00e9es<\/strong> par les gendarmes, dans le cadre<strong>\u00a0<\/strong>de l&rsquo;enqu\u00eate sur la disparition de Delphine Jubillar, selon <a href=\"https:\/\/www.ladepeche.fr\/2021\/12\/14\/affaire-jubillar-la-technologie-au-service-dune-enquete-dun-hors-norme-un-an-apres-la-disparition-de-delphine-9991740.php\" target=\"_blank\" rel=\"noopener\"><em>La D\u00e9p\u00eache<\/em><\/a>. Dans la nuit du 15 au 16 d\u00e9cembre 2020, soir\u00e9e au cours de laquelle la m\u00e8re de famille avait \u00e9t\u00e9 aper\u00e7ue pour la derni\u00e8re fois, les enqu\u00eateurs ont recens\u00e9 <strong>230 personnes<\/strong> dont les t\u00e9l\u00e9phones portable avaient born\u00e9 cette fameuse nuit. Toutes ont ensuite \u00e9t\u00e9 interrog\u00e9es.\u00a0\u00ab\u00a0<em>Il ne fallait surtout pas que l&rsquo;on vienne nous reprocher d&rsquo;avoir concentr\u00e9 nos recherches uniquement sur le mari de la disparue<\/em>\u00ab\u00a0, a pr\u00e9cis\u00e9 une source proche de l&rsquo;enqu\u00eate.<\/p>\n<h2>C\u00e9dric Jubillar, toujours en prison<\/h2>\n<p><strong>C\u00e9dric Jubillar<\/strong> est, lui, actuellement <strong>en d\u00e9tention provisoire<\/strong> \u00e0 la prison de Seysses et continue de nier \u00eatre responsable de la disparition de son \u00e9pouse.\u00a0<strong>Mis en examen pour \u00ab\u00a0<em>meurtre par conjoint<\/em>\u00ab\u00a0<\/strong>, le p\u00e8re de famille a \u00e9t\u00e9<strong> plac\u00e9 \u00e0 l&rsquo;isolement<\/strong> et a d\u00e9pos\u00e9, par le biais de ses avocats, plusieurs <strong>demandes de remise en libert\u00e9<\/strong>, toutes <strong>refus\u00e9es <\/strong>jusqu&rsquo;\u00e0 pr\u00e9sent. \u00ab\u00a0<em>L&rsquo;enqu\u00eate bouge, on est loin de l&rsquo;immobilisme. Il n&rsquo;y a pas d&rsquo;erreur judiciaire, les indices convergent vers lui. Pour l&rsquo;instant, le mari reste une piste cr\u00e9dible<\/em>\u00ab\u00a0, a d&rsquo;ailleurs assur\u00e9 Philippe Pressecq, avocat d&rsquo;une cousine de Delphine Jubillar.<\/p>\n<h2>C\u00e9dric Jubillar a \u00ab\u00a0commis le crime parfait\u00a0\u00bb<\/h2>\n<p>Des morceaux de conversation troublants ont \u00e9t\u00e9 retrouv\u00e9s entre <strong>C\u00e9dric Jubillar<\/strong> et sa <strong>petite s\u0153ur Enola<\/strong>, \u00e2g\u00e9e de 16 ans, indique <em><a href=\"https:\/\/www.bfmtv.com\/police-justice\/j-ai-commis-le-crime-parfait-les-etranges-conversations-telephoniques-de-cedric-jubillar_AN-202112130023.html\" target=\"_blank\" rel=\"noopener\">BFMTV<\/a><\/em>.\u00a0Celle-ci, qui avait \u00e9t\u00e9 <strong>plac\u00e9e sur \u00e9coute<\/strong> par les enqu\u00eateurs, parlait au t\u00e9l\u00e9phone \u00e0 son petit-ami le 16\u00a0mai 2021, mais a oubli\u00e9 de raccrocher \u00e0 la fin de la conversation, durant un court moment.\u00a0Alors que son grand fr\u00e8re \u00e9tait \u00e0 ses c\u00f4t\u00e9s, il lui donnait des conseils pour se d\u00e9fendre au lyc\u00e9e et a laiss\u00e9 \u00e9chapper des paroles plus que troublantes. \u00ab\u00a0<em>Enola, de toi \u00e0 moi, <strong>je suis le meurtrier parfait<\/strong> pour l&rsquo;instant, n&rsquo;oublie pas que <strong>j&rsquo;ai commis le crime parfait<\/strong>. Si tu as besoin de conseil<\/em>\u00ab\u00a0, aurait d\u00e9clar\u00e9 C\u00e9dric Jubillar. Interrog\u00e9e par les enqu\u00eateurs en juin dernier, elle a expliqu\u00e9 ne pas se souvenir de cette conversation mais a \u00e9voqu\u00e9 \u00ab\u00a0<em>une rigolade, un d\u00e9lire\u00a0\u00bb<\/em>.<\/p>\n<h2>Le p\u00e8re de C\u00e9dric Jubillar, inquiet (ou pas) ?\u00a0<\/h2>\n<p>Si le <strong>p\u00e8re de C\u00e9dric Jubillar<\/strong> a peu \u00e9t\u00e9 pr\u00e9sent dans la vie de son fils, il a affirm\u00e9 qu&rsquo;il <strong>s&rsquo;inqui\u00e9tait pour lui<\/strong> dans une r\u00e9cente interview \u00e0 la <a href=\"https:\/\/www.ladepeche.fr\/2021\/09\/13\/exclusif-le-pere-de-cedric-jubillar-se-confie-a-la-depeche-ca-fait-mal-au-coeur-de-le-savoir-en-prison-9787601.php\" target=\"_blank\" rel=\"noopener\"><em>D\u00e9p\u00eache du Midi<\/em><\/a>.\u00a0<strong>Nadine<\/strong>, la m\u00e8re de C\u00e9dric Jubillar, est <strong>furieuse<\/strong>. \u00ab\u00a0<em>S&rsquo;il dit s&rsquo;inqui\u00e9ter pour le petit, puisque je reprends ses termes, pourquoi depuis 34\u00a0ans <strong>il ne s&rsquo;en est pas trop pr\u00e9occup\u00e9.<\/strong>\u00a0Alors oui c&rsquo;est vrai, C\u00e9dric, \u00e0 14 ans, il a voulu conna\u00eetre son p\u00e8re, c&rsquo;est vrai j&rsquo;ai fait les d\u00e9marches pour qu&rsquo;il connaisse son p\u00e8re, il est venu deux fois le voir il lui a offert une paire de baskets et un tee-shirt et c&rsquo;est tout<\/em>\u00a0\u00bb a-t-elle assur\u00e9 \u00e0 <em>La D\u00e9p\u00eache<\/em>, persuad\u00e9e que le g\u00e9niteur souhaite une \u00ab\u00a0<strong><em>reconnaissance m\u00e9diatique en tant que papa de C\u00e9dric<\/em><\/strong>\u00ab\u00a0.\u00a0<\/p>\n<h2>Hondelatte : son coup de gueule<\/h2>\n<p><strong>Christophe Hondelatte<\/strong> a pouss\u00e9 un coup de gueule au sujet du<strong> traitement m\u00e9diatique de l&rsquo;affaire de la disparition de Delphine Jubillar<\/strong>, qui est devenue un \u00ab\u00a0<strong><em>feuilleton dans le vide<\/em><\/strong>\u00ab\u00a0, selon le journaliste. \u00ab\u00a0<em>Je trouve que les journalistes ont une <strong>pr\u00e9somption consid\u00e9rable<\/strong> dans cette affaire, avec des th\u00e8ses \u00e0 g\u00e9om\u00e9trie variable dont ils se d\u00e9lectent malgr\u00e9 des moyens mille fois inf\u00e9rieurs \u00e0 ceux des enqu\u00eateurs<\/em>\u00ab\u00a0, a-t-il d\u00e9plor\u00e9 au<em> JDD<\/em>.\u00a0 Et l&rsquo;animateur de <em>Hondelatte raconte<\/em> sur <em>Europe 1<\/em>\u00a0d&rsquo;ajouter: \u00ab\u00a0<em>Mon obsession? C&rsquo;est la v\u00e9rit\u00e9 sur le fond d&rsquo;une affaire <\/em>(&#8230;)\u00a0<em>Je ne raconte jamais <strong>des histoires qui ne sont pas jug\u00e9es<\/strong><\/em>\u00ab\u00a0.<\/p>\n<h2>Delphine Jubillar : \u00ab\u00a0Rupture\u00a0\u00bb, \u00ab\u00a0Fellation\u00a0\u00bb&#8230; troublants SMS avec son amant<\/h2>\n<p><strong>C\u00e9dric Jubillar<\/strong> avait affirm\u00e9 aux enqu\u00eateurs avoir eu <strong>\u00ab\u00a0<em>trois ou quatre<\/em>\u00a0\u00bb relations sexuelles<\/strong> avec son \u00e9pouse dans les mois qui ont pr\u00e9c\u00e9d\u00e9 sa disparition, mais des SMS troublants ont \u00e9t\u00e9 d\u00e9couverts indique <em>Paris Match<\/em>.\u00a0Avant cette fameuse nuit du 15 au 16 d\u00e9cembre, Delphine Jubillar aurait \u00e9crit \u00e0 son <strong>amant de Montauban<\/strong>, par texto: \u00ab\u00a0<em>Je ne veux pas te tromper, <strong>ni passer \u00e0 la casserole<\/strong><\/em>\u00ab\u00a0. Celui-ci aurait alors r\u00e9pondu: \u00ab\u00a0<em>Si c&rsquo;est qu&rsquo;une <strong>fellation<\/strong>&#8230;\u00a0\u00bb<\/em>.\u00a0<\/p>\n<p>Selon <em>Sept \u00e0 Huit<\/em>, l&rsquo;amant de Montauban aurait \u00e9galement envoy\u00e9 un SMS \u00e0 Delphine Jubillar pour lui annoncer qu&rsquo;il avait annonc\u00e9 son d\u00e9sir de <strong>s\u00e9paration<\/strong> \u00e0 sa compagne.\u00a0\u00ab\u00a0<em>Elle <strong>accepte la rupture<\/strong>. Yeeeeees<\/em>\u00ab\u00a0, lui aurait-il envoy\u00e9.\u00a0Et l&rsquo;infirmi\u00e8re de r\u00e9pondre: \u00ab\u00a0<em>Bravo mon c\u0153ur<\/em>\u00ab\u00a0. \u00ab\u00a0<em>Grand jour. Un jour prochain, <strong>ton lit sera le mien<\/strong>\u00ab\u00a0<\/em>, aurait-il \u00e9galement \u00e9crit.<\/p>\n<p>C\u00e9dric Jubillar a eu un comportement \u00e9trange,\u00a0la fameuse matin\u00e9e du 16 d\u00e9cembre, apr\u00e8s avoir appel\u00e9 les gendarmes pour signaler la disparition de sa femme. L&rsquo;artisan-plaquiste aurait accueilli les enqu\u00eateurs en\u00a0\u00ab\u00a0<em>combinaison-pyjama-panda<\/em>\u00ab\u00a0, selon <em>Paris Match<\/em>. \u00ab\u00a0<em>\u00c7a m&rsquo;a tenu chaud pour chercher ma femme dehors<\/em>\u00ab\u00a0, aurait-il m\u00eame expliqu\u00e9. L&rsquo;\u00e9poux de Delphine Jubillar s&rsquo;est ensuite mis \u00e0 jouer au jeu vid\u00e9o Game Of Thrones, tandis que les gendarmes \u00e9taient dans son appartement.\u00a0\u00ab\u00a0<em>Je n&rsquo;avais pas le choix, il fallait bien que je prot\u00e8ge mon ch\u00e2teau (&#8230;) Il\u00a0n&rsquo;est pas interdit de prendre un peu de bon temps<\/em>\u00ab\u00a0, se serait-il justifi\u00e9.\u00a0<\/p>\n<h2>C\u00e9dric Jubillar\u00a0: \u00ab\u00a0fin d&rsquo;un cycle\u00a0\u00bb?\u00a0<\/h2>\n<p>La v\u00e9rit\u00e9 a-t-elle \u00e9t\u00e9 dite? \u00ab\u00a0<em>Je crois que cet interrogatoire marque <strong>la fin d&rsquo;un cycle<\/strong>, le cycle C\u00e9dric Jubillar. Il est grand temps que la <strong>justice s&rsquo;int\u00e9resse \u00e0 d&rsquo;autres pistes<\/strong><\/em>\u00ab\u00a0, ont estim\u00e9 les avocats de C\u00e9dric Jubillar, qui\u00a0a \u00e9t\u00e9 entendu par les enqu\u00eateurs le 3 d\u00e9cembre, indique <a href=\"https:\/\/www.ladepeche.fr\/2021\/12\/03\/la-piste-cedric-jubillar-est-epuisee-la-justice-doit-chercher-ailleurs-estime-la-defense-du-mari-de-delphine-9969453.php\" target=\"_blank\" rel=\"noopener\"><em>La D\u00e9p\u00eache<\/em><\/a>. Il a d\u00fb s&rsquo;expliquer sur la chronologie de la soir\u00e9e de la disparition de Delphine Jubillar. \u00ab\u00a0<em>Il a redit qu&rsquo;il n&rsquo;a<strong> rien \u00e0 voir avec la disparition de sa femme Delphine Jubillar<\/strong>. Il aimerait savoir ce qui lui est arriv\u00e9, pour lui et pour ses enfants. Il affirme que Delphine est sortie de la maison et elle n&rsquo;est pas revenue<\/em>\u00ab\u00a0, ont ajout\u00e9 ses avocats.<\/p>\n<h2>Delphine Jubillar : de troublants t\u00e9moignages<\/h2>\n<p>Pourtant, de nouveaux t\u00e9moignages viennent <strong>semer encore le doute<\/strong> sur l&rsquo;\u00e9ventuelle responsabilit\u00e9 de <strong>C\u00e9dric Jubillar dans la disparition de sa femme<\/strong>. Si celui-ci a assur\u00e9 qu&rsquo;elle \u00e9tait sortie dans la nuit du 15 au 16 d\u00e9cembre pour promener les chiens, des voisins du couple ont expliqu\u00e9 le 5 d\u00e9cembre dans <em>Sept \u00e0 Huit<\/em>:\u00a0\u00ab\u00a0<em>Cela me surprend beaucoup parce qu&rsquo;elle ne s&rsquo;en occupait pas des chiens&#8230; <strong>C&rsquo;\u00e9tait C\u00e9dric qui s&rsquo;en occupait<\/strong>. On ne l&rsquo;a jamais vue <strong>sortir les chiens seule le jour<\/strong>. Donc \u00e7a m&rsquo;\u00e9tonnerait qu&rsquo;elle les <strong>sorte seule la nuit<\/strong><\/em>\u00ab\u00a0.<\/p>\n<p>Un autre <strong>ancien voisin, Kevin<\/strong>, a vu la situation se d\u00e9grader au sein du couple, qui semblait pourtant s&rsquo;aimer au d\u00e9but. \u00ab\u00a0<em>C&rsquo;est toujours les <strong>premi\u00e8res ann\u00e9es qui sont les meilleures<\/strong><\/em>\u00ab\u00a0, a-t-il d\u00e9clar\u00e9 dans l&rsquo;\u00e9mission. Il y a quelques ann\u00e9es, C\u00e9dric Jubillar avait la t\u00eate pleine de projets pour sa famille, dans leur logement de Cagnac-les-Mines: \u00ab\u00a0<em>Il <strong>voulait se donner \u00e0 fond dans cette maison<\/strong> vu qu&rsquo;il \u00e9tait du b\u00e2timent. Il pensait faire une piscine, un solarium<\/em>\u00ab\u00a0.<\/p>\n<\/p><\/div>\n<p>[ad_2]<br \/>\n<br \/><a href=\"https:\/\/www.journaldesfemmes.fr\/societe\/actu\/2687681-cedric-jubillar-delphine-mari-cache-morte-prison-compagne-garde-a-vue-corps-enterre-codetenu\/\">Source link <\/a><\/p>\n","protected":false},"excerpt":{"rendered":"<p>[ad_1] Un an a pass\u00e9 depuis la disparition de l&rsquo;infirmi\u00e8re Delphine Jubillar. Un ancien cod\u00e9tenu de C\u00e9dric Jubillar affirme avoir &hellip; <a href=\"http:\/\/www.affinite.fr\/index.php\/2021\/12\/22\/ses-troublantes-confidences-a-un-codetenu\/\" class=\"more-link\">Plus <span class=\"screen-reader-text\">ses troublantes confidences \u00e0 un cod\u00e9tenu<\/span> <span class=\"meta-nav\">&rarr;<\/span><\/a><\/p>\n","protected":false},"author":1,"featured_media":7253,"comment_status":"","ping_status":"open","sticky":false,"template":"","format":"standard","meta":{"_sitemap_exclude":false,"_sitemap_priority":"","_sitemap_frequency":"","footnotes":""},"categories":[1],"tags":[],"class_list":["post-7252","post","type-post","status-publish","format-standard","has-post-thumbnail","hentry","category-tous"],"_links":{"self":[{"href":"http:\/\/www.affinite.fr\/index.php\/wp-json\/wp\/v2\/posts\/7252"}],"collection":[{"href":"http:\/\/www.affinite.fr\/index.php\/wp-json\/wp\/v2\/posts"}],"about":[{"href":"http:\/\/www.affinite.fr\/index.php\/wp-json\/wp\/v2\/types\/post"}],"author":[{"embeddable":true,"href":"http:\/\/www.affinite.fr\/index.php\/wp-json\/wp\/v2\/users\/1"}],"replies":[{"embeddable":true,"href":"http:\/\/www.affinite.fr\/index.php\/wp-json\/wp\/v2\/comments?post=7252"}],"version-history":[{"count":0,"href":"http:\/\/www.affinite.fr\/index.php\/wp-json\/wp\/v2\/posts\/7252\/revisions"}],"wp:featuredmedia":[{"embeddable":true,"href":"http:\/\/www.affinite.fr\/index.php\/wp-json\/wp\/v2\/media\/7253"}],"wp:attachment":[{"href":"http:\/\/www.affinite.fr\/index.php\/wp-json\/wp\/v2\/media?parent=7252"}],"wp:term":[{"taxonomy":"category","embeddable":true,"href":"http:\/\/www.affinite.fr\/index.php\/wp-json\/wp\/v2\/categories?post=7252"},{"taxonomy":"post_tag","embeddable":true,"href":"http:\/\/www.affinite.fr\/index.php\/wp-json\/wp\/v2\/tags?post=7252"}],"curies":[{"name":"wp","href":"https:\/\/api.w.org\/{rel}","templated":true}]}}