{"id":723,"date":"2020-03-17T02:42:36","date_gmt":"2020-03-17T02:42:36","guid":{"rendered":"https:\/\/www.affinite.fr\/index.php\/2020\/03\/17\/le-trafic-internet-explose-mais-le-reseau-tiendra-le-coup\/"},"modified":"2020-03-17T02:42:36","modified_gmt":"2020-03-17T02:42:36","slug":"le-trafic-internet-explose-mais-le-reseau-tiendra-le-coup","status":"publish","type":"post","link":"http:\/\/www.affinite.fr\/index.php\/2020\/03\/17\/le-trafic-internet-explose-mais-le-reseau-tiendra-le-coup\/","title":{"rendered":"le trafic Internet explose&#8230; mais le r\u00e9seau tiendra le coup"},"content":{"rendered":"<p> [ad_1]<br \/>\n<br \/><img decoding=\"async\" src=\"https:\/\/img.bfmtv.com\/i\/0\/0\/0aa7\/a554534628f6d34aa9428d2e0c7f.jpg\" \/><\/p>\n<div itemprop=\"articleBody\">\n<p>Jusqu&rsquo;\u00e0 deux milliards de pages A4 \u00e9chang\u00e9es en une seconde. Le pic de trafic sur Internet est impressionnant\u00a0depuis le d\u00e9but de la crise sanitaire li\u00e9e au COVID-19. Les \u00e9changes de donn\u00e9es ne cessent de cro\u00eetre\u00a0et le ph\u00e9nom\u00e8ne va aller crescendo si des mesures de confinements sont prises de fa\u00e7on massive en Europe.<\/p>\n<p>Selon DE-Cix (<em>Deutscher Commercial Internet Exchange<\/em>), une soci\u00e9t\u00e9 d\u00e9tenue par l&rsquo;association\u00a0de 1300 entreprises, situ\u00e9e \u00e0 Francfort et qui constitue l&rsquo;un des noeuds Internet plan\u00e9taires, un pic de 9,1 t\u00e9rabits a \u00e9t\u00e9 enregistr\u00e9\u00a0le 10 mars dernier. Cela \u00e9quivaut \u00e0 deux millions de vid\u00e9os HD envoy\u00e9es en une seconde dans les tuyaux. Et c&rsquo;est 12% de plus que le pr\u00e9c\u00e9dent record.<\/p>\n<aside class=\"bg-color-0 padding-inside-all-s bloc border-s\">\n<h4 class=\"box-txt-normal\">\n<p><strong>\u00c0 d\u00e9couvrir aussi en vid\u00e9o :<\/strong><\/p>\n<\/h4>\n<\/aside>\n<p>Les pics de trafic sont d&rsquo;ordinaire atteints \u00e0 l&rsquo;occasion de comp\u00e9titions sportives, d&rsquo;\u00e9v\u00e9nements mondiaux importants qui se tiennent en direct, etc. Le travail \u00e0 distance occasionn\u00e9 par le Coronavirus y est sans doute pour beaucoup. Le lancement du jeu <em>Call of Duty : Warzone,<\/em> une heure avant que ce record soit atteint, a sans doute aussi largement contribu\u00e9 \u00e0 faire grossir le nombre de paquets en transit sur Internet \u00e0 ce moment-l\u00e0.<\/p>\n<h3 style=\"color:#333; font-family:arial,helvetica,sans-serif; font-size:23px; font-weight:700\">Internet tiendra le coup<\/h3>\n<p>Depuis deux mois, le trafic global sur Internet est en hausse de 29% selon le r\u00e9seau mondial de diffusion Akamai. Le CTO de DE-Cix, Thomas King, s&rsquo;est voulu rassurant :<\/p>\n<blockquote>\n<p><em>\u00ab\u00a0Garantir une infrastructure Internet stable et s\u00fbre &#8211; quelle que soit la difficult\u00e9 de la situation &#8211; est l&rsquo;une de nos plus grandes priorit\u00e9s\u00a0\u00bb<\/em><\/p>\n<\/blockquote>\n<p>Selon lui, il n&rsquo;y a donc aucune chance pour le moment qu&rsquo;Internet ne flanche \u00e0 l&rsquo;\u00e9chelle europ\u00e9enne. Ou m\u00eame mondial. Reste maintenant \u00e0 savoir comment les op\u00e9rateurs locaux vont r\u00e9ussir \u00e0 encaisser la surcharge de trafic sur leurs propres data centers.<\/p>\n<p>Avec <a href=\"https:\/\/www.01net.com\/actualites\/disney-avance-sa-date-de-lancement-en-france-et-annonce-le-prix-de-l-abonnement-1844510.html\" target=\"_blank\" rel=\"noopener noreferrer\">le lancement de Disney+<\/a>, la mise en place du\u00a0ch\u00f4mage partiel dans les entreprises (en France) et l&rsquo;augmentation du personnel en t\u00e9l\u00e9travail, le trafic sur\u00a0la Toile risque encore de se densifier dans les prochains jours.<\/p>\n<p><strong>Source :<\/strong> <a href=\"https:\/\/www.lesechos.fr\/tech-medias\/hightech\/noeud-de-linternet-mondial-de-cix-explose-son-record-de-trafic-1185681#xtor=CS1-3046\" target=\"_blank\" rel=\"noopener noreferrer\">Les Echos<\/a><\/p>\n<\/p><\/div>\n<p><script>\n         !function(f,b,e,v,n,t,s){if(f.fbq)return;n=f.fbq=function()\n         {n.callMethod? n.callMethod.apply(n,arguments):n.queue.push(arguments)}\n         ;if(!f._fbq)f._fbq=n;\n             n.push=n;n.loaded=!0;n.version='2.0';n.queue=[];t=b.createElement(e);t.async=!0;\n             t.src=v;s=b.getElementsByTagName(e)[0];s.parentNode.insertBefore(t,s)}(window,\n                 document,'script','https:\/\/connect.facebook.net\/en_US\/fbevents.js');\n         fbq('init', '1065890633454496');\n         fbq('track', 'PageView');\n     <\/script><br \/>\n<br \/>[ad_2]<br \/>\n<br \/><a href=\"https:\/\/www.01net.com\/actualites\/coronavirus-le-trafic-internet-explose-mais-le-reseau-tiendra-le-coup-1875906.html\">Source link <\/a><\/p>\n","protected":false},"excerpt":{"rendered":"<p>[ad_1] Jusqu&rsquo;\u00e0 deux milliards de pages A4 \u00e9chang\u00e9es en une seconde. Le pic de trafic sur Internet est impressionnant\u00a0depuis le &hellip; <a href=\"http:\/\/www.affinite.fr\/index.php\/2020\/03\/17\/le-trafic-internet-explose-mais-le-reseau-tiendra-le-coup\/\" class=\"more-link\">Plus <span class=\"screen-reader-text\">le trafic Internet explose&#8230; mais le r\u00e9seau tiendra le coup<\/span> <span class=\"meta-nav\">&rarr;<\/span><\/a><\/p>\n","protected":false},"author":1,"featured_media":724,"comment_status":"open","ping_status":"open","sticky":false,"template":"","format":"standard","meta":{"_sitemap_exclude":false,"_sitemap_priority":"","_sitemap_frequency":"","footnotes":""},"categories":[1],"tags":[],"class_list":["post-723","post","type-post","status-publish","format-standard","has-post-thumbnail","hentry","category-tous"],"_links":{"self":[{"href":"http:\/\/www.affinite.fr\/index.php\/wp-json\/wp\/v2\/posts\/723"}],"collection":[{"href":"http:\/\/www.affinite.fr\/index.php\/wp-json\/wp\/v2\/posts"}],"about":[{"href":"http:\/\/www.affinite.fr\/index.php\/wp-json\/wp\/v2\/types\/post"}],"author":[{"embeddable":true,"href":"http:\/\/www.affinite.fr\/index.php\/wp-json\/wp\/v2\/users\/1"}],"replies":[{"embeddable":true,"href":"http:\/\/www.affinite.fr\/index.php\/wp-json\/wp\/v2\/comments?post=723"}],"version-history":[{"count":0,"href":"http:\/\/www.affinite.fr\/index.php\/wp-json\/wp\/v2\/posts\/723\/revisions"}],"wp:featuredmedia":[{"embeddable":true,"href":"http:\/\/www.affinite.fr\/index.php\/wp-json\/wp\/v2\/media\/724"}],"wp:attachment":[{"href":"http:\/\/www.affinite.fr\/index.php\/wp-json\/wp\/v2\/media?parent=723"}],"wp:term":[{"taxonomy":"category","embeddable":true,"href":"http:\/\/www.affinite.fr\/index.php\/wp-json\/wp\/v2\/categories?post=723"},{"taxonomy":"post_tag","embeddable":true,"href":"http:\/\/www.affinite.fr\/index.php\/wp-json\/wp\/v2\/tags?post=723"}],"curies":[{"name":"wp","href":"https:\/\/api.w.org\/{rel}","templated":true}]}}