{"id":7218,"date":"2021-12-16T06:14:37","date_gmt":"2021-12-16T06:14:37","guid":{"rendered":"https:\/\/www.affinite.fr\/index.php\/2021\/12\/16\/le-code-sur-france-2-y-aura-t-il-une-saison-2-news-series-a-la-tv\/"},"modified":"2021-12-16T06:14:37","modified_gmt":"2021-12-16T06:14:37","slug":"le-code-sur-france-2-y-aura-t-il-une-saison-2-news-series-a-la-tv","status":"publish","type":"post","link":"http:\/\/www.affinite.fr\/index.php\/2021\/12\/16\/le-code-sur-france-2-y-aura-t-il-une-saison-2-news-series-a-la-tv\/","title":{"rendered":"Le Code sur France 2 : y aura-t-il une saison 2 ? &#8211; News S\u00e9ries \u00e0 la TV"},"content":{"rendered":"<p> [ad_1]<br \/>\n<br \/><img decoding=\"async\" src=\"http:\/\/fr.web.img6.acsta.net\/newsv7\/21\/12\/14\/14\/37\/2309175.jpg\" \/><\/p>\n<p>Alors que la s\u00e9rie judiciaire s&rsquo;ach\u00e8ve ce soir sur France 2 avec la diffusion des deux derniers \u00e9pisodes, verra-t-on une suite aux affaires du cabinet d&rsquo;associ\u00e9 men\u00e9 par Idriss Toma, avocat en qu\u00eate de salut dont la vie ne tient plus qu&rsquo;\u00e0 un fil ?<\/p>\n<div id=\"article-content\">\n<figure class=\"player player-auto-play js-player\" data-model=\"{&quot;context&quot;:&quot;newspage_news&quot;,&quot;launch&quot;:&quot;auto-play&quot;,&quot;followScroll&quot;:true,&quot;editorialContent&quot;:&quot;18705178-le_code_sur_france_2_y_aura_t_il_une_saison_2&quot;,&quot;endScreen&quot;:true,&quot;disableAutoPause&quot;:true,&quot;player_position&quot;:&quot;playertop&quot;,&quot;videos&quot;:[{&quot;id&quot;:19594560,&quot;sources&quot;:{&quot;medium&quot;:&quot;\/\/fr.vid.web.acsta.net\/nmedia\/33\/21\/11\/04\/11\/19594560_sd_013.mp4&quot;,&quot;high&quot;:&quot;\/\/fr.vid.web.acsta.net\/nmedia\/33\/21\/11\/04\/11\/19594560_hd_013.mp4&quot;},&quot;image&quot;:&quot;\/videothumbnails\/21\/11\/04\/11\/29\/3297708.jpg&quot;,&quot;title&quot;:&quot;Le Code - saison 1 Teaser VF&quot;,&quot;trackingIdentifier&quot;:&quot;19594560-le_code_saison_1_teaser_vf&quot;,&quot;embedUrl&quot;:&quot;ACraHRACr0cHM6Ly9wbGF5ZXIuYWxsb2NpbmUuZnIvMTk1OTQ1NjAuaHRtbA==&quot;,&quot;id_type&quot;:31016,&quot;file_type&quot;:&quot;teaser&quot;,&quot;description&quot;:&quot;Le Code - saison 1 Teaser VF&quot;,&quot;duration&quot;:102,&quot;view_count&quot;:9172,&quot;added_at&quot;:{&quot;date&quot;:&quot;2021-11-04 11:26:00.000000&quot;,&quot;timezone_type&quot;:3,&quot;timezone&quot;:&quot;Europe\/Paris&quot;},&quot;metas&quot;:{&quot;genre_main_series&quot;:[{&quot;name&quot;:&quot;Drame&quot;,&quot;id&quot;:&quot;13008&quot;},{&quot;name&quot;:&quot;Judiciaire&quot;,&quot;id&quot;:&quot;13031&quot;}],&quot;id_main_season&quot;:39647,&quot;id_main_series&quot;:27307,&quot;image_main_series&quot;:&quot;\/pictures\/21\/11\/09\/15\/17\/2322720.jpg&quot;,&quot;localized_file_type&quot;:&quot;teaser&quot;,&quot;main_season_number&quot;:1,&quot;main_season_rating&quot;:3.03225803,&quot;main_season_user_note_count&quot;:1,&quot;main_series_rating&quot;:3.17168808,&quot;name_main_season&quot;:&quot;Le Code - Saison 1&quot;,&quot;name_main_series&quot;:&quot;Le Code&quot;,&quot;release_status_series&quot;:&quot;En cours&quot;,&quot;trans_file_type&quot;:&quot;Teaser&quot;},&quot;relatedEntityType&quot;:&quot;series&quot;,&quot;relatedEntityTrackingIdentifier&quot;:&quot;27307-le_code&quot;,&quot;relatedEntityTitle&quot;:&quot;Le Code&quot;,&quot;relatedEntityId&quot;:27307,&quot;relatedEntityUrl&quot;:&quot;ACraHRACr0cHM6Ly93d3cuYWxsb2NpbmUuZnIvc2VyaWVzL2ZpY2hlc2VyaWVfZ2VuX2NzZXJpZT0yNzMwNy5odG1s&quot;,&quot;mediaUrl&quot;:&quot;ACraHRACr0cHM6Ly93d3cuYWxsb2NpbmUuZnIvdmlkZW8vcGxheWVyX2dlbl9jbWVkaWE9MTk1OTQ1NjAmY3NlcmllPTI3MzA3Lmh0bWw=&quot;,&quot;entityStatus&quot;:&quot;en_cours&quot;}],&quot;disablePreroll&quot;:false,&quot;disablePostroll&quot;:false}\" data-thumb=\"https:\/\/fr.web.img3.acsta.net\/r_640_360\/videothumbnails\/21\/11\/04\/11\/29\/3297708.jpg\">\n<\/figure>\n<p>Derni\u00e8re cr\u00e9ation en date du sc\u00e9nariste <a title=\"Lionel Olenga (France) (Sc\u00e9nariste,Cr\u00e9ateur,Producteur)\" href=\"http:\/\/www.allocine.fr\/personne\/fichepersonne_gen_cpersonne=187676.html\">Lionel Olenga <\/a>(<a title=\"Cherif (France) (Policier)\" href=\"http:\/\/www.allocine.fr\/series\/ficheserie_gen_cserie=12170.html\">Cherif<\/a>), la s\u00e9rie\u00a0<a title=\"Le Code (France) (Drame,Judiciaire)\" href=\"http:\/\/www.allocine.fr\/series\/ficheserie_gen_cserie=27307.html\">Le Code<\/a> nous plonge dans les arcanes judiciaires d&rsquo;un cabinet d&rsquo;associ\u00e9s men\u00e9 par Idriss Toma (<a title=\"Daniel Njo Lob\u00e9 (France) (Acteur)\" href=\"http:\/\/www.allocine.fr\/personne\/fichepersonne_gen_cpersonne=128165.html\">Daniel Njo Lob\u00e9<\/a>), ex-avocat des riches et des puissants d\u00e9cid\u00e9 \u00e0 se racheter apr\u00e8s qu&rsquo;un homme, victime collat\u00e9rale de ses pratiques, a tent\u00e9 de l&rsquo;assassiner.<\/p>\n<p>Associ\u00e9 \u00e0 Nadia Ayad (<a title=\"Naidra Ayadi (France) (Acteur,Sc\u00e9nariste,R\u00e9alisateur)\" href=\"http:\/\/www.allocine.fr\/personne\/fichepersonne_gen_cpersonne=131972.html\">Naidra Ayadi<\/a>), une avocate engag\u00e9e, et Jeanne Vanhoven (<a title=\"Christiane Millet (France) (Acteur)\" href=\"http:\/\/www.allocine.fr\/personne\/fichepersonne_gen_cpersonne=13425.html\">Christiane Millet<\/a>), une ancienne gloire du barreau qui a repouss\u00e9 son d\u00e9part \u00e0 la <a href=\"http:\/\/www.affinite.fr\/index.php\/2023\/07\/29\/changer-de-vie-voyager-complement-de-retraite-devenez-vendeur-de-glace-a-litalienne\/\">retraite<\/a>, Idriss va d\u00e9fendre les accus\u00e9s les plus d\u00e9munis face \u00e0 un syst\u00e8me judiciaire impitoyable. Mais il joue contre la montre : un \u00e9clat de balle inop\u00e9rable log\u00e9 dans son cr\u00e2ne menace de le tuer \u00e0 tout moment&#8230;<\/p>\n<p>Diffus\u00e9 en trois soir\u00e9e sur France 2, Le Code a convaincu le public, r\u00e9unissant un peu plus de 3 millions de t\u00e9l\u00e9spectateurs en premi\u00e8re semaine (soit 14,8% de PDA) et environ 2,9 millions de personnes en deuxi\u00e8me semaine (13,8%) selon <span class=\"ACraHRACr0cHM6Ly93d3cubGVwYXJpc2llbi5mci9jdWx0dXJlLWxvaXNpcnMvdHYvYXVkaWVuY2VzLXR2LXF1YXNpLWVnYWxpdGUtZW50cmUtaW5jcm95YWJsZS10YWxlbnQtZXQtbGUtY29kZS0wOS0xMi0yMDIxLUFVV0pFQzdNV1ZHRTVPUFRKSDZPSlk0UUxFLnBocA==\">Le Parisien<\/span>.<\/p>\n<p>A l&rsquo;issue des deux derniers \u00e9pisodes de ce soir, Idriss, qui a re\u00e7u de mauvaises nouvelles de la part de son neurologue, ne va pas pouvoir cacher son secret plus longtemps \u00e0 ses collaboratrices et \u00e0 sa fille, qui a d\u00e9couvert ses r\u00e9sultats d&rsquo;examens : son \u00e9tat ne s&rsquo;est pas am\u00e9lior\u00e9, et il ne lui reste plus que quelques mois \u00e0 vivre.<\/p>\n<p>Boulevers\u00e9e, Nadia annonce \u00e0 Idriss son intention de quitter leur cabinet apr\u00e8s ces r\u00e9v\u00e9lations, se sentant trahie et surtout incapable de supporter l&rsquo;id\u00e9e de perdre son associ\u00e9 et ami. Chlo\u00e9 (<a title=\"Wendy Nieto (France) (Acteur)\" href=\"http:\/\/www.allocine.fr\/personne\/fichepersonne_gen_cpersonne=554266.html\">Wendy Nieto<\/a>), la fille d&rsquo;Idriss, est r\u00e9volt\u00e9e \u00e0 l&rsquo;id\u00e9e de perdre une nouvelle fois son p\u00e8re alors qu&rsquo;ils venaient \u00e0 peine de se retrouver; enfin, Elodie (<a title=\"Catherine Demaiffe (Belgique) (Acteur)\" href=\"http:\/\/www.allocine.fr\/personne\/fichepersonne_gen_cpersonne=206490.html\">Catherine Demaiffe<\/a>), qui peine \u00e0 cacher ses sentiments pour l&rsquo;avocat, voit la perspective de leur relation s&rsquo;envoler&#8230;<\/p>\n<p>Si une saison 2 est d&rsquo;ores et d\u00e9j\u00e0 en \u00e9criture, comme le r\u00e9v\u00e9lait Lionel Olenga lors du festival S\u00e9ries Mania en septembre o\u00f9 la s\u00e9rie \u00e9tait pr\u00e9sent\u00e9e en avant-premi\u00e8re, reverra-t-on le personnage incarn\u00e9 par Daniel Njo Lob\u00e9 dans de futurs \u00e9pisodes apr\u00e8s cette r\u00e9v\u00e9lation ?<\/p>\n<p><span>\u00ab\u00a0<i>Pour nous, le personnage d&rsquo;Idriss, c&rsquo;est vraiment le point d&rsquo;entr\u00e9e<\/i>\u00ab\u00a0, expliquait-il. \u00ab\u00a0<i>C&rsquo;est la fa\u00e7on dont on entre dans ce cadre. Ensuite l&rsquo;id\u00e9e, c&rsquo;\u00e9tait de faire en sorte que les gens soient passionn\u00e9s par les intrigues, quelle que soit l&rsquo;avocat.e qui va les traiter. Et via \u00e7a, de s&rsquo;int\u00e9resser \u00e0 chacun d&rsquo;entre eux. P<\/i><\/span><i>arce qu&rsquo;entre deux affaires de meurtre, deux affaires de viol, on a envie de pouvoir aborder les choses de mani\u00e8re diff\u00e9rente pour ne pas ass\u00e9ner une seule v\u00e9rit\u00e9.<\/i>\u00ab\u00a0<\/p>\n<p>\u00ab\u00a0<span><i>L\u00e0, on est en train d&rsquo;\u00e9crire la saison 2, les arches narratives sont book\u00e9es et on avance sur de nouveaux \u00e9pisodes : il y a\u00a0<\/i><span><i>un proc\u00e8s autour de l&rsquo;euthanasie, des choses comme \u00e7a qui sont en train de se dessiner\u00a0\u00bb\u00a0<\/i>r\u00e9v\u00e9lait-il. \u00ab\u00a0<i>On ne peut pas dire qu&rsquo;il y a une v\u00e9rit\u00e9 absolue : il<\/i><span><i>\u00a0y a des v\u00e9rit\u00e9s contradictoires, et pour \u00e7a, il faut plusieurs affaires pouvoir les questionner tout en divertissant.<\/i>\u00ab\u00a0<\/span><\/span><\/span><\/p>\n<p><span><span><span>France 2 n&rsquo;ayant pas encore donn\u00e9 le feu vert pour une deuxi\u00e8me saison de la s\u00e9rie, le sort du h\u00e9ros reste donc en suspens \u00e0 l&rsquo;issue de ces deux derniers \u00e9pisodes. Forte de la richesse des th\u00e9matiques qu&rsquo;elle traite \u00e0 travers le prisme de la justice et des avocats qui la repr\u00e9sentent, esp\u00e9rons que cette nouvelle s\u00e9rie judiciaire aura su convaincre la cha\u00eene de transformer l&rsquo;essai.<\/span><\/span><\/span><\/p>\n<p><span><span><span>D&rsquo;ici l\u00e0, vous pouvez retrouver la saison 1 du Code en int\u00e9gralit\u00e9 sur la plateforme de streaming SALTO !<\/span><\/span><\/span><\/p>\n<p><strong>\u00a0<\/strong><\/p>\n<\/div>\n<p>[ad_2]<br \/>\n<br \/><a href=\"http:\/\/www.allocine.fr\/article\/fichearticle_gen_carticle=18705178.html\">Source link <\/a><\/p>\n","protected":false},"excerpt":{"rendered":"<p>[ad_1] Alors que la s\u00e9rie judiciaire s&rsquo;ach\u00e8ve ce soir sur France 2 avec la diffusion des deux derniers \u00e9pisodes, verra-t-on &hellip; <a href=\"http:\/\/www.affinite.fr\/index.php\/2021\/12\/16\/le-code-sur-france-2-y-aura-t-il-une-saison-2-news-series-a-la-tv\/\" class=\"more-link\">Plus <span class=\"screen-reader-text\">Le Code sur France 2 : y aura-t-il une saison 2 ? &#8211; News S\u00e9ries \u00e0 la TV<\/span> <span class=\"meta-nav\">&rarr;<\/span><\/a><\/p>\n","protected":false},"author":1,"featured_media":7219,"comment_status":"","ping_status":"open","sticky":false,"template":"","format":"standard","meta":{"_sitemap_exclude":false,"_sitemap_priority":"","_sitemap_frequency":"","footnotes":""},"categories":[1],"tags":[],"class_list":["post-7218","post","type-post","status-publish","format-standard","has-post-thumbnail","hentry","category-tous"],"_links":{"self":[{"href":"http:\/\/www.affinite.fr\/index.php\/wp-json\/wp\/v2\/posts\/7218"}],"collection":[{"href":"http:\/\/www.affinite.fr\/index.php\/wp-json\/wp\/v2\/posts"}],"about":[{"href":"http:\/\/www.affinite.fr\/index.php\/wp-json\/wp\/v2\/types\/post"}],"author":[{"embeddable":true,"href":"http:\/\/www.affinite.fr\/index.php\/wp-json\/wp\/v2\/users\/1"}],"replies":[{"embeddable":true,"href":"http:\/\/www.affinite.fr\/index.php\/wp-json\/wp\/v2\/comments?post=7218"}],"version-history":[{"count":0,"href":"http:\/\/www.affinite.fr\/index.php\/wp-json\/wp\/v2\/posts\/7218\/revisions"}],"wp:featuredmedia":[{"embeddable":true,"href":"http:\/\/www.affinite.fr\/index.php\/wp-json\/wp\/v2\/media\/7219"}],"wp:attachment":[{"href":"http:\/\/www.affinite.fr\/index.php\/wp-json\/wp\/v2\/media?parent=7218"}],"wp:term":[{"taxonomy":"category","embeddable":true,"href":"http:\/\/www.affinite.fr\/index.php\/wp-json\/wp\/v2\/categories?post=7218"},{"taxonomy":"post_tag","embeddable":true,"href":"http:\/\/www.affinite.fr\/index.php\/wp-json\/wp\/v2\/tags?post=7218"}],"curies":[{"name":"wp","href":"https:\/\/api.w.org\/{rel}","templated":true}]}}