{"id":7216,"date":"2021-12-15T19:09:08","date_gmt":"2021-12-15T19:09:08","guid":{"rendered":"https:\/\/www.affinite.fr\/index.php\/2021\/12\/15\/april-benayoum-fait-briller-la-france-et-les-98-candidates-en-photos\/"},"modified":"2021-12-15T19:09:08","modified_gmt":"2021-12-15T19:09:08","slug":"april-benayoum-fait-briller-la-france-et-les-98-candidates-en-photos","status":"publish","type":"post","link":"http:\/\/www.affinite.fr\/index.php\/2021\/12\/15\/april-benayoum-fait-briller-la-france-et-les-98-candidates-en-photos\/","title":{"rendered":"April Benayoum fait briller la France&#8230;et les 98\u00a0candidates en PHOTOS"},"content":{"rendered":"<p> [ad_1]<br \/>\n<br \/><img decoding=\"async\" src=\"https:\/\/img-3.journaldesfemmes.fr\/qxi-SHP8vorUZXsGVjA8BOxiGfQ=\/1280x\/smart\/9a3378e39dc04026aca2dffda2440bb5\/ccmcms-jdf\/30192401.jpg\" \/><\/p>\n<p>\n                Bient\u00f4t la fin du r\u00e8gne pour Toni-Ann Singh, Miss Jama\u00efque, qui a gard\u00e9 sa couronne de Miss Monde deux ans en raison de la Covid-19. Pour lui succ\u00e9der, de nombreuses reines de beaut\u00e9 internationales s&rsquo;affrontent lors de Challenges avant la c\u00e9r\u00e9monie. Et la Fran\u00e7aise April Benayoum, qui a choisi de d\u00e9fendre la lutte contre le harc\u00e8lement, s&rsquo;est d\u00e9j\u00e0 d\u00e9marqu\u00e9e!            <\/p>\n<div>\n<aside class=\"ccmsummary marqueur_module ccmcss_cms_summary ccmcss_cms_summary--right\">\n<p>Sommaire<\/p>\n<\/aside>\n<p>Pour chaque concours de beaut\u00e9, les jeunes femmes en lice doivent toutes choisir une cause \u00e0 repr\u00e9senter. Pour Miss Monde 2021, <strong>April Benayoum<\/strong> a choisi de mener son <strong>combat contre le harc\u00e8lement<\/strong> jusqu&rsquo;\u00e0 Porto Rico. <em>\u00ab\u00a0Je voulais parler de l&rsquo;environnement mais<strong> avec ce qui m&rsquo;est arriv\u00e9 cette ann\u00e9e,<\/strong> je ne me voyais pas m&rsquo;engager sur autre chose que sur <strong>la lutte contre le harc\u00e8lement et la discrimination<\/strong><\/em><strong>\u00ab\u00a0<\/strong>. a-t-elle expliqu\u00e9 lors d&rsquo;une interview pour <em><a href=\"https:\/\/www.lci.fr\/culture\/interview-miss-provence-april-benayoum-candidate-francaise-miss-monde-defend-lutte-harcelement-et-discrimination-2201970.html\" target=\"_blank\" rel=\"noopener\">LCI<\/a><\/em>. La jeune reine de beaut\u00e9, 1e dauphine d&rsquo;Amandine Petit l&rsquo;an pass\u00e9 aux origines <strong>\u00ab\u00a0<em>serbo-croates\u00a0\u00bb\u00a0<\/em>et<em>\u00a0\u00ab\u00a0isra\u00e9lo-italiennes\u00a0\u00bb<\/em><\/strong>, a \u00e9t\u00e9 victime d&rsquo;<strong>insultes antis\u00e9mites<\/strong> sur les r\u00e9seaux sociaux le soir de l&rsquo;\u00e9lection de <a href=\"https:\/\/www.journaldesfemmes.fr\/loisirs\/rendez-vous\/2586346-miss-france-2022-miss-idf-ile-de-france-diane-leyre\/\" title=\"Miss France 2022\">Miss France<\/a> 2020. Elle a alors d\u00e9cid\u00e9 de\u00a0poursuivre\u00a0les auteurs des Tweets en justice, et a obtenu gain de cause lorsque les sept personnes\u00a0assign\u00e9es\u00a0ont \u00e9cop\u00e9 d&rsquo;une lourde\u00a0amende chacune.<\/p>\n<h2>Les 98 Miss candidates \u00e0 Miss Monde\u00a0:<\/h2>\n<h2>April Benayoum fait briller la France lors du Top Model Challenge<\/h2>\n<p>Voil\u00e0 plusieurs semaines qu<strong>&lsquo;April Benayoum<\/strong> s&rsquo;est envol\u00e9e pour l&rsquo;\u00e9lection de Miss Monde \u00e0 Porto Rico. Avant le Jour-J, les\u00a0participantes doivent r\u00e9aliser\u00a0des d\u00e9fis afin d&rsquo;esp\u00e9rer \u00eatre class\u00e9es dans le <strong>Top 40<\/strong>. La jolie reine de beaut\u00e9 fran\u00e7aise, 1\u00e8re dauphine d&rsquo;Amandine Petit,\u00a0s&rsquo;est d&rsquo;ores et d\u00e9j\u00e0 faite remarquer\u00a0lors d&rsquo;un de ces d\u00e9fis, \u00e0 savoir le <strong>Top Model Challenge<\/strong>.<\/p>\n<p>Forte de son exp\u00e9rience de mannequin, la jeune femme de 22 ans est parvenue \u00e0 se hisser dans le <strong>TOP 13<\/strong> de cette \u00e9preuve. Un beau classement pour April, qui a fait l&rsquo;objet d&rsquo;une publication Instagram sur le compte officiel de Miss World!<\/p>\n<h2>Miss Monde est de retour!\u00a0<\/h2>\n<p id=\"quel-est-lelieu-pour-miss-monde-2021\">Apr\u00e8s un an\u00a0d&rsquo;absence, la comp\u00e9tition <strong>Miss Monde<\/strong>\u00a0revient! Le concours international de beaut\u00e9,<strong> annul\u00e9 en 2020<\/strong> en raison de la pand\u00e9mie de coronavirus, fait son grand come-back cette ann\u00e9e pour sa<strong> 70e \u00e9lection<\/strong>. En 2019, c&rsquo;est la belle\u00a0<strong>Toni-Ann Singh<\/strong>, <strong>Miss Jama\u00efque<\/strong>, 23 ans et dipl\u00f4m\u00e9e en psychologie, qui avait emport\u00e9 la couronne \u00e0 Londres, <strong>succ\u00e9dant\u00a0\u00e0 Vanessa Ponce,\u00a0Miss\u00a0Mexique.<\/strong> Quelle reine de beaut\u00e9 deviendra \u00e0 son tour la \u00ab\u00a0plus belle femme du Monde\u00a0\u00bb? <strong>Quand et o\u00f9 sera-t-elle \u00e9lue ?<\/strong><\/p>\n<h2 id=\"quel-lieu-\">Dans quel Lieu se d\u00e9roulera la c\u00e9r\u00e9monie ?<\/h2>\n<p>L&rsquo;\u00e9lection de Miss Monde 2021 se d\u00e9roulera \u00e0 <strong>Porto Rico<\/strong>, dans la ville et capitale de <strong>San Juan,<\/strong> au<strong>\u00a0<\/strong>Coliseo de Puerto Rico Jos\u00e9 Miguel Agrelot, la plus grande salle\u00a0omnisports du territoire.<\/p>\n<h2 id=\"la-date-\">Date de l&rsquo;\u00e9lection Miss Monde<\/h2>\n<p>La c\u00e9r\u00e9monie est pr\u00e9vue le <strong>jeudi 16 d\u00e9cembre <\/strong>outre-Atlantique, heure locale portoricaine. En France, elle sera diffus\u00e9e sur la cha\u00eene <strong><em>Paris Premi\u00e8re<\/em>\u00a0le vendredi 17 d\u00e9cembre \u00e0 partir de 2 heures du matin<\/strong>.<\/p>\n<h2 id=\"les-candidates-a-miss-monde\">Les candidates \u00e0 Miss Monde<\/h2>\n<p>Elles sont <strong>98\u00a0candidates<\/strong> \u00e0 se pr\u00e9senter cette ann\u00e9e!\u00a0<\/p>\n<ul>\n<li><strong>Afrique du Sud:\u00a0Shudufhadzo Musi\u1e13a<\/strong><\/li>\n<li><strong>Albanie:\u00a0Amela Agastra<\/strong><\/li>\n<li><strong>Angleterre:\u00a0Rehema Muthamia<\/strong><\/li>\n<li><strong>Angola:\u00a0Ruth Carlos<\/strong><\/li>\n<li><strong>Argentine: Amira Hidalgo<\/strong><\/li>\n<li><strong>Arm\u00e9nie:\u00a0Mirna Bzdigian<\/strong><\/li>\n<li><strong>Bahamas:\u00a0Sienna Evans<\/strong><\/li>\n<li><strong>Belgique:\u00a0C\u00e9line Van Ouytsel<\/strong><\/li>\n<li><strong>Belize:\u00a0Markeisha Young<\/strong><\/li>\n<li><strong>Bolivie:\u00a0\u00a0Fernanda Rivero<\/strong><\/li>\n<li><strong>Bosnie-Herz\u00e9govine:\u00a0Adna Biber<\/strong><\/li>\n<li><strong>Botswana:\u00a0Palessa Molefe<\/strong><\/li>\n<li><strong>Br\u00e9sil:\u00a0Caroline Teixeira<\/strong><\/li>\n<li><strong>Bulgarie:\u00a0Eva Dobreva<\/strong><\/li>\n<li><strong>Cambodge:\u00a0Sophorn Phum<\/strong><\/li>\n<li><strong>Cameroun:\u00a0Audrey Monkam<\/strong><\/li>\n<li><strong>Canada:\u00a0Svetlana Mamaeva<\/strong><\/li>\n<li><strong>Chili:\u00a0Carol Drpic<\/strong><\/li>\n<li><strong>Chine:\u00a0Jiang Siqi<\/strong><\/li>\n<li><strong>Colombie:\u00a0Andrea Aguilera<\/strong><\/li>\n<li><strong>Cor\u00e9e du Sud:\u00a0Tara Hong<\/strong><\/li>\n<li><strong>Costa Rica: Tamara Dal Maso<\/strong><\/li>\n<li><strong>C\u00f4te d&rsquo;Ivoire:\u00a0Olivia Yac\u00e9<\/strong><\/li>\n<li><strong>Cura\u00e7ao:\u00a0Alvinette Soliana<\/strong><\/li>\n<li><strong>Ecosse:\u00a0Claudia Todd<\/strong><\/li>\n<li><strong>Equateur:\u00a0\u00c1mar Ibarra<\/strong><\/li>\n<li><strong>Espagne:\u00a0Ana Garc\u00eda Segundo<\/strong><\/li>\n<li><strong>Estonie:\u00a0Karolin Kippasto<\/strong><\/li>\n<li><strong>Etats-Unis:\u00a0Shree Saini<\/strong><\/li>\n<li><strong>Finlande:\u00a0Emilia Lepom\u00e4ki<\/strong><\/li>\n<li><strong>France: April Benayoum<\/strong><\/li>\n<li><strong>Ghana:\u00a0Monique Agbedekpui<\/strong><\/li>\n<li><strong>Gibraltar:\u00a0Janice Sampere<\/strong><\/li>\n<li><strong>Guadeloupe:\u00a0Prescilla Larose<\/strong><\/li>\n<li><strong>Guin\u00e9e:\u00a0Nene Mariama Saran Bah<\/strong><\/li>\n<li><strong>Guin\u00e9e \u00e9quatoriale:\u00a0Lucila Benita<\/strong><\/li>\n<li><strong>Guin\u00e9e-Bissau:\u00a0Itchac\u00e9nia Da Costa<\/strong><\/li>\n<li><strong>Ha\u00efti:\u00a0Erlande Berger<\/strong><\/li>\n<li><strong>Honduras:\u00a0Dayana Bordas<\/strong><\/li>\n<li><strong>Hongrie:\u00a0Lili T\u00f3tpeti<\/strong><\/li>\n<li><strong>Iles Ca\u00efmans:\u00a0Rashana Hydes<\/strong><\/li>\n<li><strong>Inde:\u00a0Manasa Varanasi<\/strong><\/li>\n<li><strong>Indon\u00e9sie:\u00a0Carla Yules<\/strong><\/li>\n<li><strong>Irak:\u00a0Maria Makho<\/strong><\/li>\n<li><strong>Irlande:\u00a0Pamela Uba<\/strong><\/li>\n<li><strong>Irlande du Nord:\u00a0Anna Leitch<\/strong><\/li>\n<li><strong>Islande:\u00a0Hugr\u00fan Egilsd\u00f3ttir<\/strong><\/li>\n<li><strong>Italie:\u00a0Claudia Motta<\/strong><\/li>\n<li><strong>Jama\u00efque:\u00a0Khalia Hall<\/strong><\/li>\n<li><strong>Japan:\u00a0Tamaki Hoshi<\/strong><\/li>\n<li><strong>Kenya:\u00a0Sharon Obara<\/strong><\/li>\n<li><strong>Luxembourg:\u00a0\u00c9milie Boland<\/strong><\/li>\n<li><strong>Macao:\u00a0Jiani Yuan<\/strong><\/li>\n<li><strong>Madagascar:\u00a0Nellie Anjaratiana<\/strong><\/li>\n<li><strong>Malaisie:\u00a0Lavanya Sivaji<\/strong><\/li>\n<li><strong>Malte:\u00a0Naomi Dingli<\/strong><\/li>\n<li><strong>Maurice:\u00a0Ang\u00e9lique Sanson<\/strong><\/li>\n<li><strong>Mexique:\u00a0Karolina Vidales<\/strong><\/li>\n<li><strong>Moldavie:\u00a0Tatiana Ovcinicova<\/strong><\/li>\n<li><strong>Mongolie:\u00a0Burte-Ujin Anu<\/strong><\/li>\n<li><strong>Namibie:\u00a0Annerie Mar\u00e9<\/strong><\/li>\n<li><strong>N\u00e9pal:\u00a0Namrata Shrestha<\/strong><\/li>\n<li><strong>Nicaragua:\u00a0Sheynnis Palacios<\/strong><\/li>\n<li><strong>Nigeria:\u00a0Oluchi Madubuike<\/strong><\/li>\n<li><strong>Norv\u00e8ge:\u00a0Amine Storr\u00f8d<\/strong><\/li>\n<li><strong>Ouganda:\u00a0Elizabeth Bagaya<\/strong><\/li>\n<li><strong>Panama:\u00a0Krysthelle Barretto<\/strong><\/li>\n<li><strong>Paraguay:\u00a0Bethania Rodriguez<\/strong><\/li>\n<li><strong>Pays de Galles:\u00a0Olivia Harris<\/strong><\/li>\n<li><strong>Pays-Bas:\u00a0Lizzy Dobbe<\/strong><\/li>\n<li><strong>P\u00e9rou:\u00a0Paula Montes<\/strong><\/li>\n<li><strong>Philippines:\u00a0Tracy Perez<\/strong><\/li>\n<li><strong>Pologne:\u00a0Karolina Bielawska<\/strong><\/li>\n<li><strong>Porto Rico:\u00a0Aryam D\u00edaz<\/strong><\/li>\n<li><strong>Portugal:\u00a0Lidy Alves<\/strong><\/li>\n<li><strong>R\u00e9publique dominicaine:\u00a0Emmy Pe\u00f1a<\/strong><\/li>\n<li><strong>R\u00e9publique tch\u00e8que:\u00a0Karol\u00edna Kop\u00edncov\u00e1<\/strong><\/li>\n<li><strong>Rwanda:\u00a0Grace Ingabire<\/strong><\/li>\n<li><strong>Sainte-Lucie:\u00a0Tyler Theophane<\/strong><\/li>\n<li><strong>Saint-Martin:\u00a0Lara Mateo<\/strong><\/li>\n<li><strong>Salvador:\u00a0Nicole \u00c1lvarez<\/strong><\/li>\n<li><strong>S\u00e9n\u00e9gal:\u00a0Penda Sy<\/strong><\/li>\n<li><strong>Serbie:\u00a0Andrijana Savi\u0107<\/strong><\/li>\n<li><strong>Singapour:\u00a0Khai Ling Ho<\/strong><\/li>\n<li><strong>Slovaquie:\u00a0Leona Novoberdaliu<\/strong><\/li>\n<li><strong>Slov\u00e9nie:\u00a0Maja \u010coli\u0107<\/strong><\/li>\n<li><strong>Somalie:\u00a0Khadija Omar<\/strong><\/li>\n<li><strong>Sri Lanka:\u00a0Sad\u00e9 Greenwood<\/strong><\/li>\n<li><strong>Su\u00e8de:\u00a0Gabriella Mann<\/strong><\/li>\n<li><strong>Tanzanie:\u00a0Juliana Rugumisa<\/strong><\/li>\n<li><strong>Trinit\u00e9-et-Tobago:\u00a0Jeanine Brandt<\/strong><\/li>\n<li><strong>Tunisie:\u00a0Amani Layouni<\/strong><\/li>\n<li><strong>Turquie:\u00a0Dilara Korkmaz<\/strong><\/li>\n<li><strong>Ukraine: Aleksandra Yaremchuk<\/strong><\/li>\n<li><strong>Uruguay:\u00a0Valentina Camejo<\/strong><\/li>\n<li><strong>Venezuela:\u00a0Alejandra Conde<\/strong><\/li>\n<li><strong>Vietnam:\u00a0\u0110\u1ed7 Th\u1ecb H\u00e0<\/strong><\/li>\n<li><strong>Zambie:\u00a0Vanessa Chinyemba<\/strong><\/li>\n<\/ul>\n<h2 id=\"qui-represente-la-france-\">Qui repr\u00e9sente la France ?<\/h2>\n<p>Cette ann\u00e9e, c&rsquo;est la charmante<strong> April Benayoum<\/strong> qui d\u00e9fendra nos couleurs tricolores. La jeune femme \u00e2g\u00e9e de\u00a0<strong>22 ans<\/strong> a \u00e9t\u00e9 sacr\u00e9e <strong>Miss Provence 2020<\/strong> et\u00a0<strong>premi\u00e8re dauphine d&rsquo;Amandine Petit<\/strong> lors de Miss France 2020. Elle s&rsquo;est envol\u00e9e en direction de Porto Rico le 21 novembre dernier pour entamer quatre semaines de r\u00e9p\u00e9titions intensives.\u00a0Bonne chance April!\u00a0<\/p>\n<h2 id=\"quelle-miss-france-a-ete-miss-monde\">Quelle Miss France a \u00e9t\u00e9 Miss Monde?<\/h2>\n<p><b>Denise Perrier est la\u00a0premi\u00e8re\u00a0(et la seule)<\/b> a avoir \u00e9t\u00e9 couronn\u00e9e<b> Miss Monde en 1953.<\/b> Lors de son \u00e9lection, elle ne portait\u00a0pas le titre de Miss France. Depuis, de nombreuses candidates ont<b>\u00a0<\/b>tent\u00e9 elles aussi de remporter l&rsquo;\u00e9charpe internationale&#8230; Sans jamais gravir la premi\u00e8re marche du podium.\u00a0<\/p>\n<p><strong><a href=\"https:\/\/www.journaldesfemmes.fr\/people\/marine-lorphelin\/\" title=\"Miss France 2013\">Marine Lorphelin<\/a><\/strong> a \u00e9t\u00e9 sacr\u00e9e\u00a0<strong>1e dauphine<\/strong> de Miss Monde 2013. Durant la derni\u00e8re c\u00e9r\u00e9monie en 2019, <strong>Oph\u00e9ly M\u00e9zino<\/strong>, Miss Guadeloupe 2018 et 1e dauphine de Vaimalama Chaves a elle aussi class\u00e9e \u00e0 la<strong> seconde place<\/strong>&#8230; Cette ann\u00e9e sera-t-elle la cons\u00e9cration pour April Benayoum?<\/p>\n<h2 id=\"quelle-difference-entre-miss-monde-et-miss-univers\">Quelle diff\u00e9rence entre Miss Monde et Miss Univers\u00a0<\/h2>\n<p>Le concours de Miss Monde, qui s&rsquo;intitulait alors<strong>\u00a0Festival Bikini Contest<\/strong>,\u00a0a \u00e9t\u00e9 cr\u00e9\u00e9 en <strong>1951<\/strong> par l&rsquo;entrepreneur britannique Eric\u00a0Morley, un an avant la cr\u00e9ation de <a href=\"https:\/\/www.journaldesfemmes.fr\/loisirs\/rendez-vous\/2712839-miss-univers-2021-france-ceremonie-clemence-botino-miss-inde\/\" title=\"Miss Univers\">Miss Univers<\/a> aux Etats-Unis. Les deux comp\u00e9titions sont souvent compar\u00e9es et parfois m\u00eame en rivalit\u00e9&#8230;<\/p>\n<\/p><\/div>\n<p>[ad_2]<br \/>\n<br \/><a href=\"https:\/\/www.journaldesfemmes.fr\/loisirs\/rendez-vous\/2762129-miss-monde-2021-voir-tv-election-lieu-date-iceremonie-france-april-benayoum-98-candidates\/\">Source link <\/a><\/p>\n","protected":false},"excerpt":{"rendered":"<p>[ad_1] Bient\u00f4t la fin du r\u00e8gne pour Toni-Ann Singh, Miss Jama\u00efque, qui a gard\u00e9 sa couronne de Miss Monde deux &hellip; <a href=\"http:\/\/www.affinite.fr\/index.php\/2021\/12\/15\/april-benayoum-fait-briller-la-france-et-les-98-candidates-en-photos\/\" class=\"more-link\">Plus <span class=\"screen-reader-text\">April Benayoum fait briller la France&#8230;et les 98\u00a0candidates en PHOTOS<\/span> <span class=\"meta-nav\">&rarr;<\/span><\/a><\/p>\n","protected":false},"author":1,"featured_media":7217,"comment_status":"","ping_status":"open","sticky":false,"template":"","format":"standard","meta":{"_sitemap_exclude":false,"_sitemap_priority":"","_sitemap_frequency":"","footnotes":""},"categories":[1],"tags":[],"class_list":["post-7216","post","type-post","status-publish","format-standard","has-post-thumbnail","hentry","category-tous"],"_links":{"self":[{"href":"http:\/\/www.affinite.fr\/index.php\/wp-json\/wp\/v2\/posts\/7216"}],"collection":[{"href":"http:\/\/www.affinite.fr\/index.php\/wp-json\/wp\/v2\/posts"}],"about":[{"href":"http:\/\/www.affinite.fr\/index.php\/wp-json\/wp\/v2\/types\/post"}],"author":[{"embeddable":true,"href":"http:\/\/www.affinite.fr\/index.php\/wp-json\/wp\/v2\/users\/1"}],"replies":[{"embeddable":true,"href":"http:\/\/www.affinite.fr\/index.php\/wp-json\/wp\/v2\/comments?post=7216"}],"version-history":[{"count":0,"href":"http:\/\/www.affinite.fr\/index.php\/wp-json\/wp\/v2\/posts\/7216\/revisions"}],"wp:featuredmedia":[{"embeddable":true,"href":"http:\/\/www.affinite.fr\/index.php\/wp-json\/wp\/v2\/media\/7217"}],"wp:attachment":[{"href":"http:\/\/www.affinite.fr\/index.php\/wp-json\/wp\/v2\/media?parent=7216"}],"wp:term":[{"taxonomy":"category","embeddable":true,"href":"http:\/\/www.affinite.fr\/index.php\/wp-json\/wp\/v2\/categories?post=7216"},{"taxonomy":"post_tag","embeddable":true,"href":"http:\/\/www.affinite.fr\/index.php\/wp-json\/wp\/v2\/tags?post=7216"}],"curies":[{"name":"wp","href":"https:\/\/api.w.org\/{rel}","templated":true}]}}