{"id":721,"date":"2020-03-17T01:31:43","date_gmt":"2020-03-17T01:31:43","guid":{"rendered":"https:\/\/www.affinite.fr\/index.php\/2020\/03\/17\/apple-durcit-la-politique-de-validation-de-son-app-store-pour-lutter-contre-les-abus\/"},"modified":"2020-03-17T01:31:43","modified_gmt":"2020-03-17T01:31:43","slug":"apple-durcit-la-politique-de-validation-de-son-app-store-pour-lutter-contre-les-abus","status":"publish","type":"post","link":"http:\/\/www.affinite.fr\/index.php\/2020\/03\/17\/apple-durcit-la-politique-de-validation-de-son-app-store-pour-lutter-contre-les-abus\/","title":{"rendered":"Apple durcit la politique de validation de son App Store pour lutter contre les abus"},"content":{"rendered":"<p> [ad_1]<br \/>\n<br \/><img decoding=\"async\" src=\"https:\/\/img.bfmtv.com\/i\/0\/0\/968\/a846424d3a7f9dce7871b509f684f.jpg\" \/><\/p>\n<div itemprop=\"articleBody\">\n<p>Dans une publication \u00e0 l\u2019intention des d\u00e9veloppeurs, Apple a annonc\u00e9, ce week-end, vouloir\u00a0\u00ab\u00a0<em>assurer la cr\u00e9dibilit\u00e9 des informations de sant\u00e9 et s\u00e9curit\u00e9\u00a0<\/em>\u00bb\u00a0diffus\u00e9es sur son kiosque de t\u00e9l\u00e9chargement.<\/p>\n<p>Le g\u00e9ant de Cupertino va donc accro\u00eetre son contr\u00f4le et ses pr\u00e9requis pour toutes les applications qui concernent le coronavirus. Un bon moyen d\u2019\u00e9viter la diffusion de fausses informations ou certains abus.<\/p>\n<aside class=\"bg-color-0 padding-inside-all-s bloc border-s\">\n<h4 class=\"box-txt-normal\">\n<p><strong>A d\u00e9couvrir aussi en vid\u00e9o<\/strong><\/p>\n<\/h4>\n<\/aside>\n<p>Ainsi, le processus de validation des applications implique d\u00e9sormais une v\u00e9rification des sources, de telle sorte qu\u2019elles soient jug\u00e9es fiables. Mais Apple va plus loin encore puisque seules les applications soumises par des organisations gouvernementales, des ONG reconnues ou des soci\u00e9t\u00e9s \u00ab\u00a0<em>profond\u00e9ment li\u00e9es aux questions m\u00e9dicales ou de sant\u00e9, ou li\u00e9es \u00e0 l\u2019\u00e9ducation<\/em> \u00bb seront valid\u00e9es si elles parlent du coronavirus.<\/p>\n<p>Au regard de cette rigueur, l\u2019annonce suivante est logique, Apple a d\u00e9cid\u00e9 de bannir toutes les applications de divertissement ou tous les jeux qui ont pour th\u00e8me le Covid-19.<\/p>\n<p>Enfin, Apple a annonc\u00e9 que les frais factur\u00e9s aux d\u00e9veloppeurs des organisations \u00e0 but non lucratif qui produisent des applications pour aider les utilisateurs dans le contexte de la pand\u00e9mie seront suspendus.<\/p>\n<p><strong>Source\u00a0:\u00a0<\/strong><a href=\"https:\/\/developer.apple.com\/news\/?id=03142020a\" target=\"_blank\" rel=\"noopener noreferrer\">Apple<\/a><\/p>\n<\/p><\/div>\n<p><script>\n         !function(f,b,e,v,n,t,s){if(f.fbq)return;n=f.fbq=function()\n         {n.callMethod? n.callMethod.apply(n,arguments):n.queue.push(arguments)}\n         ;if(!f._fbq)f._fbq=n;\n             n.push=n;n.loaded=!0;n.version='2.0';n.queue=[];t=b.createElement(e);t.async=!0;\n             t.src=v;s=b.getElementsByTagName(e)[0];s.parentNode.insertBefore(t,s)}(window,\n                 document,'script','https:\/\/connect.facebook.net\/en_US\/fbevents.js');\n         fbq('init', '1065890633454496');\n         fbq('track', 'PageView');\n     <\/script><br \/>\n<br \/>[ad_2]<br \/>\n<br \/><a href=\"https:\/\/www.01net.com\/actualites\/coronavirus-apple-durcit-la-politique-de-validation-de-son-app-store-pour-lutter-contre-les-abus-1875849.html\">Source link <\/a><\/p>\n","protected":false},"excerpt":{"rendered":"<p>[ad_1] Dans une publication \u00e0 l\u2019intention des d\u00e9veloppeurs, Apple a annonc\u00e9, ce week-end, vouloir\u00a0\u00ab\u00a0assurer la cr\u00e9dibilit\u00e9 des informations de sant\u00e9 &hellip; <a href=\"http:\/\/www.affinite.fr\/index.php\/2020\/03\/17\/apple-durcit-la-politique-de-validation-de-son-app-store-pour-lutter-contre-les-abus\/\" class=\"more-link\">Plus <span class=\"screen-reader-text\">Apple durcit la politique de validation de son App Store pour lutter contre les abus<\/span> <span class=\"meta-nav\">&rarr;<\/span><\/a><\/p>\n","protected":false},"author":1,"featured_media":722,"comment_status":"open","ping_status":"open","sticky":false,"template":"","format":"standard","meta":{"_sitemap_exclude":false,"_sitemap_priority":"","_sitemap_frequency":"","footnotes":""},"categories":[1],"tags":[],"class_list":["post-721","post","type-post","status-publish","format-standard","has-post-thumbnail","hentry","category-tous"],"_links":{"self":[{"href":"http:\/\/www.affinite.fr\/index.php\/wp-json\/wp\/v2\/posts\/721"}],"collection":[{"href":"http:\/\/www.affinite.fr\/index.php\/wp-json\/wp\/v2\/posts"}],"about":[{"href":"http:\/\/www.affinite.fr\/index.php\/wp-json\/wp\/v2\/types\/post"}],"author":[{"embeddable":true,"href":"http:\/\/www.affinite.fr\/index.php\/wp-json\/wp\/v2\/users\/1"}],"replies":[{"embeddable":true,"href":"http:\/\/www.affinite.fr\/index.php\/wp-json\/wp\/v2\/comments?post=721"}],"version-history":[{"count":0,"href":"http:\/\/www.affinite.fr\/index.php\/wp-json\/wp\/v2\/posts\/721\/revisions"}],"wp:featuredmedia":[{"embeddable":true,"href":"http:\/\/www.affinite.fr\/index.php\/wp-json\/wp\/v2\/media\/722"}],"wp:attachment":[{"href":"http:\/\/www.affinite.fr\/index.php\/wp-json\/wp\/v2\/media?parent=721"}],"wp:term":[{"taxonomy":"category","embeddable":true,"href":"http:\/\/www.affinite.fr\/index.php\/wp-json\/wp\/v2\/categories?post=721"},{"taxonomy":"post_tag","embeddable":true,"href":"http:\/\/www.affinite.fr\/index.php\/wp-json\/wp\/v2\/tags?post=721"}],"curies":[{"name":"wp","href":"https:\/\/api.w.org\/{rel}","templated":true}]}}