{"id":7208,"date":"2021-12-15T04:06:21","date_gmt":"2021-12-15T04:06:21","guid":{"rendered":"https:\/\/www.affinite.fr\/index.php\/2021\/12\/15\/3-recettes-de-gateaux-au-skyr-sans-gluten\/"},"modified":"2021-12-15T04:06:21","modified_gmt":"2021-12-15T04:06:21","slug":"3-recettes-de-gateaux-au-skyr-sans-gluten","status":"publish","type":"post","link":"http:\/\/www.affinite.fr\/index.php\/2021\/12\/15\/3-recettes-de-gateaux-au-skyr-sans-gluten\/","title":{"rendered":"3 recettes de g\u00e2teaux au skyr sans gluten"},"content":{"rendered":"<p> [ad_1]<br \/>\n<\/p>\n<div>\n<p>Je vous retrouve aujourd\u2019hui avec <strong>3 recettes de g\u00e2teaux au skyr sans gluten<\/strong>. J\u2019avais envie d\u2019essayer cette sp\u00e9cialit\u00e9 islandaise au lait ferment\u00e9. Je mange la plupart du temps sans produits laitiers, mais le reste de la famille, Monsieur Cuisine saine et mini bio, se r\u00e9galent de tout. Sachez que le skyr est tout de m\u00eame assez <strong>pauvre en lactose<\/strong>. Pour ceux qui ne peuvent pas du tout consommer de lactose ou de cas\u00e9ine, vous pouvez le remplacer par un yaourt au lait de <a href=\"http:\/\/www.affinite.fr\/index.php\/2022\/11\/09\/formation-de-glacier-apprenez-le-metier-de-glacier-et-changez-votre-vie\/\">coco<\/a> ou au soja (le plus onctueux que vous trouverez).<\/p>\n<h2>Comment est fabriqu\u00e9 le skyr ?<\/h2>\n<p>Le skyr est <strong>tr\u00e8s onctueux<\/strong>, comme un yaourt \u00e0 la grecque. Il est pr\u00e9par\u00e9 \u00e0 base de lait \u00e9cr\u00e9m\u00e9 et de ferment. La <a href=\"https:\/\/www.les2vaches.com\/comment-faire-du-skyr\">recette du skyr<\/a> est tr\u00e8s simple : le lait est m\u00e9lang\u00e9 aux ferments, puis le petit lait est ensuite \u00e9goutt\u00e9 par centrifugeuse, ce qui lui donne cette texture incomparable malgr\u00e9 le fait qu\u2019il est tr\u00e8s <strong>l\u00e9ger en gras<\/strong>. Le produit fini est riche en prot\u00e9ines, faible en gras, en sucre et en lactose.<\/p>\n<h2>Recette de base de g\u00e2teau au skyr<\/h2>\n<p>Je vous propose <strong>3 variations de g\u00e2teaux<\/strong> autour d\u2019une recette de base. Nous allons r\u00e9aliser une recette aux poires et au gingembre (ma pr\u00e9f\u00e9r\u00e9e), une autre au citron et s\u00e9same et enfin une double <a href=\"http:\/\/www.affinite.fr\/index.php\/2025\/02\/27\/le-chocolat-et-le-materiel-indispensable-pour-reussir-vos-creations-gourmandes\/\">chocolat<\/a> pour les gourmands. Bien s\u00fbr, libre \u00e0 vous d\u2019exp\u00e9rimenter plein d\u2019autres saveurs par exemple : banane et p\u00e9pites de chocolat, cannelle et pomme, myrtilles, vanille\u2026<\/p>\n<p>Pour la base, nous utiliserons du skyr, un <a href=\"https:\/\/cuisine-saine.fr\/recette-sans-gluten\/mon-mix-patisserie-sans-gluten-et-sans-mais\/\">m\u00e9lange de farines sans gluten maison<\/a>, du sucre de canne blond, de l\u2019huile d\u2019olive douce (\u00e9vitez les huiles \u00e0 la saveur trop marqu\u00e9e), des \u0153ufs, de la levure et une pointe de sel. Aucun ingr\u00e9dient compliqu\u00e9, vous allez tout trouver tr\u00e8s facilement.<\/p>\n<p>La recette de base vous permet de r\u00e9aliser <strong>4 gros muffins<\/strong> environ ou 6 petits. Libre \u00e0 vous de doubler ou tripler les doses, sachant qu\u2019ils pourront tr\u00e8s bien \u00eatre congel\u00e9s apr\u00e8s. Pour cela, deux solutions s\u2019offrent \u00e0 vous : vous pouvez congeler la p\u00e2te crue dans des moules individuels et les mettre en sachet. Dans ce cas, vous prolongerez la cuisson de 3 ou 4 minutes. Sinon, vous pouvez aussi <strong>les congeler cuits<\/strong>.<\/p>\n<p>Attendez bien qu\u2019ils soient enti\u00e8rement refroidis \u00e0 c\u0153ur avant. Id\u00e9alement, mettez-les dans des sachets sous vide, ils se garderont 3 mois ainsi. Vous n\u2019aurez qu\u2019\u00e0 les sortir le soir et les mettre au r\u00e9frig\u00e9rateur, pour le go\u00fbter du lendemain ils seront d\u00e9congel\u00e9s. Autre option, les passer au four 8 min \u00e0 160\u00b0C pour les faire ti\u00e9dir.<\/p>\n<p>Vous pouvez r\u00e9aliser la recette de base en grande quantit\u00e9, puis s\u00e9parer la p\u00e2te dans les saladiers et pr\u00e9parer <strong>plusieurs parfums en une seule fourn\u00e9e<\/strong>. Avec 3 fois les quantit\u00e9s de de recette de base, vous pouvez faire 12 gros muffins. De quoi voir venir pour quelques go\u00fbters gourmands.<\/p>\n<ul class=\"typerect\" itemprop=\"recipeCuisine\">\n<li class=\"ssgluten\" itemprop=\"suitableForDiet\"><span>Recette sans gluten<\/span><\/li>\n<li class=\"rbio\" itemprop=\"suitableForDiet\"><span>Recette bio<\/span><\/li>\n<\/ul>\n<div class=\"intro\">\n<p itemprop=\"recipeCategory\">Dessert<\/p>\n<p class=\"temps\"><strong class=\"yield\" itemprop=\"recipeYield\">Pour 4 personnes<\/strong><br \/><strong>Temps de pr\u00e9paration<\/strong> : <time datetime=\"PT10M\" itemprop=\"prepTime\">10 min<\/time><br \/><strong>Temps de cuisson<\/strong> : <time datetime=\"PT20M\" itemprop=\"cookTime\">20 min<\/time><\/p>\n<\/div>\n<div class=\"ingredient\">\n<h3 class=\"listetitre\">Ingr\u00e9dients<\/h3>\n<ul class=\"listeingredient\">\n<li class=\"ingredient\" itemprop=\"recipeIngredient\">85 g de skyr<\/li>\n<li class=\"ingredient\" itemprop=\"recipeIngredient\">45 g d\u2019huile d\u2019olive douce<\/li>\n<li class=\"ingredient\" itemprop=\"recipeIngredient\">125 g de sucre de canne blond<\/li>\n<li class=\"ingredient\" itemprop=\"recipeIngredient\">180 g de mix p\u00e2tisserie sans gluten<\/li>\n<li class=\"ingredient\" itemprop=\"recipeIngredient\">\u00bd sachet de poudre \u00e0 lever<\/li>\n<li class=\"ingredient\" itemprop=\"recipeIngredient\">1 pinc\u00e9e de sel<\/li>\n<li class=\"ingredient\" itemprop=\"recipeIngredient\">2 gros \u0153ufs<\/li>\n<\/ul>\n<\/div>\n<ol class=\"recette\" itemprop=\"recipeInstructions\">\n<li itemprop=\"step\">Pr\u00e9chauffez le four thermostat 6 ou 180\u00b0C.<\/li>\n<li itemprop=\"step\">M\u00e9langez le skyr avec l\u2019huile d\u2019olive pour obtenir un m\u00e9lange homog\u00e8ne.<\/li>\n<li itemprop=\"step\">Ajoutez le sucre de canne et m\u00e9langez de nouveau.<\/li>\n<li itemprop=\"step\">Ajoutez le mix p\u00e2tisserie sans gluten, la poudre \u00e0 lever et le sel. M\u00e9langez.<\/li>\n<li itemprop=\"step\">Enfin, ajoutez les \u0153ufs et m\u00e9langez.<\/li>\n<li itemprop=\"step\">Vous pouvez utiliser la p\u00e2te nature ou l\u2019aromatiser avec les recettes ci-apr\u00e8s.<\/li>\n<li itemprop=\"step\">Versez dans des moules \u00e0 muffins et faites cuire 20 minutes.<\/li>\n<li itemprop=\"step\">V\u00e9rifiez la cuisson en plantant un couteau pointu dans le g\u00e2teau \u00e0 la sortie du four.<\/li>\n<\/ol>\n<h3 style=\"clear:both\">G\u00e2teau au skyr sans gluten citron s\u00e9same<\/h3>\n<ul class=\"typerect\" itemprop=\"recipeCuisine\">\n<li class=\"ssgluten\" itemprop=\"suitableForDiet\"><span>Recette sans gluten<\/span><\/li>\n<li class=\"rbio\" itemprop=\"suitableForDiet\"><span>Recette bio<\/span><\/li>\n<\/ul>\n<div id=\"attachment_113265\" style=\"width: 1010px\" class=\"wp-caption alignnone\"><img loading=\"lazy\" decoding=\"async\" aria-describedby=\"caption-attachment-113265\" alt=\"G\u00e2teau au skyr sans gluten citron s\u00e9same\" width=\"1000\" height=\"1254\" itemprop=\"image\" src=\"https:\/\/cuisine-saine.fr\/wp-content\/uploads\/2021\/12\/gateau-skyr-citron-sesame-1.jpg\"\/><noscript><img loading=\"lazy\" decoding=\"async\" aria-describedby=\"caption-attachment-113265\" src=\"https:\/\/cuisine-saine.fr\/wp-content\/uploads\/2021\/12\/gateau-skyr-citron-sesame-1.jpg\" alt=\"G\u00e2teau au skyr sans gluten citron s\u00e9same\" width=\"1000\" height=\"1254\" itemprop=\"image\"\/><\/noscript><\/p>\n<p id=\"caption-attachment-113265\" class=\"wp-caption-text\">G\u00e2teau au skyr sans gluten citron s\u00e9same<\/p>\n<\/div>\n<div class=\"intro\">\n<p itemprop=\"recipeCategory\">Dessert<\/p>\n<p class=\"temps\"><strong class=\"yield\" itemprop=\"recipeYield\">Pour 4 personnes<\/strong><br \/><strong>Temps de pr\u00e9paration<\/strong> : <time datetime=\"PT10M\" itemprop=\"prepTime\">10 min<\/time><br \/><strong>Temps de cuisson<\/strong> : <time datetime=\"PT20M\" itemprop=\"cookTime\">20 min<\/time><\/p>\n<\/div>\n<div class=\"ingredient\">\n<h3 class=\"listetitre\">Ingr\u00e9dients<\/h3>\n<ul class=\"listeingredient\">\n<li class=\"ingredient\" itemprop=\"recipeIngredient\">1\/2 citron<\/li>\n<li class=\"ingredient\" itemprop=\"recipeIngredient\">1 recette de base<\/li>\n<li class=\"ingredient\" itemprop=\"recipeIngredient\">1 cuil. \u00e0 soupe de graines de s\u00e9same<\/li>\n<\/ul>\n<\/div>\n<ol class=\"recette\" itemprop=\"recipeInstructions\">\n<li itemprop=\"step\">Pr\u00e9chauffez le four thermostat 6 ou 180\u00b0C.<\/li>\n<li itemprop=\"step\">Pressez le jus du citron et pr\u00e9levez le zeste \u00e0 l\u2019aide d\u2019une r\u00e2pe.<\/li>\n<li itemprop=\"step\">Avant la cuisson, ajoutez le jus et le zeste du citron dans la p\u00e2te, m\u00e9langez.<\/li>\n<li itemprop=\"step\">Versez la p\u00e2te dans 4 gros moules \u00e0 muffins ou 6 petits. Saupoudrez de graines de s\u00e9same. <\/li>\n<li itemprop=\"step\">Faites cuire 20 minutes, \u00f4tez du four et v\u00e9rifiez la cuisson. Laissez refroidir avant de d\u00e9mouler.<\/li>\n<\/ol>\n<h3 style=\"clear:both\">G\u00e2teau au skyr sans gluten poire gingembre<\/h3>\n<ul class=\"typerect\" itemprop=\"recipeCuisine\">\n<li class=\"ssgluten\" itemprop=\"suitableForDiet\"><span>Recette sans gluten<\/span><\/li>\n<li class=\"rbio\" itemprop=\"suitableForDiet\"><span>Recette bio<\/span><\/li>\n<\/ul>\n<div id=\"attachment_113267\" style=\"width: 1010px\" class=\"wp-caption alignnone\"><img loading=\"lazy\" decoding=\"async\" aria-describedby=\"caption-attachment-113267\" alt=\"G\u00e2teau au skyr sans gluten poire gingembre\" width=\"1000\" height=\"1332\" class=\"photo\" src=\"https:\/\/cuisine-saine.fr\/wp-content\/uploads\/2021\/12\/gateau-skyr-poire-gingembre-1.jpg\"\/><noscript><img loading=\"lazy\" decoding=\"async\" aria-describedby=\"caption-attachment-113267\" src=\"https:\/\/cuisine-saine.fr\/wp-content\/uploads\/2021\/12\/gateau-skyr-poire-gingembre-1.jpg\" alt=\"G\u00e2teau au skyr sans gluten poire gingembre\" width=\"1000\" height=\"1332\" class=\"photo\"\/><\/noscript><\/p>\n<p id=\"caption-attachment-113267\" class=\"wp-caption-text\">G\u00e2teau au skyr sans gluten poire gingembre<\/p>\n<\/div>\n<div class=\"intro\">\n<p itemprop=\"recipeCategory\">Dessert<\/p>\n<p class=\"temps\"><strong class=\"yield\" itemprop=\"recipeYield\">Pour 4 personnes<\/strong><br \/><strong>Temps de pr\u00e9paration<\/strong> : <time datetime=\"PT10M\" itemprop=\"prepTime\">10 min<\/time><br \/><strong>Temps de cuisson<\/strong> : <time datetime=\"PT20M\" itemprop=\"cookTime\">20 min<\/time><\/p>\n<\/div>\n<div class=\"ingredient\">\n<h3 class=\"listetitre\">Ingr\u00e9dients<\/h3>\n<ul class=\"listeingredient\">\n<li class=\"ingredient\" itemprop=\"recipeIngredient\">1 recette de base<\/li>\n<li class=\"ingredient\" itemprop=\"recipeIngredient\">1 cuil. \u00e0 caf\u00e9 de gingembre en poudre<\/li>\n<li class=\"ingredient\" itemprop=\"recipeIngredient\">1 grosse poire<\/li>\n<\/ul>\n<\/div>\n<ol class=\"recette\" itemprop=\"recipeInstructions\">\n<li itemprop=\"step\">Pr\u00e9chauffez le four thermostat 6 ou 180\u00b0C.<\/li>\n<li itemprop=\"step\">Ajoutez \u00e0 la p\u00e2te de base une cuill\u00e8re \u00e0 caf\u00e9 de gingembre en poudre pour un r\u00e9sultat discret, mais vous pouvez en mettre deux cuiller\u00e9es pour ceux qui aiment quand \u00e7a pique un peu. M\u00e9langez bien.<\/li>\n<li itemprop=\"step\">\u00c9pluchez une grosse poire, \u00f4tez la queue et les p\u00e9pins et coupez-la en d\u00e9s. Ajoutez d\u00e9licatement les d\u00e9s de poire \u00e0 la p\u00e2te \u00e0 l\u2019aide d\u2019une maryse.<\/li>\n<li itemprop=\"step\">Versez la p\u00e2te dans 4 gros moules \u00e0 muffins ou 6 petits.<\/li>\n<li itemprop=\"step\">Faites cuire 20 minutes, \u00f4tez du four et v\u00e9rifiez la cuisson. Laissez refroidir avant de d\u00e9mouler.<\/li>\n<\/ol>\n<h3 style=\"clear:both\">G\u00e2teau au skyr sans gluten double chocolat<\/h3>\n<ul class=\"typerect\" itemprop=\"recipeCuisine\">\n<li class=\"ssgluten\" itemprop=\"suitableForDiet\"><span>Recette sans gluten<\/span><\/li>\n<li class=\"rbio\" itemprop=\"suitableForDiet\"><span>Recette bio<\/span><\/li>\n<\/ul>\n<div id=\"attachment_113266\" style=\"width: 1010px\" class=\"wp-caption alignnone\"><img loading=\"lazy\" decoding=\"async\" aria-describedby=\"caption-attachment-113266\" alt=\"G\u00e2teau au skyr sans gluten double chocolat\" width=\"1000\" height=\"1290\" class=\"size-full wp-image-113266\" srcset=\"https:\/\/cuisine-saine.fr\/wp-content\/uploads\/2021\/12\/gateau-skyr-double-choco-1.jpg 1000w, https:\/\/cuisine-saine.fr\/wp-content\/uploads\/2021\/12\/gateau-skyr-double-choco-1-980x1264.jpg 980w, https:\/\/cuisine-saine.fr\/wp-content\/uploads\/2021\/12\/gateau-skyr-double-choco-1-480x619.jpg 480w\" data-lazy-sizes=\"(min-width: 0px) and (max-width: 480px) 480px, (min-width: 481px) and (max-width: 980px) 980px, (min-width: 981px) 1000px, 100vw\" src=\"https:\/\/cuisine-saine.fr\/wp-content\/uploads\/2021\/12\/gateau-skyr-double-choco-1.jpg\"\/><noscript><img loading=\"lazy\" decoding=\"async\" aria-describedby=\"caption-attachment-113266\" src=\"https:\/\/cuisine-saine.fr\/wp-content\/uploads\/2021\/12\/gateau-skyr-double-choco-1.jpg\" alt=\"G\u00e2teau au skyr sans gluten double chocolat\" width=\"1000\" height=\"1290\" class=\"size-full wp-image-113266\" srcset=\"https:\/\/cuisine-saine.fr\/wp-content\/uploads\/2021\/12\/gateau-skyr-double-choco-1.jpg 1000w, https:\/\/cuisine-saine.fr\/wp-content\/uploads\/2021\/12\/gateau-skyr-double-choco-1-980x1264.jpg 980w, https:\/\/cuisine-saine.fr\/wp-content\/uploads\/2021\/12\/gateau-skyr-double-choco-1-480x619.jpg 480w\" sizes=\"(min-width: 0px) and (max-width: 480px) 480px, (min-width: 481px) and (max-width: 980px) 980px, (min-width: 981px) 1000px, 100vw\"\/><\/noscript><\/p>\n<p id=\"caption-attachment-113266\" class=\"wp-caption-text\">G\u00e2teau au skyr sans gluten double chocolat<\/p>\n<\/div>\n<div class=\"intro\">\n<p itemprop=\"recipeCategory\">Dessert<\/p>\n<p class=\"temps\"><strong class=\"yield\" itemprop=\"recipeYield\">Pour 4 personnes<\/strong><br \/><strong>Temps de pr\u00e9paration<\/strong> : <time datetime=\"PT10M\" itemprop=\"prepTime\">10 min<\/time><br \/><strong>Temps de cuisson<\/strong> : <time datetime=\"PT20M\" itemprop=\"cookTime\">20 min<\/time><\/p>\n<\/div>\n<div class=\"ingredient\">\n<h3 class=\"listetitre\">Ingr\u00e9dients<\/h3>\n<ul class=\"listeingredient\">\n<li class=\"ingredient\" itemprop=\"recipeIngredient\">1 recette de base<\/li>\n<li class=\"ingredient\" itemprop=\"recipeIngredient\">1 cuil. \u00e0 soupe de cacao en poudre sans sucre<\/li>\n<li class=\"ingredient\" itemprop=\"recipeIngredient\">50 ml de lait d\u2019amande<\/li>\n<li class=\"ingredient\" itemprop=\"recipeIngredient\">50 g de p\u00e9pites de chocolat blanc (ou noir)<\/li>\n<\/ul>\n<\/div>\n<ol class=\"recette\" itemprop=\"recipeInstructions\">\n<li itemprop=\"step\">Pr\u00e9chauffez le four thermostat 6 ou 180\u00b0C.<\/li>\n<li itemprop=\"step\">D\u00e9layez le cacao en poudre dans du lait d\u2019amande, faites chauffer si besoin pour faciliter la dispersion. Ajoutez \u00e0 la p\u00e2te de base cette pr\u00e9paration. M\u00e9langez bien.<\/li>\n<li itemprop=\"step\">Ajoutez les p\u00e9pites de chocolat au choix chocolat blanc ou chocolat noir selon les go\u00fbts. R\u00e9partissez les p\u00e9pites de chocolat en m\u00e9langeant bien la p\u00e2te.<\/li>\n<li itemprop=\"step\">Versez la p\u00e2te dans 4 gros moules \u00e0 muffins ou 6 petits.<\/li>\n<li itemprop=\"step\">Faites cuire 20 minutes, \u00f4tez du four et v\u00e9rifiez la cuisson. Laissez refroidir avant de d\u00e9mouler.<\/li>\n<\/ol>\n<h3 class=\"conseil\">Le conseil de Karen<\/h3>\n<div class=\"conkar\">\n<p>Vous voyez, sur une m\u00eame recette de base, vous pouvez <strong>totalement changer une recette<\/strong>. Bien s\u00fbr, je vous invite \u00e0 varier les plaisirs au fur et \u00e0 mesure des saisons, chez nous ce sont les <a href=\"http:\/\/www.affinite.fr\/index.php\/2023\/07\/29\/valoriser-ses-invendus-une-demarche-ecologique-et-rentable-pour-les-marchands-de-fruits\/\">fruits<\/a> qui rencontrent le plus gros succ\u00e8s et particuli\u00e8rement les myrtilles ! Les pommes, poires, morceaux d\u2019ananas, bananes, p\u00eaches, cerises ou encore abricots fonctionnent bien aussi.<\/p>\n<p>Faire des g\u00e2teaux maison sera <strong>toujours plus sains<\/strong> que d\u2019acheter leurs \u00e9quivalents dans le commerce, mais je vous comprends le temps manque tellement pour tout faire maison. Pensez \u00e0 l\u2019astuce de la cong\u00e9lation et ne culpabilisez pas si tout n\u2019est pas toujours aussi parfait que vous aimeriez. \u00c0 bient\u00f4t !<\/p>\n<\/div>\n<div class=\"printfriendly pf-button pf-button-content pf-aligncenter\"><a href=\"#\" rel=\"nofollow\" onclick=\"window.print(); return false;\" title=\"Printer Friendly, PDF &amp; Email\"><img decoding=\"async\" style=\"border:none;-webkit-box-shadow:none; -moz-box-shadow: none; box-shadow:none; padding:0; margin:0\" alt=\"Print Friendly, PDF &amp; Email\" src=\"https:\/\/cdn.printfriendly.com\/buttons\/printfriendly-pdf-button-nobg-md.png\"\/><noscript><img decoding=\"async\" style=\"border:none;-webkit-box-shadow:none; -moz-box-shadow: none; box-shadow:none; padding:0; margin:0\" src=\"https:\/\/cdn.printfriendly.com\/buttons\/printfriendly-pdf-button-nobg-md.png\" alt=\"Print Friendly, PDF &amp; Email\"\/><\/noscript><\/a><\/div>\n<\/div>\n<p>[ad_2]<br \/>\n<br \/><a href=\"https:\/\/cuisine-saine.fr\/recette-sans-gluten\/recettes-gateaux-skyr\/\">Source link <\/a><\/p>\n","protected":false},"excerpt":{"rendered":"<p>[ad_1] Je vous retrouve aujourd\u2019hui avec 3 recettes de g\u00e2teaux au skyr sans gluten. J\u2019avais envie d\u2019essayer cette sp\u00e9cialit\u00e9 islandaise &hellip; <a href=\"http:\/\/www.affinite.fr\/index.php\/2021\/12\/15\/3-recettes-de-gateaux-au-skyr-sans-gluten\/\" class=\"more-link\">Plus <span class=\"screen-reader-text\">3 recettes de g\u00e2teaux au skyr sans gluten<\/span> <span class=\"meta-nav\">&rarr;<\/span><\/a><\/p>\n","protected":false},"author":1,"featured_media":7209,"comment_status":"open","ping_status":"open","sticky":false,"template":"","format":"standard","meta":{"_sitemap_exclude":false,"_sitemap_priority":"","_sitemap_frequency":"","footnotes":""},"categories":[1],"tags":[],"class_list":["post-7208","post","type-post","status-publish","format-standard","has-post-thumbnail","hentry","category-tous"],"_links":{"self":[{"href":"http:\/\/www.affinite.fr\/index.php\/wp-json\/wp\/v2\/posts\/7208"}],"collection":[{"href":"http:\/\/www.affinite.fr\/index.php\/wp-json\/wp\/v2\/posts"}],"about":[{"href":"http:\/\/www.affinite.fr\/index.php\/wp-json\/wp\/v2\/types\/post"}],"author":[{"embeddable":true,"href":"http:\/\/www.affinite.fr\/index.php\/wp-json\/wp\/v2\/users\/1"}],"replies":[{"embeddable":true,"href":"http:\/\/www.affinite.fr\/index.php\/wp-json\/wp\/v2\/comments?post=7208"}],"version-history":[{"count":0,"href":"http:\/\/www.affinite.fr\/index.php\/wp-json\/wp\/v2\/posts\/7208\/revisions"}],"wp:featuredmedia":[{"embeddable":true,"href":"http:\/\/www.affinite.fr\/index.php\/wp-json\/wp\/v2\/media\/7209"}],"wp:attachment":[{"href":"http:\/\/www.affinite.fr\/index.php\/wp-json\/wp\/v2\/media?parent=7208"}],"wp:term":[{"taxonomy":"category","embeddable":true,"href":"http:\/\/www.affinite.fr\/index.php\/wp-json\/wp\/v2\/categories?post=7208"},{"taxonomy":"post_tag","embeddable":true,"href":"http:\/\/www.affinite.fr\/index.php\/wp-json\/wp\/v2\/tags?post=7208"}],"curies":[{"name":"wp","href":"https:\/\/api.w.org\/{rel}","templated":true}]}}