{"id":7202,"date":"2021-12-13T19:05:51","date_gmt":"2021-12-13T19:05:51","guid":{"rendered":"https:\/\/www.affinite.fr\/index.php\/2021\/12\/13\/effets-secondaires-vaccins-covid-moderna-pfizer-3e-dose-2e\/"},"modified":"2021-12-13T19:05:51","modified_gmt":"2021-12-13T19:05:51","slug":"effets-secondaires-vaccins-covid-moderna-pfizer-3e-dose-2e","status":"publish","type":"post","link":"http:\/\/www.affinite.fr\/index.php\/2021\/12\/13\/effets-secondaires-vaccins-covid-moderna-pfizer-3e-dose-2e\/","title":{"rendered":"Effets secondaires vaccins Covid\u00a0: Moderna, Pfizer, 3e dose, 2e&#8230;"},"content":{"rendered":"<p> [ad_1]<br \/>\n<\/p>\n<aside class=\"ccmsummary marqueur_module ccmcss_cms_summary ccmcss_cms_summary--right\">\n<div class=\"ccmsummary-title ccmcss_cms_summary__title\">Sommaire<\/div>\n<div class=\"ccmsummary-content\">\n<ul>\n<li><a href=\"#c-est-quoi-effet-indesirable\">D&eacute;finition effet ind&eacute;sirable<\/a><\/li>\n<li><a href=\"#definition-effet-indesirable-grave\">Effet ind&eacute;sirable grave<\/a><\/li>\n<li><a href=\"#cas-grave-effet-secondaire-vaccin-covid-pourcentage\">Pourcentage par vaccin<\/a><\/li>\n<li><a href=\"#effets-secondaires-indesirables-vaccin-pfizer-covid\">Effets secondaires Vaccin Pfizer<\/a><\/li>\n<li><a href=\"#effet-secondaire-vaccin-covid-moderna\">Effets secondaires Vaccin Moderna<\/a><\/li>\n<li><a href=\"#effets-indesirables-astrazeneca\">Effets secondaires Vaccin&nbsp;Astrazeneca<\/a><\/li>\n<li><a href=\"#effet-secondaire-vaccin-janssen-johnson-johnson\">Effets secondaires Vaccin Janssen<\/a><\/li>\n<li><a href=\"#effet-secondaire-vaccin-covid-dose-rappel-3-eme\">Effets secondaires 3e dose<\/a><\/li>\n<li><a href=\"#thrombose-vaccin-covid\">Thrombose<\/a><\/li>\n<li><a href=\"#myocardite-pericardite-vaccin-covid\">Myocardite<\/a><\/li>\n<li><a href=\"#syndrome-guillain-barre-vaccin-covid\">Guillain-Barr&eacute;<\/a><\/li>\n<li><a href=\"#effet-secondaire-dose-deuxieme\">Deuxi&egrave;me dose<\/a><\/li>\n<li><a href=\"#effet-secondaire-vaccin-covid-femme-enceinte\">Femme enceinte<\/a><\/li>\n<li><a href=\"#effet-secondaire-vaccin-covid-ado-jeunes\">Jeunes<\/a><\/li>\n<li><a href=\"#combien-de-temps-apres-vaccination-effet-secondaire-apparition\">D&eacute;lai d&#039;apparition<\/a><\/li>\n<li><a href=\"#que-faire-effet-indesirable-secondaire-apres-vaccination-covid\">Que faire ?<\/a><\/li>\n<li><a href=\"#recensement-effets-secondaires-vaccin-covid-ansm\">Recensement<\/a><\/li>\n<\/ul>\n<\/div>\n<\/aside>\n<p><strong>[Mise &agrave; jour le 13 d&eacute;cembre 2021 &agrave; 19h19] <\/strong>Plus de <strong>104&nbsp;millions d&#039;injections <\/strong>de vaccins Covid ont eu lieu en France selon&nbsp;le <a href=\"https:\/\/ansm.sante.fr\/actualites\/point-de-situation-sur-la-surveillance-des-vaccins-contre-la-covid-19-periode-du-12-11-2021-au-25-11-2021\" target=\"_blank\" rel=\"noopener\">point d&#039;information&nbsp;de l&#039;Agence nationale du m&eacute;dicament<\/a> (ANSM) publi&eacute; d&eacute;but&nbsp;d&eacute;cembre sur le suivi des effets secondaires de ces vaccins.<em> &quot;Pr&egrave;s d&#039;un an apr&egrave;s le lancement de la campagne, la surveillance que nous avons mise en place, ainsi que les donn&eacute;es internationales, confirment de nouveau que <strong>les vaccins contre la Covid-19&nbsp;sont s&ucirc;rs et efficaces<\/strong>&quot;<\/em>&nbsp;informe l&#039;<a href=\"https:\/\/ansm.sante.fr\/actualites\/surveillance-des-vaccins-contre-la-covid-19-que-retenir-pres-dun-an-apres-le-debut-de-la-campagne-vaccinale\" target=\"_blank\" rel=\"noopener\">agence<\/a> le 9 d&eacute;cembre.&nbsp;Entre le 27&nbsp;d&eacute;cembre 2020&nbsp;et le 25&nbsp;novembre 2021, pour plus de 100&nbsp;millions de doses administr&eacute;es, <strong>pr&egrave;s de 116&nbsp;000&nbsp;cas d&#039;effets ind&eacute;sirables ont &eacute;t&eacute;&nbsp;d&eacute;clar&eacute;s (0.11%)<\/strong>. Environ <strong>40% des d&eacute;clarations ont &eacute;t&eacute; r&eacute;alis&eacute;es par des personnes vaccin&eacute;es ou leurs proches et 60% par des professionnels de sant&eacute;, <\/strong>indique&nbsp;l&#039;ANSM. <strong><em>&quot;Une grande majorit&eacute; <\/em><\/strong><em>des cas d&eacute;clar&eacute;s sont des <\/em><strong><em>effets non graves, par exemple des r&eacute;actions comme de la fi&egrave;vre, une inflammation locale, de la diarrh&eacute;e, des vomissements.&quot;<\/em><\/strong>&nbsp;La surveillance &quot;<em>a aussi permis d&#039;identifier des effets ind&eacute;sirables rares, tels que les <strong>myocardites <\/strong>avec les vaccins &agrave; ARN et les <strong>thromboses <\/strong>atypiques avec les vaccins &agrave; vecteur ad&eacute;noviral. Les <strong>nouveaux effets ind&eacute;sirables identifi&eacute;s <\/strong>gr&acirc;ce &agrave; notre surveillance ne remettent pas en cause la s&eacute;curit&eacute; des vaccins. Ces nouvelles donn&eacute;es ont en revanche permis aux autorit&eacute;s sanitaires de faire &eacute;voluer les recommandations au fil de la campagne nationale de vaccination&quot;<\/em>. Concernant la<strong> 3e dose<\/strong>, &quot;<em>le<\/em><strong><em>&nbsp;profil des effets ind&eacute;sirables rapport&eacute;s est similaire &agrave; celui rapport&eacute; dans une population comparable vue en d&eacute;but de la campagne de vaccination.&quot; <\/em><\/strong>Chez les <strong>jeunes<\/strong>, les cas de syndromes inflammatoires dits &quot;<strong>PIMS<\/strong>&quot; restent sous la surveillance des autorit&eacute;s.&nbsp;Quels sont les<strong> effets secondaires<\/strong> de&nbsp;chaque vaccin ? Avec l&#039;<strong>AstraZeneca<\/strong>&nbsp;?<strong> Pfizer ou Moderna ?<\/strong>&nbsp;Avec <strong>Janssen (Johnson&amp;Johnson)<\/strong>&nbsp;? Quels <strong>pourcentages <\/strong>? Quels sont les&nbsp;<strong>plus fr&eacute;quents&nbsp;<\/strong>? <strong>Que faire <\/strong>quand &ccedil;a arrive&nbsp;? Que sait-on des <strong>d&eacute;c&egrave;s <\/strong>rapport&eacute;s suite &agrave; la vaccination ? Comment sont-ils&nbsp;<strong>surveill&eacute;s&nbsp;<\/strong>? Explications.<\/p>\n<div class=\"ccminsert\">\n<aside class=\"app_widget_fo app_widget_fo--call\">\n<ul>\n<li>                <a href=\"https:\/\/sante.journaldesfemmes.fr\/fiches-maladies\/2731491-vaccins-covid-effets-a-long-terme-arn-secondaire-indesirable-risque\/\" class=\"jGTMWidgetGAEventClick\" data-GTMWidgetGaEventAction=\"clickWidgetCall\" data-GTMWidgetGaEventLabel=\"Les vaccins du Covid peuvent-ils avoir des effets \u00e0 long terme\u00a0?\"><br \/>\n<figure>                                                                                                                                        <img decoding=\"async\" src=\"https:\/\/img-3.journaldesfemmes.fr\/HEbmaO3ewieTQFonzqV17T-j8SE=\/200x132\/smart\/5c0bb81c6897404c874d4101869876c5\/ccmcms-jdf\/26254569.jpg\" alt=\"\" width=\"200\" height=\"132\" loading=\"lazy\"><figcaption>\n<h3>Les vaccins du Covid peuvent-ils avoir des effets \u00e0 long terme\u00a0?<\/h3>\n<p>La vaccination contre le Covid s&#039;acc\u00e9l\u00e8re en France avec l&#039;extension du pass sanitaire. Mais pour certains, les craintes sur de possibles effets secondaires \u00e0 long terme des vaccins, surtout \u00e0 ARN (Pfizer et Moderna), persistent. Quels sont les effets observ\u00e9s aujourd&#039;hui\u00a0? Dans quel d\u00e9lai surviennent-ils\u00a0? Y a-t-il des risques pour l&#039;ADN\u00a0? Mise au point avec le Dr Benjamin Wyplosz, m\u00e9decin infectiologue.<\/p>\n<\/figcaption><\/figure>\n<p>                <\/a>            <\/li>\n<\/ul>\n<\/aside>\n<\/div>\n<h2><a id=\"c-est-quoi-effet-indesirable\" name=\"c-est-quoi-effet-indesirable\">C&#039;est quoi un effet secondaire &quot;ind&eacute;sirable&quot; ?<\/a><\/h2>\n<p>Comme tous les m&eacute;dicaments, les vaccins peuvent provoquer des&nbsp;effets secondaires, appel&eacute;s &quot;ind&eacute;sirables&quot;.&nbsp;Selon la d&eacute;finition de l&#039;Agence du m&eacute;dicament, un effet ind&eacute;sirable est une<strong> r&eacute;action nocive et non voulue<\/strong> survenant chez un patient li&eacute;e ou susceptible d&#039;&ecirc;tre li&eacute;e &agrave; un produit alors qu&#039;il est utilis&eacute;&nbsp;selon les&nbsp;termes de son autorisation de mise sur le march&eacute; ou lors de toute autre utilisation (surdosage, m&eacute;susage, abus de m&eacute;dicaments, erreur m&eacute;dicamenteuse)..&nbsp;<\/p>\n<h3>&bull; <a name=\"definition-effet-indesirable-grave\">Qu&#039;est-ce qu&#039;un effet ind&eacute;sirable grave ?&nbsp;<\/a><\/h3>\n<p>Selon l&#039;article<i>&nbsp;<\/i>R. 5121-152&nbsp;du Code de la Sant&eacute; Publique,&nbsp;un effet ind&eacute;sirable grave est <em>&quot;un effet ind&eacute;sirable l&eacute;tal, ou susceptible de mettre la vie en danger, ou entrainant une invalidit&eacute; ou une incapacit&eacute; importantes ou durables, ou provoquant ou prolongeant une hospitalisation, ou se manifestant par une anomalie ou une malformation cong&eacute;nitale&quot;<\/em>.<\/p>\n<h2><a id=\"cas-grave-effet-secondaire-vaccin-covid-pourcentage\" name=\"cas-grave-effet-secondaire-vaccin-covid-pourcentage\">Pourcentage : combien de cas graves avec les vaccins Covid-19 ?<\/a><\/h2>\n<table border=\"1\" cellpadding=\"1\" cellspacing=\"1\" style=\"width:100%\">\n<thead>\n<tr>\n<th scope=\"col\" style=\"text-align: center\">Au 25 novembre 2021<\/th>\n<th scope=\"col\" style=\"width: 174px\">Nombre d&#039;injections<\/th>\n<th scope=\"col\" style=\"width: 214px\">Cas d&#039;effets ind&eacute;sirables<\/th>\n<th scope=\"col\">% d&#039;effets ind&eacute;sirables<\/th>\n<th scope=\"col\">Dont part des cas graves<\/th>\n<\/tr>\n<\/thead>\n<tbody>\n<tr>\n<td><strong>Pfizer-BioNTech<\/strong><\/td>\n<td style=\"width: 174px\">83 735 200<\/td>\n<td style=\"width: 214px\">71 624<\/td>\n<td>0,09%<\/td>\n<td>26%<\/td>\n<\/tr>\n<tr>\n<td><strong>Moderna<\/strong><\/td>\n<td style=\"width: 174px\">11 418 700<\/td>\n<td style=\"width: 214px\">15 959<\/td>\n<td>0,14%<\/td>\n<td>18%<\/td>\n<\/tr>\n<tr>\n<td><strong>AstraZeneca<\/strong><\/td>\n<td style=\"width: 174px\">7 801 600<\/td>\n<td style=\"width: 214px\">27 707<\/td>\n<td>0.36%<\/td>\n<td>23%<\/td>\n<\/tr>\n<tr>\n<td><strong>Janssen<\/strong><\/td>\n<td style=\"width: 174px\">1 053 900<\/td>\n<td style=\"width: 214px\">1107<\/td>\n<td>0.1%<\/td>\n<td>39%<\/td>\n<\/tr>\n<tr>\n<td><strong>Ensemble des vaccins<\/strong><\/td>\n<td style=\"width: 174px\">104 009 500<\/td>\n<td style=\"width: 214px\">116 397<\/td>\n<td>0.11%<\/td>\n<td>24%<\/td>\n<\/tr>\n<\/tbody>\n<\/table>\n<table border=\"1\" cellpadding=\"1\" cellspacing=\"1\" style=\"width:100%\">\n<thead>\n<tr>\n<th scope=\"col\" style=\"text-align: center\">Au 25&nbsp;novembre 2021<\/th>\n<th scope=\"col\" style=\"width: 174px\">Nombre d&#039;injections chez les jeunes 12-18 ans<\/th>\n<th scope=\"col\" style=\"width: 214px\">Effets ind&eacute;sirables graves<\/th>\n<th scope=\"col\">% d&#039;effets ind&eacute;sirables graves<\/th>\n<\/tr>\n<tr>\n<td><strong>Pfizer-BioNTech<\/strong><\/td>\n<td style=\"width: 174px\">8 200 000<\/td>\n<td style=\"width: 214px\">528<\/td>\n<td>0,01%<\/td>\n<\/tr>\n<\/thead>\n<\/table>\n<h2><a name=\"effets-secondaires-indesirables-vaccin-pfizer-covid\" target=\"_blank\" rel=\"noopener\">Quels sont les effets ind&eacute;sirables du vaccin Pfizer&nbsp;?<\/a><\/h2>\n<p>Les cas d&#039;effets ind&eacute;sirables observ&eacute;s suite &agrave; la vaccination Covid en France sont surveill&eacute;s par l&#039;Agence nationale de s&eacute;curit&eacute; du m&eacute;dicament (ANSM). Au moment de la mise sur le march&eacute;, l&#039;ensemble des effets ind&eacute;sirables li&eacute;s &agrave; un m&eacute;dicament comme un vaccin ne sont pas toujours connus<em> &quot;en particulier les effets rares (&lt;1\/1000) ou retard&eacute;s&quot; <\/em>explique l&#039;ANSM. C&#039;est pourquoi, lorsque le m&eacute;dicament arrive sur le march&eacute; et devient disponible pour un plus grand nombre de personnes, il continue &agrave; &ecirc;tre suivi et analys&eacute; en permanence compte tenu de l&#039;&eacute;volution des connaissances et de son utilisation dans la vie quotidienne. Un&nbsp;comit&eacute; de suivi hebdomadaire puis bimensuel regroupant l&#039;ensemble des centres r&eacute;gionaux de pharmacovigilance (CRPV) a &eacute;t&eacute; mis en place<em> &quot;pour<strong> surveiller en temps r&eacute;el le profil de s&eacute;curit&eacute; des vaccins <\/strong>&agrave; partir des d&eacute;clarations r&eacute;alis&eacute;es par les professionnels de sant&eacute; ou par les personnes vaccin&eacute;es&quot; <\/em>rassure l&#039;autorit&eacute;. La <strong>plupart des effets ind&eacute;sirables rapport&eacute;s durant les essais cliniques <\/strong>men&eacute;s sur le vaccin de Pfizer-BioNTech ont &eacute;t&eacute;&nbsp;des<strong> effets ind&eacute;sirables d&#039;intensit&eacute; l&eacute;g&egrave;re &agrave; mod&eacute;r&eacute;e <\/strong>disparaissant spontan&eacute;ment en quelques jours, expliquait&nbsp;l&#039;ANSM lors du premier point de situation du 31&nbsp;d&eacute;cembre. Les effets ind&eacute;sirables plus ou moins fr&eacute;quents sont indiqu&eacute;s&nbsp;dans la&nbsp;<a href=\"https:\/\/www.ema.europa.eu\/en\/documents\/product-information\/comirnaty-epar-product-information_fr.pdf\" target=\"_blank\" rel=\"noopener\">notice<\/a>&nbsp;du vaccin.<\/p>\n<div style=\"text-align:center\">\n<figure class=\"image\"><a class=\"fancy\" href=\"https:\/\/img-3.journaldesfemmes.fr\/xrdcvfrB6pu__c0SLAXkkReN1m8=\/1080x\/smart\/f23631961f9846a2847f0c54f73c5469\/ccmcms-jdf\/26663918.jpg\"><img decoding=\"async\" alt=\"effet ind\u00e9sirable Pfizer\" src=\"https:\/\/img-3.journaldesfemmes.fr\/xrdcvfrB6pu__c0SLAXkkReN1m8=\/1080x\/smart\/f23631961f9846a2847f0c54f73c5469\/ccmcms-jdf\/26663918.jpg\" \/><\/a><figcaption data-credit=\"ANSM\" data-legend=\"Effets ind\u00e9sirables du vaccin Comirnaty de Pfizer\/BioNTech - Juillet 2021\">Effets ind&eacute;sirables du vaccin Comirnaty de Pfizer\/BioNTech &#8211; Juillet 2021 <small>&copy;&nbsp;ANSM<\/small><\/figcaption><\/figure>\n<\/div>\n<p><strong>&rarr; Du 27&nbsp;d&eacute;cembre 2020&nbsp;au 25 novembre 2021 :&nbsp;<\/strong>&nbsp;71&nbsp;624&nbsp;cas d&#039;effets ind&eacute;sirables ont &eacute;t&eacute; analys&eacute;s sur plus de 83&nbsp;735&nbsp;200&nbsp;injections.&nbsp;La majorit&eacute; des effets ind&eacute;sirables sont attendus et non graves.<strong> La majorit&eacute; des effets ind&eacute;sirables sont attendus et non graves. <\/strong>Il n&#039;y a pas de nouveau signal identifi&eacute; par l&#039;ANSM sur la p&eacute;riode du 12 au 25 novembre.<\/p>\n<p><strong>&rarr;&nbsp;168 cas graves ont &eacute;t&eacute; rapport&eacute;s depuis le d&eacute;but des rappels vaccinaux.<\/strong>&nbsp;Selon l&#039;ANSM, aucun signal sp&eacute;cifique n&#039;a &eacute;t&eacute; identifi&eacute; chez les personnes ayant eu une dose de rappel.<strong> Le profil des effets ind&eacute;sirables rapport&eacute;s est similaire &agrave; celui rapport&eacute; chez les personnes &acirc;g&eacute;es prioritaires au d&eacute;but de la campagne de vaccination.<\/strong>&nbsp;<em>&quot;Concernant les <strong>42 cas de d&eacute;c&egrave;s d&eacute;clar&eacute;s depuis le d&eacute;but du suivi, <\/strong>ces cas concernaient des personnes &acirc;g&eacute;es, pour la plupart r&eacute;sidant en EHPAD ou en r&eacute;sidence vieillesse et pr&eacute;sentant de lourdes comorbidit&eacute;s. Un cas de d&eacute;c&egrave;s concerne un patient tr&egrave;s &acirc;g&eacute; et fragile, chez qui une r&eacute;actogenicit&eacute; a pu aggraver l&#039;&eacute;tat clinique.&nbsp;Au vu des connaissances actuelles sur le vaccin Comirnaty et des &eacute;l&eacute;ments renseign&eacute;s sur les cas &agrave; ce jour, rien ne permet de conclure que ces d&eacute;c&egrave;s sont li&eacute;s au vaccin.&quot;<\/em><\/p>\n<p><strong>&rarr;&nbsp;Parmi les signaux confirm&eacute;s&nbsp;: les cas d&#039;hypertension art&eacute;rielle <\/strong>continuent de faire l&#039;objet d&#039;une surveillance sp&eacute;cifique et sont partag&eacute;s au niveau europ&eacute;en. Des <strong>cas de myocardites et de p&eacute;ricardites<\/strong> ont tr&egrave;s rarement &eacute;t&eacute; signal&eacute;s apr&egrave;s la vaccination avec Comirnaty en Europe.&nbsp;<\/p>\n<p><strong>&rarr; S<\/strong><strong>ignaux potentiels ou &eacute;v&eacute;nements d&eacute;j&agrave; sous surveillance<\/strong>&nbsp;: Zona \/ Troubles du rythme cardiaque \/&nbsp;Thrombop&eacute;nie \/ thrombop&eacute;nie immunologique \/ h&eacute;matomes spontan&eacute;s \/&nbsp;D&eacute;s&eacute;quilibre diab&eacute;tique dans des contextes de r&eacute;actog&eacute;nicit&eacute;* \/&nbsp;Echecs vaccinaux \/ Syndrome d&#039;activation des macrophages \/&nbsp;H&eacute;mophilie acquise. \/&nbsp;Myocardite\/Myopericardite \/&nbsp;Syndromes de Guillain-Barr&eacute; \/&nbsp;Pancr&eacute;atite aig&uuml;e \/&nbsp;R&eacute;activation &agrave; Virus Epstein-Barr \/&nbsp;M&eacute;ningoenc&eacute;phalite zost&eacute;rienne \/&nbsp;Aplasie M&eacute;dullaire idiopathique \/&nbsp;Polyarthrite rhumato&iuml;de&nbsp;\/ N&eacute;phropathies glom&eacute;rulaires \/ Troubles menstruels \/ Syndrome inflammatoire multisyst&eacute;mique \/&nbsp;Syndrome de Parsonage-Turner (n&eacute;vralgie amyotrophiante)<\/p>\n<div class=\"ccminsert\">\n<aside class=\"app_widget_fo app_widget_fo--call\">\n<ul>\n<li>                <a href=\"https:\/\/sante.journaldesfemmes.fr\/fiches-maladies\/2687339-vaccin-pfizer-covid-effet-secondaire-composition-efficacite-origine-delai-doses-ou-moderna-conservation\/\" class=\"jGTMWidgetGAEventClick\" data-GTMWidgetGaEventAction=\"clickWidgetCall\" data-GTMWidgetGaEventLabel=\"Vaccin Pfizer\u00a0: effet secondaire, composition, ou Moderna\u00a0?\"><br \/>\n<figure>                                                                                                                                        <img decoding=\"async\" src=\"https:\/\/img-3.journaldesfemmes.fr\/CXMD2yWzJuAsJqbDnaD1G3U9UIo=\/200x132\/smart\/126c8d8ab57948369a76eef27e14ae28\/ccmcms-jdf\/29987079.jpg\" alt=\"\" width=\"200\" height=\"132\" loading=\"lazy\"><figcaption>\n<h3>Vaccin Pfizer\u00a0: effet secondaire, composition, ou Moderna\u00a0?<\/h3>\n<p>Le vaccin Comirnaty de Pfizer-BioNTech est le plus administr\u00e9 en France contre le Covid. Il peut l&#039;\u00eatre en premi\u00e8re vaccination, y compris chez les enfants, et en rappel (3\u00e8me dose). Composition, effets secondaires, diff\u00e9rences avec le vaccin Moderna, conservation, en pharmacie, efficacit\u00e9&#8230; Tout savoir sur le vaccin de Pfizer.<\/p>\n<\/figcaption><\/figure>\n<p>                <\/a>            <\/li>\n<\/ul>\n<\/aside>\n<\/div>\n<h2><a id=\"effet-secondaire-vaccin-covid-moderna\" name=\"effet-secondaire-vaccin-covid-moderna\">Quels sont les effets secondaires du vaccin Moderna ?<\/a><\/h2>\n<p>Dans le <a href=\"https:\/\/www.ema.europa.eu\/en\/news\/ema-recommends-covid-19-vaccine-moderna-authorisation-eu\" target=\"_blank\" rel=\"noopener\">communiqu&eacute;<\/a> annon&ccedil;ant la validation du vaccin Moderna (renomm&eacute; Spikevax en juin 2021) dans l&#039;Union europ&eacute;enne le <strong>6 janvier 2021,<\/strong> l&#039;Agence europ&eacute;enne du m&eacute;dicament (EMA) a rapport&eacute; les effets secondaires observ&eacute;s lors du plus vaste essai clinique&nbsp;men&eacute; en phase 3 sur 30 351&nbsp;personnes &acirc;g&eacute;es de 18 &agrave; 94 ans. Les<strong> plus courants<\/strong> &eacute;taient&nbsp;<em>&quot;g&eacute;n&eacute;ralement<strong> l&eacute;gers ou mod&eacute;r&eacute;s <\/strong>et se sont am&eacute;lior&eacute;s quelques jours apr&egrave;s la vaccination&quot;<\/em>. Il s&#039;agissait notamment de&nbsp;<strong>douleur&nbsp;<\/strong>au site d&#039;injection (92&nbsp;%), <strong>fatigue <\/strong>(70&nbsp;%), c&eacute;phal&eacute;es (64,7&nbsp;%), <strong>douleurs musculaires <\/strong>et articulaires (myalgie (61.5%)\/arthralgie (46.4%)), <strong>frissons <\/strong>(45,4&nbsp;%), naus&eacute;es\/vomissements (23&nbsp;%), fi&egrave;vre (15,5&nbsp;%),&nbsp;<strong>gonflement au site d&#039;injection <\/strong>(14,7&nbsp;%) et&nbsp;rougeur (10&nbsp;%).<em> &quot;Une moindre fr&eacute;quence de la r&eacute;actog&eacute;nicit&eacute; a &eacute;t&eacute; observ&eacute;e chez les sujets les plus &acirc;g&eacute;s&quot;,<\/em> note Moderna dans sa <a href=\"https:\/\/assets.ctfassets.net\/n2j6zptc9y3o\/4fX5iUCP2IK71ztosEBzHI\/f94ec40e6f0d8fee5fae4dc8548c40a4\/summary-product-characteristics.pdf\" target=\"_blank\" rel=\"noopener\">notice<\/a> et <em>&quot;une incidence plus &eacute;lev&eacute;e de certains effets ind&eacute;sirables&nbsp;observ&eacute;e dans les groupes d&#039;&acirc;ge plus jeunes&quot;.<\/em>&nbsp;<\/p>\n<div style=\"text-align:center\">\n<figure class=\"image\"><a class=\"fancy\" href=\"https:\/\/img-3.journaldesfemmes.fr\/_AMu_Mik4XtJb9ahDI1EHItWbEM=\/1080x\/smart\/9120060d1e644cf6861c13574318ac2f\/ccmcms-jdf\/26664005.jpg\"><img decoding=\"async\" alt=\"Effets ind\u00e9sirables du vaccin Moderna\" src=\"https:\/\/img-3.journaldesfemmes.fr\/_AMu_Mik4XtJb9ahDI1EHItWbEM=\/1080x\/smart\/9120060d1e644cf6861c13574318ac2f\/ccmcms-jdf\/26664005.jpg\" \/><\/a><figcaption data-credit=\"ANSM\" data-legend=\"Effets ind\u00e9sirables du vaccin Moderna - Juillet 2021\">Effets ind&eacute;sirables du vaccin Moderna &#8211; Juillet 2021 <small>&copy;&nbsp;ANSM<\/small><\/figcaption><\/figure>\n<\/div>\n<blockquote><p>&nbsp;<\/p><\/blockquote>\n<p><strong>&rarr; Du 19&nbsp;janvier 2021&nbsp;au 25 novembre 2021 <\/strong>: 15&nbsp;959 cas d&#039;effets ind&eacute;sirables ont &eacute;t&eacute; analys&eacute;s sur plus de 11&nbsp;418&nbsp;700&nbsp;injections. Un grand nombre de cas concernent des r&eacute;actions retard&eacute;es locales non graves. <strong>1&nbsp;cas r&eacute;cent de syndrome de Lyell<\/strong> a &eacute;t&eacute; d&eacute;clar&eacute; avec le vaccin Spikevax. <strong>Depuis le d&eacute;but de la vaccination, 3&nbsp;autres cas ont &eacute;t&eacute; d&eacute;clar&eacute;s aux CRPV avec le vaccin Comirnaty<\/strong>, informe l&#039;ANSM dans son bilan du 3 d&eacute;cembre.<strong>&nbsp;<em>&quot;<\/em><\/strong><em>A ce jour, aucun &eacute;l&eacute;ment n&#039;indique un r&ocirc;le potentiel des vaccins &agrave; ARNm dans ces cas de syndrome de Lyell.&quot; <\/em>Depuis juin 2021, les <strong>myocardites <\/strong>sont consid&eacute;r&eacute;es comme un effet ind&eacute;sirable pouvant survenir tr&egrave;s rarement suite &agrave; une vaccination par Comirnaty ou Spikevax. Au 14 octobre, un total de<strong> 106 cas de myocardites <\/strong>dont<strong> 62&nbsp;cas ont &eacute;t&eacute; rapport&eacute;s avec le vaccin Spikevax chez des personnes de moins de 30&nbsp;ans <\/strong>depuis le d&eacute;but de la vaccination. Ces cas restent<strong> majoritairement rapport&eacute;s chez les hommes apr&egrave;s la deuxi&egrave;me dose<\/strong> et l&#039;&eacute;volution est favorable pour la grande majorit&eacute; des cas.&nbsp;<\/p>\n<p><strong>&rarr; 3e dose :&nbsp;<\/strong>Depuis le d&eacute;but du suivi et jusqu&#039;au 11 novembre,<strong> 55&nbsp;cas graves ont &eacute;t&eacute; rapport&eacute;s suite &agrave; l&#039;injection d&#039;une 3&nbsp;&egrave;me dose ou d&#039;une dose de rappel. <\/strong>Selon l&#039;ANSM, les&nbsp;effets ind&eacute;sirables rapport&eacute;s sont similaires &agrave; ceux de la primo-vaccination. Aucun signal sp&eacute;cifique n&#039;a &eacute;t&eacute; identifi&eacute; concernant les doses de rappel et les 3&egrave;me doses. &quot;<em>Concernant les 4&nbsp;cas de d&eacute;c&egrave;s d&eacute;clar&eacute;s depuis le d&eacute;but du suivi, ces cas concernaient des personnes &acirc;g&eacute;es. Au vu des connaissances actuelles sur le vaccin Spikevax et des &eacute;l&eacute;ments renseign&eacute;s sur les cas &agrave; ce jour, rien ne permet de conclure que ces d&eacute;c&egrave;s sont li&eacute;s au vaccin.&quot;<\/em><\/p>\n<p><strong>&rarr;&nbsp;<\/strong><strong>Aucun signal n&#039;a &eacute;t&eacute; identifi&eacute; chez les femmes enceintes ou allaitantes<\/strong>.<\/p>\n<p><strong>&rarr;&nbsp;Signaux confirm&eacute;s<\/strong>&nbsp;: <strong>R&eacute;actions retard&eacute;es&nbsp;:<\/strong> ces r&eacute;actions, bien d&eacute;crites dans les essais cliniques avec le vaccin, sont en grande majorit&eacute; non graves, &agrave; type de r&eacute;actions locales douloureuses, &eacute;ryth&eacute;mateuses, prurigineuses au site d&#039;injection, survenant avec un d&eacute;lai compris entre 4&nbsp;et 31&nbsp;jours apr&egrave;s la vaccination (d&eacute;lai moyen &agrave; 8&nbsp;j). Depuis le d&eacute;but du suivi, il a &eacute;t&eacute; relev&eacute; quelques cas de <strong>douleur prolong&eacute;e au bras vaccin&eacute;<\/strong> amenant &agrave; une impotence fonctionnelle pouvant durer quelques semaines. Par ailleurs, les <strong>troubles vasculaires de type d&#039;hypertension art&eacute;rielle<\/strong>&nbsp;continuent de faire l&#039;objet d&#039;une surveillance sp&eacute;cifique et sont partag&eacute;s au niveau europ&eacute;en. Au niveau europ&eacute;en, des cas de <strong>myocardites <\/strong>et de p&eacute;ricardites ont tr&egrave;s rarement &eacute;t&eacute; signal&eacute;s apr&egrave;s la vaccination avec Spikevax.&nbsp;A ce jour, le taux de notification des cas de myocardite rapport&eacute;s apr&egrave;s un sch&eacute;ma complet avec le vaccin Spikevax apparait<strong> plus important chez les hommes de 18&nbsp;&agrave; 29&nbsp;ans,<\/strong> par rapport &agrave; celui observ&eacute; chez les hommes du m&ecirc;me &acirc;ge ayant re&ccedil;u un sch&eacute;ma complet avec Comirnaty. Enfin, des<strong> &eacute;ryth&egrave;mes polymorphes<\/strong> ont &eacute;t&eacute; confirm&eacute;s apr&egrave;s la vaccination avec Spikevax.<\/p>\n<p><strong>&rarr;<\/strong> <strong>Signaux potentiels ou &eacute;v&eacute;nements d&eacute;j&agrave; sous surveillance<\/strong>&nbsp;: Troubles du rythme \/&nbsp;Zona \/&nbsp;<strong>R&eacute;actog&eacute;nicit&eacute; apr&egrave;s la 2e dose <\/strong>(malaises, syndrome pseudo-grippal) \/&nbsp;D&eacute;s&eacute;quilibre-r&eacute;cidive de pathologies chroniques \/&nbsp;Ictus amn&eacute;sique (amn&eacute;sie transitoire) \/ Troubles auditifs (surdit&eacute;, hypoacousie et acouph&egrave;nes) \/&nbsp;Pertes de connaissances, plus ou moins associ&eacute;es &agrave; des chutes \/ Polyarthrite Rhumato&iuml;de \/&nbsp;N&eacute;propathies glom&eacute;rulaires \/&nbsp;Saignements cutan&eacute;o-muqueux \/&nbsp;Eryth&egrave;me polymorphe \/ Troubles menstruels \/&nbsp;Syndrome de Parsonage-Turner.<\/p>\n<div class=\"ccminsert\">\n<aside class=\"app_widget_fo app_widget_fo--call\">\n<ul>\n<li>                <a href=\"https:\/\/sante.journaldesfemmes.fr\/fiches-maladies\/2689117-vaccin-moderna-covid-rappel-pfizer-origine-effet-secondaire-composition-30-ans-pour-qui-risque\/\" class=\"jGTMWidgetGAEventClick\" data-GTMWidgetGaEventAction=\"clickWidgetCall\" data-GTMWidgetGaEventLabel=\"Vaccin Moderna\u00a0: efficacit\u00e9, risques, pour qui\u00a0?\"><br \/>\n<figure>                                                                                                                                        <img decoding=\"async\" src=\"https:\/\/img-3.journaldesfemmes.fr\/iZNlVpzQNQi4bUziPltPQ2gtPQQ=\/200x132\/smart\/a3e8f08b5fe1417cb6eb01e22dd53003\/ccmcms-jdf\/30092989.jpg\" alt=\"\" width=\"200\" height=\"132\" loading=\"lazy\"><figcaption>\n<h3>Vaccin Moderna\u00a0: efficacit\u00e9, risques, pour qui\u00a0?<\/h3>\n<p>Le vaccin Spikevax de Moderna est le deuxi\u00e8me vaccin contre le coronavirus le plus administr\u00e9 en France apr\u00e8s celui de Pfizer. Il peut l&#039;\u00eatre en primo-vaccination et en rappel. Pour qui\u00a0? Chez les moins de 30\u00a0ans\u00a0? Quels effets secondaires\u00a0? Origine\u00a0? Efficacit\u00e9\u00a0? Le point sur cet autre vaccin \u00e0 ARN.<\/p>\n<\/figcaption><\/figure>\n<p>                <\/a>            <\/li>\n<\/ul>\n<\/aside>\n<\/div>\n<h2><a id=\"effets-indesirables-astrazeneca\" name=\"effets-indesirables-astrazeneca\">Quels sont les effets ind&eacute;sirables du vaccin Astrazeneca ?<\/a><\/h2>\n<p>Le vaccin Astrazeneca-Oxford est autoris&eacute; le 29 janvier 2021 par l&#039;Agence europ&eacute;enne du m&eacute;dicament et administr&eacute; en France depuis le <strong>6 f&eacute;vrier<\/strong>. La grande majorit&eacute; des cas d&#039;effets ind&eacute;sirables concerne des<strong> syndromes pseudo-grippaux, souvent de forte intensit&eacute; (fi&egrave;vre &eacute;lev&eacute;e, courbatures, c&eacute;phal&eacute;es)<\/strong>. L&#039;<strong>ANSM conseille de privil&eacute;gier l&#039;utilisation du parac&eacute;tamol<\/strong> &agrave; la dose la plus faible et le moins longtemps possible. Le signal sur les &eacute;v&egrave;nements <strong>thromboemboliques <\/strong>atypiques avec le vaccin Vaxzevria a fait l&#039;objet de premi&egrave;res <a href=\"https:\/\/www.ema.europa.eu\/en\/news\/astrazenecas-covid-19-vaccine-benefits-risks-context\" target=\"_blank\" rel=\"noopener\"><strong>conclusions au niveau europ&eacute;en<\/strong><\/a>. Le<strong> <a href=\"http:\/\/www.mesvaccins.net\/web\/vaccines\/650-covid-19-vaccine-astrazeneca\" target=\"_blank\" rel=\"noopener\">r&eacute;sum&eacute; des caract&eacute;ristiques du produit<\/a> et la notice ont &eacute;t&eacute; actualis&eacute;s <\/strong>afin d&#039;inclure les effets ind&eacute;sirables &quot;tr&egrave;s rares&quot; de type syndrome thrombotique thrombocytop&eacute;nique et troubles de la coagulation. Ces syndromes n&eacute;cessitent une prise en charge m&eacute;dicale sp&eacute;cialis&eacute;e rapide.&nbsp;<\/p>\n<div style=\"text-align:center\">\n<figure class=\"image\"><a class=\"fancy\" href=\"https:\/\/img-3.journaldesfemmes.fr\/dcSpjSNaT6aDBVDu57-bvY9-Mo8=\/1080x\/smart\/482063a6592a417f950ef55852fbd664\/ccmcms-jdf\/26664046.jpg\"><img decoding=\"async\" alt=\"Effets ind\u00e9sirables du vaccin Vaxzevria d'AstraZeneca\" src=\"https:\/\/img-3.journaldesfemmes.fr\/dcSpjSNaT6aDBVDu57-bvY9-Mo8=\/1080x\/smart\/482063a6592a417f950ef55852fbd664\/ccmcms-jdf\/26664046.jpg\" \/><\/a><figcaption data-credit=\"ANSM\" data-legend=\"Effets ind\u00e9sirables du vaccin Vaxzevria d'AstraZeneca- Juillet 2021\">Effets ind&eacute;sirables du vaccin Vaxzevria d&#039;AstraZeneca- Juillet 2021 <small>&copy;&nbsp;ANSM<\/small><\/figcaption><\/figure>\n<\/div>\n<p><strong>&rarr; Du 6&nbsp;f&eacute;vrier 2021&nbsp;au 25 novembre<\/strong><strong>&nbsp;2021 :<\/strong>&nbsp;&nbsp;27&nbsp;707&nbsp;cas d&#039;effets ind&eacute;sirables ont &eacute;t&eacute; analys&eacute;s sur plus de 7&nbsp;801&nbsp;600&nbsp;injections. La grande majorit&eacute; de ces cas concerne des <strong>syndromes pseudo-grippaux<\/strong>, souvent de <strong>forte intensit&eacute;<\/strong> (fi&egrave;vre &eacute;lev&eacute;e, courbatures, c&eacute;phal&eacute;es).&nbsp;En cas de fi&egrave;vre et\/ou de douleurs, l&#039;ANSM conseille de<strong> privil&eacute;gier l&#039;utilisation du parac&eacute;tamol &agrave; la dose la plus faible <\/strong>et le moins longtemps possible. Aucun nouveau signal identifi&eacute; sur la p&eacute;riode du 14 au 28 octobre.<\/p>\n<p><strong>&rarr; Signaux confirm&eacute;s :&nbsp;Syndromes pseudo-grippaux<\/strong>&nbsp;\/&nbsp;<strong>Thromboses<\/strong> (64 cas de thrombose atypique) \/<strong> Syndrome de<\/strong> <strong>fuite capillaire<\/strong> (aucun cas en France mais effet constat&eacute; au niveau europ&eacute;en dont le risque est estim&eacute; &agrave; &quot;extr&ecirc;mement&nbsp;rare&quot;) \/ Syndrome de <strong>Guillain-Barr&eacute;<\/strong> (effet secondaire &quot;tr&egrave;s rare&quot;) \/<strong>&nbsp;Thrombop&eacute;nies immunitaires<\/strong> \/ <strong>Paralysie faciale <\/strong>(la paralysie faciale est rare et dispara&icirc;t g&eacute;n&eacute;ralement en quelques semaines, l&#039;ANSM recommande &agrave; toute personne pr&eacute;sentant des sympt&ocirc;mes de paralysie faciale de consulter rapidement un m&eacute;decin&nbsp;: engourdissement au niveau de la face, douleurs derri&egrave;re l&#039;oreille, &oelig;il et bouche pendants d&#039;un seul c&ocirc;t&eacute; du visage, absence de mimiques).<\/p>\n<p><strong>&rarr;&nbsp;Signaux potentiels ou &eacute;v&eacute;nements d&eacute;j&agrave; sous surveillance&nbsp;:&nbsp;<\/strong>Saignements cutan&eacute;o-muqueux (principalement des ecchymoses et des saignements du nez) \/&nbsp;Zona et r&eacute;activation herp&eacute;tique \/ El&eacute;vation de la tension art&eacute;rielle \/&nbsp;Dyspn&eacute;es et asthme associ&eacute;s &agrave; des syndromes pseudo-grippaux \/&nbsp;Polyradiculon&eacute;vrite aigu&euml; (dont syndrome de Guillain-Barr&eacute;) \/&nbsp;Paralysie faciale \/&nbsp;Pathologie d&eacute;my&eacute;linisante centrale \/&nbsp;Eryth&egrave;me noueux \/&nbsp;Colite isch&eacute;mique \/&nbsp;Vascularites \/&nbsp;Surdit&eacute;\/baisse de l&#039;audition \/&nbsp;Myocardites\/P&eacute;ricardites \/&nbsp;Troubles du rythme \/&nbsp;Echecs vaccinaux \/&nbsp;Vascularites cutan&eacute;s \/&nbsp;Art&eacute;rites &agrave; cellules g&eacute;antes \/&nbsp;Pancr&eacute;atites \/&nbsp;Pseudopolyarthrites rhizom&eacute;liques \/&nbsp;Syndrome de Parsonage-Turner.<\/p>\n<div class=\"ccminsert\">\n<aside class=\"app_widget_fo app_widget_fo--call\">\n<ul>\n<li>                <a href=\"https:\/\/sante.journaldesfemmes.fr\/fiches-maladies\/2724239-syndrome-de-fuite-capillaire-c-est-quoi-quels-symptomes-secondaire-systemique-astrazeneca-definition\/\" class=\"jGTMWidgetGAEventClick\" data-GTMWidgetGaEventAction=\"clickWidgetCall\" data-GTMWidgetGaEventLabel=\"Syndrome de fuite capillaire\u00a0: c&#039;est quoi, quels sympt\u00f4mes\u00a0?\"><br \/>\n<figure>                                                                                                                                        <img decoding=\"async\" src=\"https:\/\/img-3.journaldesfemmes.fr\/Hsa-qdxEiNuKeo_oCu92jVlYsuo=\/200x132\/smart\/035d3ababc254a29b91afc1a04ca62ff\/ccmcms-jdf\/25545018.jpg\" alt=\"\" width=\"200\" height=\"132\" loading=\"lazy\"><figcaption>\n<h3>Syndrome de fuite capillaire\u00a0: c&#039;est quoi, quels sympt\u00f4mes\u00a0?<\/h3>\n<p>L&#039;agence europ\u00e9enne du m\u00e9dicament reconnait un lien possible entre la survenue de syndrome de fuite capillaire et les vaccins du Covid d&#039;AstraZeneca et de Janssen. Cette maladie du sang, extr\u00eamement rare et pouvant \u00eatre mortelle, se manifeste en crise de mani\u00e8re r\u00e9p\u00e9t\u00e9e et brutale. Le point avec le Pr. Zahir Amoura.<\/p>\n<\/figcaption><\/figure>\n<p>                <\/a>            <\/li>\n<\/ul>\n<\/aside>\n<\/div>\n<ul><\/ul>\n<div class=\"ccminsert\">\n<aside class=\"app_widget_fo app_widget_fo--call\">\n<ul>\n<li>                <a href=\"https:\/\/sante.journaldesfemmes.fr\/fiches-maladies\/2689041-vaccin-astrazeneca-covid-vaxzevria-thrombose-guillain-barre-efficacite-france-origine-age\/\" class=\"jGTMWidgetGAEventClick\" data-GTMWidgetGaEventAction=\"clickWidgetCall\" data-GTMWidgetGaEventLabel=\"Vaccin AstraZeneca\u00a0: composition, efficacit\u00e9, origine, en France\"><br \/>\n<figure>                                                                                                                                        <img decoding=\"async\" src=\"https:\/\/img-3.journaldesfemmes.fr\/RSqUHL2OV7Gy7GtBcklwZFEDdUM=\/200x132\/smart\/1d8a49b66e2e409da5ba643f0b35d02a\/ccmcms-jdf\/27428833.jpg\" alt=\"\" width=\"200\" height=\"132\" loading=\"lazy\"><figcaption>\n<h3>Vaccin AstraZeneca\u00a0: composition, efficacit\u00e9, origine, en France<\/h3>\n<p>Le vaccin Vaxzevria mis au point par AstraZeneca et l&#039;Universit\u00e9 d&#039;Oxford a obtenu une autorisation de mise sur le march\u00e9\u00a0en Europe\u00a0le 29\u00a0janvier 2021. Il est autoris\u00e9 en France pour les plus de 55\u00a0ans. Composition, origine, efficacit\u00e9, effet secondaire, d\u00e9lais entre les doses&#8230; Tout savoir sur ce s\u00e9rum su\u00e9do-anglais.<\/p>\n<\/figcaption><\/figure>\n<p>                <\/a>            <\/li>\n<\/ul>\n<\/aside>\n<\/div>\n<h2><a id=\"effet-secondaire-vaccin-janssen-johnson-johnson\" name=\"effet-secondaire-vaccin-janssen-johnson-johnson\">Quels sont les effets secondaires du vaccin Janssen ?<\/a><\/h2>\n<p>Le vaccin Janssen des laboratoires Johnson&amp;Johnson a &eacute;t&eacute; autoris&eacute; par l&#039;Agence europ&eacute;enne du m&eacute;dicament le 11 mars et est administr&eacute; dans les pharmacies fran&ccedil;aises depuis le 24 avril sous les m&ecirc;mes conditions que le vaccin d&#039;AstraZeneca (plus de 55 ans).&nbsp;L&#039;essai clinique de phase 3 men&eacute; sur pr&egrave;s de 44 000 personnes a montr&eacute; des<strong>&nbsp;effets secondaires<\/strong><em><strong> &quot;g&eacute;n&eacute;ralement l&eacute;gers ou mod&eacute;r&eacute;s<\/strong> et disparus quelques jours apr&egrave;s la vaccination&quot;<\/em> indique l&#039;Agence dans son <a href=\"https:\/\/www.ema.europa.eu\/en\/news\/ema-recommends-covid-19-vaccine-janssen-authorisation-eu\" target=\"_blank\" rel=\"noopener\">communiqu&eacute;<\/a>. Les plus courants &eacute;taient la douleur au site d&#039;injection, les maux de t&ecirc;te, la fatigue, les douleurs musculaires et les naus&eacute;es.&nbsp;La r&eacute;actog&eacute;nicit&eacute; &eacute;tait g&eacute;n&eacute;ralement d&#039;intensit&eacute; plus faible et rapport&eacute;e moins fr&eacute;quemment chez les adultes plus &acirc;g&eacute;s (&ge; 65&nbsp;ans) au cours des essais cliniques. Le&nbsp;<a href=\"https:\/\/www.ema.europa.eu\/en\/documents\/product-information\/vaxzevria-previously-covid-19-vaccine-astrazeneca-epar-product-information_fr.pdf\" target=\"_blank\" rel=\"noopener\">RCP<\/a> du vaccin liste les effets ind&eacute;sirables possibles par fr&eacute;quence.<\/p>\n<div style=\"text-align:center\">\n<figure class=\"image\"><a class=\"fancy\" href=\"https:\/\/img-3.journaldesfemmes.fr\/eVN71IOULV04g4qo5QelIb2nUhs=\/1080x\/smart\/8a2f7232f6cc47c09457a5ec597ae938\/ccmcms-jdf\/26664194.jpg\"><img decoding=\"async\" alt=\"Effets ind\u00e9sirables du vaccin Janssen\" src=\"https:\/\/img-3.journaldesfemmes.fr\/eVN71IOULV04g4qo5QelIb2nUhs=\/1080x\/smart\/8a2f7232f6cc47c09457a5ec597ae938\/ccmcms-jdf\/26664194.jpg\" \/><\/a><figcaption data-credit=\"ANSM\" data-legend=\"Effets ind\u00e9sirables du vaccin Janssen- Juillet 2021\">Effets ind&eacute;sirables du vaccin Janssen- Juillet 2021 <small>&copy;&nbsp;ANSM<\/small><\/figcaption><\/figure>\n<\/div>\n<p><strong>&rarr; Du 24 avril&nbsp;2021&nbsp;au 25 novembre&nbsp;2021&nbsp;: <\/strong>l&#039;ANSM rapporte<strong>&nbsp;<\/strong>&nbsp;1&nbsp;107<strong>&nbsp;<\/strong>cas&nbsp;sur plus de 1&nbsp;053&nbsp;900&nbsp;injections.&nbsp;La majorit&eacute; des effets ind&eacute;sirables sont non graves, attendus et d&#039;&eacute;volution favorable, en particulier des effets de r&eacute;actog&eacute;nicit&eacute; (par exemple des <strong>malaises<\/strong>). Pas de nouveau signal identifi&eacute; sur la p&eacute;riode du 14 au 28 octobre.<\/p>\n<p><strong>&rarr;&nbsp;Signaux potentiels ou &eacute;v&eacute;nements d&eacute;j&agrave; sous surveillance<\/strong>&nbsp;:&nbsp;Ev&egrave;nements thromboemboliques &#8211;&nbsp;Hypertension art&eacute;rielle &#8211; Zona &#8211;&nbsp;Myocardites\/p&eacute;ricardites &#8211;&nbsp;Echecs vaccinaux &#8211; Syndrome de Parsonage &#8211; Turner&nbsp;My&eacute;lite &#8211; Purpura rhumato&iuml;de.<\/p>\n<p><strong>&rarr;&nbsp;Signaux confirm&eacute;s&nbsp;:&nbsp;Thrombose :<\/strong>&nbsp;<strong>4&nbsp;cas<\/strong> ont &eacute;t&eacute; rapport&eacute;s chez des patients cinquantenaires et un quarantenaire &ndash; dont deux de moins de 55&nbsp;ans ont &eacute;t&eacute; observ&eacute;s depuis le d&eacute;but du suivi. Trois patients ne sont pas r&eacute;tablis au moment de la d&eacute;claration et l&#039;&eacute;volution est favorable pour le quatri&egrave;me cas. \/&nbsp;<strong>Syndrome de fuite capillaire<\/strong>&nbsp;: aucun cas signal&eacute; en France &agrave; ce jour.&nbsp;L&#039;EMA a conclu que le vaccin Janssen peut entra&icirc;ner de fa&ccedil;on extr&ecirc;mement rare un syndrome de fuite capillaire et a consid&eacute;r&eacute; que le vaccin Janssen ne doit pas &ecirc;tre utilis&eacute; chez les patients ayant des ant&eacute;c&eacute;dents de syndrome de fuite capillaire. Le r&eacute;sum&eacute; des caract&eacute;ristiques du produit (RCP) et la notice ont &eacute;t&eacute; mis &agrave; jour avec ces informations. \/&nbsp;<strong>Syndrome de Guillain-Barr&eacute;<\/strong>&nbsp;: Apr&egrave;s une analyse des cas de syndrome de Guillain-Barr&eacute; d&eacute;clar&eacute;s en Europe, l&#039;EMA consid&egrave;re qu&#039;il existe un lien possible avec le vaccin Janssen. \/&nbsp;<strong>&nbsp;Thrombop&eacute;nies immunitaires&nbsp;<\/strong>: le PRAC a conclu &agrave; l<strong>&#039;existence d&#039;un lien entre le vaccin COVID-19&nbsp;Janssen<\/strong> et le risque de thrombop&eacute;nies immunitaires. La mention de cet effet ind&eacute;sirable, accompagn&eacute;e d&#039;un avertissement pour les professionnels de sant&eacute; et les patients devrait prochainement figurer dans le RCP et la notice de ce vaccin \/&nbsp;<strong>Thromboembolie veineuse<\/strong>.<\/p>\n<div class=\"ccminsert\">\n<aside class=\"app_widget_fo app_widget_fo--call\">\n<ul>\n<li>                <a href=\"https:\/\/sante.journaldesfemmes.fr\/fiches-maladies\/2697477-vaccin-janssen-pour-qui-france-origine-composition-2-eme-dose-rappel-pass-sanitaire-ou-se-faire-vacciner\/\" class=\"jGTMWidgetGAEventClick\" data-GTMWidgetGaEventAction=\"clickWidgetCall\" data-GTMWidgetGaEventLabel=\"Vaccin Janssen\u00a0: composition, 2e dose, pour qui\u00a0?\"><br \/>\n<figure>                                                                                                                                        <img decoding=\"async\" src=\"https:\/\/img-3.journaldesfemmes.fr\/J0_RzxHZTVOuiIaa8vaGTEyxwAA=\/200x132\/smart\/7e49bd67ed3c41dc9e3858222881ab61\/ccmcms-jdf\/29329048.jpg\" alt=\"\" width=\"200\" height=\"132\" loading=\"lazy\"><figcaption>\n<h3>Vaccin Janssen\u00a0: composition, 2e dose, pour qui\u00a0?<\/h3>\n<p>VACCIN JOHNSON&amp;JOHNSON &#8211; Le vaccin Janssen du Covid-19\u00a0est autoris\u00e9 en France depuis avril 2021, uniquement pour les plus de 55\u00a0ans. Une deuxi\u00e8me dose doit \u00eatre r\u00e9alis\u00e9e pour tous les primo-vaccin\u00e9s en guise de rappel. Tout savoir sur ce vaccin.<\/p>\n<\/figcaption><\/figure>\n<p>                <\/a>            <\/li>\n<\/ul>\n<\/aside>\n<\/div>\n<h2><a id=\"effet-secondaire-vaccin-covid-dose-rappel-3-eme\" name=\"effet-secondaire-vaccin-covid-dose-rappel-3-eme\">Quels effets secondaires apr&egrave;s la 3e dose ?<\/a><\/h2>\n<p>Depuis le 24&nbsp;ao&ucirc;t 2021, la HAS pr&eacute;conise une dose de rappel chez les personnes de 65&nbsp;ans et plus et celles &agrave; risque de formes graves de Covid-19. Le p&eacute;rim&egrave;tre de la dose de rappel a &eacute;t&eacute; &eacute;largit par la HAS le 6&nbsp;octobre 2021&nbsp;&agrave; l&#039;ensemble des professionnels qui prennent en charge ou accompagnent des personnes vuln&eacute;rables (soignants, transports sanitaires et professionnels du secteur m&eacute;dico-social). Elle pr&eacute;conise &eacute;galement de le proposer &agrave; l&#039;entourage des personnes immunod&eacute;prim&eacute;es. <strong>Au 25 novembre, selon l&#039;ANSM apr&egrave;s la vaccination avec Comirnaty de Pfizer,<\/strong>&nbsp;168&nbsp;cas graves ont &eacute;t&eacute; rapport&eacute;s depuis le d&eacute;but des rappels vaccinaux<strong><em>. &quot;Aucun signal sp&eacute;cifique n&#039;a &eacute;t&eacute; identifi&eacute; chez les personnes ayant eu une dose de rappel. Le profil des effets ind&eacute;sirables rapport&eacute;s est similaire &agrave; celui rapport&eacute; dans une population comparable vue en d&eacute;but de la campagne de vaccination&quot; <\/em><\/strong>indique l&#039;ANSM. Concernant les<strong> 42&nbsp;cas de d&eacute;c&egrave;s <\/strong>d&eacute;clar&eacute;s depuis le d&eacute;but du suivi, <em>&quot;ces cas concernaient des personnes &acirc;g&eacute;es, pour la plupart r&eacute;sidants en EHPAD ou en r&eacute;sidence vieillesse et pr&eacute;sentant de lourdes comorbidit&eacute;s<strong>. Un cas<\/strong> <strong>de d&eacute;c&egrave;s concerne un patient tr&egrave;s &acirc;g&eacute; et fragile,<\/strong> chez qui une r&eacute;actogenicit&eacute; a pu aggraver l&#039;&eacute;tat clinique. Au vu des connaissances actuelles sur le vaccin Comirnaty et des &eacute;l&eacute;ments renseign&eacute;s sur les autres cas recueillis &agrave; ce jour<strong>, rien ne permet de conclure que les autres d&eacute;c&egrave;s sont li&eacute;s au vaccin<\/strong>&quot;<\/em>.<em><strong>&nbsp;<\/strong><\/em><strong>Avec Moderna,<\/strong>&nbsp;depuis le d&eacute;but du suivi <strong>55&nbsp;cas graves ont &eacute;t&eacute; rapport&eacute;s suite &agrave; l&#039;injection d&#039;une 3e dose <\/strong>ou d&#039;une dose de rappel. <em>&quot;Les<strong> effets ind&eacute;sirables rapport&eacute;s sont similaires &agrave; ceux de la primo-vaccination. Aucun signal sp&eacute;cifique<\/strong> n&#039;a &eacute;t&eacute; identifi&eacute; concernant les doses de rappel et les 3e doses. Concernant les 4&nbsp;cas de d&eacute;c&egrave;s d&eacute;clar&eacute;s depuis le d&eacute;but du suivi, ces cas concernaient des personnes &acirc;g&eacute;es. Au vu des connaissances actuelles sur le vaccin Spikevax et des &eacute;l&eacute;ments renseign&eacute;s sur les cas &agrave; ce jour, rien ne permet de conclure que ces d&eacute;c&egrave;s sont li&eacute;s au vaccin.&quot;<\/em><\/p>\n<h2><a id=\"thrombose-vaccin-covid\" name=\"thrombose-vaccin-covid\">Combien de cas de thromboses ?&nbsp;<\/a><\/h2>\n<p>Dans son rapport du 22 octobre, l&#039;ANSM confirme<strong> 64 cas de thromboses<\/strong> atypiques r&eacute;pertori&eacute;s apr&egrave;s la vaccination avec Vaxzevria <strong>d&#039;AstraZeneca,<\/strong> dont <strong>14&nbsp;d&eacute;c&egrave;s<\/strong>. Ces thromboses rares atypiques ont &eacute;t&eacute; observ&eacute;es de<strong> 4&nbsp;&agrave; 28&nbsp;jours apr&egrave;s la vaccination<\/strong>.&nbsp;<em>&quot;Le caract&egrave;re tr&egrave;s atypique de ces thromboses et de ces troubles de la coagulation, leur tableau clinique commun et le d&eacute;lai de survenue homog&egrave;ne ont conduit le comit&eacute; de suivi &agrave; confirmer la survenue,<strong> tr&egrave;s rare,<\/strong> de ce risque thrombotique chez les personnes vaccin&eacute;es par le vaccin Vaxzevria (AstraZeneca)&quot;<\/em> indique l&#039;agence du m&eacute;dicament fran&ccedil;aise. La <strong>moyenne d&#039;&acirc;ge des cas est de 62 ans<\/strong> et autant de cas sont signal&eacute;s chez les femmes et chez les hommes. <strong>Quatre&nbsp;cas<\/strong> de thrombose ont aussi &eacute;t&eacute; rapport&eacute;s chez des patients cinquantenaires et un quarantenaire vaccin&eacute;s avec <strong>Janssen<\/strong>, dont deux de moins de 55&nbsp;ans ont &eacute;t&eacute; observ&eacute;s depuis le d&eacute;but du suivi. Trois patients ne sont pas r&eacute;tablis au moment de la d&eacute;claration et l&#039;&eacute;volution est favorable pour le quatri&egrave;me cas.<\/p>\n<p>&rarr; L&#039;ANSM recommande &agrave; toute personne pr&eacute;sentant des <strong>effets ind&eacute;sirables persistants au-del&agrave; de 3&nbsp;jours de type vertiges, maux de t&ecirc;te, troubles visuels, naus&eacute;es\/vomissements, essoufflement, douleurs aigu&euml;s dans la poitrine, <\/strong>l&#039;abdomen ou les extr&eacute;mit&eacute;s ou qui pr&eacute;sente des ecchymoses cutan&eacute;es (p&eacute;t&eacute;chies) au-del&agrave; du site de vaccination, de consulter rapidement un m&eacute;decin.<\/p>\n<div class=\"ccminsert\">\n<aside class=\"app_widget_fo app_widget_fo--call\">\n<ul>\n<li>                <a href=\"https:\/\/sante.journaldesfemmes.fr\/fiches-maladies\/2717513-thrombose-covid-19-cas-france-statistique-veineuse-vaccin-astrazeneca-johnson-pfizer-symptomes\/\" class=\"jGTMWidgetGAEventClick\" data-GTMWidgetGaEventAction=\"clickWidgetCall\" data-GTMWidgetGaEventLabel=\"Thrombose et Covid\u00a0: sympt\u00f4mes d&#039;alerte, risque par vaccin\"><br \/>\n<figure>                                                                                                                                        <img decoding=\"async\" src=\"https:\/\/img-3.journaldesfemmes.fr\/Rqn2cnaxil7eqb_ZAHDq9xy1rOg=\/200x132\/smart\/f21e4013da74451ca0dc5b02ad45af8b\/ccmcms-jdf\/24822026.jpg\" alt=\"\" width=\"200\" height=\"132\" loading=\"lazy\"><figcaption>\n<h3>Thrombose et Covid\u00a0: sympt\u00f4mes d&#039;alerte, risque par vaccin<\/h3>\n<p>Des cas rares de thromboses veineuses apr\u00e8s la vaccination contre la Covid-19\u00a0ont \u00e9t\u00e9 recens\u00e9s en France. Elles ne ressemblent pas aux phl\u00e9bites classiques. Quels sont les sympt\u00f4mes d&#039;alerte\u00a0? AstraZeneca, Johnson, Pfizer, Moderna&#8230; Quel est le risque selon le vaccin\u00a0? La conduite \u00e0 tenir\u00a0? Nombre de cas et recommandations.<\/p>\n<\/figcaption><\/figure>\n<p>                <\/a>            <\/li>\n<\/ul>\n<\/aside>\n<\/div>\n<h2><a id=\"myocardite-pericardite-vaccin-covid\" name=\"myocardite-pericardite-vaccin-covid\">Quels sont les risques de myocardite ou p&eacute;ricardite ?<\/a><\/h2>\n<p>Au niveau europ&eacute;en, des cas de <strong>myocardite<\/strong> ont<em> <\/em>&eacute;t&eacute; signal&eacute;s apr&egrave;s la vaccination avec Comirnaty et Spikevax. Ces manifestations sont reconnues comme un <strong>effet ind&eacute;sirable des vaccins &agrave; ARNm<\/strong> par l&#039;Agence Europ&eacute;enne du M&eacute;dicament (EMA). Les myocardites sont consid&eacute;r&eacute;es comme un effet ind&eacute;sirable <strong>pouvant survenir tr&egrave;s rarement<\/strong> suite &agrave; une vaccination par Comirnaty ou Spikevax. En France,&nbsp;EPI-PHARE (groupement d&#039;int&eacute;r&ecirc;t scientifique ANSM-Cnam) a conduit une&nbsp;<a href=\"https:\/\/ansm.sante.fr\/actualites\/le-risque-de-myocardite-et-pericardite-apres-la-vaccination-covid-19-est-confirme-mais-peu-frequent-et-devolution-favorable\" target=\"_blank\" rel=\"noopener\">&eacute;tude<\/a> qui a confirm&eacute;<em> &quot;l&#039;existence d&#039;un risque peu fr&eacute;quent de myocardite et p&eacute;ricardite <strong>dans les 7&nbsp;jours suivant une vaccination <\/strong>contre la Covid-19&nbsp;avec un vaccin ARNm (Comirnaty et Spikevax) chez les personnes &acirc;g&eacute;es de 12&nbsp;&agrave; 50&nbsp;ans, <strong>particuli&egrave;rement chez les jeunes de 12&nbsp;&agrave; 29&nbsp;ans. <\/strong>Ce risque est<strong> plus &eacute;lev&eacute; avec le vaccin Spikevax<\/strong>.&quot;&nbsp;<\/em>Ce risque appara&icirc;t plus marqu&eacute; chez les jeunes hommes de moins de 30&nbsp;ans apr&egrave;s la deuxi&egrave;me dose (<strong>132 cas suppl&eacute;mentaires de myocardite \/ 1 million&nbsp;de doses administr&eacute;es contre 27 cas suppl&eacute;mentaires avec le vaccin de Pfizer<\/strong>)&nbsp;mais est <strong>aussi augment&eacute; chez les femmes de moins de 30 ans<\/strong> apr&egrave;s la deuxi&egrave;me dose (37 cas suppl&eacute;mentaires\/1 million de doses de Moderna et 4 cas en exc&egrave;s par million de doses de Pfizer). Le <strong>risque de p&eacute;ricardite&nbsp;apparait lui aussi plus marqu&eacute; apr&egrave;s le vaccin Spikevax <\/strong>chez les personnes de moins de 30&nbsp;ans, en particulier apr&egrave;s la deuxi&egrave;me dose qui serait &agrave; l&#039;origine d&#039;un exc&egrave;s de cas atteignant de l&#039;ordre de 18&nbsp;par un million de doses chez les jeunes hommes. Cette &eacute;tude confirme &eacute;galement l&#039;<strong>&eacute;volution clinique favorable <\/strong>des cas de myocardite et p&eacute;ricardite suite &agrave; la vaccination. <strong>Aucun d&eacute;c&egrave;s<\/strong> n&#039;a &eacute;t&eacute; rapport&eacute; parmi les personnes hospitalis&eacute;es pour une myocardite ou une p&eacute;ricardite suite &agrave; la vaccination.&nbsp;A ce jour, la seule hypoth&egrave;se &eacute;voqu&eacute;e par les autorit&eacute;s serait la<strong> concentration plus &eacute;lev&eacute;e d&#039;ARN dans Spikevax (100 microgrammes d&#039;ARN contre 30 microgrammes dans le vaccin Pfizer)<\/strong>. Ces nouvelles donn&eacute;es ne remettent pas en cause &agrave; ce jour le rapport b&eacute;n&eacute;fice\/risque des vaccins contre la Covid-19 pour les autorit&eacute;s sanitaires fran&ccedil;aises.<\/p>\n<p>&rarr;&nbsp;<strong>Apr&egrave;s la vaccination avec Pfizer <\/strong>: Au total, <strong>375 cas<\/strong> de myocardites sont rapport&eacute;s le 22 octobre&nbsp;par l&#039;ANSM, surtout dans la tranche d&#039;&acirc;ge 18-24 ans.<\/p>\n<p>&rarr;&nbsp;<strong>Apr&egrave;s la vaccination avec Moderna : 106<\/strong>&nbsp;cas&nbsp;de myocardites sont rapport&eacute;s le 22 octobre&nbsp;par l&#039;ANSM dont 62&nbsp;chez des moins de 30&nbsp;ans.&nbsp; Les cas surviennent <strong>majoritairement les hommes&nbsp;lors de la deuxi&egrave;me dose <\/strong>(79%) et avec un <strong>d&eacute;lai de survenue inf&eacute;rieur ou &eacute;gal &agrave; 7&nbsp;jours<\/strong> dans 76% des cas.<\/p>\n<div class=\"ccminsert\">\n<aside class=\"app_widget_fo app_widget_fo--call\">\n<ul>\n<li>                <a href=\"https:\/\/sante.journaldesfemmes.fr\/fiches-maladies\/2633895-myocardite-covid-vaccin-moderna-pfizer-definition-symptomes-signe-diagnostic-traitement\/\" class=\"jGTMWidgetGAEventClick\" data-GTMWidgetGaEventAction=\"clickWidgetCall\" data-GTMWidgetGaEventLabel=\"Myocardite\u00a0: d\u00e9finition, sympt\u00f4mes, apr\u00e8s Covid, Moderna\u00a0?\"><br \/>\n<figure>                                                                                                                                        <img decoding=\"async\" src=\"https:\/\/img-3.journaldesfemmes.fr\/_7eFfwLrRJi7IB0jvcDbZICB6ek=\/200x132\/smart\/4b079318674b4d9fbe06a951978ec959\/ccmcms-jdf\/30140896.jpg\" alt=\"\" width=\"200\" height=\"132\" loading=\"lazy\"><figcaption>\n<h3>Myocardite\u00a0: d\u00e9finition, sympt\u00f4mes, apr\u00e8s Covid, Moderna\u00a0?<\/h3>\n<p>Un risque (rare) de myocardite suivant une vaccination contre le Covid avec un vaccin ARNm (Pfizer BioNTech et Moderna) existe chez les personnes \u00e2g\u00e9es de 12\u00a0\u00e0 50\u00a0ans, particuli\u00e8rement les jeunes hommes de moins de 30\u00a0ans. D\u00e9finition, signes et sympt\u00f4mes, diagnostic, traitement et gu\u00e9rison.<\/p>\n<\/figcaption><\/figure>\n<p>                <\/a>            <\/li>\n<\/ul>\n<\/aside>\n<\/div>\n<h2><a id=\"syndrome-guillain-barre-vaccin-covid\" name=\"syndrome-guillain-barre-vaccin-covid\">Quels sont les risques de syndrome de Guillain-Barr&eacute; ?<\/a><\/h2>\n<p>Apr&egrave;s une analyse des cas de syndrome de&nbsp;Guillain-Barr&eacute; (SGB) d&eacute;clar&eacute;s en Europe, l&#039;<a href=\"https:\/\/www.ema.europa.eu\/en\/news\/covid-19-vaccine-janssen-guillain-barre-syndrome-listed-very-rare-side-effect\" target=\"_blank\" rel=\"noopener\">Agence europ&eacute;enne du m&eacute;dicament<\/a> a consid&eacute;r&eacute;&nbsp;le 22&nbsp;juillet 2021 qu&#039;il existe un lien possible avec le vaccin <strong>Janssen<\/strong> (108 cas dans le monde au 30 juin) et Vaxzevria<strong> (AstraZeneca). Le RCP de ces vaccins mentionnent d&eacute;sormais ce risque.&nbsp;<\/strong>L&#039;EMA&nbsp;consid&egrave;re que l&#039;<strong>effet secondaire est&nbsp;&quot;tr&egrave;s rare&quot;<\/strong>. Aucune association n&#039;a &eacute;t&eacute; identifi&eacute;e entre le SGB et les vaccins COVID-19&nbsp;Comirnaty et Spikevax (Moderna). L&#039;apparition de sympt&ocirc;mes &eacute;vocateurs doivent amener &agrave; consulter sans attendre un m&eacute;decin. Les sympt&ocirc;mes &agrave; surveiller incluent&nbsp;:<\/p>\n<ul>\n<li>vision double ou difficult&eacute; &agrave; bouger les yeux<\/li>\n<li>difficult&eacute; &agrave; avaler, &agrave; parler ou &agrave; m&acirc;cher<\/li>\n<li>probl&egrave;mes de coordination et instabilit&eacute;<\/li>\n<li>difficult&eacute; &agrave; marcher<\/li>\n<li>sensations de picotements dans les mains et les pieds<\/li>\n<li>faiblesse dans les membres, la poitrine ou le visage<\/li>\n<li>probl&egrave;mes de contr&ocirc;le de la vessie et de la fonction intestinale.<\/li>\n<\/ul>\n<div class=\"ccminsert\">\n<aside class=\"app_widget_fo app_widget_fo--call\">\n<ul>\n<li>                <a href=\"https:\/\/sante.journaldesfemmes.fr\/fiches-maladies\/2711595-syndrome-guillain-barre-covid-vaccin-pfizer-symptomes-traitement-sequelles-pronostic\/\" class=\"jGTMWidgetGAEventClick\" data-GTMWidgetGaEventAction=\"clickWidgetCall\" data-GTMWidgetGaEventLabel=\"Syndrome de Guillain-Barr\u00e9\u00a0: sympt\u00f4mes, vaccin Covid, pronostic\"><br \/>\n<figure>                                                                                                                                        <img decoding=\"async\" src=\"https:\/\/img-3.journaldesfemmes.fr\/saqjmK7PmUAVntW4xz1RkvDMquc=\/200x132\/smart\/5ef5e0832a434189bf6d361a999f038f\/ccmcms-jdf\/27796566.jpg\" alt=\"\" width=\"200\" height=\"132\" loading=\"lazy\"><figcaption>\n<h3>Syndrome de Guillain-Barr\u00e9\u00a0: sympt\u00f4mes, vaccin Covid, pronostic<\/h3>\n<p>D&#039;origine neurologique, le syndrome de Guillain-Barr\u00e9 survient souvent suite \u00e0 une infection. Pr\u00e8s de 900\u00a0cas ont \u00e9t\u00e9 observ\u00e9s dans le monde apr\u00e8s une injection du vaccin Covid d&#039;AstraZeneca. Pas avec Pfizer\u00a0? Janssen\u00a0? Quels sont les sympt\u00f4mes\u00a0? Les traitements\u00a0? Les s\u00e9quelles\u00a0? Le pronostic\u00a0?<\/p>\n<\/figcaption><\/figure>\n<p>                <\/a>            <\/li>\n<\/ul>\n<\/aside>\n<\/div>\n<h2><a id=\"effet-secondaire-dose-deuxieme\" name=\"effet-secondaire-dose-deuxieme\">Y-a-t-il plus d&#039;effets secondaires apr&egrave;s la deuxi&egrave;me dose ?<\/a><\/h2>\n<p>&rarr;<strong> Avec le vaccin de Pfizer-BioNTech<\/strong> : La fr&eacute;quence des r&eacute;actions dites &quot;syst&eacute;miques&quot; comme la fi&egrave;vre, les maux de t&ecirc;te, la fatigue&#8230; est plus importante lors de l&#039;administration de la 2&egrave;me dose par rapport &agrave; la premi&egrave;re, confirme l&#039;ANSM en juillet 2021.<\/p>\n<p>&rarr;<strong> Avec le vaccin de Moderna : <\/strong>A l&#039;exception des lymphad&eacute;nopathies (ganglions gonfl&eacute;s), la fr&eacute;quence des r&eacute;actions syst&eacute;miques (fi&egrave;vre, fatigue, naus&eacute;e, frisson, fi&egrave;vre) tr&egrave;s fr&eacute;quemment rapport&eacute;es est <strong>plus importante lors de l&#039;administration de la deuxi&egrave;me dose<\/strong> par rapport &agrave; la premi&egrave;re, indique l&#039;<a href=\"https:\/\/ansm.sante.fr\/dossiers-thematiques\/effets-indesirables-lies-aux-vaccins-autorises-contre-la-covid-19-ce-quil-faut-savoir\" target=\"_blank\" rel=\"noopener\">ANSM<\/a> en juillet 2021. Les effets possiblement graves le sont aussi plus souvent apr&egrave;s la deuxi&egrave;me dose selon les chiffres : entre le 28 mai et le 1er juillet 2021, 2655&nbsp;nouveaux cas d&#039;effets ind&eacute;sirables ont &eacute;t&eacute; d&eacute;clar&eacute;s. Les cas rapport&eacute;s apr&egrave;s la deuxi&egrave;me dose (D2)<em>&nbsp;&quot;confirment la<strong> plus grande proportion d&#039;effets graves survenant apr&egrave;s la D2<\/strong>&nbsp;(28% versus 17&nbsp;% en D1), avec des r&eacute;actions vari&eacute;es, autres que de la r&eacute;actog&eacute;nicit&eacute;&quot;<\/em> informait&nbsp;l&#039;ANSM le 16 juillet. Les cas de myocardites et de p&eacute;ricardites constat&eacute;s apr&egrave;s la vaccination avec Moderna sont aussi plus importants apr&egrave;s la deuxi&egrave;me dose.<\/p>\n<p>&rarr;<strong>Avec le vaccin d&#039;AstraZeneca <\/strong>:&nbsp;Dans le cadre des essais cliniques, l&#039;ANSM indique que les effets ind&eacute;sirables rapport&eacute;s apr&egrave;s la seconde dose &eacute;taient d&#039;intensit&eacute; plus l&eacute;g&egrave;re et de fr&eacute;quence moindre par rapport &agrave; ceux signal&eacute;s avec la premi&egrave;re dose.<\/p>\n<h2><a id=\"effet-secondaire-vaccin-covid-femme-enceinte\" name=\"effet-secondaire-vaccin-covid-femme-enceinte\">Quels&nbsp;effets secondaires chez la femme enceinte ?<\/a><\/h2>\n<p>Les femmes enceintes peuvent se faire vacciner contre le Covid. Il n&#039;y a pas de contre-indications. Selon le bilan des effets ind&eacute;sirables rapport&eacute;s chez la femme enceinte &agrave;&nbsp;l&#039;ANSM au 28 octobre, la majorit&eacute; des effets ind&eacute;sirables rapport&eacute;s concerne Comirnaty&reg; qui fait partie des vaccins recommand&eacute;s (ARNm) chez les femmes enceintes et est le vaccin le plus administr&eacute;, &agrave; ce jour, en France.&nbsp;&nbsp;<\/p>\n<p>\u25ba <strong>Les fausses couches spontan&eacute;es<\/strong> repr&eacute;sentent la majorit&eacute; des effets ind&eacute;sirables enregistr&eacute;s.<em> &quot;Un risque li&eacute; &agrave; la vaccination ne peut &ecirc;tre conclu, estime l&#039;ANSM, d&#039;autant que des<strong> facteurs de risques <\/strong>&eacute;taient associ&eacute;s dans 30&nbsp;% des cas. Les donn&eacute;es r&eacute;centes de la litt&eacute;rature sur d&#039;importants effectifs <strong>n&#039;orientent pas vers une augmentation du risque de fausse couche<\/strong>.&quot;<\/em>&nbsp;Il n&#039;y a<strong> pas de signal retenu &agrave; ce jour <\/strong>avec la vaccination chez les femmes enceintes mais certains effets ind&eacute;sirables tels que les effets thromboemboliques, les morts in utero, les <strong>HELLP syndromes <\/strong>et les cas de<strong> contractions ut&eacute;rines <\/strong>et de <strong>m&eacute;trorragies<\/strong>&nbsp;sont surveill&eacute;s suite &agrave; la vaccination avec Comirnaty (Morts in utero et M&eacute;trorragies &eacute;galement avec Moderna).&nbsp;<\/p>\n<p>\u25ba Il n&#039;y a<strong> pas de signal particulier sur les donn&eacute;es de la litt&eacute;rature concernant l&#039;allaitement<\/strong> et vaccin contre la COVID\u201019. <em>&quot;Les effets rapport&eacute;s sur la lactation sont assez h&eacute;t&eacute;rog&egrave;nes et en faible pourcentage dans une &eacute;tude peu robuste m&eacute;thodologiquement. Un lien avec la vaccination ne peut donc pas &ecirc;tre &eacute;tabli.&quot;&nbsp;<\/em><\/p>\n<h2><a id=\"effet-secondaire-vaccin-covid-ado-jeunes\" name=\"effet-secondaire-vaccin-covid-ado-jeunes\">Quels effets secondaires chez les jeunes&nbsp;?<\/a><\/h2>\n<p><strong>Avec Pfizer :<\/strong>&nbsp;Au 25&nbsp;novembre 2021,<strong> plus de 8,2&nbsp;millions de doses ont &eacute;t&eacute; administr&eacute;es<\/strong>. Au total,<strong> 528&nbsp;cas graves<\/strong> ont &eacute;t&eacute; rapport&eacute;s apr&egrave;s la vaccination.&nbsp;Aucun signal sp&eacute;cifique n&#039;a &eacute;t&eacute; identifi&eacute; chez les sujets les plus jeunes. Au vu des donn&eacute;es analys&eacute;es, le profil de s&eacute;curit&eacute; du vaccin Comirnaty chez les jeunes de 12&nbsp;&agrave; 18&nbsp;ans est comparable &agrave; celui des adultes. Les <strong>cas de PIMS restent sous surveillance<\/strong>. Ces cas sont survenus chez des jeunes &acirc;g&eacute;s de 12&nbsp;&agrave; 16&nbsp;ans dans des d&eacute;lais allant de 2&nbsp;&agrave; 25&nbsp;jours apr&egrave;s la vaccination, dont 4&nbsp;apr&egrave;s la premi&egrave;re dose et 2&nbsp;apr&egrave;s la deuxi&egrave;me dose<em>.<\/em><\/p>\n<div class=\"ccminsert\">\n<aside class=\"app_widget_fo app_widget_fo--call\">\n<ul>\n<li>                <a href=\"https:\/\/sante.journaldesfemmes.fr\/fiches-maladies\/2647025-pims-covid-syndrome-inflammatoire-multisystemique-definition-symptomes-bilan-france-vaccin\/\" class=\"jGTMWidgetGAEventClick\" data-GTMWidgetGaEventAction=\"clickWidgetCall\" data-GTMWidgetGaEventLabel=\"PIMS et Covid\u00a0: d\u00e9finition, sympt\u00f4mes, bilan en France, vaccin\"><br \/>\n<figure>                                                                                                                                        <img decoding=\"async\" src=\"https:\/\/img-3.journaldesfemmes.fr\/PNCg3AjI7tJKGv5ahQz-xDgytAI=\/200x132\/smart\/9c448b354e1d4127aaea831069890c51\/ccmcms-jdf\/29900695.jpg\" alt=\"\" width=\"200\" height=\"132\" loading=\"lazy\"><figcaption>\n<h3>PIMS et Covid\u00a0: d\u00e9finition, sympt\u00f4mes, bilan en France, vaccin<\/h3>\n<p>PIMS COVID &#8211; Le PIMS (syndrome inflammatoire multisyst\u00e9mique p\u00e9diatrique ou MIS-C) touche des b\u00e9b\u00e9s, enfants et adolescents, principalement contamin\u00e9s par le Covid-19. D\u00e9finition, sympt\u00f4mes, \u00e2ge des cas en France, bilan \u00e0 date, traitements et \u00e9volution&#8230; Tout savoir sur cette maladie.<\/p>\n<\/figcaption><\/figure>\n<p>                <\/a>            <\/li>\n<\/ul>\n<\/aside>\n<\/div>\n<p><strong>Avec Moderna : depuis le 8 novembre, le vaccin Moderna n&#039;est plus administr&eacute; aux moins de 30 ans<\/strong>. Dans son bilan du 3 d&eacute;cembre, l&#039;ANSM indique que plus&nbsp;de 480&nbsp;000&nbsp;doses de Moderna ont &eacute;t&eacute; administr&eacute;es jusqu&#039;&agrave; cette date. Au total, <strong>50&nbsp;cas graves<\/strong> ont &eacute;t&eacute; rapport&eacute;s apr&egrave;s la vaccination.<\/p>\n<div class=\"ccminsert\">\n<aside class=\"app_widget_fo app_widget_fo--call\">\n<ul>\n<li>                <a href=\"https:\/\/sante.journaldesfemmes.fr\/fiches-maladies\/2719947-vaccination-covid-enfant-coronavirus-mineur-ado-pfizer-5-ans-12-ans-obligatoire\/\" class=\"jGTMWidgetGAEventClick\" data-GTMWidgetGaEventAction=\"clickWidgetCall\" data-GTMWidgetGaEventLabel=\"Vaccin Covid Enfant\u00a0: 5\u00a0ans, 12\u00a0ans, avec Pfizer, obligatoire\u00a0?\"><br \/>\n<figure>                                                                                                                                        <img decoding=\"async\" src=\"https:\/\/img-3.journaldesfemmes.fr\/a5wBLuTssdk78Dom-fZkM9vXYc4=\/200x132\/smart\/6599fc3208584d3ab38691188fad0e20\/ccmcms-jdf\/30085242.jpg\" alt=\"\" width=\"200\" height=\"132\" loading=\"lazy\"><figcaption>\n<h3>Vaccin Covid Enfant\u00a0: 5\u00a0ans, 12\u00a0ans, avec Pfizer, obligatoire\u00a0?<\/h3>\n<p>VACCINATION ENFANT. D\u00e9j\u00e0 ouverte aux 12\u00a0ans et plus, la vaccination contre le coronavirus sera possible pour les 5-11\u00a0ans les plus fragiles \u00e0 partir du 14\u00a0d\u00e9cembre. Elle pourra s&#039;\u00e9tendre \u00e0 tous ensuite si les autorit\u00e9s donnent leur feu vert. Sera-t-elle obligatoire\u00a0? O\u00f9 faire vacciner son enfant\u00a0? Avec quel vaccin\u00a0? Quelle dose leur est inject\u00e9e\u00a0?<\/p>\n<\/figcaption><\/figure>\n<p>                <\/a>            <\/li>\n<\/ul>\n<\/aside>\n<\/div>\n<h2><a name=\"combien-de-temps-apres-vaccination-effet-secondaire-apparition\">Combien de temps apr&egrave;s la vaccination surviennent les effets secondaires ?<\/a><\/h2>\n<p>&rarr;<strong> Avec le vaccin de Pfizer-BioNTech<\/strong> : le d&eacute;lai de survenue m&eacute;dian des effets est d&#039;<strong>un jour,<\/strong> indique l&#039;ANSM dans le rapport du 16 juillet.&nbsp;<\/p>\n<p>&rarr;<strong> <\/strong><strong>Avec le vaccin de Moderna :<\/strong>&nbsp;le d&eacute;lai de survenue m&eacute;dian des effets est d&#039;<strong>un &agrave; deux jours,<\/strong> indique l&#039;ANSM dans le rapport du 16&nbsp;juillet. Les r&eacute;actions retard&eacute;es sont&nbsp;bien d&eacute;crites dans les essais cliniques avec le vaccin. Ils&nbsp;sont en grande majorit&eacute; non graves, &agrave; type de r&eacute;actions locales douloureuses, &eacute;ryth&eacute;mateuses, prurigineuses au site d&#039;injection, survenant avec un <strong>d&eacute;lai compris entre 4&nbsp;et 31&nbsp;jours apr&egrave;s la vaccination<\/strong> (d&eacute;lai moyen &agrave; 8&nbsp;jours). Depuis le d&eacute;but du suivi, il a &eacute;t&eacute; relev&eacute; quelques cas de <strong>douleur prolong&eacute;e au bras vaccin&eacute;<\/strong> amenant &agrave; une impotence fonctionnelle pouvant durer quelques semaines. Les cas de <strong>myocardites et de p&eacute;ricardites<\/strong> surviennent principalement<strong> dans les 7 jours <\/strong>suivant la vaccination (surtout apr&egrave;s la deuxi&egrave;me dose).<\/p>\n<p>&rarr;&nbsp;<strong>Avec le vaccin Janssen,<\/strong> selon l&#039;<a href=\"https:\/\/ansm.sante.fr\/actualites\/point-de-situation-sur-la-surveillance-des-vaccins-contre-la-covid-19-periode-du-20-08-2021-au-02-09-2021\" target=\"_blank\" rel=\"noopener\">ANSM<\/a> ; 49.6% des effets ind&eacute;sirables sont survenus dans les 24 heures suivant l&#039;injection.<\/p>\n<div class=\"ccminsert\">\n<aside class=\"app_widget_fo app_widget_fo--call\">\n<ul>\n<li>                <a href=\"https:\/\/sante.journaldesfemmes.fr\/fiches-maladies\/2687217-allergie-vaccin-covid-19-reaction-allergique-pfizer-penicilline-que-faire-contre-indication-oedeme-symptome\/\" class=\"jGTMWidgetGAEventClick\" data-GTMWidgetGaEventAction=\"clickWidgetCall\" data-GTMWidgetGaEventLabel=\"Vaccin Covid et allergie\u00a0: sympt\u00f4mes, risques avec Pfizer, Moderna, AstraZeneca\"><br \/>\n<figure>                                                                                                                                        <img decoding=\"async\" src=\"https:\/\/img-3.journaldesfemmes.fr\/nUiMSHBhsWL2lhX3tnHaoW44Wcw=\/200x132\/smart\/001e18b59282403189a14ac5c3deb383\/ccmcms-jdf\/24991010.jpg\" alt=\"\" width=\"200\" height=\"132\" loading=\"lazy\"><figcaption>\n<h3>Vaccin Covid et allergie\u00a0: sympt\u00f4mes, risques avec Pfizer, Moderna, AstraZeneca<\/h3>\n<p>La vaccination contre le maladie Covid-19\u00a0peut dans de rares cas entra\u00eener des r\u00e9actions allergiques. Quels sympt\u00f4mes\u00a0? Risques avec le vaccin Pfizer, Moderna ou AstraZeneca\u00a0? Quelles sont les contre-indications \u00e0 la vaccination\u00a0? Peut-on se vacciner si on est allergique \u00e0 la p\u00e9nicilline\u00a0? R\u00e9ponses avec le Dr Madeleine Epstein, allergologue.<\/p>\n<\/figcaption><\/figure>\n<p>                <\/a>            <\/li>\n<\/ul>\n<\/aside>\n<\/div>\n<h2><a name=\"que-faire-effet-indesirable-secondaire-apres-vaccination-covid\">Que faire en cas d&#039;effets ind&eacute;sirables apr&egrave;s la vaccination ?<\/a><\/h2>\n<p>Comme apr&egrave;s toute vaccination, vous pouvez ne rien ressentir ou observer des effets secondaires, appel&eacute;s &quot;ind&eacute;sirables&quot;. Si vous ressentez un quelconque effet ind&eacute;sirable, <strong>parlez-en &agrave; votre m&eacute;decin, votre pharmacien ou &agrave; votre infirmier\/&egrave;re<\/strong>. Ceci s&#039;applique aussi &agrave; tout effet ind&eacute;sirable qui ne serait pas mentionn&eacute; dans la notice du m&eacute;dicament. Vous pouvez &eacute;galement <a href=\"https:\/\/signalement.social-sante.gouv.fr\/psig_ihm_utilisateurs\/index.html#\/accueil\" target=\"_blank\" rel=\"noopener\">d&eacute;clarer les effets ind&eacute;sirables<\/a> directement via le syst&egrave;me national de d&eacute;claration, en pr&eacute;cisant le num&eacute;ro de lot, s&#039;il est disponible.<\/p>\n<p>&rarr; Il y a les effets d&eacute;sagr&eacute;ables mais non graves qui disparaissent en quelques jours (rougeur, fatigue&#8230;).<\/p>\n<p>&rarr; Certains effets ind&eacute;sirables peuvent &ecirc;tre plus&nbsp;intenses, durer&nbsp;plus longtemps ou appara&icirc;tre tardivement apr&egrave;s la vaccination (r&eacute;actions allergiques, apparition de ganglion).<\/p>\n<p>&rarr; Ils peuvent aussi &ecirc;tre rares et de types diff&eacute;rents&nbsp;: ces effets ne sont pas connus au moment de la mise &agrave; disposition du vaccin, on les appelle des<strong> effets inattendus<\/strong>.<\/p>\n<p>&rarr; <strong>En cas de fi&egrave;vre et\/ou de douleurs,<\/strong>&nbsp;l&#039;ANSM recommande de&nbsp;privil&eacute;gier l&#039;utilisation du parac&eacute;tamol &agrave; la dose la plus faible et le moins longtemps possible.<\/p>\n<p><strong>&rarr; Apr&egrave;s une vaccination avec AstraZeneca ou Janssen (risque de thrombose) ; <\/strong>les&nbsp;personnes vaccin&eacute;es doivent&nbsp;consulter imm&eacute;diatement un m&eacute;decin en cas&nbsp;de sympt&ocirc;mes persistants quelques jours apr&egrave;s la vaccination (au del&agrave; de 3&nbsp;jours) tels que&nbsp;: un essoufflement, une douleur thoracique, un gonflement des jambes, une douleur abdominale, des maux de t&ecirc;tes s&eacute;v&egrave;res, une vision floue, ou des ecchymoses &agrave; distance du site d&#039;injection.<\/p>\n<p><strong>&rarr; Apr&egrave;s une vaccination avec AstraZeneca ou Janssen (risque de fuite capillaire) :&nbsp;<\/strong>Le syndrome de fuite capillaire est une maladie tr&egrave;s rare qui provoque une fuite du plasma des petits vaisseaux sanguins et n&eacute;cessite une prise en charge m&eacute;dicale urgente. Toute personne vaccin&eacute;e doit imm&eacute;diatement contacter un m&eacute;decin si, dans les jours suivants la vaccination, elle pr&eacute;sente l&#039;un des sympt&ocirc;mes suivants associ&eacute; &agrave; une<strong> sensation de faiblesse<\/strong> (li&eacute;e &agrave; une tension art&eacute;rielle basse)&nbsp;: gonflement rapide des bras et des jambes, prise de poids soudaine.<\/p>\n<p><strong>&rarr; Apr&egrave;s une vaccination avec Pfizer ou Moderna (risque d&#039;hypertension) :<\/strong> Devant tout sympt&ocirc;me &eacute;vocateur d&#039;une hypertension art&eacute;rielle (malaise, c&eacute;phal&eacute;es, vertiges,&hellip;), un contr&ocirc;le de la pression art&eacute;rielle devra &ecirc;tre envisag&eacute; pour une prise en charge m&eacute;dicale la plus pr&eacute;coce possible, si elle s&#039;av&egrave;re n&eacute;cessaire.<\/p>\n<p><strong>&rarr; Apr&egrave;s une vaccination avec Pfizer ou Moderna (risque de myocardite) :&nbsp;<\/strong>l&#039;ANSM recommande &agrave; toute personne pr&eacute;sentant des sympt&ocirc;mes tels qu&#039;un essoufflement (dyspn&eacute;e), des douleurs dans la poitrine, des palpitations (battements cardiaques forts,) ou un rythme cardiaque irr&eacute;guliers de consulter rapidement un m&eacute;decin. L&#039;&eacute;volution est habituellement spontan&eacute;ment favorable ou avec un traitement.<\/p>\n<table align=\"right\" border=\"1\" cellpadding=\"1\" cellspacing=\"1\" style=\"width:50%\">\n<thead>\n<tr>\n<th scope=\"col\">Dose de Parac&eacute;tamol en cas de fi&egrave;vre ou de douleurs<\/th>\n<\/tr>\n<tr>\n<td>\n<ul>\n<li>&gt; 10&nbsp;kg et &le; 33&nbsp;kg&nbsp;: 15mg\/kg\/prise et 60mg\/kg\/jour maximum, sans d&eacute;passer 2g\/jour<\/li>\n<li>&gt; 33&nbsp;kg et &le; 50&nbsp;kg&nbsp;: 15mg\/kg\/prise et 60mg\/kg\/jour maximum, sans d&eacute;passer 3g\/jour<\/li>\n<li>&gt; 50&nbsp;kg avec facteurs de risque additionnels d&#039;h&eacute;patotoxicit&eacute;&nbsp;: 1g par prise sans d&eacute;passer 3g\/jour<\/li>\n<li>&gt; 50&nbsp;kg sans facteurs de risque additionnels d&#039;h&eacute;patotoxicit&eacute;&nbsp;: 1g par prise sans d&eacute;passer 4g\/jour<\/li>\n<\/ul>\n<\/td>\n<\/tr>\n<\/thead>\n<\/table>\n<h2><a id=\"recensement-effets-secondaires-vaccin-covid-ansm\" name=\"recensement-effets-secondaires-vaccin-covid-ansm\">Qui recensent les&nbsp;effets ind&eacute;sirables des vaccins Covid ?<\/a><\/h2>\n<p>Le suivi des effets ind&eacute;sirables li&eacute;s aux vaccins est assur&eacute; par plusieurs centres r&eacute;gionaux de pharmacovigilance&nbsp;:<\/p>\n<ul>\n<li>les CRPV de Bordeaux et de Marseille pour Comirnaty (Pfizer\/BioNtech),<\/li>\n<li>les CRPV d&#039;Amiens et Rouen pour Vaxzevria (AstraZeneca),<\/li>\n<li>les CRPV de Lille et Besan&ccedil;on Spikevax (Moderna), les CRPV de Lyon et Grenoble pour COVID-19&nbsp;Vaccine Janssen.<\/li>\n<li>Les CRPV de Tours et de Dijon assurent la coordination du suivi de l&#039;ensemble des vaccins.<\/li>\n<\/ul>\n<p>La fr&eacute;quence du comit&eacute; de suivi de l&#039;ANSM est d&eacute;sormais <strong>bimensuelle<\/strong>. La fiche de synth&egrave;se des r&eacute;sultats et des faits marquants sera publi&eacute;e &agrave; l&#039;issue de chaque comit&eacute;. Les rapports d&eacute;taill&eacute;s de pharmacovigilance portent d&eacute;sormais sur des donn&eacute;es mensuelles et sont publi&eacute;s de mani&egrave;re altern&eacute;e selon le type de vaccin (ARN, vecteur viral).<\/p>\n<p><u>Sources<\/u><\/p>\n<p>COVID-19&nbsp;Vaccine AstraZeneca &#8211; Risque de thrombocytop&eacute;nie et de troubles de la coagulation. VACCINS &#8211; RISQUES MEDICAMENTEUX &#8211; 29\/03\/2021<\/p>\n<p>Point de situation sur le lot ABV5300&nbsp;du vaccin AstraZeneca contre la COVID-19&nbsp;13\/03\/2021. ANSM<\/p>\n<p>Dossier de surveillance des vaccins par l&#039;ANSM<\/p>\n<p>R&eacute;sum&eacute; des caract&eacute;ristiques du produit Comirnaty de Pfizer.<\/p>\n<p>R&eacute;sum&eacute; des caract&eacute;ristiques du produit COVID-19&nbsp;Vaccine Moderna.<\/p>\n<p>Vaccins contre la Covid-19 : pourquoi et comment d&eacute;clarer les effets ind&eacute;sirables ? ANSM. Guide professionnels de sant&eacute;. 24 d&eacute;cembre 2020.<\/p>\n<p>Guide de d&eacute;claration&nbsp; des effets ind&eacute;sirables pour les patients. 24 d&eacute;cembre 2020.<\/p>\n<p>Qu&#039;est-ce qu&#039;un effet ind&eacute;sirable ?&nbsp;Vaccination-Info Service.fr<\/p>\n<p>La d&eacute;claration des effets ind&eacute;sirables. Minist&egrave;re de la Sant&eacute;. 21 f&eacute;vrier 2018.<\/p>\n<p>[ad_2]<br \/>\n<br \/><a href=\"https:\/\/sante.journaldesfemmes.fr\/fiches-maladies\/2686947-effet-secondaire-vaccin-covid-moderna-duree-pfizer-liste-ansm-jeune-3e-dose-astrazeneca-janssen\/\">Source link <\/a><\/p>\n","protected":false},"excerpt":{"rendered":"<p>[ad_1] Sommaire D&eacute;finition effet ind&eacute;sirable Effet ind&eacute;sirable grave Pourcentage par vaccin Effets secondaires Vaccin Pfizer Effets secondaires Vaccin Moderna Effets &hellip; <a href=\"http:\/\/www.affinite.fr\/index.php\/2021\/12\/13\/effets-secondaires-vaccins-covid-moderna-pfizer-3e-dose-2e\/\" class=\"more-link\">Plus <span class=\"screen-reader-text\">Effets secondaires vaccins Covid\u00a0: Moderna, Pfizer, 3e dose, 2e&#8230;<\/span> <span class=\"meta-nav\">&rarr;<\/span><\/a><\/p>\n","protected":false},"author":1,"featured_media":7203,"comment_status":"open","ping_status":"open","sticky":false,"template":"","format":"standard","meta":{"_sitemap_exclude":false,"_sitemap_priority":"","_sitemap_frequency":"","footnotes":""},"categories":[1],"tags":[],"class_list":["post-7202","post","type-post","status-publish","format-standard","has-post-thumbnail","hentry","category-tous"],"_links":{"self":[{"href":"http:\/\/www.affinite.fr\/index.php\/wp-json\/wp\/v2\/posts\/7202"}],"collection":[{"href":"http:\/\/www.affinite.fr\/index.php\/wp-json\/wp\/v2\/posts"}],"about":[{"href":"http:\/\/www.affinite.fr\/index.php\/wp-json\/wp\/v2\/types\/post"}],"author":[{"embeddable":true,"href":"http:\/\/www.affinite.fr\/index.php\/wp-json\/wp\/v2\/users\/1"}],"replies":[{"embeddable":true,"href":"http:\/\/www.affinite.fr\/index.php\/wp-json\/wp\/v2\/comments?post=7202"}],"version-history":[{"count":0,"href":"http:\/\/www.affinite.fr\/index.php\/wp-json\/wp\/v2\/posts\/7202\/revisions"}],"wp:featuredmedia":[{"embeddable":true,"href":"http:\/\/www.affinite.fr\/index.php\/wp-json\/wp\/v2\/media\/7203"}],"wp:attachment":[{"href":"http:\/\/www.affinite.fr\/index.php\/wp-json\/wp\/v2\/media?parent=7202"}],"wp:term":[{"taxonomy":"category","embeddable":true,"href":"http:\/\/www.affinite.fr\/index.php\/wp-json\/wp\/v2\/categories?post=7202"},{"taxonomy":"post_tag","embeddable":true,"href":"http:\/\/www.affinite.fr\/index.php\/wp-json\/wp\/v2\/tags?post=7202"}],"curies":[{"name":"wp","href":"https:\/\/api.w.org\/{rel}","templated":true}]}}