{"id":7189,"date":"2021-12-09T18:56:28","date_gmt":"2021-12-09T18:56:28","guid":{"rendered":"https:\/\/www.affinite.fr\/index.php\/2021\/12\/09\/voici-pourquoi-ces-marques-ont-decide-darreter-la-fourrure\/"},"modified":"2021-12-09T18:56:28","modified_gmt":"2021-12-09T18:56:28","slug":"voici-pourquoi-ces-marques-ont-decide-darreter-la-fourrure","status":"publish","type":"post","link":"http:\/\/www.affinite.fr\/index.php\/2021\/12\/09\/voici-pourquoi-ces-marques-ont-decide-darreter-la-fourrure\/","title":{"rendered":"Voici pourquoi ces marques ont d\u00e9cid\u00e9 d&rsquo;arr\u00eater la fourrure"},"content":{"rendered":"<p> [ad_1]<br \/>\n<br \/><img decoding=\"async\" src=\"https:\/\/img-3.journaldesfemmes.fr\/m984zbI-IyAYHHXuk1Xzwt_vSZY=\/1280x\/smart\/f1a486e45e4e4554b63ae8ffd58d78b3\/ccmcms-jdf\/30147801.jpg\" \/><\/p>\n<p>\n                Depuis quelques ann\u00e9es, de nombreuses maisons de mode ont fait le choix de bannir la fourrure de leurs collections. Retour sur un ph\u00e9nom\u00e8ne qui prend de l&rsquo;ampleur.            <\/p>\n<div>\n<p>Quand il s&rsquo;agit de fourrure, plusieurs clans s&rsquo;affrontent. D&rsquo;un c\u00f4t\u00e9, les bons \u00e9l\u00e8ves, men\u00e9s d&rsquo;une main de ma\u00eetre par <strong>Stella McCartney <\/strong>\u2014 v\u00e9gane, la cr\u00e9atrice britannique n&rsquo;a jamais utilis\u00e9 de mati\u00e8res premi\u00e8res d&rsquo;origine animale, prouvant au monde de la mode que style pouvait (aussi) rimer avec conscience \u00e9cologique. De l&rsquo;autre, les marques qui (mieux vaut tard que jamais) prennent le train en marche et disent stop \u00e0 la fourrure alors qu&rsquo;elles en utilisaient all\u00e8grement auparavant.<\/p>\n<h2><em>Green-washing <\/em>ou prise de conscience\u00a0?<\/h2>\n<p>En 2021, plusieurs maisons ont fait le choix de renoncer \u00e0<strong>\u00a0se servir de\u00a0poils d&rsquo;animaux dans leurs collections<\/strong>. C&rsquo;est notamment le cas du groupe Kering, qui d\u00e9tient, entre autres, <a href=\"https:\/\/www.journaldesfemmes.fr\/mode\/conseils-mode\/2738977-balenciaga-defile-automne-2022-the-lost-tape-demna\/\" title=\"Maison balenciaga\">Balenciaga<\/a>, Gucci, Bottega Veneta, Alexander McQueen, Brioni et Saint Laurent. <em>\u00ab\u00a0Kering a pris la d\u00e9cision d&rsquo;arr\u00eater l&rsquo;utilisation de la fourrure animale. \u00c0 compter des collections <a href=\"https:\/\/www.journaldesfemmes.fr\/mode\/conseils-mode\/2734281-tendances-mode-automne-hiver\/\" title=\"Tendances mode automne-hiver 2021-2022\">automne-hiver 2022<\/a>-2023, plus aucune des maisons du groupe n&#8217;emploiera de fourrure\u00a0\u00bb<\/em>, a d\u00e9clar\u00e9 Fran\u00e7ois-Henri Pinault, pr\u00e9sident-directeur g\u00e9n\u00e9ral de Kering, dans un communiqu\u00e9 publi\u00e9 fin septembre 2021.<\/p>\n<p>En d\u00e9cembre 2021, <a href=\"https:\/\/www.journaldesfemmes.fr\/mode\/conseils-mode\/2699035-giorgio-armani-le-couturier-touche-a-tout\/\" title=\"Giorgio Armani\">Armani<\/a>, signataire\u00a0du pacte de la mode pr\u00e9sent\u00e9 au G7\u00a0en 2019, a annonc\u00e9 <strong>arr\u00eater d&rsquo;utiliser de l&rsquo;angora<\/strong> d\u00e8s la saison automne-hiver 2022-2023. M\u00eame son de cloche chez <strong><a href=\"https:\/\/www.journaldesfemmes.fr\/mode\/conseils-mode\/2699041-valentino-garavani-maitre-du-glamour-a-l-italienne\/\" title=\"Valentino Garavani\">Valentino<\/a><\/strong>\u00a0: <em>\u00ab\u00a0Nous avan\u00e7ons \u00e0 grands pas dans la recherche de mat\u00e9riaux alternatifs en vue d&rsquo;accorder une plus grande attention \u00e0 l&rsquo;environnement pour les prochaines collections\u00a0\u00bb<\/em>, a expliqu\u00e9 Jacopo Venturini, directeur g\u00e9n\u00e9ral de la marque, pr\u00e9cisant que la fourrure dispara\u00eetrait compl\u00e8tement des collections en d\u00e9but d&rsquo;ann\u00e9e 2022.<\/p>\n<p><strong>Canada Goose, connue pour ses doudounes \u00e0 la capuche en fourrure de coyote<\/strong>, change de cap elle aussi, conform\u00e9ment au plan d&rsquo;objectifs durables\u00a0<strong>Humanature<\/strong>\u00a0qui a notamment pour ambition d&rsquo;atteindre z\u00e9ro \u00e9mission carbone nette d&rsquo;ici 2025. Oscar de la Renta a pris cette m\u00eame d\u00e9cision en octobre 2021, alors m\u00eame que la fourrure faisait partie int\u00e9grante des collections de la griffe am\u00e9ricaine. Parmi les maisons qui ont, ou vont, dire non aux mati\u00e8res premi\u00e8res animales, on compte \u00e9galement, <strong><a href=\"https:\/\/www.journaldesfemmes.fr\/mode\/conseils-mode\/2707053-vivienne-westwood-la-queen-du-punk\/\" title=\"Westwood\">Vivienne Westwood<\/a>, Chanel, Prada ou encore Versace.<\/strong><\/p>\n<p>Certaines marques vont m\u00eame plus loin, et d\u00e9cident de ne cr\u00e9er aucune pi\u00e8ce en fausse fourrure. Comme l&rsquo;expliquait la cr\u00e9atrice de contenu am\u00e9ricaine Jenny Walton dans le podcast <em>Fashion No Filter<\/em> (f\u00e9vrier 2019), il est parfois peu \u00e9vident de distinguer le vrai du faux; <strong>choisir de ne\u00a0porter ni l&rsquo;un ni l&rsquo;autre \u00e9vite donc toute confusion<\/strong>.<\/p>\n<p>La plupart des marques sont loin de prendre la d\u00e9cision d&rsquo;arr\u00eater la fourrure sur un coup de t\u00eate. L&rsquo;association PETA (People for the Ethical Treatment of Animals) joue en effet un r\u00f4le majeur dans leurs choix. <em>\u00ab\u00a0Des ann\u00e9es de campagne de PETA et d&rsquo;autres militants de la cause animale ont conduit de grandes marques, des cr\u00e9ateurs et des pays entiers \u00e0 proscrire la fourrure\u00a0\u00bb<\/em>, pouvait-on ainsi\u00a0lire dans un communiqu\u00e9 relay\u00e9 en d\u00e9cembre 2021.<\/p>\n<h2>Une demande des consommateurs et consommatrices<\/h2>\n<p><em>\u00ab\u00a0La mode a toujours \u00e9t\u00e9 connect\u00e9e aux mouvances et aux \u00e9motions pour anticiper les d\u00e9sirs des consommateurs\u00a0\u00bb<\/em>, remarquait Marco Bizzarri, pr\u00e9sident-directeur g\u00e9n\u00e9ral de <a href=\"https:\/\/www.journaldesfemmes.fr\/mode\/conseils-mode\/2743549-gucci-defile-printemps-ete-2022-los-angeles-hollywood-boulevard\/\" title=\"Gucci\">Gucci<\/a>. C&rsquo;est donc <strong>un mouvement de fond<\/strong>, qui accompagne la mont\u00e9e de nouveaux r\u00e9gimes alimentaires sans produits d&rsquo;origine animale. La fourrure\u00a0? Plus facile \u00e0 \u00e9liminer de sa consommation personnelle que le cuir, par exemple. Selon une \u00e9tude r\u00e9alis\u00e9e en ao\u00fbt 2020\u00a0par l&rsquo;<a href=\"https:\/\/www.ifop.com\/publication\/les-francais-et-la-condition-animale\/\" target=\"_blank\" rel=\"noopener\">Ifop et la Fondation Brigitte Bardot<\/a>, 77% des Fran\u00e7ais et Fran\u00e7aises\u00a0interrog\u00e9es sont favorables \u00e0 <strong>l&rsquo;interdiction d&rsquo;\u00e9lever des animaux dans le seul but de commercialiser leur fourrure<\/strong>. <em>\u00ab\u00a0Les consommateurs de mode d&rsquo;aujourd&rsquo;hui ne veulent pas des produits d&rsquo;une industrie o\u00f9 des lapins pleinement conscients, terrifi\u00e9s et en proie \u00e0 une agonie sans pareille se font arracher les poils \u00e0 grandes poign\u00e9es\u00a0\u00bb<\/em>, soulignait Mimi Bekhechi, vice-pr\u00e9sidente des programmes internationaux de PETA, dans un communiqu\u00e9 diffus\u00e9 en d\u00e9cembre 2021.<\/p>\n<h2>Et la presse alors\u00a0?<\/h2>\n<p>Le magazine <em>ELLE<\/em> a annonc\u00e9, en cette fin d&rsquo;ann\u00e9e 2021, que ses 45\u00a0\u00e9ditions internationales excluraient d\u00e9sormais la fourrure de ses shootings et de ses pages. La publication rejoint la (trop) courte liste de magazines qui ont d\u00e9j\u00e0 pris cette d\u00e9cision \u2014 <em>British Vogue<\/em>, <em>InStyle <a href=\"http:\/\/www.affinite.fr\/index.php\/2021\/10\/06\/camion-de-glace-style-usa-made-in-france\/\">USA<\/a><\/em> ou encore <em>Cosmopolitan UK<\/em>. <em>\u00ab\u00a0Une belle avanc\u00e9e \u00e0 une \u00e9poque o\u00f9 cette mati\u00e8re archa\u00efque et sanglante est dans une spirale descendante dont elle ne remontera jamais\u00a0\u00bb<\/em>, a d\u00e9clar\u00e9 PETA dans un communiqu\u00e9 diffus\u00e9 en d\u00e9cembre 2021. La bataille s&rsquo;annonce encore longue et fastidieuse, mais si l&rsquo;on en croit les nombreuses communications de l&rsquo;association, elle vaut le coup d&rsquo;\u00eatre men\u00e9e.<\/p>\n<\/p><\/div>\n<p>[ad_2]<br \/>\n<br \/><a href=\"https:\/\/www.journaldesfemmes.fr\/mode\/magazine-mode\/1950962-gucci-armani-ralph-lauren-ces-marques-qui-bannissent-la-fourrure\/\">Source link <\/a><\/p>\n","protected":false},"excerpt":{"rendered":"<p>[ad_1] Depuis quelques ann\u00e9es, de nombreuses maisons de mode ont fait le choix de bannir la fourrure de leurs collections. &hellip; <a href=\"http:\/\/www.affinite.fr\/index.php\/2021\/12\/09\/voici-pourquoi-ces-marques-ont-decide-darreter-la-fourrure\/\" class=\"more-link\">Plus <span class=\"screen-reader-text\">Voici pourquoi ces marques ont d\u00e9cid\u00e9 d&rsquo;arr\u00eater la fourrure<\/span> <span class=\"meta-nav\">&rarr;<\/span><\/a><\/p>\n","protected":false},"author":1,"featured_media":7190,"comment_status":"open","ping_status":"open","sticky":false,"template":"","format":"standard","meta":{"_sitemap_exclude":false,"_sitemap_priority":"","_sitemap_frequency":"","footnotes":""},"categories":[1],"tags":[],"class_list":["post-7189","post","type-post","status-publish","format-standard","has-post-thumbnail","hentry","category-tous"],"_links":{"self":[{"href":"http:\/\/www.affinite.fr\/index.php\/wp-json\/wp\/v2\/posts\/7189"}],"collection":[{"href":"http:\/\/www.affinite.fr\/index.php\/wp-json\/wp\/v2\/posts"}],"about":[{"href":"http:\/\/www.affinite.fr\/index.php\/wp-json\/wp\/v2\/types\/post"}],"author":[{"embeddable":true,"href":"http:\/\/www.affinite.fr\/index.php\/wp-json\/wp\/v2\/users\/1"}],"replies":[{"embeddable":true,"href":"http:\/\/www.affinite.fr\/index.php\/wp-json\/wp\/v2\/comments?post=7189"}],"version-history":[{"count":0,"href":"http:\/\/www.affinite.fr\/index.php\/wp-json\/wp\/v2\/posts\/7189\/revisions"}],"wp:featuredmedia":[{"embeddable":true,"href":"http:\/\/www.affinite.fr\/index.php\/wp-json\/wp\/v2\/media\/7190"}],"wp:attachment":[{"href":"http:\/\/www.affinite.fr\/index.php\/wp-json\/wp\/v2\/media?parent=7189"}],"wp:term":[{"taxonomy":"category","embeddable":true,"href":"http:\/\/www.affinite.fr\/index.php\/wp-json\/wp\/v2\/categories?post=7189"},{"taxonomy":"post_tag","embeddable":true,"href":"http:\/\/www.affinite.fr\/index.php\/wp-json\/wp\/v2\/tags?post=7189"}],"curies":[{"name":"wp","href":"https:\/\/api.w.org\/{rel}","templated":true}]}}