{"id":7187,"date":"2021-12-08T18:55:23","date_gmt":"2021-12-08T18:55:23","guid":{"rendered":"https:\/\/www.affinite.fr\/index.php\/2021\/12\/08\/5-choses-a-savoir-sur-lactrice-des-tuche\/"},"modified":"2021-12-08T18:55:23","modified_gmt":"2021-12-08T18:55:23","slug":"5-choses-a-savoir-sur-lactrice-des-tuche","status":"publish","type":"post","link":"http:\/\/www.affinite.fr\/index.php\/2021\/12\/08\/5-choses-a-savoir-sur-lactrice-des-tuche\/","title":{"rendered":"5\u00a0choses \u00e0 savoir sur l&rsquo;actrice des Tuche"},"content":{"rendered":"<p> [ad_1]<br \/>\n<br \/><img decoding=\"async\" src=\"https:\/\/img-3.journaldesfemmes.fr\/nWugj6wMMQnlJ7Vr2anbJhC8cqY=\/1280x\/smart\/eb95f552ce5746eabc748b903a30e340\/ccmcms-jdf\/30119397.jpg\" \/><\/p>\n<p>\n                Sarah Stern campe St\u00e9phanie Tuche dans la c\u00e9l\u00e8bre saga, dont le 4e volet sort en salles. Mais saviez-vous que l&rsquo;actrice de 37\u00a0ans a d\u00e9j\u00e0 menti pour jouer dans un film, qu&rsquo;elle a demand\u00e9 \u00e0 modifier le sc\u00e9nario des Tuche et a allait\u00e9 pendant le tournage\u00a0? Cinq infos folles sur la com\u00e9dienne qui nous fait rire aux \u00e9clats&#8230;            <\/p>\n<div>\n<p><strong>Sarah Stern<\/strong> campe la loufoque <strong>St\u00e9phanie Tuche<\/strong> dans la saga des <strong><em>Tuche<\/em><\/strong>, dont le <strong>quatri\u00e8me<\/strong> volet est d&rsquo;ores et d\u00e9j\u00e0 sorti en salles. L&rsquo;actrice, dont le personnage est \u00e0 la t\u00eate d&rsquo;une \u00e9cole de Miss dans ce nouveau film, vit un r\u00eave \u00e9veill\u00e9 depuis qu&rsquo;elle a \u00e9t\u00e9 choisie pour jouer\u00a0ce r\u00f4le, en 2011. \u00ab\u00a0<em>Je dis que je veux faire ce m\u00e9tier depuis que je parle. C&rsquo;est <strong>presque flippant<\/strong> que \u00e7a arrive <strong>si t\u00f4t dans une vie<\/strong><\/em>\u00ab\u00a0, a confi\u00e9 la com\u00e9dienne de 37 ans dans un long entretien \u00e0\u00a0<a href=\"https:\/\/www.elle.fr\/Loisirs\/Cinema\/News\/Sarah-Stern-dans-Les-Tuche-Toute-cette-histoire-a-commence-par-des-photos-ridicules-avec-un-Jack-Russell-3975415#xtor=CS6-915\" target=\"_blank\" rel=\"noopener\"><em>ELLE<\/em><\/a>. D\u00e9couvrez cinq choses que vous ne saviez (peut-\u00eatre) pas sur la com\u00e9dienne haut en couleur.\u00a0<\/p>\n<h2>Sarah Stern a toujours voulu \u00eatre actrice\u00a0<\/h2>\n<p>Enfant, elle a regard\u00e9 un grand nombre de <strong>films cultes<\/strong> avec ses parents, de <em>Vertigo<\/em>, r\u00e9alis\u00e9 par Alfred Hitchcock, \u00e0 <em>Chantons Sous la Pluie<\/em>, de Gene Kelly et Stanley Donen. Autant de long-m\u00e9trages qui n&rsquo;ont fait que confirmer son <strong>envie d&rsquo;\u00eatre actrice<\/strong>. \u00ab\u00a0<em>Les Disney ont marqu\u00e9 mon enfance. Je r\u00eavais aussi d&rsquo;\u00eatre <strong>Jessica dans &lsquo;Qui veut la peau de Roger Rabbit&rsquo;.<\/strong> C&rsquo;\u00e9tait une sorte de <strong>voie sans issue<\/strong>. Je ne suis jamais revenue sur ce choix<\/em>\u00ab\u00a0, a-t-elle ajout\u00e9. A l&rsquo;\u00e9cole aussi, elle a d\u00e9velopp\u00e9 sa passion pour la com\u00e9die. \u00ab\u00a0<em>J&rsquo;adorais quand on devait apprendre les Fables de La Fontaine. J&rsquo;avais peur mais <strong>j&rsquo;aimais cette sensation<\/strong> quand je montais sur l&rsquo;estrade pour r\u00e9citer un texte<\/em>\u00ab\u00a0, a-t-elle d\u00e9taill\u00e9.\u00a0<\/p>\n<h2>Sarah Stern a pr\u00e9tendu \u00eatre bilingue<\/h2>\n<p>Sarah Stern s&rsquo;est ensuite envol\u00e9e pour Londres afin de poursuivre sa passion et \u00e9tudier \u00e0 la<strong> Royal Academy of Dramatic Art<\/strong>. \u00ab\u00a0<em>Je bluffais bien. Pour les auditions, nous devions pr\u00e9parer des monologues. J&rsquo;avais travaill\u00e9 avec une coach. Je <strong>n&rsquo;avais rien \u00e0 perdre<\/strong>. Et lors des entretiens avec le jury, j&rsquo;en disais le moins possible, je <strong>jouais les filles myst\u00e9rieuses<\/strong>\u2026 alors que j&rsquo;avais juste un vocabulaire de 24\u00a0mots<\/em>\u00ab\u00a0, a racont\u00e9 la com\u00e9dienne, toujours \u00e0 <em>ELLE<\/em>. Une fois admise au sein de la prestigieuse \u00e9cole, elle a lutt\u00e9 pour <strong>apprendre l&rsquo;anglais<\/strong> tout en suivant sa <a href=\"http:\/\/www.affinite.fr\/index.php\/2022\/11\/09\/formation-de-glacier-apprenez-le-metier-de-glacier-et-changez-votre-vie\/\">formation<\/a> pour se perfectionner en com\u00e9die.<\/p>\n<h2>Sarah Stern a menti pour jouer dans un film<\/h2>\n<p>Puis, apr\u00e8s trois ann\u00e9es pass\u00e9es \u00e0 travailler d&rsquo;arrache-pied, Sarah Stern est <strong>retourn\u00e9e en France<\/strong>, dot\u00e9e d&rsquo;une ambition \u00e0 tout \u00e9preuve et bien d\u00e9cid\u00e9e \u00e0 faire d\u00e9coller sa carri\u00e8re d&rsquo;actrice. \u00ab\u00a0<em>J&rsquo;\u00e9tais press\u00e9e de tourner \u00e0 nouveau car certaines de ces formations n&rsquo;autorisent pas leurs \u00e9tudiants \u00e0 travailler en dehors des cours. <strong>J&rsquo;avais d\u00fb mentir une fois pour participer \u00e0 un t\u00e9l\u00e9film<\/strong>. Je me suis toujours demand\u00e9 ce qui se serait pass\u00e9 si j&rsquo;\u00e9tais rest\u00e9e l\u00e0-bas<\/em>\u00ab\u00a0, a-t-elle expliqu\u00e9.\u00a0<\/p>\n<h2>Sarah Stern a pu jouer dans\u00a0Les\u00a0Tuche gr\u00e2ce \u00e0 des \u00ab\u00a0photos ridicules\u00a0\u00bb avec un chien<\/h2>\n<p>C&rsquo;est en jouant un petit r\u00f4le dans le film<em> Ce soir je dors chez toi<\/em> qu&rsquo;elle a rencontr\u00e9 Olivier Baroux, r\u00e9alisateur des <em>Tuche<\/em>. \u00ab\u00a0<em>Il m&rsquo;a appel\u00e9 un jour en me disant qu&rsquo;il pensait \u00e0 moi pour un projet. Il me d\u00e9crit le <strong>personnage de St\u00e9phanie<\/strong> en m&rsquo;expliquant qu&rsquo;elle est<strong> fan de <a href=\"https:\/\/www.journaldesfemmes.fr\/people\/paris-hilton\/\" title=\"Paris Hilton\">Paris Hilton<\/a><\/strong> et <strong>me demande de faire des photos<\/strong><\/em>\u00ab\u00a0, a racont\u00e9 l&rsquo;actrice \u00e0 <em>ELLE<\/em>. Pr\u00eate \u00e0 relever le d\u00e9fi, Sarah Stern a tent\u00e9 sa chance: \u00ab\u00a0<em>Ni une, ni deux, je r\u00e9quisitionne deux de mes amies d&rsquo;enfance, je me fais un <strong>brushing<\/strong>, me trouve des tenues de cagole, j&#8217;emprunte le Jack Russell d&rsquo;une copine et on organise un <strong>shooting improvis\u00e9 dans la rue<\/strong><\/em>\u00ab\u00a0. En apprenant qu&rsquo;elle a d\u00e9croch\u00e9 le r\u00f4le, la com\u00e9dienne a litt\u00e9ralement \u00ab\u00a0<em>saut\u00e9 de joie<\/em>\u00ab\u00a0. Et de commenter: \u00ab\u00a0<em>On retiendra que cette histoire a commenc\u00e9 avec des <strong>photos ridicules avec un Jack Russell<\/strong><\/em>\u00ab\u00a0.<\/p>\n<h2>Pourquoi le personnage de St\u00e9phanie Tuche est enceinte dans le film<\/h2>\n<p>Sarah Stern, en couple avec un homme dont elle tait l&rsquo;identit\u00e9, est <strong>tomb\u00e9e enceinte<\/strong> quelques mois avant le d\u00e9but du tournage des <em>Tuche<\/em>. \u00ab\u00a0<em>Comme beaucoup d&rsquo;actrices, j&rsquo;ai commenc\u00e9 \u00e0 flipper, j&rsquo;avais<strong> peur qu&rsquo;on me mette de c\u00f4t\u00e9<\/strong>. J&rsquo;ai annonc\u00e9 la nouvelle \u00e0 Olivier Baroux, le r\u00e9alisateur, avant de <strong>le dire \u00e0 ma propre m\u00e8re!<\/strong> Il \u00e9tait ravi, <strong>m&rsquo;a dit qu&rsquo;on le cacherait<\/strong><\/em>\u00ab\u00a0, s&rsquo;est-elle rem\u00e9mor\u00e9e dans <em>ELLE<\/em>. Mais l&rsquo;interpr\u00e8te de St\u00e9phanie Tuche a rapidement compris qu&rsquo;il ne serait gu\u00e8re ais\u00e9 de <strong>dissimuler sa grossesse<\/strong>: \u00ab\u00a0<em>Je me suis aper\u00e7ue que j&rsquo;allais \u00eatre <strong>enceinte de six mois<\/strong> donc que ce serait impossible \u00e0 dissimuler \u00e0 moins que St\u00e9phanie se d\u00e9cide \u00e0 porter des robes extra-larges, ce qui n&rsquo;est pas vraiment son style. Je ne voyais pas pourquoi elle <strong>ne pouvait pas \u00eatre enceinte<\/strong>. J&rsquo;ai rappel\u00e9 Olivier, on a fait quelques petites modifications et c&rsquo;\u00e9tait parti<\/em>\u00ab\u00a0.<\/p>\n<h2>Sarah Stern a allait\u00e9 en tournage<\/h2>\n<p>La com\u00e9dienne a commenc\u00e9 \u00e0 tourner <em><strong>Les\u00a0Tuche<\/strong> <\/em>avant le confinement, jusqu&rsquo;\u00e0 ce que le tournage ne soit interrompu par la pand\u00e9mie. A la reprise, quelques mois plus tard, Sarah Stern avait d\u00e9j\u00e0 <strong>accouch\u00e9 de son fils<\/strong>. \u00ab\u00a0<em>J&rsquo;ai eu de la chance que ma <strong>grossesse se soit bien d\u00e9roul\u00e9e <\/strong>car hormis la fatigue, \u00e7a allait. L&rsquo;\u00e9quipe avait tout am\u00e9nag\u00e9 pour que mon fils soit avec moi, une nounou \u00e9tait pr\u00e9sente sur le plateau, je partais parfois <strong>en panique pour l&rsquo;allaiter<\/strong><\/em>\u00ab\u00a0, a-t-elle racont\u00e9.\u00a0<\/p>\n<\/p><\/div>\n<p>[ad_2]<br \/>\n<br \/><a href=\"https:\/\/www.journaldesfemmes.fr\/people\/actus\/2764723-sarah-stern-enceinte-les-tuche-stephanie-films-age-fils-couple\/\">Source link <\/a><\/p>\n","protected":false},"excerpt":{"rendered":"<p>[ad_1] Sarah Stern campe St\u00e9phanie Tuche dans la c\u00e9l\u00e8bre saga, dont le 4e volet sort en salles. Mais saviez-vous que &hellip; <a href=\"http:\/\/www.affinite.fr\/index.php\/2021\/12\/08\/5-choses-a-savoir-sur-lactrice-des-tuche\/\" class=\"more-link\">Plus <span class=\"screen-reader-text\">5\u00a0choses \u00e0 savoir sur l&rsquo;actrice des Tuche<\/span> <span class=\"meta-nav\">&rarr;<\/span><\/a><\/p>\n","protected":false},"author":1,"featured_media":7188,"comment_status":"open","ping_status":"open","sticky":false,"template":"","format":"standard","meta":{"_sitemap_exclude":false,"_sitemap_priority":"","_sitemap_frequency":"","footnotes":""},"categories":[1],"tags":[],"class_list":["post-7187","post","type-post","status-publish","format-standard","has-post-thumbnail","hentry","category-tous"],"_links":{"self":[{"href":"http:\/\/www.affinite.fr\/index.php\/wp-json\/wp\/v2\/posts\/7187"}],"collection":[{"href":"http:\/\/www.affinite.fr\/index.php\/wp-json\/wp\/v2\/posts"}],"about":[{"href":"http:\/\/www.affinite.fr\/index.php\/wp-json\/wp\/v2\/types\/post"}],"author":[{"embeddable":true,"href":"http:\/\/www.affinite.fr\/index.php\/wp-json\/wp\/v2\/users\/1"}],"replies":[{"embeddable":true,"href":"http:\/\/www.affinite.fr\/index.php\/wp-json\/wp\/v2\/comments?post=7187"}],"version-history":[{"count":0,"href":"http:\/\/www.affinite.fr\/index.php\/wp-json\/wp\/v2\/posts\/7187\/revisions"}],"wp:featuredmedia":[{"embeddable":true,"href":"http:\/\/www.affinite.fr\/index.php\/wp-json\/wp\/v2\/media\/7188"}],"wp:attachment":[{"href":"http:\/\/www.affinite.fr\/index.php\/wp-json\/wp\/v2\/media?parent=7187"}],"wp:term":[{"taxonomy":"category","embeddable":true,"href":"http:\/\/www.affinite.fr\/index.php\/wp-json\/wp\/v2\/categories?post=7187"},{"taxonomy":"post_tag","embeddable":true,"href":"http:\/\/www.affinite.fr\/index.php\/wp-json\/wp\/v2\/tags?post=7187"}],"curies":[{"name":"wp","href":"https:\/\/api.w.org\/{rel}","templated":true}]}}