{"id":7178,"date":"2021-12-08T18:08:55","date_gmt":"2021-12-08T18:08:55","guid":{"rendered":"https:\/\/www.affinite.fr\/index.php\/2021\/12\/08\/west-side-story-a-quoi-ressemblent-les-acteurs-du-film-original\/"},"modified":"2021-12-08T18:08:55","modified_gmt":"2021-12-08T18:08:55","slug":"west-side-story-a-quoi-ressemblent-les-acteurs-du-film-original","status":"publish","type":"post","link":"http:\/\/www.affinite.fr\/index.php\/2021\/12\/08\/west-side-story-a-quoi-ressemblent-les-acteurs-du-film-original\/","title":{"rendered":"West Side Story : \u00e0 quoi ressemblent les acteurs du film original ?"},"content":{"rendered":"<p> [ad_1]<br \/>\n<\/p>\n<p>A l&rsquo;occasion de la sortie en salles du nouveau film de Steven Spielberg, qui redonne vie \u00e0 la c\u00e9l\u00e8bre com\u00e9die musicale de Broadway, retour sur les interpr\u00e8tes du film et ceux qui composent la pr\u00e9c\u00e9dente adaptation de Robert Wise sortie en 1961.<\/p>\n<div id=\"article-content\">\n<div class=\"longread-block\">\n<h2 class=\"longread-slide-title\">Natalie Wood \/ Rachel Zegler (Maria)<\/h2>\n<div class=\"article-figure-holder\">\n<figure class=\"article-figure \">\n<img loading=\"lazy\" decoding=\"async\" class=\"article-figure-img\" src=\"data:image\/gif;base64,R0lGODlhAgABAPAAAAAAAAAAACH5BAEAAAAAIf8LSW1hZ2VNYWdpY2sNZ2FtbWE9MC40NTQ1NQAsAAAAAAIAAQAAAgIECgA7\" data-src=\"https:\/\/fr.web.img6.acsta.net\/newsv7\/21\/12\/07\/17\/11\/27922800.jpg\" width=\"640\" height=\"320\"\/><br \/>\n<span class=\"article-figcaption-copy\">Carlotta Films\/Walt Disney Germany<\/span><br \/>\n<\/figure>\n<\/div>\n<p class=\"longread-slide-text\">Dans la premi\u00e8re adaptation au cin\u00e9ma de la com\u00e9die musicale cr\u00e9\u00e9e par <a title=\"Arthur Laurents (U.S.A.) (Sc\u00e9nariste,Acteur,D'apr\u00e8s l'oeuvre de)\" href=\"http:\/\/www.allocine.fr\/personne\/fichepersonne_gen_cpersonne=54121.html\">Arthur Laurents<\/a>,\u00a0<a title=\"Stephen Sondheim (U.S.A.) (Compositeur,D'apr\u00e8s l'oeuvre de,Sc\u00e9nariste)\" href=\"http:\/\/www.allocine.fr\/personne\/fichepersonne_gen_cpersonne=41637.html\">Stephen Sondheim<\/a> et <a title=\"Leonard Bernstein (U.S.A.) (Compositeur,D'apr\u00e8s l'oeuvre de,Acteur)\" href=\"http:\/\/www.allocine.fr\/personne\/fichepersonne_gen_cpersonne=37386.html\">Leonard Bernstein<\/a>, r\u00e9alis\u00e9e par\u00a0<a title=\"Robert Wise (U.S.A.) (R\u00e9alisateur,Monteur,Producteur)\" href=\"http:\/\/www.allocine.fr\/personne\/fichepersonne_gen_cpersonne=858.html\">Robert Wise<\/a> en 1961, <a title=\"Natalie Wood (U.S.A.) (Acteur)\" href=\"http:\/\/www.allocine.fr\/personne\/fichepersonne_gen_cpersonne=467.html\">Natalie Wood<\/a>, qui \u00e9tait alors une star internationale, est choisie pour tenir le r\u00f4le de Maria.<\/p>\n<p>Apr\u00e8s avoir notamment donn\u00e9 la r\u00e9plique \u00e0 James Dean dans\u00a0<a title=\"La Fureur de vivre (U.S.A.) - 1955 (Drame)\" href=\"http:\/\/www.allocine.fr\/film\/fichefilm_gen_cfilm=1945.html\">La Fureur de vivre<\/a> ou \u00e0 John Wayne dans <a title=\"La Prisonni\u00e8re du d\u00e9sert (U.S.A.) - 1956 (Western,Aventure)\" href=\"http:\/\/www.allocine.fr\/film\/fichefilm_gen_cfilm=5168.html\">La Prisonni\u00e8re du d\u00e9sert<\/a>,\u00a0<a title=\"West Side Story (U.S.A.) - 1961 (Com\u00e9die musicale,Com\u00e9die dramatique)\" href=\"http:\/\/www.allocine.fr\/film\/fichefilm_gen_cfilm=1073.html\">West Side Story<\/a> restera l&rsquo;un des plus grands succ\u00e8s de sa carri\u00e8re.<\/p>\n<p>Dans l&rsquo;adaptation r\u00e9alis\u00e9e par <a title=\"Steven Spielberg (U.S.A.) (Producteur d\u00e9l\u00e9gu\u00e9,R\u00e9alisateur,Producteur)\" href=\"http:\/\/www.allocine.fr\/personne\/fichepersonne_gen_cpersonne=471.html\">Steven Spielberg<\/a>, c&rsquo;est une jeune actrice et chanteuse am\u00e9ricano-colombienne qui endosse le r\u00f4le de l&rsquo;h\u00e9ro\u00efne. Rod\u00e9e aux planches de th\u00e9\u00e2tres o\u00f9 elle joue dans des com\u00e9dies musicales depuis l&rsquo;adolescence,\u00a0<a title=\"Rachel Zegler (U.S.A.,Colombie) (Acteur)\" href=\"http:\/\/www.allocine.fr\/personne\/fichepersonne_gen_cpersonne=862708.html\">Rachel Zegler<\/a> d\u00e9croche le r\u00f4le de Maria gr\u00e2ce \u00e0 un casting sauvage.<br \/>\n<a title=\"West Side Story (U.S.A.) - 2021 (Romance,Musical,Drame)\" href=\"http:\/\/www.allocine.fr\/film\/fichefilm_gen_cfilm=227548.html\">West Side Story<\/a>\u00a0est son premier r\u00f4le au cin\u00e9ma, et le d\u00e9but d&rsquo;une carri\u00e8re prometteuse puisqu&rsquo;on la retrouvera prochainement \u00e0 l&rsquo;affiche de\u00a0<a href=\"\/\/www.allocine.fr\/film\/fichefilm_gen_cfilm=273207.html\" title=\"Shazam! Fury of the Gods (U.S.A.) - 2023 (Fantastique,Aventure)\">Shazam\u00a0! Fury of the Gods<\/a>, et dans le r\u00f4le-titre du\u00a0<a title=\"Blanche-Neige (U.S.A.) - 2023 (Aventure,Com\u00e9die musicale)\" href=\"http:\/\/www.allocine.fr\/film\/fichefilm_gen_cfilm=251421.html\">Blanche-Neige<\/a> en live action de Disney.<\/p>\n<\/div>\n<div class=\"longread-block\">\n<h2 class=\"longread-slide-title\">Richard Beymer\/Ansel Elgort (Tony)<\/h2>\n<div class=\"article-figure-holder\">\n<figure class=\"article-figure \">\n<img loading=\"lazy\" decoding=\"async\" class=\"article-figure-img\" src=\"data:image\/gif;base64,R0lGODlhAgABAPAAAAAAAAAAACH5BAEAAAAAIf8LSW1hZ2VNYWdpY2sNZ2FtbWE9MC40NTQ1NQAsAAAAAAIAAQAAAgIECgA7\" data-src=\"https:\/\/fr.web.img6.acsta.net\/newsv7\/21\/12\/07\/17\/04\/00514100.jpg\" width=\"640\" height=\"320\"\/><br \/>\n<span class=\"article-figcaption-copy\">Carlotta Films\/Walt Disney Germany<\/span><br \/>\n<\/figure>\n<\/div>\n<p class=\"longread-slide-text\">Dans le film de 1961,\u00a0<a title=\"Richard Beymer (U.S.A.) (Acteur)\" href=\"http:\/\/www.allocine.fr\/personne\/fichepersonne_gen_cpersonne=3219.html\">Richard Beymer<\/a> tient le r\u00f4le de Tony, membre des Jets qui s&rsquo;\u00e9prend de Maria, la soeur d&rsquo;un des membres des Sharks, un gang rival compos\u00e9s d&rsquo;immigrants portoricains. Ayant par la suite essentiellement fait carri\u00e8re \u00e0 la t\u00e9l\u00e9vision, Beymer a tenu des r\u00f4les r\u00e9currents dans les s\u00e9ries\u00a0<a title=\"Arabesque (U.S.A.) (Policier)\" href=\"http:\/\/www.allocine.fr\/series\/ficheserie_gen_cserie=373.html\">Arabesque<\/a> et <a title=\"Twin Peaks - The Return (Myst\u00e8res \u00e0 Twin Peaks) (U.S.A.) (Drame,Fantastique,Policier)\" href=\"http:\/\/www.allocine.fr\/series\/ficheserie_gen_cserie=536.html\">Twin Peaks<\/a>, o\u00f9 il incarne l&rsquo;homme d&rsquo;affaires v\u00e9reux Benjamin Horne.<\/p>\n<p>Dans le film de Spielberg, c&rsquo;est \u00e0\u00a0<a title=\"Ansel Elgort (U.S.A.) (Acteur,Producteur d\u00e9l\u00e9gu\u00e9)\" href=\"http:\/\/www.allocine.fr\/personne\/fichepersonne_gen_cpersonne=621660.html\">Ansel Elgort<\/a> d&rsquo;endosser le r\u00f4le de Tony. R\u00e9v\u00e9l\u00e9 en 2014 dans l&rsquo;adaptation du roman jeunesse\u00a0<a title=\"Nos \u00e9toiles contraires (U.S.A.) - 2014 (Romance,Drame)\" href=\"http:\/\/www.allocine.fr\/film\/fichefilm_gen_cfilm=218926.html\">Nos Etoiles contraires<\/a> (2014), dans la saga\u00a0<a title=\"Divergente (U.S.A.) - 2014 (Science fiction,Action,Romance)\" href=\"http:\/\/www.allocine.fr\/film\/fichefilm_gen_cfilm=195022.html\">Divergente<\/a> et dans le r\u00f4le principal du film\u00a0<a title=\"Baby Driver (Grande-Bretagne,U.S.A.) - 2017 (Action,Policier)\" href=\"http:\/\/www.allocine.fr\/film\/fichefilm_gen_cfilm=230453.html\">Baby Driver<\/a> d&rsquo;Edgar Wright en 2017, l&rsquo;acteur sera prochainement au casting de la minis\u00e9rie <a title=\"Tokyo Vice (U.S.A.) (Policier,Drame)\" href=\"http:\/\/www.allocine.fr\/series\/ficheserie_gen_cserie=25203.html\">Tokyo Vice<\/a>, adapt\u00e9 du <a href=\"http:\/\/www.affinite.fr\/index.php\/2023\/08\/24\/lart-de-la-glace-transforme-en-business-la-vision-unique-de-fabien-gris\/\">livre<\/a> -ph\u00e9nom\u00e8ne de\u00a0<a title=\"Jake Adelstein (U.S.A.) (D'apr\u00e8s l'oeuvre de)\" href=\"http:\/\/www.allocine.fr\/personne\/fichepersonne_gen_cpersonne=876801.html\">Jake Adelstein.<\/a><\/p>\n<\/div>\n<div class=\"longread-block\">\n<h2 class=\"longread-slide-title\">Rita Moreno\/Ariana DeBose (Anita)<\/h2>\n<div class=\"article-figure-holder\">\n<figure class=\"article-figure \">\n<img loading=\"lazy\" decoding=\"async\" class=\"article-figure-img\" src=\"data:image\/gif;base64,R0lGODlhAgABAPAAAAAAAAAAACH5BAEAAAAAIf8LSW1hZ2VNYWdpY2sNZ2FtbWE9MC40NTQ1NQAsAAAAAAIAAQAAAgIECgA7\" data-src=\"https:\/\/fr.web.img4.acsta.net\/newsv7\/21\/12\/07\/17\/04\/00623300.jpg\" width=\"640\" height=\"320\"\/><br \/>\n<span class=\"article-figcaption-copy\">Carlotta Films\/Walt Disney Germany<\/span><br \/>\n<\/figure>\n<\/div>\n<p class=\"longread-slide-text\">Dans le film de Robert Wise, l&rsquo;actrice portoricaine\u00a0<a title=\"Rita Moreno (Porto Rico) (Acteur,Producteur d\u00e9l\u00e9gu\u00e9)\" href=\"http:\/\/www.allocine.fr\/personne\/fichepersonne_gen_cpersonne=2618.html\">Rita Moreno<\/a> incarne le r\u00f4le d&rsquo;Anita, la compagne du fr\u00e8re de Maria, pour lequel elle est r\u00e9compens\u00e9e de l&rsquo;Oscar de la Meilleure actrice dans un second r\u00f4le en 1962. Elle devient ensuite un personnage r\u00e9current de la s\u00e9rie carc\u00e9rale\u00a0<a title=\"Oz (U.S.A.) (Drame)\" href=\"http:\/\/www.allocine.fr\/series\/ficheserie_gen_cserie=92.html\">Oz<\/a> \u00e0 partir de 1997 dans le r\u00f4le de Sister Pete, une religieuse oeuvrant aupr\u00e8s des prisonniers.<\/p>\n<p>Productrice ex\u00e9cutive sur le film de Spielberg, elle se voit \u00e9galement offrir un r\u00f4le in\u00e9dit par le r\u00e9alisateur : celui de Valentina, la veuve de Doc, en lieu et place du personnage incarn\u00e9 par\u00a0<a title=\"Ned Glass (U.S.A.) (Acteur)\" href=\"http:\/\/www.allocine.fr\/personne\/fichepersonne_gen_cpersonne=11146.html\">Ned Glass<\/a> dans la version de 1961.<\/p>\n<p>Le r\u00f4le d&rsquo;Anita est quant \u00e0 lui repris par la danseuse et com\u00e9dienne <a title=\"Ariana DeBose (U.S.A.) (Acteur)\" href=\"http:\/\/www.allocine.fr\/personne\/fichepersonne_gen_cpersonne=797771.html\">Ariana DeBose<\/a>, r\u00e9v\u00e9l\u00e9e dans la com\u00e9die musicale\u00a0<a title=\"Hamilton (U.S.A.) - 2020 (Historique,Musical,Biopic)\" href=\"http:\/\/www.allocine.fr\/film\/fichefilm_gen_cfilm=253979.html\">Hamilton<\/a> sur Disney+ et le film\u00a0<a title=\"The Prom (U.S.A.) - 2020 (Com\u00e9die musicale,Romance)\" href=\"http:\/\/www.allocine.fr\/film\/fichefilm_gen_cfilm=275230.html\">The Prom<\/a> de Ryan Murphy en 2019.<\/p>\n<\/div>\n<div class=\"longread-block\">\n<h2 class=\"longread-slide-title\">George Chakiris\/David Alvarez (Bernardo)<\/h2>\n<div class=\"article-figure-holder\">\n<figure class=\"article-figure \">\n<img loading=\"lazy\" decoding=\"async\" class=\"article-figure-img\" src=\"data:image\/gif;base64,R0lGODlhAgABAPAAAAAAAAAAACH5BAEAAAAAIf8LSW1hZ2VNYWdpY2sNZ2FtbWE9MC40NTQ1NQAsAAAAAAIAAQAAAgIECgA7\" data-src=\"https:\/\/fr.web.img6.acsta.net\/newsv7\/21\/12\/07\/17\/04\/00732500.jpg\" width=\"640\" height=\"320\"\/><br \/>\n<span class=\"article-figcaption-copy\">Carlotta Films\/Walt Disney Germany<\/span><br \/>\n<\/figure>\n<\/div>\n<p class=\"longread-slide-text\">Dns le film de Robert Wise, l&rsquo;acteur\u00a0<a title=\"George Chakiris (U.S.A.) (Acteur)\" href=\"http:\/\/www.allocine.fr\/personne\/fichepersonne_gen_cpersonne=1537.html\">George Chakiris<\/a> remporte l&rsquo;Oscar du meilleur second r\u00f4le pour son interpr\u00e9tation du personnage de Bernardo, le leader du gang des Sharks.<\/p>\n<p>Dans un souci de diversit\u00e9 et de repr\u00e9sentation envers la communaut\u00e9 portoricaine, Spielberg a tenu \u00e0 ce que les Sharks soient incarn\u00e9s par des acteurs d&rsquo;origine latino-am\u00e9ricaine dans son adaptation. \u00ab\u00a0Sur sc\u00e8ne, les com\u00e9diens n\u2019\u00e9taient g\u00e9n\u00e9ralement pas hispaniques, et dans le film de 1961, (&#8230;) beaucoup de ceux qui incarnaient les Portoricains sont blancs. Je voulais faire un casting authentique, m\u2019assurer que les acteurs jouant les gar\u00e7ons et les filles des Sharks seraient \u00e0 100 % Latinos.\u00a0\u00bb <\/p>\n<p>C&rsquo;est donc \u00e0 l&rsquo;acteur et danseur canadien <a title=\"David Alvarez (Canada) (Compositeur,Acteur)\" href=\"http:\/\/www.allocine.fr\/personne\/fichepersonne_gen_cpersonne=900860.html\">David Alvarez <\/a>qu&rsquo;est revenu le r\u00f4le de Bernardo, r\u00e9v\u00e9l\u00e9 dans une production de la com\u00e9die musicale Billy Eliott \u00e0 Broadway en 2008. Cette ann\u00e9e, il figure \u00e9galement au casting de la s\u00e9rie Showtime <a title=\"American Rust (U.S.A.) (Drame,Policier)\" href=\"http:\/\/www.allocine.fr\/series\/ficheserie_gen_cserie=22975.html\">American Rust<\/a>.<\/p>\n<\/div>\n<div class=\"longread-block\">\n<h2 class=\"longread-slide-title\">Russ Tamblyn\/Mike Faist (Riff)<\/h2>\n<div class=\"article-figure-holder\">\n<figure class=\"article-figure \">\n<img loading=\"lazy\" decoding=\"async\" class=\"article-figure-img\" src=\"data:image\/gif;base64,R0lGODlhAgABAPAAAAAAAAAAACH5BAEAAAAAIf8LSW1hZ2VNYWdpY2sNZ2FtbWE9MC40NTQ1NQAsAAAAAAIAAQAAAgIECgA7\" data-src=\"https:\/\/fr.web.img4.acsta.net\/newsv7\/21\/12\/07\/17\/04\/00841700.jpg\" width=\"640\" height=\"320\"\/><br \/>\n<span class=\"article-figcaption-copy\">Carlotta Films\/Walt Disney Germany<\/span><br \/>\n<\/figure>\n<\/div>\n<p class=\"longread-slide-text\">Apr\u00e8s Richard Beymer, c&rsquo;est un autre acteur r\u00e9current de Twin Peaks qui incarne l&rsquo;un des membres des Jets : <a title=\"Russ Tamblyn (U.S.A.) (Acteur,Sc\u00e9nariste)\" href=\"http:\/\/www.allocine.fr\/personne\/fichepersonne_gen_cpersonne=3220.html\">Russ Tamblyn<\/a>, l&rsquo;iconique Dr Jacoby, tient ici le r\u00f4le de Riff, leader du gang d&rsquo;Am\u00e9ricains d&rsquo;origine polonaise, irlandaise et italienne oppos\u00e9 aux Sharks.<\/p>\n<p>Dans le film de 2021, c&rsquo;est <a title=\"Mike Faist (U.S.A.) (Acteur)\" href=\"http:\/\/www.allocine.fr\/personne\/fichepersonne_gen_cpersonne=673550.html\">Mike Faist<\/a>, acteur et chanteur am\u00e9ricain \u00e9galement issu de la sc\u00e8ne \u00e0 Broadway qui reprend le r\u00f4le de Riff. Nomin\u00e9 aux Tony Awards pour sa prestation dans la com\u00e9die musicale Dear Evan Hansen en 2017, il appara\u00eet ensuite dans la s\u00e9rie horrifique\u00a0<a title=\"Panic (U.S.A.) (Drame,Thriller,Aventure)\" href=\"http:\/\/www.allocine.fr\/series\/ficheserie_gen_cserie=24089.html\">Panic<\/a> en 2021 et au cin\u00e9ma dans\u00a0<a title=\"Wildling (U.S.A.,Allemagne,Su\u00e8de,Ukraine) - 2018 (Fantastique,Drame)\" href=\"http:\/\/www.allocine.fr\/film\/fichefilm_gen_cfilm=262515.html\">Wilding<\/a> aux c\u00f4t\u00e9s de Liv Tyler.<\/p>\n<\/div>\n<div class=\"longread-block\">\n<h2 class=\"longread-slide-title\">Simon Oakland\/Corey Stoll (Lieutenant Schrank)<\/h2>\n<div class=\"article-figure-holder\">\n<figure class=\"article-figure \">\n<img loading=\"lazy\" decoding=\"async\" class=\"article-figure-img\" src=\"data:image\/gif;base64,R0lGODlhAgABAPAAAAAAAAAAACH5BAEAAAAAIf8LSW1hZ2VNYWdpY2sNZ2FtbWE9MC40NTQ1NQAsAAAAAAIAAQAAAgIECgA7\" data-src=\"https:\/\/fr.web.img5.acsta.net\/newsv7\/21\/12\/07\/17\/11\/43319900.jpg\" width=\"640\" height=\"320\"\/><br \/>\n<span class=\"article-figcaption-copy\">Carlotta Films\/Walt Disney Germany<\/span><br \/>\n<\/figure>\n<\/div>\n<p class=\"longread-slide-text\">Ayant marqu\u00e9 la t\u00e9l\u00e9vision am\u00e9ricaine avec le personnage du g\u00e9n\u00e9ral Thomas Moore dans la s\u00e9rie <a title=\"Les T\u00eates Br\u00fbl\u00e9es (U.S.A.) (Drame,Action,Aventure,Guerre)\" href=\"http:\/\/www.allocine.fr\/series\/ficheserie_gen_cserie=695.html\">Les T\u00eates br\u00fbl\u00e9es<\/a>, <a title=\"Simon Oakland (U.S.A.) (Acteur)\" href=\"http:\/\/www.allocine.fr\/personne\/fichepersonne_gen_cpersonne=39282.html\">Simon Oakland<\/a>, qui a \u00e9galement donn\u00e9 la r\u00e9plique \u00e0 Steve McQueen dans le long-m\u00e9trage <a title=\"La Canonni\u00e8re du Yang-Tse (U.S.A.) - 1966 (Drame,Guerre)\" href=\"http:\/\/www.allocine.fr\/film\/fichefilm_gen_cfilm=3926.html\">La Cannoni\u00e8re du Yang-Ts\u00e9<\/a>,\u00a0<span class=\"ACrL3BACrlcnNvbm5lL2ZpY2hlcGVyc29ubmVfZ2VuX2NwZXJzb25uZT0zOTI4Mi5odG1s\" title=\"Simon Oakland (U.S.A.) (Acteur)\">Simon Oakland<\/span> pr\u00eate ses traits au lieutenant de police Schrank, qui peine \u00e0 r\u00e9tablir l&rsquo;ordre dans les quartiers de New York o\u00f9 s&rsquo;affrontent les deux gangs rivaux.<br \/>\nDans cette nouvelle adaptation, il est incarn\u00e9 par l&rsquo;acteur <a title=\"Corey Stoll (U.S.A.) (Acteur)\" href=\"http:\/\/www.allocine.fr\/personne\/fichepersonne_gen_cpersonne=126165.html\">Corey Stoll<\/a>, remarqu\u00e9 en 2013 dans la saison 1 d&rsquo;<a title=\"House of Cards (U.S.A.) (Drame,Thriller)\" href=\"http:\/\/www.allocine.fr\/series\/ficheserie_gen_cserie=7663.html\">House of Cards<\/a>, puis dans de nombreuses s\u00e9ries comme <a title=\"The Strain (U.S.A.) (Epouvante-horreur,Drame,Thriller)\" href=\"http:\/\/www.allocine.fr\/series\/ficheserie_gen_cserie=11467.html\">The Strain<\/a>,\u00a0<a title=\"The Deuce (U.S.A.) (Drame)\" href=\"http:\/\/www.allocine.fr\/series\/ficheserie_gen_cserie=19617.html\">The Deuce<\/a> et <a title=\"Billions (U.S.A.) (Drame)\" href=\"http:\/\/www.allocine.fr\/series\/ficheserie_gen_cserie=17408.html\">Billions<\/a>. Au cin\u00e9ma, il incarne \u00e9galement le nemesis de\u00a0<a title=\"Ant-Man (U.S.A.,Grande-Bretagne) - 2015 (Action,Science fiction)\" href=\"http:\/\/www.allocine.fr\/film\/fichefilm_gen_cfilm=130438.html\">Ant-Man<\/a> dans le premier volet de la saga Marvel.<\/p>\n<\/div>\n<div class=\"longread-block\">\n<h2 class=\"longread-slide-title\">Ned Glass\/Rita Moreno (Doc\/Valentina)<\/h2>\n<div class=\"article-figure-holder\">\n<figure class=\"article-figure \">\n<img loading=\"lazy\" decoding=\"async\" class=\"article-figure-img\" src=\"data:image\/gif;base64,R0lGODlhAgABAPAAAAAAAAAAACH5BAEAAAAAIf8LSW1hZ2VNYWdpY2sNZ2FtbWE9MC40NTQ1NQAsAAAAAAIAAQAAAgIECgA7\" data-src=\"https:\/\/fr.web.img2.acsta.net\/newsv7\/21\/12\/08\/11\/37\/06433010.jpg\" width=\"640\" height=\"320\"\/><br \/>\n<span class=\"article-figcaption-copy\">Carlotta Films\/Walt Disney Germany<\/span><br \/>\n<\/figure>\n<\/div>\n<p class=\"longread-slide-text\">Pour adapter West Side Story aujourd&rsquo;hui, Steven Spielberg et son sc\u00e9nariste, <a title=\"Tony Kushner (U.S.A.) (Sc\u00e9nariste,Acteur,D'apr\u00e8s l'oeuvre de)\" href=\"http:\/\/www.allocine.fr\/personne\/fichepersonne_gen_cpersonne=98587.html\">Tony Kushner<\/a>, ont eu l&rsquo;id\u00e9e de repenser enti\u00e8rement le personnage de Doc, le pharmacien et confident de Tony interpr\u00e9t\u00e9 par\u00a0<span class=\"ACrL3BACrlcnNvbm5lL2ZpY2hlcGVyc29ubmVfZ2VuX2NwZXJzb25uZT0xMTE0Ni5odG1s\" title=\"Ned Glass (U.S.A.) (Acteur)\">Ned Glass<\/span> en 1961.<\/p>\n<p>Voulant d\u00e8s le d\u00e9part confier un r\u00f4le \u00e0 <span class=\"ACrL3BACrlcnNvbm5lL2ZpY2hlcGVyc29ubmVfZ2VuX2NwZXJzb25uZT0yNjE4Lmh0bWw=\" title=\"Rita Moreno (Porto Rico) (Acteur,Producteur d\u00e9l\u00e9gu\u00e9)\">Rita Moreno<\/span>, l&rsquo;actrice qui jouait Anita dans le film de Robert Wise (et l&rsquo;une des seules membres du casting \u00e0 avoir remport\u00e9 de nombreux prix), ils ont alors imagin\u00e9 que Doc serait remplac\u00e9 par sa veuve, Valentina, une portoricaine qui prend Tony sous son aile \u00e0 sa sortie de prison et ayant h\u00e9rit\u00e9 de sa pharmacie.\u00a0<\/p>\n<p>\u00ab\u00a0Rita s\u2019est \u00e9norm\u00e9ment impliqu\u00e9e dans la production, non seulement en tant qu\u2019actrice incarnant Valentina (&#8230;) mais aussi en tant que productrice d\u00e9l\u00e9gu\u00e9e\u00a0\u00bb, confie le r\u00e9alisateur. \u00ab\u00a0Elle a une perspective tout \u00e0 fait unique et sa pr\u00e9sence jette un pont entre les g\u00e9n\u00e9rations\u00a0; elle repr\u00e9sente un lien vivant entre le film original et le n\u00f4tre.\u00a0\u00bb<\/p>\n<\/div>\n<\/div>\n<p>[ad_2]<br \/>\n<br \/><a href=\"http:\/\/www.allocine.fr\/diaporamas\/cinema\/diaporama-18704980\/\">Source link <\/a><\/p>\n","protected":false},"excerpt":{"rendered":"<p>[ad_1] A l&rsquo;occasion de la sortie en salles du nouveau film de Steven Spielberg, qui redonne vie \u00e0 la c\u00e9l\u00e8bre &hellip; <a href=\"http:\/\/www.affinite.fr\/index.php\/2021\/12\/08\/west-side-story-a-quoi-ressemblent-les-acteurs-du-film-original\/\" class=\"more-link\">Plus <span class=\"screen-reader-text\">West Side Story : \u00e0 quoi ressemblent les acteurs du film original ?<\/span> <span class=\"meta-nav\">&rarr;<\/span><\/a><\/p>\n","protected":false},"author":1,"featured_media":7179,"comment_status":"open","ping_status":"open","sticky":false,"template":"","format":"standard","meta":{"_sitemap_exclude":false,"_sitemap_priority":"","_sitemap_frequency":"","footnotes":""},"categories":[1],"tags":[],"class_list":["post-7178","post","type-post","status-publish","format-standard","has-post-thumbnail","hentry","category-tous"],"_links":{"self":[{"href":"http:\/\/www.affinite.fr\/index.php\/wp-json\/wp\/v2\/posts\/7178"}],"collection":[{"href":"http:\/\/www.affinite.fr\/index.php\/wp-json\/wp\/v2\/posts"}],"about":[{"href":"http:\/\/www.affinite.fr\/index.php\/wp-json\/wp\/v2\/types\/post"}],"author":[{"embeddable":true,"href":"http:\/\/www.affinite.fr\/index.php\/wp-json\/wp\/v2\/users\/1"}],"replies":[{"embeddable":true,"href":"http:\/\/www.affinite.fr\/index.php\/wp-json\/wp\/v2\/comments?post=7178"}],"version-history":[{"count":0,"href":"http:\/\/www.affinite.fr\/index.php\/wp-json\/wp\/v2\/posts\/7178\/revisions"}],"wp:featuredmedia":[{"embeddable":true,"href":"http:\/\/www.affinite.fr\/index.php\/wp-json\/wp\/v2\/media\/7179"}],"wp:attachment":[{"href":"http:\/\/www.affinite.fr\/index.php\/wp-json\/wp\/v2\/media?parent=7178"}],"wp:term":[{"taxonomy":"category","embeddable":true,"href":"http:\/\/www.affinite.fr\/index.php\/wp-json\/wp\/v2\/categories?post=7178"},{"taxonomy":"post_tag","embeddable":true,"href":"http:\/\/www.affinite.fr\/index.php\/wp-json\/wp\/v2\/tags?post=7178"}],"curies":[{"name":"wp","href":"https:\/\/api.w.org\/{rel}","templated":true}]}}