{"id":7176,"date":"2021-12-07T18:54:44","date_gmt":"2021-12-07T18:54:44","guid":{"rendered":"https:\/\/www.affinite.fr\/index.php\/2021\/12\/07\/jai-toujours-eu-un-sentiment-dinjustice\/"},"modified":"2021-12-07T18:54:44","modified_gmt":"2021-12-07T18:54:44","slug":"jai-toujours-eu-un-sentiment-dinjustice","status":"publish","type":"post","link":"http:\/\/www.affinite.fr\/index.php\/2021\/12\/07\/jai-toujours-eu-un-sentiment-dinjustice\/","title":{"rendered":"\u00ab\u00a0J&rsquo;ai toujours eu un sentiment d&rsquo;injustice\u00a0\u00bb"},"content":{"rendered":"<p> [ad_1]<br \/>\n<\/p>\n<p>\n                Fran\u00e7oise Fabian joue avec app\u00e9tit dans \u00ab\u00a0Rose\u00a0\u00bb d&rsquo;Aur\u00e9lie Saada, au cin\u00e9ma le 8\u00a0d\u00e9cembre. L&rsquo;actrice de 88\u00a0ans y incarne une femme dix ans de moins qui retrouve plaisir \u00e0 vivre, \u00e0 go\u00fbter les rencontres et les petits bonheurs du quotidien \u00e0 la mort de son \u00e9poux. La com\u00e9dienne \u00e0 la m\u00e8che blanche y est radieuse, \u00e9mouvante et rebelle \u00e0 sa mani\u00e8re. Rencontre avec une audacieuse.            <\/p>\n<div>\n<p>\u00ab\u00a0<em>Qu&rsquo;est-ce que vous voulez savoir\u00a0?<\/em>\u00a0\u00bb La voix et le regard sont\u00a0aussi limpides\u00a0que la question. Fran\u00e7oise Fabian, \u00e0 l&rsquo;affiche de <strong><em><a href=\"https:\/\/www.journaldesfemmes.fr\/loisirs\/cinema\/rose\/\" title=\"Rose\">Rose<\/a><\/em> d&rsquo;Aur\u00e9lie Saada le 8 d\u00e9cembre<\/strong>, sort de la projection de <em>L&rsquo;Ev\u00e9nement<\/em>\u00a0quand nous la rencontrons au Festival International du Film de Saint-Jean-de-Luz. La signataire\u00a0du\u00a0<strong>Manifeste des 343<\/strong>\u00a0avoue\u00a0\u00eatre chamboul\u00e9e par ce drame sur\u00a0un avortement clandestin dans les ann\u00e9es 60. Une troublante r\u00e9miniscence pour celle qui s&rsquo;est si f\u00e9rocement battue aupr\u00e8s de Simone Veil. \u00ab\u00a0<em>Ce film me rappelle tellement de souvenirs que \u00e7a m&rsquo;a mise un peu KO&#8230;<\/em>\u00ab\u00a0, l\u00e2che-t-elle. A <strong>88\u00a0ans<\/strong>, Fran\u00e7oise Fabian n&rsquo;a plus rien \u00e0 prouver. Depuis 65\u00a0ans, l&rsquo;\u00e9cran et les planches\u00a0ne cessent de r\u00e9v\u00e9ler son talent.\u00a0Ses yeux, ses engagements et sa verve disent le reste : cette\u00a0d\u00e9termination\u00a0farouchement ancr\u00e9e en elle.\u00a0Au cours de l&rsquo;entretien, plusieurs personnes s&rsquo;arr\u00eatent pour la complimenter sur son parcours et son film, <em>Rose <\/em>donc. Toutes ont fait le parall\u00e8le entre le\u00a0personnage de septuag\u00e9naire d\u00e9cid\u00e9e \u00e0\u00a0croquer la vie\u00a0\u00e0 pleines dents et l&rsquo;<strong>actrice f\u00e9tiche de la Nouvelle Vague<\/strong>. L&rsquo;\u00e9nergie de la com\u00e9dienne et celle\u00a0de son double fictif se valent. Les punchlines pr\u00eates \u00e0 jaillir chez Fran\u00e7oise Fabian sont aussi affut\u00e9es\u00a0que chez cette veuve en pleine \u00e9mancipation. \u00ab\u00a0<em>Vous nous donnez envie de vieillir<\/em>\u00ab\u00a0, lui glisse l&rsquo;une de ses admiratrices. R\u00e9ponse de l&rsquo;int\u00e9ress\u00e9e : \u00ab\u00a0<em>Pourquoi vieillir ? De vivre !<\/em>\u00a0\u00bb Conversation sur le m\u00eame ton.<\/p>\n<p><strong>Qu&rsquo;est-ce qui vous a plu dans <em>Rose<\/em>\u00a0?<\/strong><br \/><strong>Fran\u00e7oise Fabian <\/strong>: C&rsquo;est un parcours de femme extraordinaire, mais c&rsquo;est en r\u00e9alit\u00e9 un film beaucoup plus large, qui concerne tout le monde. J&rsquo;ai tout de suite dit \u00ab\u00a0oui\u00a0\u00bb \u00e0 Aur\u00e9lie Saada car on ne refuse pas un r\u00f4le comme \u00e7a. Rose est une bonne \u00e9pouse, une bonne m\u00e8re. Quand elle perd son mari, elle n&rsquo;a plus aucun int\u00e9r\u00eat \u00e0 vivre, elle se laisse aller. Et puis un beau jour, au cours d&rsquo;une r\u00e9ception avec des jeunes o\u00f9 elle ne pense\u00a0pas avoir sa place, elle voit une femme plus \u00e2g\u00e9e qu&rsquo;elle\u00a0qui remue tout \u00e7a. Elle r\u00e9alise que la vie ne s&rsquo;arr\u00eate pas parce que les choses changent. Pourquoi stopperait-elle\u00a0face aux \u00e9preuves\u00a0? Quand on perd quelqu&rsquo;un, on est d\u00e9sesp\u00e9r\u00e9, mais on continue \u00e0\u00a0avancer.<\/p>\n<div style=\"text-align:center\">\n<figure class=\"image\" style=\"display:inline-block\"><img decoding=\"async\" alt=\"\" src=\"https:\/\/img-3.journaldesfemmes.fr\/SrrgvTd4YYfVwnS9Hggq4mAV6mk=\/600x\/smart\/e4f401d6f310498dbce7b69cae440432\/ccmcms-jdf\/30090188.jpg\"\/><figcaption data-credit=\"Silex Films - Germaine Films - Apollo Films\" data-legend=\"Fran\u00e7oise Fabian dans &quot;Rose&quot;\">Fran\u00e7oise Fabian dans \u00ab\u00a0Rose\u00a0\u00bb <small>\u00a9\u00a0Silex Films &#8211; Germaine Films &#8211; Apollo Films<\/small><\/figcaption><\/figure>\n<\/div>\n<p><b>Rose retrouve plaisir \u00e0 vivre, mais ses enfants ne voient pas d&rsquo;un bon \u0153il cette renaissance. \u00c7a en dit long sur notre regard sur la vieillesse&#8230;<\/b><br \/><strong>Fran\u00e7oise Fabian <\/strong>: C&rsquo;est en \u00e7a que c&rsquo;est un beau film. D&rsquo;abord, ses enfants\u00a0la critiquent parce qu&rsquo;ils ne supportent pas qu&rsquo;elle se n\u00e9glige. C&rsquo;\u00e9tait une femme assez belle, rieuse et\u00a0g\u00e9n\u00e9reuse. Quand elle r\u00e9alise\u00a0qu&rsquo;elle est encore vivante, qu&rsquo;il n&rsquo;y a aucune raison de faire honte \u00e0 cette famille,\u00a0elle redevient presque une jeune fille. Il y a cette cassure. On s&rsquo;occupe de son corps, elle trouve \u00e7a d\u00e9licieux et elle continue dans cette voie&#8230;\u00a0Elle se sent coupable, elle se trouve nulle et puis elle danse avec ce gar\u00e7on tr\u00e8s charmant, jou\u00e9 par Pascal Elb\u00e9, pour d\u00e9couvrir qu&rsquo;elle est encore une femme et que ce n&rsquo;est pas fini pour elle. Jusqu&rsquo;\u00e0 dire \u00ab\u00a0<em>oui je suis vieille, mais je ne suis pas morte<\/em>\u00ab\u00a0!<\/p>\n<p><b>Ce jeu de\u00a0s\u00e9duction entre\u00a0Pascal Elb\u00e9 et vous est une sc\u00e8ne rare entre un personnage f\u00e9minin\u00a0de 78 ans et un homme dans la cinquantaine. En tant qu&rsquo;actrice, y avait-il\u00a0quelque chose de politique \u00e0 la jouer ?<\/b><br \/><strong>Fran\u00e7oise Fabian <\/strong>: Tout \u00e0 fait, c&rsquo;est un peu r\u00e9volutionnaire (<em>rire<\/em>)\u00a0! Pourquoi les femmes devraient-elles\u00a0\u00eatre des rebuts \u00e0 partir d&rsquo;un certain \u00e2ge\u00a0? Elles ont fait des enfants, elles ont accompli leur devoir, elles ont tenu une famille et c&rsquo;est fini pour elles? Non! C&rsquo;est bien de le montrer. L&rsquo;apparence\u00a0prime toujours, mais la vie, ce n&rsquo;est pas seulement l&rsquo;aspect ext\u00e9rieur.<\/p>\n<blockquote>\n<p><em>\u00ab\u00a0Pour bien vieillir, il faut savoir ce qui se passe ailleurs\u00a0\u00bb<\/em><\/p>\n<\/blockquote>\n<p><b>Selon vous, \u00ab\u00a0<em>il faut \u00eatre honn\u00eate pour bien vieillir<\/em>\u00ab\u00a0. Qu&rsquo;entendez-vous par l\u00e0\u00a0?<\/b><br \/><strong>Fran\u00e7oise Fabian <\/strong>: Je veux dire qu&rsquo;il\u00a0faut voir les choses d&rsquo;une fa\u00e7on \u00e9quilibr\u00e9e. C&rsquo;est politique. Il faut \u00eatre lucide. Pour bien vieillir, il faut savoir ce qui se passe ailleurs, conna\u00eetre la mis\u00e8re qu&rsquo;il y a dans le monde, se tourner vers des choses qui ne nous concernent pas seulement nous-m\u00eames.\u00a0Je regarde la vie, les gens. Il faut \u00eatre inform\u00e9 pour avoir conscience de ce qui nous attend et en m\u00eame temps, il faut vivre pleinement\u00a0parce que \u00e7a en vaut la peine.<\/p>\n<p><b>Apr\u00e8s toutes ces ann\u00e9es, quel est le rapport que vous entretenez avec la cam\u00e9ra\u00a0?<\/b><br \/><strong>Fran\u00e7oise Fabian <\/strong>: Je ne sais pas. L\u00e0, c&rsquo;\u00e9tait \u00e9vident. J&rsquo;ai\u00a0jou\u00e9 ce personnage\u00a0avec beaucoup d&rsquo;amour et de libert\u00e9. Aur\u00e9lie\u00a0m&rsquo;a offert ce r\u00f4le sur un plateau, mais je l&rsquo;ai aussi fait mien. J&rsquo;y ai apport\u00e9 des choses que j&rsquo;avais envie de faire. Pour une sc\u00e8ne, je me suis mise \u00e0 cuisiner en chantant en arabe. J&rsquo;ai eu\u00a0confiance en elle. Elle a du talent, une force consid\u00e9rable. On \u00e9tait tous tr\u00e8s mobilis\u00e9s, peut-\u00eatre parce que le danger de la maladie r\u00f4dait autour de nous pendant ce tournage apr\u00e8s le confinement. Il n&rsquo;y avait pas de temps \u00e0 perdre.<\/p>\n<p><strong>Les cin\u00e9astes avec lesquels vous avez travaill\u00e9\u00a0ont-ils vu des choses en vous dont vous n&rsquo;aviez pas conscience\u00a0?<\/strong><br \/><strong>Fran\u00e7oise Fabian <\/strong>: Dans tous mes films, j&rsquo;ai donn\u00e9\u00a0de ma personne. \u00c0\u00a0chaque fois qu&rsquo;on m&rsquo;a propos\u00e9\u00a0un r\u00f4le, c&rsquo;est parce qu&rsquo;on cherchait quelque chose de moi. On savait ce que je pouvais faire. Cela n&rsquo;a jamais \u00e9t\u00e9 des choses dont je n&rsquo;avais pas conscience, mais j&rsquo;\u00e9tais contente que les r\u00e9alisateurs devinent certains de mes aspects.<\/p>\n<p><b>Y a-t-il un r\u00f4le que vous n&rsquo;avez jamais jou\u00e9\u00a0?<\/b><br \/><strong>Fran\u00e7oise Fabian <\/strong>: J&rsquo;ai rat\u00e9 ma vie de com\u00e9dienne parce que je n&rsquo;ai jamais jou\u00e9 ni Tchekhov\u00a0ni Shakespeare. Il me manque vraiment quelque chose. L\u00e0, tout de suite, je fais\u00a0le v\u0153u de jouer <em>Les Trois S\u0153urs<\/em> de Tchekhov au th\u00e9\u00e2tre !<\/p>\n<p><b>La c\u00e9l\u00e9brit\u00e9 vous a-t-elle d\u00e9j\u00e0\u00a0d\u00e9rang\u00e9e\u00a0?<\/b><br \/><strong>Fran\u00e7oise Fabian <\/strong>: Quelque fois&#8230; \u00c7a d\u00e9pend, on peut tomber sur des imb\u00e9ciles (<em>rire<\/em>), mais quand les gens sont gentils, accueillants et qu&rsquo;ils aiment votre travail, c&rsquo;est plaisant. Un p\u00e2tissier\u00a0a envie que l&rsquo;on savoure ses g\u00e2teaux. Quand on fait bien son m\u00e9tier, on travaille beaucoup\u00a0pour \u00eatre appr\u00e9ci\u00e9. Il y a d&rsquo;ailleurs des choses qu&rsquo;il faut <a href=\"http:\/\/www.affinite.fr\/index.php\/2022\/11\/09\/formation-de-glacier-apprenez-le-metier-de-glacier-et-changez-votre-vie\/\">apprendre<\/a> aux jeunes com\u00e9diens. Ils ne savent pas parler, prononcer une phrase jusqu&rsquo;au bout\u00a0! Or, il n&rsquo;y a pas d&rsquo;art sans technique. De nos jours les gens arrivent, ils jouent la com\u00e9die, ils pr\u00e9sentent bien,\u00a0mais on ne comprend pas ce qu&rsquo;ils disent (<em>rire<\/em>).<\/p>\n<blockquote>\n<p><strong><em>\u00ab\u00a0J&rsquo;\u00e9tais compl\u00e8tement avant-gardiste\u00a0\u00bb<\/em><\/strong><\/p>\n<\/blockquote>\n<p><b>Comme Rose, vous \u00eates-vous d\u00e9j\u00e0 fix\u00e9 des interdits\u00a0?<\/b><br \/><strong>Fran\u00e7oise Fabian <\/strong>: On s&#8217;emp\u00eache de faire\u00a0des choses toute\u00a0la vie, qu&rsquo;on soit jeune ou pas, mais il n&rsquo;y a aucune raison de tout s&rsquo;interdire&#8230; m\u00eame quand on nous dit qu&rsquo;il ne faut pas le faire. Pourquoi ob\u00e9ir aux interdits politiques, aux interdits moraux\u00a0? Il suffit d&rsquo;\u00eatre honn\u00eate avec soi-m\u00eame.<\/p>\n<p><b>Dans les ann\u00e9es 60, vous disiez d\u00e9j\u00e0 que \u00e7a vous emb\u00eatait quand un\u00a0personnage\u00a0f\u00e9minin\u00a0n&rsquo;existait\u00a0que par ses relations aux hommes&#8230; Vous \u00e9tiez en avance sur votre temps\u00a0!<\/b><br \/><strong>Fran\u00e7oise Fabian <\/strong>: J&rsquo;\u00e9tais compl\u00e8tement avant-gardiste. J&rsquo;ai beaucoup milit\u00e9 au Planning Familial avec Simone Veil. J&rsquo;avais fait un grand discours quand il \u00e9tait question que la loi Veil soit \u00e9limin\u00e9e, je l&rsquo;ai beaucoup d\u00e9fendue. Je disais qu&rsquo;il fallait absolument que les femme se lib\u00e8rent, qu&rsquo;elles vivent leur vie, qu&rsquo;elles choisissent.<\/p>\n<p><b>D&rsquo;o\u00f9 vous vient cette envie de d\u00e9fendre les femmes, \u00e0 l&rsquo;\u00e9cran comme \u00e0 la ville\u00a0?<\/b><br \/><strong>Fran\u00e7oise Fabian <\/strong>: \u00c7a vient du fait que j&rsquo;ai regard\u00e9 les gens vivre jusqu&rsquo;\u00e0 en faire mon\u00a0analyse. J&rsquo;ai aussi\u00a0puis\u00e9 beaucoup dans la litt\u00e9rature. Il y a des phrases de Tolsto\u00ef\u00a0qui disent que sans les femmes, la vie n&rsquo;existerait pas, il n&rsquo;y aurait pas de soci\u00e9t\u00e9, il n&rsquo;y aurait rien. Tolsto\u00ef, d\u00e9j\u00e0, \u00e0 son \u00e9poque\u00a0! J&rsquo;ai toujours eu un sentiment d&rsquo;injustice. C&rsquo;\u00e9tait injuste que les femmes soient priv\u00e9es de leurs libert\u00e9s, de leurs choix&#8230; Ce qui me r\u00e9volte maintenant encore beaucoup, c&rsquo;est de voir des filles de 14\u00a0ans avorter ou de constater\u00a0une recrudescence du Sida, alors qu&rsquo;on a tout fait pour les prot\u00e9ger. Cela me rend malade.<\/p>\n<\/p><\/div>\n<p>[ad_2]<br \/>\n<br \/><a href=\"https:\/\/www.journaldesfemmes.fr\/loisirs\/cinema\/2764133-francoise-fabian-rose-actrice\/\">Source link <\/a><\/p>\n","protected":false},"excerpt":{"rendered":"<p>[ad_1] Fran\u00e7oise Fabian joue avec app\u00e9tit dans \u00ab\u00a0Rose\u00a0\u00bb d&rsquo;Aur\u00e9lie Saada, au cin\u00e9ma le 8\u00a0d\u00e9cembre. L&rsquo;actrice de 88\u00a0ans y incarne une &hellip; <a href=\"http:\/\/www.affinite.fr\/index.php\/2021\/12\/07\/jai-toujours-eu-un-sentiment-dinjustice\/\" class=\"more-link\">Plus <span class=\"screen-reader-text\">\u00ab\u00a0J&rsquo;ai toujours eu un sentiment d&rsquo;injustice\u00a0\u00bb<\/span> <span class=\"meta-nav\">&rarr;<\/span><\/a><\/p>\n","protected":false},"author":1,"featured_media":7177,"comment_status":"open","ping_status":"open","sticky":false,"template":"","format":"standard","meta":{"_sitemap_exclude":false,"_sitemap_priority":"","_sitemap_frequency":"","footnotes":""},"categories":[1],"tags":[],"class_list":["post-7176","post","type-post","status-publish","format-standard","has-post-thumbnail","hentry","category-tous"],"_links":{"self":[{"href":"http:\/\/www.affinite.fr\/index.php\/wp-json\/wp\/v2\/posts\/7176"}],"collection":[{"href":"http:\/\/www.affinite.fr\/index.php\/wp-json\/wp\/v2\/posts"}],"about":[{"href":"http:\/\/www.affinite.fr\/index.php\/wp-json\/wp\/v2\/types\/post"}],"author":[{"embeddable":true,"href":"http:\/\/www.affinite.fr\/index.php\/wp-json\/wp\/v2\/users\/1"}],"replies":[{"embeddable":true,"href":"http:\/\/www.affinite.fr\/index.php\/wp-json\/wp\/v2\/comments?post=7176"}],"version-history":[{"count":0,"href":"http:\/\/www.affinite.fr\/index.php\/wp-json\/wp\/v2\/posts\/7176\/revisions"}],"wp:featuredmedia":[{"embeddable":true,"href":"http:\/\/www.affinite.fr\/index.php\/wp-json\/wp\/v2\/media\/7177"}],"wp:attachment":[{"href":"http:\/\/www.affinite.fr\/index.php\/wp-json\/wp\/v2\/media?parent=7176"}],"wp:term":[{"taxonomy":"category","embeddable":true,"href":"http:\/\/www.affinite.fr\/index.php\/wp-json\/wp\/v2\/categories?post=7176"},{"taxonomy":"post_tag","embeddable":true,"href":"http:\/\/www.affinite.fr\/index.php\/wp-json\/wp\/v2\/tags?post=7176"}],"curies":[{"name":"wp","href":"https:\/\/api.w.org\/{rel}","templated":true}]}}