{"id":7172,"date":"2021-12-06T18:49:13","date_gmt":"2021-12-06T18:49:13","guid":{"rendered":"https:\/\/www.affinite.fr\/index.php\/2021\/12\/06\/quelles-mesures-pour-sauver-les-fetes-de-noel\/"},"modified":"2021-12-06T18:49:13","modified_gmt":"2021-12-06T18:49:13","slug":"quelles-mesures-pour-sauver-les-fetes-de-noel","status":"publish","type":"post","link":"http:\/\/www.affinite.fr\/index.php\/2021\/12\/06\/quelles-mesures-pour-sauver-les-fetes-de-noel\/","title":{"rendered":"quelles mesures pour \u00ab\u00a0sauver\u00a0\u00bb les f\u00eates de No\u00ebl\u00a0?"},"content":{"rendered":"<p> [ad_1]<br \/>\n<br \/><img decoding=\"async\" src=\"https:\/\/img-3.journaldesfemmes.fr\/wPfbyUGH3Vj-XyvEng_Hh4PaE1c=\/1280x\/smart\/8bd73b60fed343958aa318372d01afca\/ccmcms-jdf\/30056201.jpg\" \/><\/p>\n<p>\n                [NOEL 2021]. Pas de confinement ni de couvre-feu, mais un protocole sanitaire renforc\u00e9 \u00e0 l&rsquo;\u00e9cole et le renforcement du t\u00e9l\u00e9travail. Le pass sanitaire devra \u00eatre davantage contr\u00f4l\u00e9, notamment sur les march\u00e9s de No\u00ebl.            <\/p>\n<div>\n<aside class=\"ccmsummary marqueur_module ccmcss_cms_summary ccmcss_cms_summary--right\">\n<p>Sommaire<\/p>\n<\/aside>\n<h2 id=\"les-fetes-de-noel-sont-elles-en-danger\">Quelles mesures annonc\u00e9es pour \u00ab\u00a0sauver\u00a0\u00bb No\u00ebl ?<\/h2>\n<p><strong>[Mise \u00e0 jour du 6 d\u00e9cembre \u00e0 19h43]. <\/strong>Suite \u00e0 un\u00a0Conseil de d\u00e9fense sanitaire qui avait lieu ce lundi 6 d\u00e9cembre\u00a0\u00e0 l&rsquo;Elys\u00e9e, Olivier V\u00e9ran et Jean Castex ont annonc\u00e9 de nouvelles mesures pour lutter contre la 5e vague de <a href=\"https:\/\/sante.journaldesfemmes.fr\/fiches-maladies\/2605417-covid-19-france-coronavirus-chiffres-cas-annonces-nouvelles-mesure-gouvernementale-castex\/\" title=\"Covid-19\">Covid<\/a>.\u00a0L&rsquo;objectif d&rsquo;ici les f\u00eates de fin d&rsquo;ann\u00e9e : \u00ab\u00a0conserver et amplifier le bouclier vaccinal\u00a0\u00bb et ralentir le taux de transmission du virus.\u00a0<strong>\u00ab\u00a0L&rsquo;heure n&rsquo;est pas au couvre-feu, au confinement ni\u00a0aux jauges<\/strong>\u00ab\u00a0, a pr\u00e9cis\u00e9 Jean Castex, qui incite les Fran\u00e7ais \u00e0 se faire vacciner pour se prot\u00e9ger<strong>. Le <a href=\"https:\/\/www.journaldesfemmes.fr\/maman\/guide-des-parents\/2638931-protocole-sanitaire-a-l-ecole-les-mesures-au-primaire-college-et-lycee\/\" title=\"Protocole sanitaire \u00e0 l'\u00e9cole\">protocole sanitaire \u00e0 l&rsquo;\u00e9cole<\/a> passe au niveau 3<\/strong> pour les \u00e9coles primaires avec le port du masque obligatoire, d\u00e8s jeudi prochain, en int\u00e9rieur et en ext\u00e9rieur, y compris dans les cours de r\u00e9cr\u00e9ation, a pr\u00e9cis\u00e9 le Premier ministre.\u00a0En outre, la <strong>vaccination des 5-11 ans<\/strong> sera ouverte pour les enfants les plus fragiles d\u00e8s le 15 d\u00e9cembre. Le gouvernement attend les avis scientifiques concernant la vaccination des autres enfants, qui pourrait avoir lieu\u00a0 \u00ab\u00a0si possible d&rsquo;ici la fin de l&rsquo;ann\u00e9e\u00a0\u00bb, sur la base du volontariat. Parmi les autres mesures : le <strong>recours au <a href=\"https:\/\/sante.journaldesfemmes.fr\/fiches-sante-du-quotidien\/2664487-teletravail-covid-obligatoire-france-retour-definition-avantages-loi-inconvenient\/\" title=\"T\u00e9l\u00e9travailler\">t\u00e9l\u00e9travail<\/a>, 2 \u00e0 3 jours par semaine<\/strong> partout o\u00f9 cela est possible, et la limitation des r\u00e9unions en pr\u00e9sentiel, ainsi que la<strong> fermeture des discoth\u00e8ques,<\/strong> \u00e0 compter de vendredi pour 4\u00a0semaines, jusqu&rsquo;\u00e0 d\u00e9but janvier.\u00a0Enfin, en ce qui concerne les<strong> f\u00eates de fin d&rsquo;ann\u00e9e<\/strong>, le gouvernement appelle \u00e0 la responsabilit\u00e9 de chacun et au respect des gestes barri\u00e8res.\u00a0<strong>Les protocoles des march\u00e9s de No\u00ebl devront \u00e9galement \u00e9voluer<\/strong> sous la responsabilit\u00e9 des pr\u00e9fets \u00ab\u00a0pour que les conditions de consommation de produits alimentaires soient strictement encadr\u00e9es\u00a0\u00bb, avec le \u00ab\u00a0contr\u00f4le du pass sanitaire\u00a0\u00bb, pr\u00e9cise Jean Castex.\u00a0<\/p>\n<h2 id=\"les-fetes-de-noel-sont-elles-en-danger-1\">Les f\u00eates de No\u00ebl sont-elles en danger\u00a0?<\/h2>\n<p><strong>Les f\u00eates de No\u00ebl sont-elles \u00ab\u00a0en danger\u00a0\u00bb<\/strong> face \u00e0 la 5e vague de Covid et \u00e0 l&rsquo;arriv\u00e9e du nouveau <a href=\"https:\/\/sante.journaldesfemmes.fr\/fiches-maladies\/2761129-nouveau-variant-omicron-covid-france-nom-symptomes-cas-gravite-vaccin-efficace-virulent\/\" title=\"Variant B11529\">variant Omicron<\/a>\u00a0?\u00a0Pour l&rsquo;heure, le ministre de la Sant\u00e9 estime que \u00ab\u00a0<em><strong>nous avons\u00a0les moyens de faire en sorte que No\u00ebl se passe dans les meilleures conditions\u00a0\u00bb<\/strong>.\u00a0<\/em>Ce 2\u00a0d\u00e9cembre sur RMC, Gabriel Attal a\u00a0 lui aussi rassur\u00e9 les Fran\u00e7ais\u00a0: \u00ab\u00a0<em>Par d\u00e9finition, rien ne peut \u00eatre exclu. Mais <strong>aujourd&rsquo;hui, il n&rsquo;y a aucune raison de penser que les Fran\u00e7ais ne pourraient pas passer No\u00ebl en famille<\/strong><\/em>\u00ab\u00a0, a d\u00e9clar\u00e9\u00a0le porte-parole du gouvernement. Et gr\u00e2ce \u00e0 l&rsquo;acc\u00e9l\u00e9ration de la campagne vaccinale, selon lui, \u00ab\u00a0<em>avec les mesures qu&rsquo;on a mis en place,<strong> les f\u00eates ne seront pas en danger.\u00a0\u00bb <\/strong><\/em>Aussi, pour passer des f\u00eates de fin d&rsquo;ann\u00e9e \u00ab\u00a0\u00e0 peu pr\u00e8s normales\u00a0\u00bb, \u00ab\u00a0<em><strong>c&rsquo;est maintenant qu&rsquo;il faut agir, c&rsquo;est tout de suite\u00a0\u00bb,\u00a0<\/strong><\/em>avait d\u00e9clar\u00e9 le\u00a0directeur adjoint du Centre national de r\u00e9f\u00e9rence des virus respiratoires de <strong>l&rsquo;Institut Pasteur, Vincent Enouf<\/strong>, ce 1er d\u00e9cembre sur BFMTV.\u00a0\u00ab\u00a0<em><strong>No\u00ebl est en danger, oui.<\/strong> En tout cas, tous les hivers, il y a les virus respiratoires. Et donc on se retrouve dans une conformation compliqu\u00e9e avec le Sars-Cov 2\u00a0et d&rsquo;autres virus respiratoires. No\u00ebl en danger, j&rsquo;imagine que vous pensez au confinement, aux blocages des magasins, etc. \u00c7a, je ne peux pas vous le dire, mais en tous\u00a0cas, <strong>on a les armes, on a la surveillance<\/strong>, on a les moyens de limiter la diffusion du virus pour l&rsquo;instant\u00a0\u00bb,<\/em> a-t-il ajout\u00e9.\u00a0M\u00eame son de cloche du c\u00f4t\u00e9 du <strong>pr\u00e9sident du\u00a0Conseil scientifique qui insiste sur l&rsquo;importance des gestes barri\u00e8re.<span style=\"display: none;\">\u00a0<\/span>\u00a0<\/strong>\u00ab\u00a0<em>Les donn\u00e9es de l&rsquo;Institut Pasteur montrent que si on a une am\u00e9lioration de 10\u00a0\u00e0 20% des gestes barri\u00e8re (diminuer les contacts, continuer \u00e0 porter le masque, r\u00e9duire les rassemblements, utiliser plus l&rsquo;a\u00e9ration dans les pi\u00e8ces&#8230;), cela permet d&rsquo;avoir un impact sur le syst\u00e8me de soins (&#8230;)<strong> No\u00ebl n&rsquo;est pas en danger si nous faisons tous attention, <\/strong>\u00e0 la fois \u00e0 titre individuel mais aussi par les d\u00e9cideurs collectifs<\/em>\u00ab\u00a0, a expliqu\u00e9\u00a0Jean-Fran\u00e7ois Delfraissy ce 2\u00a0d\u00e9cembre sur <em>BFM TV.<\/em><\/p>\n<h2 id=\"noel-et-covid-quelles-regles-suivre\">No\u00ebl et Covid\u00a0: pas de confinement, quelles r\u00e8gles suivre\u00a0?<\/h2>\n<p>Emmanuel Macron avait confirm\u00e9 qu&rsquo;il n&rsquo;y aurait <strong>pas de confinement pour les personnes non-vaccin\u00e9es, <\/strong>comme en Autriche.\u00a0<em>\u00ab\u00a0Les pays qui confinent les non-vaccin\u00e9s sont ceux qui n&rsquo;ont pas mis en place le pass. Cette mesure n&rsquo;est donc pas n\u00e9cessaire en France\u00a0\u00bb<\/em> a assur\u00e9 le pr\u00e9sident. Le respect des gestes barri\u00e8re reste donc de rigueur pour passer les f\u00eates de No\u00ebl en famille. Un conseil de d\u00e9fense sanitaire a lieu ce 6 d\u00e9cembre pour d\u00e9cider de nouvelles mesures en France.<\/p>\n<h2 class=\"h2-like\" id=\"pourra-t-on-voyager-pour-les-fetes-de-noel-ou\">Pourra-t-on voyager pour les f\u00eates de No\u00ebl, o\u00f9\u00a0?<\/h2>\n<h2 id=\"quel-sera-le-montant-de-la-prime-de-noel-\">Quel est le montant de la prime de No\u00ebl 2021\u00a0?<\/h2>\n<p>Cette ann\u00e9e,<strong> la prime de No\u00ebl sera vers\u00e9e \u00e0 partir du 15\u00a0d\u00e9cembre 2021\u00a0<\/strong>aux m\u00e9nages les plus modestes.\u00a0Le montant ne change pas cette ann\u00e9e, mais il varie en fonction de votre situation et du nombre d&rsquo;enfants \u00e0 charge.\u00a0Aucune d\u00e9marche n&rsquo;est \u00e0 effectuer et cette prime n&rsquo;est pas imposable.\u00a0Qui peut en b\u00e9n\u00e9ficier, quels sont les <strong>montants de la prime de No\u00ebl<\/strong>\u00a0?\u00a0On vous dit tout\u00a0:<\/p>\n<h2 id=\"les-fetes-de-noel-sont-elles-en-danger-\">Les derni\u00e8res actus de No\u00ebl 2021<\/h2>\n<ul>\n<li><strong>La chanson de No\u00ebl d&rsquo;Ed Sheeran et d&rsquo;Elton John<\/strong>.\u00a0 Ed Sheeran et Elton John\u00a0ont d\u00e9voil\u00e9 ce 3 d\u00e9cembre sur YouTube leur duo dans\u00a0une chanson de No\u00ebl in\u00e9dite, intitul\u00e9e<strong> <em>Merry Christmas<\/em><\/strong>.\u00a0Les b\u00e9n\u00e9fices r\u00e9colt\u00e9s gr\u00e2ce \u00e0 la vente de ce titre\u00a0seront revers\u00e9s \u00e0 la Ed Sheeran Suffolk Music Foundation et \u00e0 la Elton John AIDS Foundation. Ed Sheeran donnera \u00e9galement le 13\u00a0d\u00e9cembre prochain \u00e0 Londres un concert caritatif, intitul\u00e9 \u00ab\u00a0Ed Sheeran&rsquo;s Merry Christmas Gathering\u00a0\u00bb. Les deux chanteurs parviendront-ils ainsi \u00e0 d\u00e9tr\u00f4ner l&rsquo;inoxydable chanson<strong> <em>All I Want for Christmas is You<\/em> de Mariah Carey <\/strong>? Rien n&rsquo;est moins s\u00fbr car selon <em>The Economist<\/em>,\u00a0ce titre a permis \u00e0 la diva de r\u00e9colter\u00a060\u00a0millions d&rsquo;euros\u00a0entre 1994\u00a0et 2018 !\u00a0En 2019, il a \u00e9t\u00e9 \u00e9lu la chanson la mieux class\u00e9e dans le Top 100\u00a0US durant les f\u00eates de fin d&rsquo;ann\u00e9e pour un artiste solo.<\/li>\n<\/ul>\n<p><iframe loading=\"lazy\" allow=\"accelerometer; autoplay; clipboard-write; encrypted-media; gyroscope; picture-in-picture\" allowfullscreen=\"\" frameborder=\"0\" height=\"315\" src=\"https:\/\/www.youtube.com\/embed\/Q_yuO8UNGmY\" title=\"YouTube video player\" width=\"560\"><\/iframe><\/p>\n<ul>\n<li><strong>Les Fran\u00e7ais inquiets avant les f\u00eates.<\/strong> Selon un sondage Ifop pour l&rsquo;association Dons solidaires, publi\u00e9 ce 2 d\u00e9cembre, pr\u00e8s de trois Fran\u00e7ais sur dix se disent \u00ab\u00a0attrist\u00e9s\u00a0\u00bb (29% des personnes interrog\u00e9es) ou \u00ab\u00a0inquiets\u00a0\u00bb (28%) concernant les f\u00eates de fin d&rsquo;ann\u00e9e.\u00a0Les personnes isol\u00e9es et\u00a0\u00e0 faibles revenus sont les plus habit\u00e9es\u00a0par ces sentiments n\u00e9gatifs, li\u00e9s notamment \u00e0 la perspective de <strong>passer le r\u00e9veillon seul<\/strong> (21%) ou de rencontrer des difficult\u00e9s pour finir le mois (53%).\u00a0<strong>57% des parents pr\u00e9voient ainsi\u00a0de se priver d&rsquo;autres achats<\/strong> (loisirs, v\u00eatements, alimentation\u2026) pour g\u00e2ter leurs enfants et 55% confient\u00a0pr\u00e9voir de plus petits cadeaux que ce qu&rsquo;ils aimeraient offrir.\u00a0Plus d&rsquo;un quart des parents (29%) entendent m\u00eame renoncer \u00e0 acheter des cadeaux, contre 20% l&rsquo;an dernier.<\/li>\n<li><strong>Un <a href=\"https:\/\/www.journaldesfemmes.fr\/jardin\/encyclopedie-des-plantes\/2534992-sapin\/\" title=\"Sapins\">sapin<\/a> de verre et d&rsquo;acier \u00e0 Bordeaux.<\/strong>\u00a0L&rsquo;an dernier, le\u00a0maire de Bordeaux, Pierre Hurmic,\u00a0avait \u00e9t\u00e9 critiqu\u00e9 pour avoir refus\u00e9\u00a0d&rsquo;installer <strong>un \u00ab\u00a0arbre mort\u00a0\u00bb pour les f\u00eates de fin d&rsquo;ann\u00e9e<\/strong>.\u00a0<em>\u00ab\u00a0Nous ne mettrons pas des arbres morts sur les places de la ville (\u2026) Ce n&rsquo;est pas du tout notre conception de la v\u00e9g\u00e9talisation\u00a0\u00bb <\/em>avait-il d\u00e9clar\u00e9 en septembre 2020.\u00a0Pour satisfaire ses habitants, il a\u00a0d\u00e9cid\u00e9 d&rsquo;installer<strong>\u00a0un sapin \u00ab\u00a0de verre et d&rsquo;acier recycl\u00e9s et recyclables\u00a0\u00bb<\/strong>. <em>\u00ab\u00a0Il y aura un sapin de No\u00ebl \u00e0 Bordeaux cette ann\u00e9e. Je pense que les Bordelaises et les Bordelais seront tr\u00e8s contents et que la page d&rsquo;une pol\u00e9mique inutile est d\u00e9finitivement tourn\u00e9e<\/em>\u00ab\u00a0, a-t-il d\u00e9clar\u00e9 lors d&rsquo;une conf\u00e9rence de presse ce 30\u00a0novembre.\u00a0<strong>Ce sapin de No\u00ebl de 11\u00a0m\u00e8tres de haut et cinq m\u00e8tres de diam\u00e8tre tr\u00f4nera du 11\u00a0d\u00e9cembre au 2\u00a0janvier sur la\u00a0place Pey-Berland.<\/strong>\u00a0Le prix de cette oeuvre con\u00e7ue par des artisans locaux devrait rapidement \u00eatre amorti au fil des ans, puisqu&rsquo;il pourra \u00eatre r\u00e9utilis\u00e9 pour les prochaines f\u00eates de fin d&rsquo;ann\u00e9e.\u00a0<\/li>\n<li><strong>Un Fran\u00e7ais sur deux compte faire ses achats de No\u00ebl sur Amazon<\/strong>.\u00a0Selon un sondage Opinion Way pour Bonial, 53% des Fran\u00e7ais pr\u00e9voit de faire ses cadeaux de No\u00ebl sur la plateforme Amazon.\u00a0Ils ne sont que 23% \u00e0 vouloir acheter chez Fnac-Darty, 20% dans les centres E.Leclerc, 18% chez Cultura, 17% chez Decathlon, 15% \u00e0 Carrefour, et 13% chez Boulanger, Cdiscount, ou Natures &amp; D\u00e9couvertes. Les jeunes de 18 \u00e0 24 ans sont majoritairement adeptes d&rsquo;Amazon : ils sont 61% \u00e0 se connecter en ligne, contre 45% des 65 ans et plus. Pour autant, si le catalogue digital est pl\u00e9biscit\u00e9 pour pr\u00e9parer ses achats et d\u00e9couvrir les nouvelles tendances, 73% des sond\u00e9s comptent tout de m\u00eame se rendre en magasins, contre 67% sur internet.<\/li>\n<li><strong>Faut-il limiter le nombre de personnes pour No\u00ebl ?\u00a0<\/strong>Selon l&rsquo;\u00e9tude\u00a0ComCor publi\u00e9e ce 26\u00a0novembre\u00a0dans <a href=\"https:\/\/www.thelancet.com\/journals\/lanepe\/article\/PIIS2666-7762(21)00264-7\/fulltext\" target=\"_blank\" rel=\"noopener\">The Lancet Regional Health Europe<\/a>, les soir\u00e9es priv\u00e9es ou en bo\u00eete de nuit augmentent de 340% le risque de contracter le virus pour les personnes \u00e2g\u00e9es de moins de 40\u00a0ans et de 150% pour les plus de 40\u00a0ans.\u00a0Il s&rsquo;agit donc des lieux les plus \u00e0 risques, devant le m\u00e9tro (+20%) ou encore les trains (+30%).\u00a0Pour Arnaud Fontanet, membre du conseil scientifique, il faudrait limiter le nombre de personnes \u00e0 table pour les f\u00eates de fin d&rsquo;ann\u00e9e.\u00a0\u00ab\u00a0Si on fait des d\u00eeners, ce n&rsquo;est plus \u00e0 douze mais \u00e0 quatre\u00a0\u00bb a-t-il recommand\u00e9 dans le journal <a href=\"https:\/\/www.leparisien.fr\/societe\/sante\/covid-19-si-on-fait-des-diners-ce-nest-plus-a-12-mais-a-4-previent-le-pr-fontanet-26-11-2021-UU5BWPGMABGK5ORZ2OK2C4CKPE.php\" target=\"_blank\" rel=\"noopener\">Le Parisien<\/a>.\u00a0<\/li>\n<li><strong>\u00ab\u00a0Il faut \u00eatre tr\u00e8s vigilant\u00a0\u00bb pour les f\u00eates de fin d&rsquo;ann\u00e9e,<\/strong> a r\u00e9pondu\u00a0Gabriel Attal ce 26 novembre\u00a0alors qu&rsquo;il \u00e9tait interrog\u00e9 sur l&rsquo;\u00e9ventualit\u00e9 que les c\u00e9l\u00e9brations de No\u00ebl et du jour de l&rsquo;an soient menac\u00e9es comme l&rsquo;an dernier. \u00ab\u00a0Notre cap est de ne pas revenir \u00e0 des mesures de couvre-feu, de confinement\u00a0\u00bb, a pr\u00e9cis\u00e9 le porte-parole du gouvernement.\u00a0Il rappelle n\u00e9anmoins que \u00ab\u00a0l&rsquo;\u00e9pid\u00e9mie a repris tr\u00e8s fort\u00a0\u00bb et qu'\u00a0\u00bbon a atteint le niveau du pic de la 4e vague\u00a0\u00bb.<\/li>\n<li><strong>Des semaines pas faciles autour de No\u00ebl.<\/strong> Dans une interview accord\u00e9e au journal <a href=\"https:\/\/www.lefigaro.fr\/actualite-france\/covid-19-les-semaines-autour-de-noel-seront-elles-pas-faciles-20211123\" target=\"_blank\" rel=\"noopener\">Le Figaro<\/a> ce 23 novembre, le pr\u00e9sident du Conseil scientifique Jean-Fran\u00e7ois delfraissy a pr\u00e9cis\u00e9 que cette cinqui\u00e8me vague du Covid aurait \u00ab\u00a0un impact important\u00a0\u00bb avec \u00ab\u00a01000 \u00e0 1500 hospitalisations par jour pendant plusieurs semaines\u00a0\u00bb.\u00a0Le pic devrait donc \u00eatre plus \u00e9lev\u00e9 qu&rsquo;\u00e0 la fin du mois d&rsquo;ao\u00fbt, mais toutefois plus limit\u00e9 que lors de la troisi\u00e8me vague. Selon lui, le personnel soignant pourrait vivre \u00ab\u00a0des semaines pas faciles, autour de No\u00ebl\u00a0\u00bb. Selon le\u00a0directeur g\u00e9n\u00e9ral de la sant\u00e9, J\u00e9r\u00f4me Salomon, <strong>le pic de cette nouvelle vague \u00ab\u00a0pourrait \u00eatre atteint d\u00e9but d\u00e9cembre en France m\u00e9tropolitaine\u00a0\u00bb<\/strong><\/li>\n<li><strong>Le budget de No\u00ebl en baisse<\/strong>.\u00a0Selon une \u00e9tude r\u00e9alis\u00e9e en octobre par Opinionway, les Fran\u00e7ais pr\u00e9voient de d\u00e9penser moins que les ann\u00e9es pr\u00e9c\u00e9dent la pand\u00e9mie.\u00a0Ainsi, le budget moyen allou\u00e9 aux d\u00e9penses de No\u00ebl devrait s&rsquo;\u00e9lever \u00e0 282 euros contre 342 euros avant la crise du Covid.\u00a0<\/li>\n<\/ul>\n<h2 class=\"h2-like\" id=\"\">Quel jour tombe No\u00ebl en 2021\u00a0?<\/h2>\n<p>C&rsquo;est parti pour le<strong> 1er jour du calendrier de l&rsquo;Avent\u00a0! <\/strong>Ce 1er d\u00e9cembre, les enfants vont enfin pouvoir ouvrir la premi\u00e8re case de ces bo\u00eetes surprises, pour<strong> d\u00e9compter les jours restants avant No\u00ebl<\/strong>.\u00a0Cette ann\u00e9e,<strong> le r\u00e9veillon du 24\u00a0d\u00e9cembre tombe un vendredi et<\/strong> <strong>le jour de No\u00ebl, le samedi 25\u00a0d\u00e9cembre 2021.<\/strong>\u00a0L&rsquo;occasion de prolonger les f\u00eates de No\u00ebl en famille durant tout le week-end\u00a0! Et pour savoir <strong>dans combien de jours tombe No\u00ebl<\/strong> ou faire le d\u00e9compte avec les enfants, rien de tel qu&rsquo;un <strong>calendrier de l&rsquo;Avent,<\/strong> \u00e0 fabriquer, ou \u00e0 shopper selon vos go\u00fbts et vos envies.\u00a0Il en existe en forme de jouets, de confitures, de bougies parfum\u00e9es ou de maquillage pour d\u00e9couvrir une surprise chaque jour jusqu&rsquo;au 25\u00a0d\u00e9cembre\u00a0!<\/p>\n<h2 id=\"marches-de-noel-ou-quand-quel-protocole\">March\u00e9s de No\u00ebl\u00a0: o\u00f9, quand, quel protocole\u00a0?<\/h2>\n<p>En France,<strong>\u00a0l&rsquo;acc\u00e8s aux march\u00e9s de No\u00ebl \u00ab\u00a0sera soumis au pass sanitaire\u00a0\u00bb<\/strong>. Les traditionnels march\u00e9s de No\u00ebl sont donc maintenus avec un protocole sanitaire renforc\u00e9. Voici toutes les dates et les infos des march\u00e9s de No\u00ebl selon les villes de France.<\/p>\n<p>Qu&rsquo;ils y croient vraiment ou juste pour le plaisir de la l\u00e9gende, aucun No\u00ebl n&rsquo;est complet sans le bonhomme au costume rouge et \u00e0 la barbe blanche. Bonne nouvelle, <strong>en 2021 le p\u00e8re No\u00ebl est ultra-connect\u00e9, <\/strong>on peut maintenant le joindre non seulement par la poste, mais \u00e9galement par t\u00e9l\u00e9phone et m\u00eame par mail ou visio !<\/p>\n<h2 id=\"vacances-de-noel--dates-activitesquel-programme\">Quel programme pour les vacances de No\u00ebl\u00a0?<\/h2>\n<p><b>No\u00ebl tombe toujours pendant les vacances scolaires.<\/b>\u00a0L&rsquo;occasion de pr\u00e9voir des tas de <strong>sorties avec les enfants pendant ces vacances de No\u00ebl, <\/strong>qui ont lieu cette ann\u00e9e du <strong>18 d\u00e9cembre 2021 au 3 janvier 2022<\/strong>, pour tous les \u00e9l\u00e8ves : <strong>films de No\u00ebl<\/strong>,\u00a0expos et mus\u00e9es, illuminations et march\u00e9s de No\u00ebl sont \u00e0 ne pas manquer en cette p\u00e9riode f\u00e9erique !<\/p>\n<h2 id=\"les-marches-de-noel-auront-ils-lieu-en-2021-\">B\u00fbche, biscuits, repas de r\u00e9veillon&#8230;: quelles recettes pour No\u00ebl\u00a0?<\/h2>\n<p>No\u00ebl est synonyme de cadeaux \u00e9chang\u00e9s mais aussi de<strong> repas festif en famille<\/strong>. Pas question de br\u00fbler sa dinde de No\u00ebl ou de rater sa b\u00fbche\u00a0! Avec nos conseils avis\u00e9s et nos recettes faciles \u00e0 r\u00e9aliser, vous serez pr\u00eats pour recevoir vos convives comme de vrais chefs\u00a0!<\/p>\n<h2 id=\"quelle-decoration-de-noel-choisir-cette-annee\">Quelles tendances d\u00e9co pour No\u00ebl 2021\u00a0?<\/h2>\n<p>Cette ann\u00e9e, les sp\u00e9cialistes d\u00e9co pr\u00e9voient un No\u00ebl \u00e0 <strong>l&rsquo;inspiration naturelle, \u00e9voquant les soir\u00e9es au chalet<\/strong>, avec des touches<strong> \u00e9colo et r\u00e9cup<\/strong> dans la d\u00e9co de f\u00eates.\u00a0Mais la tendance oppos\u00e9e existe aussi, avec des couleurs vives\u00a0et une d\u00e9bauche d&rsquo;effets grandiloquents ou d\u00e9cal\u00e9s (pour se rattraper du dernier No\u00ebl rat\u00e9 ?). Du choix des luminaires \u00e0 la d\u00e9co de table, d\u00e9couvrez toutes vos options d\u00e9co !<\/p>\n<p>Il peut \u00eatre <strong>naturel ou artificiel<\/strong>, imposant ou au contraire discret comme trois traits de masking tape sur un mur : l&rsquo;important dans le sapin, c&rsquo;est le symbole ! Tous nos conseils pour bien le choisir, ni trop t\u00f4t et ni trop tard, l&rsquo;entretenir et le d\u00e9corer.\u00a0<\/p>\n<h2 id=\"quelles-idees-cadeaux-pour-les-grands-\">Quelles id\u00e9es cadeaux pour les grands\u00a0?<\/h2>\n<p>Vous ne savez pas <strong>quel <a href=\"http:\/\/www.affinite.fr\/index.php\/2024\/12\/08\/chere-maman-et-si-ce-noel-vous-offriez-a-votre-ado-un-avenir-%f0%9f%8e%84%e2%9c%a8\/\">cadeau<\/a> de No\u00ebl offrir<\/strong> \u00e0 vos proches ?\u00a0Le soir du r\u00e9veillon, petits et grands seront ravis de d\u00e9baller les pr\u00e9sents plac\u00e9s sous le sapin.\u00a0Qu&rsquo;il s&rsquo;agisse de <strong>produits high-tech, de coffrets beaut\u00e9 et parfum,\u00a0d&rsquo;objets d\u00e9co ou d&rsquo;accessoires de mode..<\/strong>. Retrouvez toutes nos id\u00e9es pour vous inspirer.<\/p>\n<h2 id=\"quelles-sont-les-nouveautes-jouets-de-noel-2021-\">Quels jouets offrir \u00e0 No\u00ebl 2021\u00a0et o\u00f9 trouver les catalogues\u00a0?<\/h2>\n<p>Cette ann\u00e9e, les enfants vont \u00eatre g\u00e2t\u00e9s ! Entre les jouets de No\u00ebl \u00e0 l&rsquo;effigie de leur h\u00e9ros pr\u00e9f\u00e9r\u00e9 comme<strong> Marvel, Harry Potter, Star Wars<\/strong> ou encore la Pat&rsquo; Patrouille&#8230; vous aurez l&#8217;embarras du choix.\u00a0Les display Pok\u00e9mon feront le bonheur des collectionneurs tout comme les jouets connect\u00e9s et interactifs, toujours tendance cette ann\u00e9e.\u00a0Sans oublier les <strong>jeux de soci\u00e9t\u00e9<\/strong> qui savent se r\u00e9inventer et r\u00e9unissent toute la famille. Enfin, les parents semblent de plus en plus appr\u00e9cier les <strong>jeux \u00e9ducatifs ainsi que les jouets \u00e9colos<\/strong> et respectueux de l&rsquo;environnement. S\u00e9lections et catalogues des plus grandes enseignes.<\/p>\n<h2 id=\"quelles-activites-et-dessins-de-noel-faire-avec-les-enfants-\">Quelles activit\u00e9s et dessins de No\u00ebl faire avec les enfants\u00a0?<\/h2>\n<p>Pour colorier ou <a href=\"http:\/\/www.affinite.fr\/index.php\/2022\/11\/09\/formation-de-glacier-apprenez-le-metier-de-glacier-et-changez-votre-vie\/\">apprendre<\/a> \u00e0 dessiner, le p\u00e8re No\u00ebl et les guirlandes et boules du sapin sont des sujets faciles et pris\u00e9s des enfants.\u00a0Mais vous pouvez aussi vous lancer dans la confection de <a href=\"https:\/\/www.journaldesfemmes.fr\/maman\/guide-sorties-en-famille\/1870452-calendrier-de-l-avent-1er-decembre-decompte-jour-de-noel\/\" title=\"Calendrier de l'Avent\">calendriers de l&rsquo;avent<\/a> DIY, de <strong>cartes pour souhaiter les f\u00eates<\/strong>\u00a0(\u00e0 envoyer aux grands-parents par exemple), voire de bricolages plus complexes pour cr\u00e9er toutes sortes de cr\u00e9atures en r\u00e9f\u00e9rence \u00e0 No\u00ebl, <strong>des lutins aux rennes<\/strong> en passant par les <strong>gnomes de No\u00ebl<\/strong>, tr\u00e8s \u00e0 la mode en 2021 !<\/p>\n<p>No\u00ebl est l&rsquo;occasion de se mettre sur son 31 ! Les f\u00eates de fin d&rsquo;ann\u00e9e donnent envie de bien s&rsquo;habiller, se maquiller, et se coiffer&#8230; ou \u00e0 l&rsquo;inverse, optez pour <strong>la tendance du \u00ab\u00a0Christmas jumper\u00a0\u00bb<\/strong> pour c\u00e9l\u00e9brer le r\u00e9veillon avec une pointe d&rsquo;autod\u00e9rision !<\/p>\n<\/p><\/div>\n<p>[ad_2]<br \/>\n<br \/><a href=\"https:\/\/www.journaldesfemmes.fr\/maman\/guide-sorties-en-famille\/2571145-noel-conseil-de-defense-mesures-pour-sauver-les-fetes-de-noel\/\">Source link <\/a><\/p>\n","protected":false},"excerpt":{"rendered":"<p>[ad_1] [NOEL 2021]. Pas de confinement ni de couvre-feu, mais un protocole sanitaire renforc\u00e9 \u00e0 l&rsquo;\u00e9cole et le renforcement du &hellip; <a href=\"http:\/\/www.affinite.fr\/index.php\/2021\/12\/06\/quelles-mesures-pour-sauver-les-fetes-de-noel\/\" class=\"more-link\">Plus <span class=\"screen-reader-text\">quelles mesures pour \u00ab\u00a0sauver\u00a0\u00bb les f\u00eates de No\u00ebl\u00a0?<\/span> <span class=\"meta-nav\">&rarr;<\/span><\/a><\/p>\n","protected":false},"author":1,"featured_media":7173,"comment_status":"open","ping_status":"open","sticky":false,"template":"","format":"standard","meta":{"_sitemap_exclude":false,"_sitemap_priority":"","_sitemap_frequency":"","footnotes":""},"categories":[1],"tags":[],"class_list":["post-7172","post","type-post","status-publish","format-standard","has-post-thumbnail","hentry","category-tous"],"_links":{"self":[{"href":"http:\/\/www.affinite.fr\/index.php\/wp-json\/wp\/v2\/posts\/7172"}],"collection":[{"href":"http:\/\/www.affinite.fr\/index.php\/wp-json\/wp\/v2\/posts"}],"about":[{"href":"http:\/\/www.affinite.fr\/index.php\/wp-json\/wp\/v2\/types\/post"}],"author":[{"embeddable":true,"href":"http:\/\/www.affinite.fr\/index.php\/wp-json\/wp\/v2\/users\/1"}],"replies":[{"embeddable":true,"href":"http:\/\/www.affinite.fr\/index.php\/wp-json\/wp\/v2\/comments?post=7172"}],"version-history":[{"count":0,"href":"http:\/\/www.affinite.fr\/index.php\/wp-json\/wp\/v2\/posts\/7172\/revisions"}],"wp:featuredmedia":[{"embeddable":true,"href":"http:\/\/www.affinite.fr\/index.php\/wp-json\/wp\/v2\/media\/7173"}],"wp:attachment":[{"href":"http:\/\/www.affinite.fr\/index.php\/wp-json\/wp\/v2\/media?parent=7172"}],"wp:term":[{"taxonomy":"category","embeddable":true,"href":"http:\/\/www.affinite.fr\/index.php\/wp-json\/wp\/v2\/categories?post=7172"},{"taxonomy":"post_tag","embeddable":true,"href":"http:\/\/www.affinite.fr\/index.php\/wp-json\/wp\/v2\/tags?post=7172"}],"curies":[{"name":"wp","href":"https:\/\/api.w.org\/{rel}","templated":true}]}}